{"id":67031,"date":"2021-11-28T20:45:42","date_gmt":"2021-11-28T20:45:42","guid":{"rendered":"https:\/\/dev.president-ksgov.net\/speech-by-president-osmani-at-the-reception-organized-by-the-embassy-of-albania-on-the-occasion-of-november-28-2\/"},"modified":"2023-03-07T08:58:42","modified_gmt":"2023-03-07T08:58:42","slug":"speech-by-president-osmani-at-the-reception-organized-by-the-embassy-of-albania-on-the-occasion-of-november-28-2","status":"publish","type":"post","link":"https:\/\/president-ksgov.net\/en\/speech-by-president-osmani-at-the-reception-organized-by-the-embassy-of-albania-on-the-occasion-of-november-28-2\/","title":{"rendered":"Speech by President Osmani at the reception organized by the Embassy of Albania on the occasion of November 28"},"content":{"rendered":"<p>Highly esteemed attendees,<br \/>\nHonourable Ambassador Minxhozi,<br \/>\nHonourable representatives of institutions, Mr. Speaker of the Assembly, Mr. Konjufca!<br \/>\nMr. Prime Minister, Mr. Albin Kurti!<br \/>\nDistinguished Ambassadors!<br \/>\nRepresentatives of all institutions in the country!<br \/>\nDeputies!<br \/>\nRepresentatives of the religious clergy!<br \/>\nMedia representatives!<br \/>\nDear guests!<\/p>\n<p>Happy Flag Day to all from the bottom of my heart. It is a holiday that always brings us together, and a holiday that Albanians are proud of wherever they are, whether being in Kosovo, Albania, Northern Macedonia, Montenegro or other countries where our compatriots live.<\/p>\n<p>November in our national holiday calendar is a rightly marked month. Because, each of us, on November 28, feels proud of this flag, which is a narrator, a narrator not only of our history but also a narrator of our bright future.<\/p>\n<p>It is the flag that makes us all Albanians proud wherever we are and before which we bow because a lot has been sacrificed for it. The red and black flag is a symbol of the resistance and determination of the Albanian people for freedom, continuous inspiration for the freedom of the Republic of Kosovo.<\/p>\n<p>Declaration of the Independence of Albania and raising the flag in Vlora are sacred acts of our common history, built by the hard work and sacrifice of many men and women.<\/p>\n<p>Our history is truly painful, challenging, but also bright and proud. On the one hand, while Albania was challenged and tried to consolidate as a state over the years, Kosovo continued its struggle for freedom and independence.<\/p>\n<p>And today, they both, side by side as sovereign and independent states are moving towards the European integration process.<\/p>\n<p>Many patriotic women and men like Ismail Qemajli, Isa Boletini did not stop working for Albania to \u201cbecome self-determined, free and independent\u201d, as stated in the Declaration of Independence of 28 November 1912.<\/p>\n<p>Today, we are here together, Albanians from Albania, Albanians from Kosovo, North Macedonia, Montenegro and other countries, to toast the 109th anniversary of Albania&#039;s independence, see each other, communicate, be educated, exchange ideas, exchange goods, cultural and sports activities because this obstacle-free cooperation is required by our citizens.<\/p>\n<p>Today, we are here because we want to convey a message: that of the spirit of integration, of further facilitating the lives of citizens here and there, of removing barriers of any kind, and affirming the European spirit that unites us.<\/p>\n<p>We are here because not just Flag Day brings us together! This date has a much more historical weight because as mentioned earlier in addition to Skanderbeg November 28, today we mark November 28 as the birthday of the legendary commander Adem Jashari and on the same day, the Kosovo Liberation Army appeared publicly for the first time. All these events give a much greater meaning to November because they carry in themselves the spirit of freedom and the ideal of many generations.\u00a0<br \/>\n\u00a0<br \/>\nDear attendees!<br \/>\n\u00a0<br \/>\nOn this Flag Day anniversary, I feel proud that Albania and Kosovo, despite the challenges, are moving with confident steps towards the European perspective.<br \/>\nI wish and rejoice that Albania and Kosovo succeed in all areas of common interest! Kosovo, of course, will continue to be on Albania\u2019s side for the benefit of common interest, further deepening our fraternal and strategic ties!<\/p>\n<p>We have a common goal. This goal is called the European Union. We must demonstrate the will and courage that the day when we meet in the EU is not far off. The path is difficult, but just as the dream of generations for our free, independent states has come true, so will the day come when we will sit at a common table in the European Union.<\/p>\n<p>Until then, we have to work with honour and on this side and that side of Drin, to strengthen our states in all areas, and remove all barriers to cooperation. We have to serve with dignity and love to advance our countries, where citizens will feel proud, free, descent and equal and will be competitive in the European labour market!<br \/>\n\u00a0\u00a0<br \/>\nHappy Flag Day, happy Independence Day of Albania!<\/p>\n<p>God bless the Republic of Albania!<br \/>\nGod bless the Republic of Kosovo and all Albanians wherever they live!<\/p>\n","protected":false},"excerpt":{"rendered":"<p>Highly esteemed attendees, Honourable Ambassador Minxhozi, Honourable representatives of institutions, Mr. Speaker of the Assembly, Mr. Konjufca! Mr. Prime Minister, Mr. Albin Kurti! Distinguished Ambassadors! Representatives of all institutions in the country! Deputies! Representatives of the religious clergy! Media representatives! Dear guests! Happy Flag Day to all from the bottom of my heart. It is a holiday that always brings us together, and a holiday that Albanians are proud of wherever they are, whether being in Kosovo, Albania, Northern Macedonia, Montenegro or other countries where our compatriots live. November in our national holiday calendar is a rightly marked month. Because, each of us, on November 28, feels proud of this flag, which is a narrator, a narrator not only of our history but also a narrator of our bright future. It is the flag that makes us all Albanians proud wherever we are and before which we bow because a lot has been sacrificed for it. The red and black flag is a symbol of the resistance and determination of the Albanian people for freedom, continuous inspiration for the freedom of the Republic of Kosovo. Declaration of the Independence of Albania and raising the flag in Vlora are sacred acts of our common history, built by the hard work and sacrifice of many men and women. Our history is truly painful, challenging, but also bright and proud. On the one hand, while Albania was challenged and tried to consolidate as a state over the years, Kosovo continued its struggle for freedom and independence. And today, they both, side by side as sovereign and independent states are moving towards the European integration process. Many patriotic women and men like Ismail Qemajli, Isa Boletini did not stop working for Albania to \u201cbecome self-determined, free and independent\u201d, as stated in the Declaration of Independence of 28 November 1912. Today, we are here together, Albanians from Albania, Albanians from Kosovo, North Macedonia, Montenegro and other countries, to toast the 109th anniversary of Albania&#039;s independence, see each other, communicate, be educated, exchange ideas, exchange goods, cultural and sports activities because this obstacle-free cooperation is required by our citizens. Today, we are here because we want to convey a message: that of the spirit of integration, of further facilitating the lives of citizens here and there, of removing barriers of any kind, and affirming the European spirit that unites us. We are here because not just Flag Day brings us together! This date has a much more historical weight because as mentioned earlier in addition to Skanderbeg November 28, today we mark November 28 as the birthday of the legendary commander Adem Jashari and on the same day, the Kosovo Liberation Army appeared publicly for the first time. All these events give a much greater meaning to November because they carry in themselves the spirit of freedom and the ideal of many generations.\u00a0 \u00a0 Dear attendees! \u00a0 On this Flag Day anniversary, I feel proud that Albania and Kosovo, despite the challenges, are moving with confident steps towards the European perspective. I wish and rejoice that Albania and Kosovo succeed in all areas of common interest! Kosovo, of course, will continue to be on Albania\u2019s side for the benefit of common interest, further deepening our fraternal and strategic ties! We have a common goal. This goal is called the European Union. We must demonstrate the will and courage that the day when we meet in the EU is not far off. The path is difficult, but just as the dream of generations for our free, independent states has come true, so will the day come when we will sit at a common table in the European Union. Until then, we have to work with honour and on this side and that side of Drin, to strengthen our states in all areas, and remove all barriers to cooperation. We have to serve with dignity and love to advance our countries, where citizens will feel proud, free, descent and equal and will be competitive in the European labour market! \u00a0\u00a0 Happy Flag Day, happy Independence Day of Albania! God bless the Republic of Albania! God bless the Republic of Kosovo and all Albanians wherever they live!<\/p>\n","protected":false},"author":1,"featured_media":17335,"comment_status":"open","ping_status":"closed","sticky":false,"template":"","format":"standard","meta":{"_eb_attr":"","footnotes":""},"categories":[105],"tags":[],"class_list":["post-67031","post","type-post","status-publish","format-standard","has-post-thumbnail","hentry","category-speeches"],"yoast_head":"<!-- This site is optimized with the Yoast SEO plugin v23.5 - https:\/\/yoast.com\/wordpress\/plugins\/seo\/ -->\n<title>Speech by President Osmani at the reception organized by the Embassy of Albania on the occasion of November 28 - President of the Republic of Kosovo - DR. VJOSA OSMANI - SADRIU<\/title>\n<meta name=\"description\" content=\"Speech by President Osmani at the reception organized by the Embassy of Albania on the occasion of November 28 - President of the Republic of Kosovo - DR. VJOSA OSMANI - SADRIU -\" \/>\n<meta name=\"robots\" content=\"index, follow, max-snippet:-1, max-image-preview:large, max-video-preview:-1\" \/>\n<link rel=\"canonical\" href=\"https:\/\/president-ksgov.net\/en\/speech-by-president-osmani-at-the-reception-organized-by-the-embassy-of-albania-on-the-occasion-of-november-28-2\/\" \/>\n<meta property=\"og:locale\" content=\"en_US\" \/>\n<meta property=\"og:type\" content=\"article\" \/>\n<meta property=\"og:title\" content=\"Speech by President Osmani at the reception organized by the Embassy of Albania on the occasion of November 28 - President of the Republic of Kosovo - DR. VJOSA OSMANI - SADRIU\" \/>\n<meta property=\"og:description\" content=\"Speech by President Osmani at the reception organized by the Embassy of Albania on the occasion of November 28 - President of the Republic of Kosovo - DR. VJOSA OSMANI - SADRIU -\" \/>\n<meta property=\"og:url\" content=\"https:\/\/president-ksgov.net\/en\/speech-by-president-osmani-at-the-reception-organized-by-the-embassy-of-albania-on-the-occasion-of-november-28-2\/\" \/>\n<meta property=\"og:site_name\" content=\"President of the Republic of Kosovo - DR. VJOSA OSMANI - SADRIU\" \/>\n<meta property=\"article:published_time\" content=\"2021-11-28T20:45:42+00:00\" \/>\n<meta property=\"article:modified_time\" content=\"2023-03-07T08:58:42+00:00\" \/>\n<meta property=\"og:image\" content=\"https:\/\/president-ksgov.net\/wp-content\/uploads\/29_11_2021_1377952_IMG_462df11dd14525213d8b64d14b11d548_V.jpg\" \/>\n\t<meta property=\"og:image:width\" content=\"1600\" \/>\n\t<meta property=\"og:image:height\" content=\"1065\" \/>\n\t<meta property=\"og:image:type\" content=\"image\/jpeg\" \/>\n<meta name=\"author\" content=\"admin\" \/>\n<meta name=\"twitter:card\" content=\"summary_large_image\" \/>\n<meta name=\"twitter:label1\" content=\"Written by\" \/>\n\t<meta name=\"twitter:data1\" content=\"admin\" \/>\n\t<meta name=\"twitter:label2\" content=\"Est. reading time\" \/>\n\t<meta name=\"twitter:data2\" content=\"3 minutes\" \/>\n<script type=\"application\/ld+json\" class=\"yoast-schema-graph\">{\"@context\":\"https:\/\/schema.org\",\"@graph\":[{\"@type\":\"WebPage\",\"@id\":\"https:\/\/president-ksgov.net\/en\/speech-by-president-osmani-at-the-reception-organized-by-the-embassy-of-albania-on-the-occasion-of-november-28-2\/\",\"url\":\"https:\/\/president-ksgov.net\/en\/speech-by-president-osmani-at-the-reception-organized-by-the-embassy-of-albania-on-the-occasion-of-november-28-2\/\",\"name\":\"Speech by President Osmani at the reception organized by the Embassy of Albania on the occasion of November 28 - President of the Republic of Kosovo - DR. VJOSA OSMANI - SADRIU\",\"isPartOf\":{\"@id\":\"https:\/\/president-ksgov.net\/#website\"},\"primaryImageOfPage\":{\"@id\":\"https:\/\/president-ksgov.net\/en\/speech-by-president-osmani-at-the-reception-organized-by-the-embassy-of-albania-on-the-occasion-of-november-28-2\/#primaryimage\"},\"image\":{\"@id\":\"https:\/\/president-ksgov.net\/en\/speech-by-president-osmani-at-the-reception-organized-by-the-embassy-of-albania-on-the-occasion-of-november-28-2\/#primaryimage\"},\"thumbnailUrl\":\"https:\/\/president-ksgov.net\/wp-content\/uploads\/29_11_2021_1377952_IMG_462df11dd14525213d8b64d14b11d548_V.jpg\",\"datePublished\":\"2021-11-28T20:45:42+00:00\",\"dateModified\":\"2023-03-07T08:58:42+00:00\",\"author\":{\"@id\":\"https:\/\/president-ksgov.net\/#\/schema\/person\/bb4337a5fb147cb2046d80548172cbee\"},\"description\":\"Speech by President Osmani at the reception organized by the Embassy of Albania on the occasion of November 28 - President of the Republic of Kosovo - DR. VJOSA OSMANI - SADRIU -\",\"breadcrumb\":{\"@id\":\"https:\/\/president-ksgov.net\/en\/speech-by-president-osmani-at-the-reception-organized-by-the-embassy-of-albania-on-the-occasion-of-november-28-2\/#breadcrumb\"},\"inLanguage\":\"en-US\",\"potentialAction\":[{\"@type\":\"ReadAction\",\"target\":[\"https:\/\/president-ksgov.net\/en\/speech-by-president-osmani-at-the-reception-organized-by-the-embassy-of-albania-on-the-occasion-of-november-28-2\/\"]}]},{\"@type\":\"ImageObject\",\"inLanguage\":\"en-US\",\"@id\":\"https:\/\/president-ksgov.net\/en\/speech-by-president-osmani-at-the-reception-organized-by-the-embassy-of-albania-on-the-occasion-of-november-28-2\/#primaryimage\",\"url\":\"https:\/\/president-ksgov.net\/wp-content\/uploads\/29_11_2021_1377952_IMG_462df11dd14525213d8b64d14b11d548_V.jpg\",\"contentUrl\":\"https:\/\/president-ksgov.net\/wp-content\/uploads\/29_11_2021_1377952_IMG_462df11dd14525213d8b64d14b11d548_V.jpg\",\"width\":1600,\"height\":1065},{\"@type\":\"BreadcrumbList\",\"@id\":\"https:\/\/president-ksgov.net\/en\/speech-by-president-osmani-at-the-reception-organized-by-the-embassy-of-albania-on-the-occasion-of-november-28-2\/#breadcrumb\",\"itemListElement\":[{\"@type\":\"ListItem\",\"position\":1,\"name\":\"Home\",\"item\":\"https:\/\/president-ksgov.net\/en\/\"},{\"@type\":\"ListItem\",\"position\":2,\"name\":\"Speech by President Osmani at the reception organized by the Embassy of Albania on the occasion of November 28\"}]},{\"@type\":\"WebSite\",\"@id\":\"https:\/\/president-ksgov.net\/#website\",\"url\":\"https:\/\/president-ksgov.net\/\",\"name\":\"Presidente e Republik\u00ebs s\u00eb Kosov\u00ebs\",\"description\":\"Presidente e Republik\u00ebs s\u00eb Kosov\u00ebs\",\"alternateName\":\"DR. VJOSA OSMANI - SADRIU\",\"potentialAction\":[{\"@type\":\"SearchAction\",\"target\":{\"@type\":\"EntryPoint\",\"urlTemplate\":\"https:\/\/president-ksgov.net\/?s={search_term_string}\"},\"query-input\":{\"@type\":\"PropertyValueSpecification\",\"valueRequired\":true,\"valueName\":\"search_term_string\"}}],\"inLanguage\":\"en-US\"},{\"@type\":\"Person\",\"@id\":\"https:\/\/president-ksgov.net\/#\/schema\/person\/bb4337a5fb147cb2046d80548172cbee\",\"name\":\"admin\",\"image\":{\"@type\":\"ImageObject\",\"inLanguage\":\"en-US\",\"@id\":\"https:\/\/president-ksgov.net\/#\/schema\/person\/image\/\",\"url\":\"https:\/\/secure.gravatar.com\/avatar\/36156ca0fa3b8d9d25174f146e16beea0cf28f37adf1b9e19b6c9c279a7c9dd3?s=96&d=mm&r=g\",\"contentUrl\":\"https:\/\/secure.gravatar.com\/avatar\/36156ca0fa3b8d9d25174f146e16beea0cf28f37adf1b9e19b6c9c279a7c9dd3?s=96&d=mm&r=g\",\"caption\":\"admin\"},\"sameAs\":[\"https:\/\/president-ksgov.net\"]}]}<\/script>\n<!-- \/ Yoast SEO plugin. -->","yoast_head_json":{"title":"Speech by President Osmani at the reception organized by the Embassy of Albania on the occasion of November 28 - President of the Republic of Kosovo - DR. VJOSA OSMANI - SADRIU","description":"Speech by President Osmani at the reception organized by the Embassy of Albania on the occasion of November 28 - President of the Republic of Kosovo - DR. VJOSA OSMANI - SADRIU -","robots":{"index":"index","follow":"follow","max-snippet":"max-snippet:-1","max-image-preview":"max-image-preview:large","max-video-preview":"max-video-preview:-1"},"canonical":"https:\/\/president-ksgov.net\/en\/speech-by-president-osmani-at-the-reception-organized-by-the-embassy-of-albania-on-the-occasion-of-november-28-2\/","og_locale":"en_US","og_type":"article","og_title":"Speech by President Osmani at the reception organized by the Embassy of Albania on the occasion of November 28 - President of the Republic of Kosovo - DR. VJOSA OSMANI - SADRIU","og_description":"Speech by President Osmani at the reception organized by the Embassy of Albania on the occasion of November 28 - President of the Republic of Kosovo - DR. VJOSA OSMANI - SADRIU -","og_url":"https:\/\/president-ksgov.net\/en\/speech-by-president-osmani-at-the-reception-organized-by-the-embassy-of-albania-on-the-occasion-of-november-28-2\/","og_site_name":"President of the Republic of Kosovo - DR. VJOSA OSMANI - SADRIU","article_published_time":"2021-11-28T20:45:42+00:00","article_modified_time":"2023-03-07T08:58:42+00:00","og_image":[{"width":1600,"height":1065,"url":"https:\/\/president-ksgov.net\/wp-content\/uploads\/29_11_2021_1377952_IMG_462df11dd14525213d8b64d14b11d548_V.jpg","type":"image\/jpeg"}],"author":"admin","twitter_card":"summary_large_image","twitter_misc":{"Written by":"admin","Est. reading time":"3 minutes"},"schema":{"@context":"https:\/\/schema.org","@graph":[{"@type":"WebPage","@id":"https:\/\/president-ksgov.net\/en\/speech-by-president-osmani-at-the-reception-organized-by-the-embassy-of-albania-on-the-occasion-of-november-28-2\/","url":"https:\/\/president-ksgov.net\/en\/speech-by-president-osmani-at-the-reception-organized-by-the-embassy-of-albania-on-the-occasion-of-november-28-2\/","name":"Speech by President Osmani at the reception organized by the Embassy of Albania on the occasion of November 28 - President of the Republic of Kosovo - DR. VJOSA OSMANI - SADRIU","isPartOf":{"@id":"https:\/\/president-ksgov.net\/#website"},"primaryImageOfPage":{"@id":"https:\/\/president-ksgov.net\/en\/speech-by-president-osmani-at-the-reception-organized-by-the-embassy-of-albania-on-the-occasion-of-november-28-2\/#primaryimage"},"image":{"@id":"https:\/\/president-ksgov.net\/en\/speech-by-president-osmani-at-the-reception-organized-by-the-embassy-of-albania-on-the-occasion-of-november-28-2\/#primaryimage"},"thumbnailUrl":"https:\/\/president-ksgov.net\/wp-content\/uploads\/29_11_2021_1377952_IMG_462df11dd14525213d8b64d14b11d548_V.jpg","datePublished":"2021-11-28T20:45:42+00:00","dateModified":"2023-03-07T08:58:42+00:00","author":{"@id":"https:\/\/president-ksgov.net\/#\/schema\/person\/bb4337a5fb147cb2046d80548172cbee"},"description":"Speech by President Osmani at the reception organized by the Embassy of Albania on the occasion of November 28 - President of the Republic of Kosovo - DR. VJOSA OSMANI - SADRIU -","breadcrumb":{"@id":"https:\/\/president-ksgov.net\/en\/speech-by-president-osmani-at-the-reception-organized-by-the-embassy-of-albania-on-the-occasion-of-november-28-2\/#breadcrumb"},"inLanguage":"en-US","potentialAction":[{"@type":"ReadAction","target":["https:\/\/president-ksgov.net\/en\/speech-by-president-osmani-at-the-reception-organized-by-the-embassy-of-albania-on-the-occasion-of-november-28-2\/"]}]},{"@type":"ImageObject","inLanguage":"en-US","@id":"https:\/\/president-ksgov.net\/en\/speech-by-president-osmani-at-the-reception-organized-by-the-embassy-of-albania-on-the-occasion-of-november-28-2\/#primaryimage","url":"https:\/\/president-ksgov.net\/wp-content\/uploads\/29_11_2021_1377952_IMG_462df11dd14525213d8b64d14b11d548_V.jpg","contentUrl":"https:\/\/president-ksgov.net\/wp-content\/uploads\/29_11_2021_1377952_IMG_462df11dd14525213d8b64d14b11d548_V.jpg","width":1600,"height":1065},{"@type":"BreadcrumbList","@id":"https:\/\/president-ksgov.net\/en\/speech-by-president-osmani-at-the-reception-organized-by-the-embassy-of-albania-on-the-occasion-of-november-28-2\/#breadcrumb","itemListElement":[{"@type":"ListItem","position":1,"name":"Home","item":"https:\/\/president-ksgov.net\/en\/"},{"@type":"ListItem","position":2,"name":"Speech by President Osmani at the reception organized by the Embassy of Albania on the occasion of November 28"}]},{"@type":"WebSite","@id":"https:\/\/president-ksgov.net\/#website","url":"https:\/\/president-ksgov.net\/","name":"Presidente e Republik\u00ebs s\u00eb Kosov\u00ebs","description":"Presidente e Republik\u00ebs s\u00eb Kosov\u00ebs","alternateName":"DR. VJOSA OSMANI - SADRIU","potentialAction":[{"@type":"SearchAction","target":{"@type":"EntryPoint","urlTemplate":"https:\/\/president-ksgov.net\/?s={search_term_string}"},"query-input":{"@type":"PropertyValueSpecification","valueRequired":true,"valueName":"search_term_string"}}],"inLanguage":"en-US"},{"@type":"Person","@id":"https:\/\/president-ksgov.net\/#\/schema\/person\/bb4337a5fb147cb2046d80548172cbee","name":"admin","image":{"@type":"ImageObject","inLanguage":"en-US","@id":"https:\/\/president-ksgov.net\/#\/schema\/person\/image\/","url":"https:\/\/secure.gravatar.com\/avatar\/36156ca0fa3b8d9d25174f146e16beea0cf28f37adf1b9e19b6c9c279a7c9dd3?s=96&d=mm&r=g","contentUrl":"https:\/\/secure.gravatar.com\/avatar\/36156ca0fa3b8d9d25174f146e16beea0cf28f37adf1b9e19b6c9c279a7c9dd3?s=96&d=mm&r=g","caption":"admin"},"sameAs":["https:\/\/president-ksgov.net"]}]}},"_links":{"self":[{"href":"https:\/\/president-ksgov.net\/en\/wp-json\/wp\/v2\/posts\/67031","targetHints":{"allow":["GET"]}}],"collection":[{"href":"https:\/\/president-ksgov.net\/en\/wp-json\/wp\/v2\/posts"}],"about":[{"href":"https:\/\/president-ksgov.net\/en\/wp-json\/wp\/v2\/types\/post"}],"author":[{"embeddable":true,"href":"https:\/\/president-ksgov.net\/en\/wp-json\/wp\/v2\/users\/1"}],"replies":[{"embeddable":true,"href":"https:\/\/president-ksgov.net\/en\/wp-json\/wp\/v2\/comments?post=67031"}],"version-history":[{"count":0,"href":"https:\/\/president-ksgov.net\/en\/wp-json\/wp\/v2\/posts\/67031\/revisions"}],"wp:featuredmedia":[{"embeddable":true,"href":"https:\/\/president-ksgov.net\/en\/wp-json\/wp\/v2\/media\/17335"}],"wp:attachment":[{"href":"https:\/\/president-ksgov.net\/en\/wp-json\/wp\/v2\/media?parent=67031"}],"wp:term":[{"taxonomy":"category","embeddable":true,"href":"https:\/\/president-ksgov.net\/en\/wp-json\/wp\/v2\/categories?post=67031"},{"taxonomy":"post_tag","embeddable":true,"href":"https:\/\/president-ksgov.net\/en\/wp-json\/wp\/v2\/tags?post=67031"}],"curies":[{"name":"wp","href":"https:\/\/api.w.org\/{rel}","templated":true}]}}