{"id":67028,"date":"2021-11-30T10:10:59","date_gmt":"2021-11-30T10:10:59","guid":{"rendered":"https:\/\/dev.president-ksgov.net\/president-osmani-appoints-major-general-bashkim-jashari-as-the-new-ksf-commander\/"},"modified":"2023-03-07T08:58:42","modified_gmt":"2023-03-07T08:58:42","slug":"president-osmani-appoints-major-general-bashkim-jashari-as-the-new-ksf-commander","status":"publish","type":"post","link":"https:\/\/president-ksgov.net\/en\/president-osmani-appoints-major-general-bashkim-jashari-as-the-new-ksf-commander\/","title":{"rendered":"President Osmani appoints Major General Bashkim Jashari as the new KSF commander"},"content":{"rendered":"<p>The President of the Republic of Kosovo Vjosa Osmani, and at the same time the supreme commander of the Kosovo Security Forces has appointed Major General Bashkim Jashari as the new commander of the Kosovo Security Force, in compliance with her constitutional competencies.<br \/>\n\u00a0<br \/>\nThe appointment was made as prescribed by the law on the KSF, following the proposal made by the Minister of Defense and the recommendation of the Prime Minister of the Republic of Kosovo.<br \/>\n\u00a0<br \/>\nPrior to the appointment of the new KSF Commander, the President of the Republic of Kosovo, based on legal provisions, decreed the discharge of the current KSF Commander Lieutenant General Rrahman Rama after the presentation of the resignation by his side.<\/p>\n","protected":false},"excerpt":{"rendered":"<p>The President of the Republic of Kosovo Vjosa Osmani, and at the same time the supreme commander of the Kosovo Security Forces has appointed Major General Bashkim Jashari as the new commander of the Kosovo Security Force, in compliance with her constitutional competencies. \u00a0 The appointment was made as prescribed by the law on the KSF, following the proposal made by the Minister of Defense and the recommendation of the Prime Minister of the Republic of Kosovo. \u00a0 Prior to the appointment of the new KSF Commander, the President of the Republic of Kosovo, based on legal provisions, decreed the discharge of the current KSF Commander Lieutenant General Rrahman Rama after the presentation of the resignation by his side.<\/p>\n","protected":false},"author":1,"featured_media":17308,"comment_status":"open","ping_status":"closed","sticky":false,"template":"","format":"standard","meta":{"_eb_attr":"","footnotes":""},"categories":[111],"tags":[],"class_list":["post-67028","post","type-post","status-publish","format-standard","has-post-thumbnail","hentry","category-news"],"yoast_head":"<!-- This site is optimized with the Yoast SEO plugin v23.5 - https:\/\/yoast.com\/wordpress\/plugins\/seo\/ -->\n<title>President Osmani appoints Major General Bashkim Jashari as the new KSF commander - President of the Republic of Kosovo - DR. VJOSA OSMANI - SADRIU<\/title>\n<meta name=\"description\" content=\"President Osmani appoints Major General Bashkim Jashari as the new KSF commander - President of the Republic of Kosovo - DR. VJOSA OSMANI - SADRIU -\" \/>\n<meta name=\"robots\" content=\"index, follow, max-snippet:-1, max-image-preview:large, max-video-preview:-1\" \/>\n<link rel=\"canonical\" href=\"https:\/\/president-ksgov.net\/presidentja-osmani-emeron-gjeneralmajor-bashkim-jasharin-komandant-te-ri-te-fsk-se\/\" \/>\n<meta property=\"og:locale\" content=\"en_US\" \/>\n<meta property=\"og:type\" content=\"article\" \/>\n<meta property=\"og:title\" content=\"President Osmani appoints Major General Bashkim Jashari as the new KSF commander - President of the Republic of Kosovo - DR. VJOSA OSMANI - SADRIU\" \/>\n<meta property=\"og:description\" content=\"President Osmani appoints Major General Bashkim Jashari as the new KSF commander - President of the Republic of Kosovo - DR. VJOSA OSMANI - SADRIU -\" \/>\n<meta property=\"og:url\" content=\"https:\/\/president-ksgov.net\/presidentja-osmani-emeron-gjeneralmajor-bashkim-jasharin-komandant-te-ri-te-fsk-se\/\" \/>\n<meta property=\"og:site_name\" content=\"President of the Republic of Kosovo - DR. VJOSA OSMANI - SADRIU\" \/>\n<meta property=\"article:published_time\" content=\"2021-11-30T10:10:59+00:00\" \/>\n<meta property=\"article:modified_time\" content=\"2023-03-07T08:58:42+00:00\" \/>\n<meta property=\"og:image\" content=\"https:\/\/president-ksgov.net\/wp-content\/uploads\/30_11_2021_4515358_260929532_494837808387999_2878487300541326870_n.jpg\" \/>\n\t<meta property=\"og:image:width\" content=\"1280\" \/>\n\t<meta property=\"og:image:height\" content=\"853\" \/>\n\t<meta property=\"og:image:type\" content=\"image\/jpeg\" \/>\n<meta name=\"author\" content=\"admin\" \/>\n<meta name=\"twitter:card\" content=\"summary_large_image\" \/>\n<meta name=\"twitter:label1\" content=\"Written by\" \/>\n\t<meta name=\"twitter:data1\" content=\"admin\" \/>\n\t<meta name=\"twitter:label2\" content=\"Est. reading time\" \/>\n\t<meta name=\"twitter:data2\" content=\"1 minute\" \/>\n<script type=\"application\/ld+json\" class=\"yoast-schema-graph\">{\"@context\":\"https:\/\/schema.org\",\"@graph\":[{\"@type\":\"WebPage\",\"@id\":\"https:\/\/president-ksgov.net\/presidentja-osmani-emeron-gjeneralmajor-bashkim-jasharin-komandant-te-ri-te-fsk-se\/\",\"url\":\"https:\/\/president-ksgov.net\/presidentja-osmani-emeron-gjeneralmajor-bashkim-jasharin-komandant-te-ri-te-fsk-se\/\",\"name\":\"President Osmani appoints Major General Bashkim Jashari as the new KSF commander - President of the Republic of Kosovo - DR. VJOSA OSMANI - SADRIU\",\"isPartOf\":{\"@id\":\"https:\/\/president-ksgov.net\/#website\"},\"primaryImageOfPage\":{\"@id\":\"https:\/\/president-ksgov.net\/presidentja-osmani-emeron-gjeneralmajor-bashkim-jasharin-komandant-te-ri-te-fsk-se\/#primaryimage\"},\"image\":{\"@id\":\"https:\/\/president-ksgov.net\/presidentja-osmani-emeron-gjeneralmajor-bashkim-jasharin-komandant-te-ri-te-fsk-se\/#primaryimage\"},\"thumbnailUrl\":\"https:\/\/president-ksgov.net\/wp-content\/uploads\/30_11_2021_4515358_260929532_494837808387999_2878487300541326870_n.jpg\",\"datePublished\":\"2021-11-30T10:10:59+00:00\",\"dateModified\":\"2023-03-07T08:58:42+00:00\",\"author\":{\"@id\":\"https:\/\/president-ksgov.net\/#\/schema\/person\/bb4337a5fb147cb2046d80548172cbee\"},\"description\":\"President Osmani appoints Major General Bashkim Jashari as the new KSF commander - President of the Republic of Kosovo - DR. VJOSA OSMANI - SADRIU -\",\"breadcrumb\":{\"@id\":\"https:\/\/president-ksgov.net\/presidentja-osmani-emeron-gjeneralmajor-bashkim-jasharin-komandant-te-ri-te-fsk-se\/#breadcrumb\"},\"inLanguage\":\"en-US\",\"potentialAction\":[{\"@type\":\"ReadAction\",\"target\":[\"https:\/\/president-ksgov.net\/presidentja-osmani-emeron-gjeneralmajor-bashkim-jasharin-komandant-te-ri-te-fsk-se\/\"]}]},{\"@type\":\"ImageObject\",\"inLanguage\":\"en-US\",\"@id\":\"https:\/\/president-ksgov.net\/presidentja-osmani-emeron-gjeneralmajor-bashkim-jasharin-komandant-te-ri-te-fsk-se\/#primaryimage\",\"url\":\"https:\/\/president-ksgov.net\/wp-content\/uploads\/30_11_2021_4515358_260929532_494837808387999_2878487300541326870_n.jpg\",\"contentUrl\":\"https:\/\/president-ksgov.net\/wp-content\/uploads\/30_11_2021_4515358_260929532_494837808387999_2878487300541326870_n.jpg\",\"width\":1280,\"height\":853},{\"@type\":\"BreadcrumbList\",\"@id\":\"https:\/\/president-ksgov.net\/presidentja-osmani-emeron-gjeneralmajor-bashkim-jasharin-komandant-te-ri-te-fsk-se\/#breadcrumb\",\"itemListElement\":[{\"@type\":\"ListItem\",\"position\":1,\"name\":\"Home\",\"item\":\"https:\/\/president-ksgov.net\/en\/\"},{\"@type\":\"ListItem\",\"position\":2,\"name\":\"President Osmani appoints Major General Bashkim Jashari as the new KSF commander\"}]},{\"@type\":\"WebSite\",\"@id\":\"https:\/\/president-ksgov.net\/#website\",\"url\":\"https:\/\/president-ksgov.net\/\",\"name\":\"Presidente e Republik\u00ebs s\u00eb Kosov\u00ebs\",\"description\":\"Presidente e Republik\u00ebs s\u00eb Kosov\u00ebs\",\"alternateName\":\"DR. VJOSA OSMANI - SADRIU\",\"potentialAction\":[{\"@type\":\"SearchAction\",\"target\":{\"@type\":\"EntryPoint\",\"urlTemplate\":\"https:\/\/president-ksgov.net\/?s={search_term_string}\"},\"query-input\":{\"@type\":\"PropertyValueSpecification\",\"valueRequired\":true,\"valueName\":\"search_term_string\"}}],\"inLanguage\":\"en-US\"},{\"@type\":\"Person\",\"@id\":\"https:\/\/president-ksgov.net\/#\/schema\/person\/bb4337a5fb147cb2046d80548172cbee\",\"name\":\"admin\",\"image\":{\"@type\":\"ImageObject\",\"inLanguage\":\"en-US\",\"@id\":\"https:\/\/president-ksgov.net\/#\/schema\/person\/image\/\",\"url\":\"https:\/\/secure.gravatar.com\/avatar\/36156ca0fa3b8d9d25174f146e16beea0cf28f37adf1b9e19b6c9c279a7c9dd3?s=96&d=mm&r=g\",\"contentUrl\":\"https:\/\/secure.gravatar.com\/avatar\/36156ca0fa3b8d9d25174f146e16beea0cf28f37adf1b9e19b6c9c279a7c9dd3?s=96&d=mm&r=g\",\"caption\":\"admin\"},\"sameAs\":[\"https:\/\/president-ksgov.net\"]}]}<\/script>\n<!-- \/ Yoast SEO plugin. -->","yoast_head_json":{"title":"President Osmani appoints Major General Bashkim Jashari as the new KSF commander - President of the Republic of Kosovo - DR. VJOSA OSMANI - SADRIU","description":"President Osmani appoints Major General Bashkim Jashari as the new KSF commander - President of the Republic of Kosovo - DR. VJOSA OSMANI - SADRIU -","robots":{"index":"index","follow":"follow","max-snippet":"max-snippet:-1","max-image-preview":"max-image-preview:large","max-video-preview":"max-video-preview:-1"},"canonical":"https:\/\/president-ksgov.net\/presidentja-osmani-emeron-gjeneralmajor-bashkim-jasharin-komandant-te-ri-te-fsk-se\/","og_locale":"en_US","og_type":"article","og_title":"President Osmani appoints Major General Bashkim Jashari as the new KSF commander - President of the Republic of Kosovo - DR. VJOSA OSMANI - SADRIU","og_description":"President Osmani appoints Major General Bashkim Jashari as the new KSF commander - President of the Republic of Kosovo - DR. VJOSA OSMANI - SADRIU -","og_url":"https:\/\/president-ksgov.net\/presidentja-osmani-emeron-gjeneralmajor-bashkim-jasharin-komandant-te-ri-te-fsk-se\/","og_site_name":"President of the Republic of Kosovo - DR. VJOSA OSMANI - SADRIU","article_published_time":"2021-11-30T10:10:59+00:00","article_modified_time":"2023-03-07T08:58:42+00:00","og_image":[{"width":1280,"height":853,"url":"https:\/\/president-ksgov.net\/wp-content\/uploads\/30_11_2021_4515358_260929532_494837808387999_2878487300541326870_n.jpg","type":"image\/jpeg"}],"author":"admin","twitter_card":"summary_large_image","twitter_misc":{"Written by":"admin","Est. reading time":"1 minute"},"schema":{"@context":"https:\/\/schema.org","@graph":[{"@type":"WebPage","@id":"https:\/\/president-ksgov.net\/presidentja-osmani-emeron-gjeneralmajor-bashkim-jasharin-komandant-te-ri-te-fsk-se\/","url":"https:\/\/president-ksgov.net\/presidentja-osmani-emeron-gjeneralmajor-bashkim-jasharin-komandant-te-ri-te-fsk-se\/","name":"President Osmani appoints Major General Bashkim Jashari as the new KSF commander - President of the Republic of Kosovo - DR. VJOSA OSMANI - SADRIU","isPartOf":{"@id":"https:\/\/president-ksgov.net\/#website"},"primaryImageOfPage":{"@id":"https:\/\/president-ksgov.net\/presidentja-osmani-emeron-gjeneralmajor-bashkim-jasharin-komandant-te-ri-te-fsk-se\/#primaryimage"},"image":{"@id":"https:\/\/president-ksgov.net\/presidentja-osmani-emeron-gjeneralmajor-bashkim-jasharin-komandant-te-ri-te-fsk-se\/#primaryimage"},"thumbnailUrl":"https:\/\/president-ksgov.net\/wp-content\/uploads\/30_11_2021_4515358_260929532_494837808387999_2878487300541326870_n.jpg","datePublished":"2021-11-30T10:10:59+00:00","dateModified":"2023-03-07T08:58:42+00:00","author":{"@id":"https:\/\/president-ksgov.net\/#\/schema\/person\/bb4337a5fb147cb2046d80548172cbee"},"description":"President Osmani appoints Major General Bashkim Jashari as the new KSF commander - President of the Republic of Kosovo - DR. VJOSA OSMANI - SADRIU -","breadcrumb":{"@id":"https:\/\/president-ksgov.net\/presidentja-osmani-emeron-gjeneralmajor-bashkim-jasharin-komandant-te-ri-te-fsk-se\/#breadcrumb"},"inLanguage":"en-US","potentialAction":[{"@type":"ReadAction","target":["https:\/\/president-ksgov.net\/presidentja-osmani-emeron-gjeneralmajor-bashkim-jasharin-komandant-te-ri-te-fsk-se\/"]}]},{"@type":"ImageObject","inLanguage":"en-US","@id":"https:\/\/president-ksgov.net\/presidentja-osmani-emeron-gjeneralmajor-bashkim-jasharin-komandant-te-ri-te-fsk-se\/#primaryimage","url":"https:\/\/president-ksgov.net\/wp-content\/uploads\/30_11_2021_4515358_260929532_494837808387999_2878487300541326870_n.jpg","contentUrl":"https:\/\/president-ksgov.net\/wp-content\/uploads\/30_11_2021_4515358_260929532_494837808387999_2878487300541326870_n.jpg","width":1280,"height":853},{"@type":"BreadcrumbList","@id":"https:\/\/president-ksgov.net\/presidentja-osmani-emeron-gjeneralmajor-bashkim-jasharin-komandant-te-ri-te-fsk-se\/#breadcrumb","itemListElement":[{"@type":"ListItem","position":1,"name":"Home","item":"https:\/\/president-ksgov.net\/en\/"},{"@type":"ListItem","position":2,"name":"President Osmani appoints Major General Bashkim Jashari as the new KSF commander"}]},{"@type":"WebSite","@id":"https:\/\/president-ksgov.net\/#website","url":"https:\/\/president-ksgov.net\/","name":"Presidente e Republik\u00ebs s\u00eb Kosov\u00ebs","description":"Presidente e Republik\u00ebs s\u00eb Kosov\u00ebs","alternateName":"DR. VJOSA OSMANI - SADRIU","potentialAction":[{"@type":"SearchAction","target":{"@type":"EntryPoint","urlTemplate":"https:\/\/president-ksgov.net\/?s={search_term_string}"},"query-input":{"@type":"PropertyValueSpecification","valueRequired":true,"valueName":"search_term_string"}}],"inLanguage":"en-US"},{"@type":"Person","@id":"https:\/\/president-ksgov.net\/#\/schema\/person\/bb4337a5fb147cb2046d80548172cbee","name":"admin","image":{"@type":"ImageObject","inLanguage":"en-US","@id":"https:\/\/president-ksgov.net\/#\/schema\/person\/image\/","url":"https:\/\/secure.gravatar.com\/avatar\/36156ca0fa3b8d9d25174f146e16beea0cf28f37adf1b9e19b6c9c279a7c9dd3?s=96&d=mm&r=g","contentUrl":"https:\/\/secure.gravatar.com\/avatar\/36156ca0fa3b8d9d25174f146e16beea0cf28f37adf1b9e19b6c9c279a7c9dd3?s=96&d=mm&r=g","caption":"admin"},"sameAs":["https:\/\/president-ksgov.net"]}]}},"_links":{"self":[{"href":"https:\/\/president-ksgov.net\/en\/wp-json\/wp\/v2\/posts\/67028","targetHints":{"allow":["GET"]}}],"collection":[{"href":"https:\/\/president-ksgov.net\/en\/wp-json\/wp\/v2\/posts"}],"about":[{"href":"https:\/\/president-ksgov.net\/en\/wp-json\/wp\/v2\/types\/post"}],"author":[{"embeddable":true,"href":"https:\/\/president-ksgov.net\/en\/wp-json\/wp\/v2\/users\/1"}],"replies":[{"embeddable":true,"href":"https:\/\/president-ksgov.net\/en\/wp-json\/wp\/v2\/comments?post=67028"}],"version-history":[{"count":0,"href":"https:\/\/president-ksgov.net\/en\/wp-json\/wp\/v2\/posts\/67028\/revisions"}],"wp:featuredmedia":[{"embeddable":true,"href":"https:\/\/president-ksgov.net\/en\/wp-json\/wp\/v2\/media\/17308"}],"wp:attachment":[{"href":"https:\/\/president-ksgov.net\/en\/wp-json\/wp\/v2\/media?parent=67028"}],"wp:term":[{"taxonomy":"category","embeddable":true,"href":"https:\/\/president-ksgov.net\/en\/wp-json\/wp\/v2\/categories?post=67028"},{"taxonomy":"post_tag","embeddable":true,"href":"https:\/\/president-ksgov.net\/en\/wp-json\/wp\/v2\/tags?post=67028"}],"curies":[{"name":"wp","href":"https:\/\/api.w.org\/{rel}","templated":true}]}}