{"id":67012,"date":"2021-12-09T15:13:44","date_gmt":"2021-12-09T15:13:44","guid":{"rendered":"https:\/\/dev.president-ksgov.net\/statement-of-the-president-of-the-republic-of-kosovo-vjosa-osmani-at-the-summit-for-democracy-2\/"},"modified":"2023-03-07T08:58:19","modified_gmt":"2023-03-07T08:58:19","slug":"statement-of-the-president-of-the-republic-of-kosovo-vjosa-osmani-at-the-summit-for-democracy-2","status":"publish","type":"post","link":"https:\/\/president-ksgov.net\/en\/statement-of-the-president-of-the-republic-of-kosovo-vjosa-osmani-at-the-summit-for-democracy-2\/","title":{"rendered":"Statement of the President of the Republic of Kosovo, Vjosa Osmani, at the Summit for Democracy"},"content":{"rendered":"<p>Dear President Biden,<br \/>\nEsteemed participants,<br \/>\n\u00a0<br \/>\nI speak to you as the President of the Republic of Kosovo, one of the youngest yet most vibrant democracies in the world.<br \/>\n\u00a0<br \/>\nKosovo will soon mark 14 years of independence, but we have fought authoritarian and genocidal regimes for much longer than that. Democracy is in the fabric of our society, it is deeply entrenched in our historic struggle for freedom and human rights. And, as envisioned by our founding father, President Rugova, our Republic stands strongly on three pillars: freedom, independence, and democracy.<br \/>\n\u00a0<br \/>\nKosovo today\u00a0continues to thrive through free and fair elections, with peaceful transitions of power, unfettered media freedoms, and the highest standards of human rights enshrined in our constitution.<br \/>\n\u00a0<br \/>\nBut, Democracy is never a finished or finite project. So\u00a0today, I set out Kosovo\u2019s commitments for strengthening and nurturing our democracy to ensure it stands the test of time. We will:<br \/>\n\u00a0<br \/>\n1.\u00a0\u00a0\u00a0\u00a0\u00a0Strengthen the rule of law\u00a0through the full implementation of the Strategy on Rule of Law, and a vetting process that will instill integrity, impartiality and professionalism at the heart of our justice system. We commit to enacting and implementing advanced legislation to seize illicit wealth, impose a travel ban on foreign individuals involved in serious human rights abuses, clamp down on foreign governments\u2019 funding for political parties and ban public institutions from using untrusted surveillance vendors.<br \/>\n\u00a0<br \/>\n2.\u00a0\u00a0\u00a0\u00a0\u00a0Bolster the role of women in our society\u00a0by initiating proceedings to harmonize all relevant laws with the provisions of the law on gender equality, to guarantee women\u2019s rightful place in public institutions and decision-making roles. We will also adopt a bold national strategy against gender-based violence to implement the Istanbul Convention, to halt this epidemic through prevention and protection, and increase minimum sentences to reflect the severity of the gender-based crimes.<br \/>\n\u00a0<br \/>\n3.\u00a0\u00a0\u00a0\u00a0\u00a0I will establish a Presidential Council on Democracy and Human Rights\u00a0that will bring together public institutions and civil society to drive and monitor the implementation of our commitments. This council shows our long-term commitment to improving our democracy.<br \/>\n\u00a0<br \/>\nWe must not take democracy for granted, and we must relentlessly protect it. Whether a big or small a country, we can all make a difference, especially if we join forces. We are, therefore, pledging to work with you all to deliver on our objectives, share best practices, counter Russian interference and propaganda, and promote peace around the world.<br \/>\n\u00a0<br \/>\nIn this spirit, I will host a Global Summit for Women in Peace and Security in 2022 that will bring together leaders from around the world.<br \/>\n\u00a0<br \/>\nIn the struggle between democracy and autocracy, history teaches us that appeasement of autocrats never works. Today\u00a0is more than a Summit, it is our collective voice rejecting autocratic tendencies, and it is our collective voice standing up for democracy.<br \/>\n\u00a0<br \/>\nI want to thank President Biden for his leadership in this endeavor.<br \/>\n\u00a0<br \/>\nFrom the most pro-American nation on earth, thank you all, and goodbye.<br \/>\n\u00a0<\/p>\n","protected":false},"excerpt":{"rendered":"<p>Dear President Biden, Esteemed participants, \u00a0 I speak to you as the President of the Republic of Kosovo, one of the youngest yet most vibrant democracies in the world. \u00a0 Kosovo will soon mark 14 years of independence, but we have fought authoritarian and genocidal regimes for much longer than that. Democracy is in the fabric of our society, it is deeply entrenched in our historic struggle for freedom and human rights. And, as envisioned by our founding father, President Rugova, our Republic stands strongly on three pillars: freedom, independence, and democracy. \u00a0 Kosovo today\u00a0continues to thrive through free and fair elections, with peaceful transitions of power, unfettered media freedoms, and the highest standards of human rights enshrined in our constitution. \u00a0 But, Democracy is never a finished or finite project. So\u00a0today, I set out Kosovo\u2019s commitments for strengthening and nurturing our democracy to ensure it stands the test of time. We will: \u00a0 1.\u00a0\u00a0\u00a0\u00a0\u00a0Strengthen the rule of law\u00a0through the full implementation of the Strategy on Rule of Law, and a vetting process that will instill integrity, impartiality and professionalism at the heart of our justice system. We commit to enacting and implementing advanced legislation to seize illicit wealth, impose a travel ban on foreign individuals involved in serious human rights abuses, clamp down on foreign governments\u2019 funding for political parties and ban public institutions from using untrusted surveillance vendors. \u00a0 2.\u00a0\u00a0\u00a0\u00a0\u00a0Bolster the role of women in our society\u00a0by initiating proceedings to harmonize all relevant laws with the provisions of the law on gender equality, to guarantee women\u2019s rightful place in public institutions and decision-making roles. We will also adopt a bold national strategy against gender-based violence to implement the Istanbul Convention, to halt this epidemic through prevention and protection, and increase minimum sentences to reflect the severity of the gender-based crimes. \u00a0 3.\u00a0\u00a0\u00a0\u00a0\u00a0I will establish a Presidential Council on Democracy and Human Rights\u00a0that will bring together public institutions and civil society to drive and monitor the implementation of our commitments. This council shows our long-term commitment to improving our democracy. \u00a0 We must not take democracy for granted, and we must relentlessly protect it. Whether a big or small a country, we can all make a difference, especially if we join forces. We are, therefore, pledging to work with you all to deliver on our objectives, share best practices, counter Russian interference and propaganda, and promote peace around the world. \u00a0 In this spirit, I will host a Global Summit for Women in Peace and Security in 2022 that will bring together leaders from around the world. \u00a0 In the struggle between democracy and autocracy, history teaches us that appeasement of autocrats never works. Today\u00a0is more than a Summit, it is our collective voice rejecting autocratic tendencies, and it is our collective voice standing up for democracy. \u00a0 I want to thank President Biden for his leadership in this endeavor. \u00a0 From the most pro-American nation on earth, thank you all, and goodbye. \u00a0<\/p>\n","protected":false},"author":1,"featured_media":17226,"comment_status":"open","ping_status":"closed","sticky":false,"template":"","format":"standard","meta":{"_eb_attr":"","footnotes":""},"categories":[111],"tags":[],"class_list":["post-67012","post","type-post","status-publish","format-standard","has-post-thumbnail","hentry","category-news"],"yoast_head":"<!-- This site is optimized with the Yoast SEO plugin v23.5 - https:\/\/yoast.com\/wordpress\/plugins\/seo\/ -->\n<title>Statement of the President of the Republic of Kosovo, Vjosa Osmani, at the Summit for Democracy - President of the Republic of Kosovo - DR. VJOSA OSMANI - SADRIU<\/title>\n<meta name=\"description\" content=\"Statement of the President of the Republic of Kosovo, Vjosa Osmani, at the Summit for Democracy - President of the Republic of Kosovo - DR. VJOSA OSMANI - SADRIU -\" \/>\n<meta name=\"robots\" content=\"index, follow, max-snippet:-1, max-image-preview:large, max-video-preview:-1\" \/>\n<link rel=\"canonical\" href=\"https:\/\/president-ksgov.net\/en\/statement-of-the-president-of-the-republic-of-kosovo-vjosa-osmani-at-the-summit-for-democracy-2\/\" \/>\n<meta property=\"og:locale\" content=\"en_US\" \/>\n<meta property=\"og:type\" content=\"article\" \/>\n<meta property=\"og:title\" content=\"Statement of the President of the Republic of Kosovo, Vjosa Osmani, at the Summit for Democracy - President of the Republic of Kosovo - DR. VJOSA OSMANI - SADRIU\" \/>\n<meta property=\"og:description\" content=\"Statement of the President of the Republic of Kosovo, Vjosa Osmani, at the Summit for Democracy - President of the Republic of Kosovo - DR. VJOSA OSMANI - SADRIU -\" \/>\n<meta property=\"og:url\" content=\"https:\/\/president-ksgov.net\/en\/statement-of-the-president-of-the-republic-of-kosovo-vjosa-osmani-at-the-summit-for-democracy-2\/\" \/>\n<meta property=\"og:site_name\" content=\"President of the Republic of Kosovo - DR. VJOSA OSMANI - SADRIU\" \/>\n<meta property=\"article:published_time\" content=\"2021-12-09T15:13:44+00:00\" \/>\n<meta property=\"article:modified_time\" content=\"2023-03-07T08:58:19+00:00\" \/>\n<meta property=\"og:image\" content=\"https:\/\/president-ksgov.net\/wp-content\/uploads\/09_12_2021_761790_9_12_21_2-scaled.jpg\" \/>\n\t<meta property=\"og:image:width\" content=\"2560\" \/>\n\t<meta property=\"og:image:height\" content=\"1707\" \/>\n\t<meta property=\"og:image:type\" content=\"image\/jpeg\" \/>\n<meta name=\"author\" content=\"admin\" \/>\n<meta name=\"twitter:card\" content=\"summary_large_image\" \/>\n<meta name=\"twitter:label1\" content=\"Written by\" \/>\n\t<meta name=\"twitter:data1\" content=\"admin\" \/>\n\t<meta name=\"twitter:label2\" content=\"Est. reading time\" \/>\n\t<meta name=\"twitter:data2\" content=\"2 minutes\" \/>\n<script type=\"application\/ld+json\" class=\"yoast-schema-graph\">{\"@context\":\"https:\/\/schema.org\",\"@graph\":[{\"@type\":\"WebPage\",\"@id\":\"https:\/\/president-ksgov.net\/en\/statement-of-the-president-of-the-republic-of-kosovo-vjosa-osmani-at-the-summit-for-democracy-2\/\",\"url\":\"https:\/\/president-ksgov.net\/en\/statement-of-the-president-of-the-republic-of-kosovo-vjosa-osmani-at-the-summit-for-democracy-2\/\",\"name\":\"Statement of the President of the Republic of Kosovo, Vjosa Osmani, at the Summit for Democracy - President of the Republic of Kosovo - DR. VJOSA OSMANI - SADRIU\",\"isPartOf\":{\"@id\":\"https:\/\/president-ksgov.net\/#website\"},\"primaryImageOfPage\":{\"@id\":\"https:\/\/president-ksgov.net\/en\/statement-of-the-president-of-the-republic-of-kosovo-vjosa-osmani-at-the-summit-for-democracy-2\/#primaryimage\"},\"image\":{\"@id\":\"https:\/\/president-ksgov.net\/en\/statement-of-the-president-of-the-republic-of-kosovo-vjosa-osmani-at-the-summit-for-democracy-2\/#primaryimage\"},\"thumbnailUrl\":\"https:\/\/president-ksgov.net\/wp-content\/uploads\/09_12_2021_761790_9_12_21_2-scaled.jpg\",\"datePublished\":\"2021-12-09T15:13:44+00:00\",\"dateModified\":\"2023-03-07T08:58:19+00:00\",\"author\":{\"@id\":\"https:\/\/president-ksgov.net\/#\/schema\/person\/bb4337a5fb147cb2046d80548172cbee\"},\"description\":\"Statement of the President of the Republic of Kosovo, Vjosa Osmani, at the Summit for Democracy - President of the Republic of Kosovo - DR. VJOSA OSMANI - SADRIU -\",\"breadcrumb\":{\"@id\":\"https:\/\/president-ksgov.net\/en\/statement-of-the-president-of-the-republic-of-kosovo-vjosa-osmani-at-the-summit-for-democracy-2\/#breadcrumb\"},\"inLanguage\":\"en-US\",\"potentialAction\":[{\"@type\":\"ReadAction\",\"target\":[\"https:\/\/president-ksgov.net\/en\/statement-of-the-president-of-the-republic-of-kosovo-vjosa-osmani-at-the-summit-for-democracy-2\/\"]}]},{\"@type\":\"ImageObject\",\"inLanguage\":\"en-US\",\"@id\":\"https:\/\/president-ksgov.net\/en\/statement-of-the-president-of-the-republic-of-kosovo-vjosa-osmani-at-the-summit-for-democracy-2\/#primaryimage\",\"url\":\"https:\/\/president-ksgov.net\/wp-content\/uploads\/09_12_2021_761790_9_12_21_2-scaled.jpg\",\"contentUrl\":\"https:\/\/president-ksgov.net\/wp-content\/uploads\/09_12_2021_761790_9_12_21_2-scaled.jpg\",\"width\":2560,\"height\":1707},{\"@type\":\"BreadcrumbList\",\"@id\":\"https:\/\/president-ksgov.net\/en\/statement-of-the-president-of-the-republic-of-kosovo-vjosa-osmani-at-the-summit-for-democracy-2\/#breadcrumb\",\"itemListElement\":[{\"@type\":\"ListItem\",\"position\":1,\"name\":\"Home\",\"item\":\"https:\/\/president-ksgov.net\/en\/\"},{\"@type\":\"ListItem\",\"position\":2,\"name\":\"Statement of the President of the Republic of Kosovo, Vjosa Osmani, at the Summit for Democracy\"}]},{\"@type\":\"WebSite\",\"@id\":\"https:\/\/president-ksgov.net\/#website\",\"url\":\"https:\/\/president-ksgov.net\/\",\"name\":\"Presidente e Republik\u00ebs s\u00eb Kosov\u00ebs\",\"description\":\"Presidente e Republik\u00ebs s\u00eb Kosov\u00ebs\",\"alternateName\":\"DR. VJOSA OSMANI - SADRIU\",\"potentialAction\":[{\"@type\":\"SearchAction\",\"target\":{\"@type\":\"EntryPoint\",\"urlTemplate\":\"https:\/\/president-ksgov.net\/?s={search_term_string}\"},\"query-input\":{\"@type\":\"PropertyValueSpecification\",\"valueRequired\":true,\"valueName\":\"search_term_string\"}}],\"inLanguage\":\"en-US\"},{\"@type\":\"Person\",\"@id\":\"https:\/\/president-ksgov.net\/#\/schema\/person\/bb4337a5fb147cb2046d80548172cbee\",\"name\":\"admin\",\"image\":{\"@type\":\"ImageObject\",\"inLanguage\":\"en-US\",\"@id\":\"https:\/\/president-ksgov.net\/#\/schema\/person\/image\/\",\"url\":\"https:\/\/secure.gravatar.com\/avatar\/36156ca0fa3b8d9d25174f146e16beea0cf28f37adf1b9e19b6c9c279a7c9dd3?s=96&d=mm&r=g\",\"contentUrl\":\"https:\/\/secure.gravatar.com\/avatar\/36156ca0fa3b8d9d25174f146e16beea0cf28f37adf1b9e19b6c9c279a7c9dd3?s=96&d=mm&r=g\",\"caption\":\"admin\"},\"sameAs\":[\"https:\/\/president-ksgov.net\"]}]}<\/script>\n<!-- \/ Yoast SEO plugin. -->","yoast_head_json":{"title":"Statement of the President of the Republic of Kosovo, Vjosa Osmani, at the Summit for Democracy - President of the Republic of Kosovo - DR. VJOSA OSMANI - SADRIU","description":"Statement of the President of the Republic of Kosovo, Vjosa Osmani, at the Summit for Democracy - President of the Republic of Kosovo - DR. VJOSA OSMANI - SADRIU -","robots":{"index":"index","follow":"follow","max-snippet":"max-snippet:-1","max-image-preview":"max-image-preview:large","max-video-preview":"max-video-preview:-1"},"canonical":"https:\/\/president-ksgov.net\/en\/statement-of-the-president-of-the-republic-of-kosovo-vjosa-osmani-at-the-summit-for-democracy-2\/","og_locale":"en_US","og_type":"article","og_title":"Statement of the President of the Republic of Kosovo, Vjosa Osmani, at the Summit for Democracy - President of the Republic of Kosovo - DR. VJOSA OSMANI - SADRIU","og_description":"Statement of the President of the Republic of Kosovo, Vjosa Osmani, at the Summit for Democracy - President of the Republic of Kosovo - DR. VJOSA OSMANI - SADRIU -","og_url":"https:\/\/president-ksgov.net\/en\/statement-of-the-president-of-the-republic-of-kosovo-vjosa-osmani-at-the-summit-for-democracy-2\/","og_site_name":"President of the Republic of Kosovo - DR. VJOSA OSMANI - SADRIU","article_published_time":"2021-12-09T15:13:44+00:00","article_modified_time":"2023-03-07T08:58:19+00:00","og_image":[{"width":2560,"height":1707,"url":"https:\/\/president-ksgov.net\/wp-content\/uploads\/09_12_2021_761790_9_12_21_2-scaled.jpg","type":"image\/jpeg"}],"author":"admin","twitter_card":"summary_large_image","twitter_misc":{"Written by":"admin","Est. reading time":"2 minutes"},"schema":{"@context":"https:\/\/schema.org","@graph":[{"@type":"WebPage","@id":"https:\/\/president-ksgov.net\/en\/statement-of-the-president-of-the-republic-of-kosovo-vjosa-osmani-at-the-summit-for-democracy-2\/","url":"https:\/\/president-ksgov.net\/en\/statement-of-the-president-of-the-republic-of-kosovo-vjosa-osmani-at-the-summit-for-democracy-2\/","name":"Statement of the President of the Republic of Kosovo, Vjosa Osmani, at the Summit for Democracy - President of the Republic of Kosovo - DR. VJOSA OSMANI - SADRIU","isPartOf":{"@id":"https:\/\/president-ksgov.net\/#website"},"primaryImageOfPage":{"@id":"https:\/\/president-ksgov.net\/en\/statement-of-the-president-of-the-republic-of-kosovo-vjosa-osmani-at-the-summit-for-democracy-2\/#primaryimage"},"image":{"@id":"https:\/\/president-ksgov.net\/en\/statement-of-the-president-of-the-republic-of-kosovo-vjosa-osmani-at-the-summit-for-democracy-2\/#primaryimage"},"thumbnailUrl":"https:\/\/president-ksgov.net\/wp-content\/uploads\/09_12_2021_761790_9_12_21_2-scaled.jpg","datePublished":"2021-12-09T15:13:44+00:00","dateModified":"2023-03-07T08:58:19+00:00","author":{"@id":"https:\/\/president-ksgov.net\/#\/schema\/person\/bb4337a5fb147cb2046d80548172cbee"},"description":"Statement of the President of the Republic of Kosovo, Vjosa Osmani, at the Summit for Democracy - President of the Republic of Kosovo - DR. VJOSA OSMANI - SADRIU -","breadcrumb":{"@id":"https:\/\/president-ksgov.net\/en\/statement-of-the-president-of-the-republic-of-kosovo-vjosa-osmani-at-the-summit-for-democracy-2\/#breadcrumb"},"inLanguage":"en-US","potentialAction":[{"@type":"ReadAction","target":["https:\/\/president-ksgov.net\/en\/statement-of-the-president-of-the-republic-of-kosovo-vjosa-osmani-at-the-summit-for-democracy-2\/"]}]},{"@type":"ImageObject","inLanguage":"en-US","@id":"https:\/\/president-ksgov.net\/en\/statement-of-the-president-of-the-republic-of-kosovo-vjosa-osmani-at-the-summit-for-democracy-2\/#primaryimage","url":"https:\/\/president-ksgov.net\/wp-content\/uploads\/09_12_2021_761790_9_12_21_2-scaled.jpg","contentUrl":"https:\/\/president-ksgov.net\/wp-content\/uploads\/09_12_2021_761790_9_12_21_2-scaled.jpg","width":2560,"height":1707},{"@type":"BreadcrumbList","@id":"https:\/\/president-ksgov.net\/en\/statement-of-the-president-of-the-republic-of-kosovo-vjosa-osmani-at-the-summit-for-democracy-2\/#breadcrumb","itemListElement":[{"@type":"ListItem","position":1,"name":"Home","item":"https:\/\/president-ksgov.net\/en\/"},{"@type":"ListItem","position":2,"name":"Statement of the President of the Republic of Kosovo, Vjosa Osmani, at the Summit for Democracy"}]},{"@type":"WebSite","@id":"https:\/\/president-ksgov.net\/#website","url":"https:\/\/president-ksgov.net\/","name":"Presidente e Republik\u00ebs s\u00eb Kosov\u00ebs","description":"Presidente e Republik\u00ebs s\u00eb Kosov\u00ebs","alternateName":"DR. VJOSA OSMANI - SADRIU","potentialAction":[{"@type":"SearchAction","target":{"@type":"EntryPoint","urlTemplate":"https:\/\/president-ksgov.net\/?s={search_term_string}"},"query-input":{"@type":"PropertyValueSpecification","valueRequired":true,"valueName":"search_term_string"}}],"inLanguage":"en-US"},{"@type":"Person","@id":"https:\/\/president-ksgov.net\/#\/schema\/person\/bb4337a5fb147cb2046d80548172cbee","name":"admin","image":{"@type":"ImageObject","inLanguage":"en-US","@id":"https:\/\/president-ksgov.net\/#\/schema\/person\/image\/","url":"https:\/\/secure.gravatar.com\/avatar\/36156ca0fa3b8d9d25174f146e16beea0cf28f37adf1b9e19b6c9c279a7c9dd3?s=96&d=mm&r=g","contentUrl":"https:\/\/secure.gravatar.com\/avatar\/36156ca0fa3b8d9d25174f146e16beea0cf28f37adf1b9e19b6c9c279a7c9dd3?s=96&d=mm&r=g","caption":"admin"},"sameAs":["https:\/\/president-ksgov.net"]}]}},"_links":{"self":[{"href":"https:\/\/president-ksgov.net\/en\/wp-json\/wp\/v2\/posts\/67012","targetHints":{"allow":["GET"]}}],"collection":[{"href":"https:\/\/president-ksgov.net\/en\/wp-json\/wp\/v2\/posts"}],"about":[{"href":"https:\/\/president-ksgov.net\/en\/wp-json\/wp\/v2\/types\/post"}],"author":[{"embeddable":true,"href":"https:\/\/president-ksgov.net\/en\/wp-json\/wp\/v2\/users\/1"}],"replies":[{"embeddable":true,"href":"https:\/\/president-ksgov.net\/en\/wp-json\/wp\/v2\/comments?post=67012"}],"version-history":[{"count":0,"href":"https:\/\/president-ksgov.net\/en\/wp-json\/wp\/v2\/posts\/67012\/revisions"}],"wp:featuredmedia":[{"embeddable":true,"href":"https:\/\/president-ksgov.net\/en\/wp-json\/wp\/v2\/media\/17226"}],"wp:attachment":[{"href":"https:\/\/president-ksgov.net\/en\/wp-json\/wp\/v2\/media?parent=67012"}],"wp:term":[{"taxonomy":"category","embeddable":true,"href":"https:\/\/president-ksgov.net\/en\/wp-json\/wp\/v2\/categories?post=67012"},{"taxonomy":"post_tag","embeddable":true,"href":"https:\/\/president-ksgov.net\/en\/wp-json\/wp\/v2\/tags?post=67012"}],"curies":[{"name":"wp","href":"https:\/\/api.w.org\/{rel}","templated":true}]}}