{"id":67010,"date":"2021-12-10T10:35:44","date_gmt":"2021-12-10T10:35:44","guid":{"rendered":"https:\/\/dev.president-ksgov.net\/president-osmani-on-the-international-day-of-commemoration-of-the-victims-of-genocide-it-remains-our-mission-to-undertake-the-impossible-in-order-for-the-perpetrators-of-the-massacres-to-be-brought\/"},"modified":"2023-03-07T08:58:19","modified_gmt":"2023-03-07T08:58:19","slug":"president-osmani-on-the-international-day-of-commemoration-of-the-victims-of-genocide-it-remains-our-mission-to-undertake-the-impossible-in-order-for-the-perpetrators-of-the-massacres-to-be-brought","status":"publish","type":"post","link":"https:\/\/president-ksgov.net\/en\/president-osmani-on-the-international-day-of-commemoration-of-the-victims-of-genocide-it-remains-our-mission-to-undertake-the-impossible-in-order-for-the-perpetrators-of-the-massacres-to-be-brought\/","title":{"rendered":"President Osmani on the International Day of Commemoration of the Victims of Genocide : It remains our mission to undertake the impossible in order for the perpetrators of the massacres to be brought to justice"},"content":{"rendered":"<p>On the International Day of Remembrance of the Victims of Genocide, December 9th, President Osmani said that it is a moment of reflection on the difficult path we have traversed through and the high price we have paid for our freedom.<\/p>\n<p>&#8220;We cannot turn our backs on our past. We will remember it as a precaution so that such things do not happen again in any corner of the globe. Prevention presupposes justice. Acts of genocide by Serbia took place in the eyes of the world. There are over 13 thousand killed in the last war in Kosovo, for whom today we feel pain, before whom we bow and who will be remembered eternally. &#8220;They are the proof of the crime of genocide and of Serbia&#039;s clear intention to wipe us off the face of the earth,&#8221; said the President.<br \/>\n\u00a0<br \/>\nBelow is President Osmani&#039;s post in its entirety:<br \/>\n\u00a0<br \/>\nThe International Day of Remembrance of the Victims of Genocide, December 9, is a moment of reflection on the difficult path we have traversed through and the high price we have paid for our freedom. We cannot turn our backs on our past. We will remember it as a precaution so that such things do not happen again in any corner of the globe. Prevention presupposes justice. Acts of genocide by Serbia took place in the eyes of the world. There are over 13 thousand killed in the last war in Kosovo, for whom today we feel pain, before whom we bow and who will always be remembered. They are evidence of the crime of genocide and of Serbia&#039;s clear intention to wipe us off the face of the earth.<\/p>\n<p>One of the many cases that proves this exterminating purpose is the Poklek massacre. Traces of the blood of the 54 civilians killed in the Poklek Massacre, among whom 24 children, are still fresh in the basement of the house in which they were first killed, then burned twice in a row. The wet bodies of the children, along with their families, had been reduced to ashes, making it impossible to identify the crime with aim to conceal the cruel act. This crime had a clear purpose: the extermination of our people from the face of the earth. Deliberate extermination constitutes the main element of genocide. The children killed were six months old and up to 17 years of age.<\/p>\n<p>To us who are enjoying the freedom it remains as a mission to undertake the impossible in order for the perpetrators of the massacres to be brought to justice.<\/p>\n","protected":false},"excerpt":{"rendered":"<p>On the International Day of Remembrance of the Victims of Genocide, December 9th, President Osmani said that it is a moment of reflection on the difficult path we have traversed through and the high price we have paid for our freedom.<\/p>\n","protected":false},"author":1,"featured_media":17215,"comment_status":"open","ping_status":"closed","sticky":false,"template":"","format":"standard","meta":{"_eb_attr":"","footnotes":""},"categories":[111],"tags":[],"class_list":["post-67010","post","type-post","status-publish","format-standard","has-post-thumbnail","hentry","category-news"],"yoast_head":"<!-- This site is optimized with the Yoast SEO plugin v23.5 - https:\/\/yoast.com\/wordpress\/plugins\/seo\/ -->\n<title>President Osmani on the International Day of Commemoration of the Victims of Genocide : It remains our mission to undertake the impossible in order for the perpetrators of the massacres to be brought to justice - President of the Republic of Kosovo - DR. VJOSA OSMANI - SADRIU<\/title>\n<meta name=\"description\" content=\"President Osmani on the International Day of Commemoration of the Victims of Genocide : It remains our mission to undertake the impossible in order for the perpetrators of the massacres to be brought to justice - President of the Republic of Kosovo - DR. VJOSA OSMANI - SADRIU -\" \/>\n<meta name=\"robots\" content=\"index, follow, max-snippet:-1, max-image-preview:large, max-video-preview:-1\" \/>\n<link rel=\"canonical\" href=\"https:\/\/president-ksgov.net\/en\/president-osmani-on-the-international-day-of-commemoration-of-the-victims-of-genocide-it-remains-our-mission-to-undertake-the-impossible-in-order-for-the-perpetrators-of-the-massacres-to-be-brought\/\" \/>\n<meta property=\"og:locale\" content=\"en_US\" \/>\n<meta property=\"og:type\" content=\"article\" \/>\n<meta property=\"og:title\" content=\"President Osmani on the International Day of Commemoration of the Victims of Genocide : It remains our mission to undertake the impossible in order for the perpetrators of the massacres to be brought to justice - President of the Republic of Kosovo - DR. VJOSA OSMANI - SADRIU\" \/>\n<meta property=\"og:description\" content=\"President Osmani on the International Day of Commemoration of the Victims of Genocide : It remains our mission to undertake the impossible in order for the perpetrators of the massacres to be brought to justice - President of the Republic of Kosovo - DR. VJOSA OSMANI - SADRIU -\" \/>\n<meta property=\"og:url\" content=\"https:\/\/president-ksgov.net\/en\/president-osmani-on-the-international-day-of-commemoration-of-the-victims-of-genocide-it-remains-our-mission-to-undertake-the-impossible-in-order-for-the-perpetrators-of-the-massacres-to-be-brought\/\" \/>\n<meta property=\"og:site_name\" content=\"President of the Republic of Kosovo - DR. VJOSA OSMANI - SADRIU\" \/>\n<meta property=\"article:published_time\" content=\"2021-12-10T10:35:44+00:00\" \/>\n<meta property=\"article:modified_time\" content=\"2023-03-07T08:58:19+00:00\" \/>\n<meta property=\"og:image\" content=\"https:\/\/president-ksgov.net\/wp-content\/uploads\/10_12_2021_4312787_20_10_2021_5044797_IMG_7d6066f79ffeee59ef2b1238de4e2ed5_V1.jpg\" \/>\n\t<meta property=\"og:image:width\" content=\"1600\" \/>\n\t<meta property=\"og:image:height\" content=\"708\" \/>\n\t<meta property=\"og:image:type\" content=\"image\/jpeg\" \/>\n<meta name=\"author\" content=\"admin\" \/>\n<meta name=\"twitter:card\" content=\"summary_large_image\" \/>\n<meta name=\"twitter:label1\" content=\"Written by\" \/>\n\t<meta name=\"twitter:data1\" content=\"admin\" \/>\n\t<meta name=\"twitter:label2\" content=\"Est. reading time\" \/>\n\t<meta name=\"twitter:data2\" content=\"2 minutes\" \/>\n<script type=\"application\/ld+json\" class=\"yoast-schema-graph\">{\"@context\":\"https:\/\/schema.org\",\"@graph\":[{\"@type\":\"WebPage\",\"@id\":\"https:\/\/president-ksgov.net\/en\/president-osmani-on-the-international-day-of-commemoration-of-the-victims-of-genocide-it-remains-our-mission-to-undertake-the-impossible-in-order-for-the-perpetrators-of-the-massacres-to-be-brought\/\",\"url\":\"https:\/\/president-ksgov.net\/en\/president-osmani-on-the-international-day-of-commemoration-of-the-victims-of-genocide-it-remains-our-mission-to-undertake-the-impossible-in-order-for-the-perpetrators-of-the-massacres-to-be-brought\/\",\"name\":\"President Osmani on the International Day of Commemoration of the Victims of Genocide : It remains our mission to undertake the impossible in order for the perpetrators of the massacres to be brought to justice - President of the Republic of Kosovo - DR. VJOSA OSMANI - SADRIU\",\"isPartOf\":{\"@id\":\"https:\/\/president-ksgov.net\/#website\"},\"primaryImageOfPage\":{\"@id\":\"https:\/\/president-ksgov.net\/en\/president-osmani-on-the-international-day-of-commemoration-of-the-victims-of-genocide-it-remains-our-mission-to-undertake-the-impossible-in-order-for-the-perpetrators-of-the-massacres-to-be-brought\/#primaryimage\"},\"image\":{\"@id\":\"https:\/\/president-ksgov.net\/en\/president-osmani-on-the-international-day-of-commemoration-of-the-victims-of-genocide-it-remains-our-mission-to-undertake-the-impossible-in-order-for-the-perpetrators-of-the-massacres-to-be-brought\/#primaryimage\"},\"thumbnailUrl\":\"https:\/\/president-ksgov.net\/wp-content\/uploads\/10_12_2021_4312787_20_10_2021_5044797_IMG_7d6066f79ffeee59ef2b1238de4e2ed5_V1.jpg\",\"datePublished\":\"2021-12-10T10:35:44+00:00\",\"dateModified\":\"2023-03-07T08:58:19+00:00\",\"author\":{\"@id\":\"https:\/\/president-ksgov.net\/#\/schema\/person\/bb4337a5fb147cb2046d80548172cbee\"},\"description\":\"President Osmani on the International Day of Commemoration of the Victims of Genocide : It remains our mission to undertake the impossible in order for the perpetrators of the massacres to be brought to justice - President of the Republic of Kosovo - DR. VJOSA OSMANI - SADRIU -\",\"breadcrumb\":{\"@id\":\"https:\/\/president-ksgov.net\/en\/president-osmani-on-the-international-day-of-commemoration-of-the-victims-of-genocide-it-remains-our-mission-to-undertake-the-impossible-in-order-for-the-perpetrators-of-the-massacres-to-be-brought\/#breadcrumb\"},\"inLanguage\":\"en-US\",\"potentialAction\":[{\"@type\":\"ReadAction\",\"target\":[\"https:\/\/president-ksgov.net\/en\/president-osmani-on-the-international-day-of-commemoration-of-the-victims-of-genocide-it-remains-our-mission-to-undertake-the-impossible-in-order-for-the-perpetrators-of-the-massacres-to-be-brought\/\"]}]},{\"@type\":\"ImageObject\",\"inLanguage\":\"en-US\",\"@id\":\"https:\/\/president-ksgov.net\/en\/president-osmani-on-the-international-day-of-commemoration-of-the-victims-of-genocide-it-remains-our-mission-to-undertake-the-impossible-in-order-for-the-perpetrators-of-the-massacres-to-be-brought\/#primaryimage\",\"url\":\"https:\/\/president-ksgov.net\/wp-content\/uploads\/10_12_2021_4312787_20_10_2021_5044797_IMG_7d6066f79ffeee59ef2b1238de4e2ed5_V1.jpg\",\"contentUrl\":\"https:\/\/president-ksgov.net\/wp-content\/uploads\/10_12_2021_4312787_20_10_2021_5044797_IMG_7d6066f79ffeee59ef2b1238de4e2ed5_V1.jpg\",\"width\":1600,\"height\":708},{\"@type\":\"BreadcrumbList\",\"@id\":\"https:\/\/president-ksgov.net\/en\/president-osmani-on-the-international-day-of-commemoration-of-the-victims-of-genocide-it-remains-our-mission-to-undertake-the-impossible-in-order-for-the-perpetrators-of-the-massacres-to-be-brought\/#breadcrumb\",\"itemListElement\":[{\"@type\":\"ListItem\",\"position\":1,\"name\":\"Home\",\"item\":\"https:\/\/president-ksgov.net\/en\/\"},{\"@type\":\"ListItem\",\"position\":2,\"name\":\"President Osmani on the International Day of Commemoration of the Victims of Genocide : It remains our mission to undertake the impossible in order for the perpetrators of the massacres to be brought to justice\"}]},{\"@type\":\"WebSite\",\"@id\":\"https:\/\/president-ksgov.net\/#website\",\"url\":\"https:\/\/president-ksgov.net\/\",\"name\":\"Presidente e Republik\u00ebs s\u00eb Kosov\u00ebs\",\"description\":\"Presidente e Republik\u00ebs s\u00eb Kosov\u00ebs\",\"alternateName\":\"DR. VJOSA OSMANI - SADRIU\",\"potentialAction\":[{\"@type\":\"SearchAction\",\"target\":{\"@type\":\"EntryPoint\",\"urlTemplate\":\"https:\/\/president-ksgov.net\/?s={search_term_string}\"},\"query-input\":{\"@type\":\"PropertyValueSpecification\",\"valueRequired\":true,\"valueName\":\"search_term_string\"}}],\"inLanguage\":\"en-US\"},{\"@type\":\"Person\",\"@id\":\"https:\/\/president-ksgov.net\/#\/schema\/person\/bb4337a5fb147cb2046d80548172cbee\",\"name\":\"admin\",\"image\":{\"@type\":\"ImageObject\",\"inLanguage\":\"en-US\",\"@id\":\"https:\/\/president-ksgov.net\/#\/schema\/person\/image\/\",\"url\":\"https:\/\/secure.gravatar.com\/avatar\/36156ca0fa3b8d9d25174f146e16beea0cf28f37adf1b9e19b6c9c279a7c9dd3?s=96&d=mm&r=g\",\"contentUrl\":\"https:\/\/secure.gravatar.com\/avatar\/36156ca0fa3b8d9d25174f146e16beea0cf28f37adf1b9e19b6c9c279a7c9dd3?s=96&d=mm&r=g\",\"caption\":\"admin\"},\"sameAs\":[\"https:\/\/president-ksgov.net\"]}]}<\/script>\n<!-- \/ Yoast SEO plugin. -->","yoast_head_json":{"title":"President Osmani on the International Day of Commemoration of the Victims of Genocide : It remains our mission to undertake the impossible in order for the perpetrators of the massacres to be brought to justice - President of the Republic of Kosovo - DR. VJOSA OSMANI - SADRIU","description":"President Osmani on the International Day of Commemoration of the Victims of Genocide : It remains our mission to undertake the impossible in order for the perpetrators of the massacres to be brought to justice - President of the Republic of Kosovo - DR. VJOSA OSMANI - SADRIU -","robots":{"index":"index","follow":"follow","max-snippet":"max-snippet:-1","max-image-preview":"max-image-preview:large","max-video-preview":"max-video-preview:-1"},"canonical":"https:\/\/president-ksgov.net\/en\/president-osmani-on-the-international-day-of-commemoration-of-the-victims-of-genocide-it-remains-our-mission-to-undertake-the-impossible-in-order-for-the-perpetrators-of-the-massacres-to-be-brought\/","og_locale":"en_US","og_type":"article","og_title":"President Osmani on the International Day of Commemoration of the Victims of Genocide : It remains our mission to undertake the impossible in order for the perpetrators of the massacres to be brought to justice - President of the Republic of Kosovo - DR. VJOSA OSMANI - SADRIU","og_description":"President Osmani on the International Day of Commemoration of the Victims of Genocide : It remains our mission to undertake the impossible in order for the perpetrators of the massacres to be brought to justice - President of the Republic of Kosovo - DR. VJOSA OSMANI - SADRIU -","og_url":"https:\/\/president-ksgov.net\/en\/president-osmani-on-the-international-day-of-commemoration-of-the-victims-of-genocide-it-remains-our-mission-to-undertake-the-impossible-in-order-for-the-perpetrators-of-the-massacres-to-be-brought\/","og_site_name":"President of the Republic of Kosovo - DR. VJOSA OSMANI - SADRIU","article_published_time":"2021-12-10T10:35:44+00:00","article_modified_time":"2023-03-07T08:58:19+00:00","og_image":[{"width":1600,"height":708,"url":"https:\/\/president-ksgov.net\/wp-content\/uploads\/10_12_2021_4312787_20_10_2021_5044797_IMG_7d6066f79ffeee59ef2b1238de4e2ed5_V1.jpg","type":"image\/jpeg"}],"author":"admin","twitter_card":"summary_large_image","twitter_misc":{"Written by":"admin","Est. reading time":"2 minutes"},"schema":{"@context":"https:\/\/schema.org","@graph":[{"@type":"WebPage","@id":"https:\/\/president-ksgov.net\/en\/president-osmani-on-the-international-day-of-commemoration-of-the-victims-of-genocide-it-remains-our-mission-to-undertake-the-impossible-in-order-for-the-perpetrators-of-the-massacres-to-be-brought\/","url":"https:\/\/president-ksgov.net\/en\/president-osmani-on-the-international-day-of-commemoration-of-the-victims-of-genocide-it-remains-our-mission-to-undertake-the-impossible-in-order-for-the-perpetrators-of-the-massacres-to-be-brought\/","name":"President Osmani on the International Day of Commemoration of the Victims of Genocide : It remains our mission to undertake the impossible in order for the perpetrators of the massacres to be brought to justice - President of the Republic of Kosovo - DR. VJOSA OSMANI - SADRIU","isPartOf":{"@id":"https:\/\/president-ksgov.net\/#website"},"primaryImageOfPage":{"@id":"https:\/\/president-ksgov.net\/en\/president-osmani-on-the-international-day-of-commemoration-of-the-victims-of-genocide-it-remains-our-mission-to-undertake-the-impossible-in-order-for-the-perpetrators-of-the-massacres-to-be-brought\/#primaryimage"},"image":{"@id":"https:\/\/president-ksgov.net\/en\/president-osmani-on-the-international-day-of-commemoration-of-the-victims-of-genocide-it-remains-our-mission-to-undertake-the-impossible-in-order-for-the-perpetrators-of-the-massacres-to-be-brought\/#primaryimage"},"thumbnailUrl":"https:\/\/president-ksgov.net\/wp-content\/uploads\/10_12_2021_4312787_20_10_2021_5044797_IMG_7d6066f79ffeee59ef2b1238de4e2ed5_V1.jpg","datePublished":"2021-12-10T10:35:44+00:00","dateModified":"2023-03-07T08:58:19+00:00","author":{"@id":"https:\/\/president-ksgov.net\/#\/schema\/person\/bb4337a5fb147cb2046d80548172cbee"},"description":"President Osmani on the International Day of Commemoration of the Victims of Genocide : It remains our mission to undertake the impossible in order for the perpetrators of the massacres to be brought to justice - President of the Republic of Kosovo - DR. VJOSA OSMANI - SADRIU -","breadcrumb":{"@id":"https:\/\/president-ksgov.net\/en\/president-osmani-on-the-international-day-of-commemoration-of-the-victims-of-genocide-it-remains-our-mission-to-undertake-the-impossible-in-order-for-the-perpetrators-of-the-massacres-to-be-brought\/#breadcrumb"},"inLanguage":"en-US","potentialAction":[{"@type":"ReadAction","target":["https:\/\/president-ksgov.net\/en\/president-osmani-on-the-international-day-of-commemoration-of-the-victims-of-genocide-it-remains-our-mission-to-undertake-the-impossible-in-order-for-the-perpetrators-of-the-massacres-to-be-brought\/"]}]},{"@type":"ImageObject","inLanguage":"en-US","@id":"https:\/\/president-ksgov.net\/en\/president-osmani-on-the-international-day-of-commemoration-of-the-victims-of-genocide-it-remains-our-mission-to-undertake-the-impossible-in-order-for-the-perpetrators-of-the-massacres-to-be-brought\/#primaryimage","url":"https:\/\/president-ksgov.net\/wp-content\/uploads\/10_12_2021_4312787_20_10_2021_5044797_IMG_7d6066f79ffeee59ef2b1238de4e2ed5_V1.jpg","contentUrl":"https:\/\/president-ksgov.net\/wp-content\/uploads\/10_12_2021_4312787_20_10_2021_5044797_IMG_7d6066f79ffeee59ef2b1238de4e2ed5_V1.jpg","width":1600,"height":708},{"@type":"BreadcrumbList","@id":"https:\/\/president-ksgov.net\/en\/president-osmani-on-the-international-day-of-commemoration-of-the-victims-of-genocide-it-remains-our-mission-to-undertake-the-impossible-in-order-for-the-perpetrators-of-the-massacres-to-be-brought\/#breadcrumb","itemListElement":[{"@type":"ListItem","position":1,"name":"Home","item":"https:\/\/president-ksgov.net\/en\/"},{"@type":"ListItem","position":2,"name":"President Osmani on the International Day of Commemoration of the Victims of Genocide : It remains our mission to undertake the impossible in order for the perpetrators of the massacres to be brought to justice"}]},{"@type":"WebSite","@id":"https:\/\/president-ksgov.net\/#website","url":"https:\/\/president-ksgov.net\/","name":"Presidente e Republik\u00ebs s\u00eb Kosov\u00ebs","description":"Presidente e Republik\u00ebs s\u00eb Kosov\u00ebs","alternateName":"DR. VJOSA OSMANI - SADRIU","potentialAction":[{"@type":"SearchAction","target":{"@type":"EntryPoint","urlTemplate":"https:\/\/president-ksgov.net\/?s={search_term_string}"},"query-input":{"@type":"PropertyValueSpecification","valueRequired":true,"valueName":"search_term_string"}}],"inLanguage":"en-US"},{"@type":"Person","@id":"https:\/\/president-ksgov.net\/#\/schema\/person\/bb4337a5fb147cb2046d80548172cbee","name":"admin","image":{"@type":"ImageObject","inLanguage":"en-US","@id":"https:\/\/president-ksgov.net\/#\/schema\/person\/image\/","url":"https:\/\/secure.gravatar.com\/avatar\/36156ca0fa3b8d9d25174f146e16beea0cf28f37adf1b9e19b6c9c279a7c9dd3?s=96&d=mm&r=g","contentUrl":"https:\/\/secure.gravatar.com\/avatar\/36156ca0fa3b8d9d25174f146e16beea0cf28f37adf1b9e19b6c9c279a7c9dd3?s=96&d=mm&r=g","caption":"admin"},"sameAs":["https:\/\/president-ksgov.net"]}]}},"_links":{"self":[{"href":"https:\/\/president-ksgov.net\/en\/wp-json\/wp\/v2\/posts\/67010","targetHints":{"allow":["GET"]}}],"collection":[{"href":"https:\/\/president-ksgov.net\/en\/wp-json\/wp\/v2\/posts"}],"about":[{"href":"https:\/\/president-ksgov.net\/en\/wp-json\/wp\/v2\/types\/post"}],"author":[{"embeddable":true,"href":"https:\/\/president-ksgov.net\/en\/wp-json\/wp\/v2\/users\/1"}],"replies":[{"embeddable":true,"href":"https:\/\/president-ksgov.net\/en\/wp-json\/wp\/v2\/comments?post=67010"}],"version-history":[{"count":0,"href":"https:\/\/president-ksgov.net\/en\/wp-json\/wp\/v2\/posts\/67010\/revisions"}],"wp:featuredmedia":[{"embeddable":true,"href":"https:\/\/president-ksgov.net\/en\/wp-json\/wp\/v2\/media\/17215"}],"wp:attachment":[{"href":"https:\/\/president-ksgov.net\/en\/wp-json\/wp\/v2\/media?parent=67010"}],"wp:term":[{"taxonomy":"category","embeddable":true,"href":"https:\/\/president-ksgov.net\/en\/wp-json\/wp\/v2\/categories?post=67010"},{"taxonomy":"post_tag","embeddable":true,"href":"https:\/\/president-ksgov.net\/en\/wp-json\/wp\/v2\/tags?post=67010"}],"curies":[{"name":"wp","href":"https:\/\/api.w.org\/{rel}","templated":true}]}}