{"id":66939,"date":"2022-02-07T20:32:50","date_gmt":"2022-02-07T20:32:50","guid":{"rendered":"https:\/\/dev.president-ksgov.net\/president-osmani-held-a-weekly-coordination-meeting-on-foreign-policy-with-speaker-konjufca-prime-minister-kurti-and-deputy-prime-minister-gervalla\/"},"modified":"2023-03-07T08:55:49","modified_gmt":"2023-03-07T08:55:49","slug":"president-osmani-held-a-weekly-coordination-meeting-on-foreign-policy-with-speaker-konjufca-prime-minister-kurti-and-deputy-prime-minister-gervalla","status":"publish","type":"post","link":"https:\/\/president-ksgov.net\/en\/president-osmani-held-a-weekly-coordination-meeting-on-foreign-policy-with-speaker-konjufca-prime-minister-kurti-and-deputy-prime-minister-gervalla\/","title":{"rendered":"President Osmani held a weekly coordination meeting on foreign policy with Speaker Konjufca, Prime Minister Kurti and Deputy Prime Minister G\u00ebrvalla"},"content":{"rendered":"<p>The President of the Republic of Kosovo Vjosa Osmani &#8211; Sadriu, held today a weekly coordination meeting on foreign policy with the Speaker of the Assembly Glauk Konjufca, Prime Minister Albin Kurti and the Deputy Prime Minister Donika G\u00ebrvalla.<\/p>\n<p>Below is President Osmani&#039;s entire post:<\/p>\n<p>Weekly foreign policy coordination meeting with Speaker Konjufca, Prime Minister Kurti and Deputy Prime Minister G\u00ebrvalla. We discussed the initiatives for international strengthening of the statehood of the Republic of Kosovo and our engagement in the recognition-focused dialogue.<\/p>\n","protected":false},"excerpt":{"rendered":"<p>The President of the Republic of Kosovo Vjosa Osmani &#8211; Sadriu, held today a weekly coordination meeting on foreign policy with the Speaker of the Assembly Glauk Konjufca, Prime Minister Albin Kurti and the Deputy Prime Minister Donika G\u00ebrvalla.<\/p>\n","protected":false},"author":1,"featured_media":16362,"comment_status":"open","ping_status":"closed","sticky":false,"template":"","format":"standard","meta":{"_eb_attr":"","footnotes":""},"categories":[111],"tags":[],"class_list":["post-66939","post","type-post","status-publish","format-standard","has-post-thumbnail","hentry","category-news"],"yoast_head":"<!-- This site is optimized with the Yoast SEO plugin v23.5 - https:\/\/yoast.com\/wordpress\/plugins\/seo\/ -->\n<title>President Osmani held a weekly coordination meeting on foreign policy with Speaker Konjufca, Prime Minister Kurti and Deputy Prime Minister G\u00ebrvalla - President of the Republic of Kosovo - DR. VJOSA OSMANI - SADRIU<\/title>\n<meta name=\"description\" content=\"President Osmani held a weekly coordination meeting on foreign policy with Speaker Konjufca, Prime Minister Kurti and Deputy Prime Minister G\u00ebrvalla - President of the Republic of Kosovo - DR. VJOSA OSMANI - SADRIU -\" \/>\n<meta name=\"robots\" content=\"index, follow, max-snippet:-1, max-image-preview:large, max-video-preview:-1\" \/>\n<link rel=\"canonical\" href=\"https:\/\/president-ksgov.net\/en\/president-osmani-held-a-weekly-coordination-meeting-on-foreign-policy-with-speaker-konjufca-prime-minister-kurti-and-deputy-prime-minister-gervalla\/\" \/>\n<meta property=\"og:locale\" content=\"en_US\" \/>\n<meta property=\"og:type\" content=\"article\" \/>\n<meta property=\"og:title\" content=\"President Osmani held a weekly coordination meeting on foreign policy with Speaker Konjufca, Prime Minister Kurti and Deputy Prime Minister G\u00ebrvalla - President of the Republic of Kosovo - DR. VJOSA OSMANI - SADRIU\" \/>\n<meta property=\"og:description\" content=\"President Osmani held a weekly coordination meeting on foreign policy with Speaker Konjufca, Prime Minister Kurti and Deputy Prime Minister G\u00ebrvalla - President of the Republic of Kosovo - DR. VJOSA OSMANI - SADRIU -\" \/>\n<meta property=\"og:url\" content=\"https:\/\/president-ksgov.net\/en\/president-osmani-held-a-weekly-coordination-meeting-on-foreign-policy-with-speaker-konjufca-prime-minister-kurti-and-deputy-prime-minister-gervalla\/\" \/>\n<meta property=\"og:site_name\" content=\"President of the Republic of Kosovo - DR. VJOSA OSMANI - SADRIU\" \/>\n<meta property=\"article:published_time\" content=\"2022-02-07T20:32:50+00:00\" \/>\n<meta property=\"article:modified_time\" content=\"2023-03-07T08:55:49+00:00\" \/>\n<meta property=\"og:image\" content=\"https:\/\/president-ksgov.net\/wp-content\/uploads\/07_02_2022_6116822_FB_IMG_1644266094661.jpg\" \/>\n\t<meta property=\"og:image:width\" content=\"720\" \/>\n\t<meta property=\"og:image:height\" content=\"529\" \/>\n\t<meta property=\"og:image:type\" content=\"image\/jpeg\" \/>\n<meta name=\"author\" content=\"admin\" \/>\n<meta name=\"twitter:card\" content=\"summary_large_image\" \/>\n<meta name=\"twitter:label1\" content=\"Written by\" \/>\n\t<meta name=\"twitter:data1\" content=\"admin\" \/>\n<script type=\"application\/ld+json\" class=\"yoast-schema-graph\">{\"@context\":\"https:\/\/schema.org\",\"@graph\":[{\"@type\":\"WebPage\",\"@id\":\"https:\/\/president-ksgov.net\/en\/president-osmani-held-a-weekly-coordination-meeting-on-foreign-policy-with-speaker-konjufca-prime-minister-kurti-and-deputy-prime-minister-gervalla\/\",\"url\":\"https:\/\/president-ksgov.net\/en\/president-osmani-held-a-weekly-coordination-meeting-on-foreign-policy-with-speaker-konjufca-prime-minister-kurti-and-deputy-prime-minister-gervalla\/\",\"name\":\"President Osmani held a weekly coordination meeting on foreign policy with Speaker Konjufca, Prime Minister Kurti and Deputy Prime Minister G\u00ebrvalla - President of the Republic of Kosovo - DR. VJOSA OSMANI - SADRIU\",\"isPartOf\":{\"@id\":\"https:\/\/president-ksgov.net\/#website\"},\"primaryImageOfPage\":{\"@id\":\"https:\/\/president-ksgov.net\/en\/president-osmani-held-a-weekly-coordination-meeting-on-foreign-policy-with-speaker-konjufca-prime-minister-kurti-and-deputy-prime-minister-gervalla\/#primaryimage\"},\"image\":{\"@id\":\"https:\/\/president-ksgov.net\/en\/president-osmani-held-a-weekly-coordination-meeting-on-foreign-policy-with-speaker-konjufca-prime-minister-kurti-and-deputy-prime-minister-gervalla\/#primaryimage\"},\"thumbnailUrl\":\"https:\/\/president-ksgov.net\/wp-content\/uploads\/07_02_2022_6116822_FB_IMG_1644266094661.jpg\",\"datePublished\":\"2022-02-07T20:32:50+00:00\",\"dateModified\":\"2023-03-07T08:55:49+00:00\",\"author\":{\"@id\":\"https:\/\/president-ksgov.net\/#\/schema\/person\/bb4337a5fb147cb2046d80548172cbee\"},\"description\":\"President Osmani held a weekly coordination meeting on foreign policy with Speaker Konjufca, Prime Minister Kurti and Deputy Prime Minister G\u00ebrvalla - President of the Republic of Kosovo - DR. VJOSA OSMANI - SADRIU -\",\"breadcrumb\":{\"@id\":\"https:\/\/president-ksgov.net\/en\/president-osmani-held-a-weekly-coordination-meeting-on-foreign-policy-with-speaker-konjufca-prime-minister-kurti-and-deputy-prime-minister-gervalla\/#breadcrumb\"},\"inLanguage\":\"en-US\",\"potentialAction\":[{\"@type\":\"ReadAction\",\"target\":[\"https:\/\/president-ksgov.net\/en\/president-osmani-held-a-weekly-coordination-meeting-on-foreign-policy-with-speaker-konjufca-prime-minister-kurti-and-deputy-prime-minister-gervalla\/\"]}]},{\"@type\":\"ImageObject\",\"inLanguage\":\"en-US\",\"@id\":\"https:\/\/president-ksgov.net\/en\/president-osmani-held-a-weekly-coordination-meeting-on-foreign-policy-with-speaker-konjufca-prime-minister-kurti-and-deputy-prime-minister-gervalla\/#primaryimage\",\"url\":\"https:\/\/president-ksgov.net\/wp-content\/uploads\/07_02_2022_6116822_FB_IMG_1644266094661.jpg\",\"contentUrl\":\"https:\/\/president-ksgov.net\/wp-content\/uploads\/07_02_2022_6116822_FB_IMG_1644266094661.jpg\",\"width\":720,\"height\":529},{\"@type\":\"BreadcrumbList\",\"@id\":\"https:\/\/president-ksgov.net\/en\/president-osmani-held-a-weekly-coordination-meeting-on-foreign-policy-with-speaker-konjufca-prime-minister-kurti-and-deputy-prime-minister-gervalla\/#breadcrumb\",\"itemListElement\":[{\"@type\":\"ListItem\",\"position\":1,\"name\":\"Home\",\"item\":\"https:\/\/president-ksgov.net\/en\/\"},{\"@type\":\"ListItem\",\"position\":2,\"name\":\"President Osmani held a weekly coordination meeting on foreign policy with Speaker Konjufca, Prime Minister Kurti and Deputy Prime Minister G\u00ebrvalla\"}]},{\"@type\":\"WebSite\",\"@id\":\"https:\/\/president-ksgov.net\/#website\",\"url\":\"https:\/\/president-ksgov.net\/\",\"name\":\"Presidente e Republik\u00ebs s\u00eb Kosov\u00ebs\",\"description\":\"Presidente e Republik\u00ebs s\u00eb Kosov\u00ebs\",\"alternateName\":\"DR. VJOSA OSMANI - SADRIU\",\"potentialAction\":[{\"@type\":\"SearchAction\",\"target\":{\"@type\":\"EntryPoint\",\"urlTemplate\":\"https:\/\/president-ksgov.net\/?s={search_term_string}\"},\"query-input\":{\"@type\":\"PropertyValueSpecification\",\"valueRequired\":true,\"valueName\":\"search_term_string\"}}],\"inLanguage\":\"en-US\"},{\"@type\":\"Person\",\"@id\":\"https:\/\/president-ksgov.net\/#\/schema\/person\/bb4337a5fb147cb2046d80548172cbee\",\"name\":\"admin\",\"image\":{\"@type\":\"ImageObject\",\"inLanguage\":\"en-US\",\"@id\":\"https:\/\/president-ksgov.net\/#\/schema\/person\/image\/\",\"url\":\"https:\/\/secure.gravatar.com\/avatar\/36156ca0fa3b8d9d25174f146e16beea0cf28f37adf1b9e19b6c9c279a7c9dd3?s=96&d=mm&r=g\",\"contentUrl\":\"https:\/\/secure.gravatar.com\/avatar\/36156ca0fa3b8d9d25174f146e16beea0cf28f37adf1b9e19b6c9c279a7c9dd3?s=96&d=mm&r=g\",\"caption\":\"admin\"},\"sameAs\":[\"https:\/\/president-ksgov.net\"]}]}<\/script>\n<!-- \/ Yoast SEO plugin. -->","yoast_head_json":{"title":"President Osmani held a weekly coordination meeting on foreign policy with Speaker Konjufca, Prime Minister Kurti and Deputy Prime Minister G\u00ebrvalla - President of the Republic of Kosovo - DR. VJOSA OSMANI - SADRIU","description":"President Osmani held a weekly coordination meeting on foreign policy with Speaker Konjufca, Prime Minister Kurti and Deputy Prime Minister G\u00ebrvalla - President of the Republic of Kosovo - DR. VJOSA OSMANI - SADRIU -","robots":{"index":"index","follow":"follow","max-snippet":"max-snippet:-1","max-image-preview":"max-image-preview:large","max-video-preview":"max-video-preview:-1"},"canonical":"https:\/\/president-ksgov.net\/en\/president-osmani-held-a-weekly-coordination-meeting-on-foreign-policy-with-speaker-konjufca-prime-minister-kurti-and-deputy-prime-minister-gervalla\/","og_locale":"en_US","og_type":"article","og_title":"President Osmani held a weekly coordination meeting on foreign policy with Speaker Konjufca, Prime Minister Kurti and Deputy Prime Minister G\u00ebrvalla - President of the Republic of Kosovo - DR. VJOSA OSMANI - SADRIU","og_description":"President Osmani held a weekly coordination meeting on foreign policy with Speaker Konjufca, Prime Minister Kurti and Deputy Prime Minister G\u00ebrvalla - President of the Republic of Kosovo - DR. VJOSA OSMANI - SADRIU -","og_url":"https:\/\/president-ksgov.net\/en\/president-osmani-held-a-weekly-coordination-meeting-on-foreign-policy-with-speaker-konjufca-prime-minister-kurti-and-deputy-prime-minister-gervalla\/","og_site_name":"President of the Republic of Kosovo - DR. VJOSA OSMANI - SADRIU","article_published_time":"2022-02-07T20:32:50+00:00","article_modified_time":"2023-03-07T08:55:49+00:00","og_image":[{"width":720,"height":529,"url":"https:\/\/president-ksgov.net\/wp-content\/uploads\/07_02_2022_6116822_FB_IMG_1644266094661.jpg","type":"image\/jpeg"}],"author":"admin","twitter_card":"summary_large_image","twitter_misc":{"Written by":"admin"},"schema":{"@context":"https:\/\/schema.org","@graph":[{"@type":"WebPage","@id":"https:\/\/president-ksgov.net\/en\/president-osmani-held-a-weekly-coordination-meeting-on-foreign-policy-with-speaker-konjufca-prime-minister-kurti-and-deputy-prime-minister-gervalla\/","url":"https:\/\/president-ksgov.net\/en\/president-osmani-held-a-weekly-coordination-meeting-on-foreign-policy-with-speaker-konjufca-prime-minister-kurti-and-deputy-prime-minister-gervalla\/","name":"President Osmani held a weekly coordination meeting on foreign policy with Speaker Konjufca, Prime Minister Kurti and Deputy Prime Minister G\u00ebrvalla - President of the Republic of Kosovo - DR. VJOSA OSMANI - SADRIU","isPartOf":{"@id":"https:\/\/president-ksgov.net\/#website"},"primaryImageOfPage":{"@id":"https:\/\/president-ksgov.net\/en\/president-osmani-held-a-weekly-coordination-meeting-on-foreign-policy-with-speaker-konjufca-prime-minister-kurti-and-deputy-prime-minister-gervalla\/#primaryimage"},"image":{"@id":"https:\/\/president-ksgov.net\/en\/president-osmani-held-a-weekly-coordination-meeting-on-foreign-policy-with-speaker-konjufca-prime-minister-kurti-and-deputy-prime-minister-gervalla\/#primaryimage"},"thumbnailUrl":"https:\/\/president-ksgov.net\/wp-content\/uploads\/07_02_2022_6116822_FB_IMG_1644266094661.jpg","datePublished":"2022-02-07T20:32:50+00:00","dateModified":"2023-03-07T08:55:49+00:00","author":{"@id":"https:\/\/president-ksgov.net\/#\/schema\/person\/bb4337a5fb147cb2046d80548172cbee"},"description":"President Osmani held a weekly coordination meeting on foreign policy with Speaker Konjufca, Prime Minister Kurti and Deputy Prime Minister G\u00ebrvalla - President of the Republic of Kosovo - DR. VJOSA OSMANI - SADRIU -","breadcrumb":{"@id":"https:\/\/president-ksgov.net\/en\/president-osmani-held-a-weekly-coordination-meeting-on-foreign-policy-with-speaker-konjufca-prime-minister-kurti-and-deputy-prime-minister-gervalla\/#breadcrumb"},"inLanguage":"en-US","potentialAction":[{"@type":"ReadAction","target":["https:\/\/president-ksgov.net\/en\/president-osmani-held-a-weekly-coordination-meeting-on-foreign-policy-with-speaker-konjufca-prime-minister-kurti-and-deputy-prime-minister-gervalla\/"]}]},{"@type":"ImageObject","inLanguage":"en-US","@id":"https:\/\/president-ksgov.net\/en\/president-osmani-held-a-weekly-coordination-meeting-on-foreign-policy-with-speaker-konjufca-prime-minister-kurti-and-deputy-prime-minister-gervalla\/#primaryimage","url":"https:\/\/president-ksgov.net\/wp-content\/uploads\/07_02_2022_6116822_FB_IMG_1644266094661.jpg","contentUrl":"https:\/\/president-ksgov.net\/wp-content\/uploads\/07_02_2022_6116822_FB_IMG_1644266094661.jpg","width":720,"height":529},{"@type":"BreadcrumbList","@id":"https:\/\/president-ksgov.net\/en\/president-osmani-held-a-weekly-coordination-meeting-on-foreign-policy-with-speaker-konjufca-prime-minister-kurti-and-deputy-prime-minister-gervalla\/#breadcrumb","itemListElement":[{"@type":"ListItem","position":1,"name":"Home","item":"https:\/\/president-ksgov.net\/en\/"},{"@type":"ListItem","position":2,"name":"President Osmani held a weekly coordination meeting on foreign policy with Speaker Konjufca, Prime Minister Kurti and Deputy Prime Minister G\u00ebrvalla"}]},{"@type":"WebSite","@id":"https:\/\/president-ksgov.net\/#website","url":"https:\/\/president-ksgov.net\/","name":"Presidente e Republik\u00ebs s\u00eb Kosov\u00ebs","description":"Presidente e Republik\u00ebs s\u00eb Kosov\u00ebs","alternateName":"DR. VJOSA OSMANI - SADRIU","potentialAction":[{"@type":"SearchAction","target":{"@type":"EntryPoint","urlTemplate":"https:\/\/president-ksgov.net\/?s={search_term_string}"},"query-input":{"@type":"PropertyValueSpecification","valueRequired":true,"valueName":"search_term_string"}}],"inLanguage":"en-US"},{"@type":"Person","@id":"https:\/\/president-ksgov.net\/#\/schema\/person\/bb4337a5fb147cb2046d80548172cbee","name":"admin","image":{"@type":"ImageObject","inLanguage":"en-US","@id":"https:\/\/president-ksgov.net\/#\/schema\/person\/image\/","url":"https:\/\/secure.gravatar.com\/avatar\/36156ca0fa3b8d9d25174f146e16beea0cf28f37adf1b9e19b6c9c279a7c9dd3?s=96&d=mm&r=g","contentUrl":"https:\/\/secure.gravatar.com\/avatar\/36156ca0fa3b8d9d25174f146e16beea0cf28f37adf1b9e19b6c9c279a7c9dd3?s=96&d=mm&r=g","caption":"admin"},"sameAs":["https:\/\/president-ksgov.net"]}]}},"_links":{"self":[{"href":"https:\/\/president-ksgov.net\/en\/wp-json\/wp\/v2\/posts\/66939","targetHints":{"allow":["GET"]}}],"collection":[{"href":"https:\/\/president-ksgov.net\/en\/wp-json\/wp\/v2\/posts"}],"about":[{"href":"https:\/\/president-ksgov.net\/en\/wp-json\/wp\/v2\/types\/post"}],"author":[{"embeddable":true,"href":"https:\/\/president-ksgov.net\/en\/wp-json\/wp\/v2\/users\/1"}],"replies":[{"embeddable":true,"href":"https:\/\/president-ksgov.net\/en\/wp-json\/wp\/v2\/comments?post=66939"}],"version-history":[{"count":0,"href":"https:\/\/president-ksgov.net\/en\/wp-json\/wp\/v2\/posts\/66939\/revisions"}],"wp:featuredmedia":[{"embeddable":true,"href":"https:\/\/president-ksgov.net\/en\/wp-json\/wp\/v2\/media\/16362"}],"wp:attachment":[{"href":"https:\/\/president-ksgov.net\/en\/wp-json\/wp\/v2\/media?parent=66939"}],"wp:term":[{"taxonomy":"category","embeddable":true,"href":"https:\/\/president-ksgov.net\/en\/wp-json\/wp\/v2\/categories?post=66939"},{"taxonomy":"post_tag","embeddable":true,"href":"https:\/\/president-ksgov.net\/en\/wp-json\/wp\/v2\/tags?post=66939"}],"curies":[{"name":"wp","href":"https:\/\/api.w.org\/{rel}","templated":true}]}}