{"id":66925,"date":"2022-02-15T11:23:52","date_gmt":"2022-02-15T11:23:52","guid":{"rendered":"https:\/\/dev.president-ksgov.net\/president-vjosa-osmani-met-with-the-dutch-ambassador-to-kosovo-carin-lobbezoo\/"},"modified":"2023-03-07T08:55:49","modified_gmt":"2023-03-07T08:55:49","slug":"president-vjosa-osmani-met-with-the-dutch-ambassador-to-kosovo-carin-lobbezoo","status":"publish","type":"post","link":"https:\/\/president-ksgov.net\/en\/president-vjosa-osmani-met-with-the-dutch-ambassador-to-kosovo-carin-lobbezoo\/","title":{"rendered":"President Vjosa Osmani met with the Dutch Ambassador to Kosovo, Carin Lobbezoo"},"content":{"rendered":"<p>President Vjosa Osmani, met today with the Dutch Ambassador to Kosovo, Carin Lobbezoo.<\/p>\n<p>At the meeting there was discussed about the general situation in the country, dealing with the pandemic and the possibilities of intensifying cooperation between the two countries.<br \/>\n\u00a0<br \/>\nPresident Osmani reiterated that Kosovo has already met the criteria for visa liberalization, thus expressed hope in this context for the support of the Dutch state. According to President Osmani, it is the turn of the EU to keep their word towards the citizens of Kosovo regarding visa liberalization. There was also discussed about the developments in the region and the need for the integration of the Balkan countries in the EU.<br \/>\n\u00a0<br \/>\nPresident Osmani and Ambassador Lobbezoo also discussed about the political and economic cooperation between the Netherlands and Kosovo. President Osmani emphasized that Kosovo has made substantial steps in the rule of law and the creation of a suitable environment for foreign investors<br \/>\n\u00a0<br \/>\nAt the end of the meeting, Ambassador Lobbezoo handed over to President Osmani the telegram of congratulations of the King of the Netherlands, Willem-Alexander R., on the 14th anniversary of Kosovo\u2019s independence.<\/p>\n","protected":false},"excerpt":{"rendered":"<p>President Vjosa Osmani, met today with the Dutch Ambassador to Kosovo, Carin Lobbezoo.<\/p>\n","protected":false},"author":1,"featured_media":16258,"comment_status":"open","ping_status":"closed","sticky":false,"template":"","format":"standard","meta":{"_eb_attr":"","footnotes":""},"categories":[111],"tags":[],"class_list":["post-66925","post","type-post","status-publish","format-standard","has-post-thumbnail","hentry","category-news"],"yoast_head":"<!-- This site is optimized with the Yoast SEO plugin v23.5 - https:\/\/yoast.com\/wordpress\/plugins\/seo\/ -->\n<title>President Vjosa Osmani met with the Dutch Ambassador to Kosovo, Carin Lobbezoo - President of the Republic of Kosovo - DR. VJOSA OSMANI - SADRIU<\/title>\n<meta name=\"description\" content=\"President Vjosa Osmani met with the Dutch Ambassador to Kosovo, Carin Lobbezoo - President of the Republic of Kosovo - DR. VJOSA OSMANI - SADRIU -\" \/>\n<meta name=\"robots\" content=\"index, follow, max-snippet:-1, max-image-preview:large, max-video-preview:-1\" \/>\n<link rel=\"canonical\" href=\"https:\/\/president-ksgov.net\/en\/president-vjosa-osmani-met-with-the-dutch-ambassador-to-kosovo-carin-lobbezoo\/\" \/>\n<meta property=\"og:locale\" content=\"en_US\" \/>\n<meta property=\"og:type\" content=\"article\" \/>\n<meta property=\"og:title\" content=\"President Vjosa Osmani met with the Dutch Ambassador to Kosovo, Carin Lobbezoo - President of the Republic of Kosovo - DR. VJOSA OSMANI - SADRIU\" \/>\n<meta property=\"og:description\" content=\"President Vjosa Osmani met with the Dutch Ambassador to Kosovo, Carin Lobbezoo - President of the Republic of Kosovo - DR. VJOSA OSMANI - SADRIU -\" \/>\n<meta property=\"og:url\" content=\"https:\/\/president-ksgov.net\/en\/president-vjosa-osmani-met-with-the-dutch-ambassador-to-kosovo-carin-lobbezoo\/\" \/>\n<meta property=\"og:site_name\" content=\"President of the Republic of Kosovo - DR. VJOSA OSMANI - SADRIU\" \/>\n<meta property=\"article:published_time\" content=\"2022-02-15T11:23:52+00:00\" \/>\n<meta property=\"article:modified_time\" content=\"2023-03-07T08:55:49+00:00\" \/>\n<meta property=\"og:image\" content=\"https:\/\/president-ksgov.net\/wp-content\/uploads\/15_02_2022_2739518_Presidentja_Vjosa_Osmani_takoi_ambasadoren_holandeze_ne_Kosove__Carin_Lobbezoo_2.jpg\" \/>\n\t<meta property=\"og:image:width\" content=\"960\" \/>\n\t<meta property=\"og:image:height\" content=\"639\" \/>\n\t<meta property=\"og:image:type\" content=\"image\/jpeg\" \/>\n<meta name=\"author\" content=\"admin\" \/>\n<meta name=\"twitter:card\" content=\"summary_large_image\" \/>\n<meta name=\"twitter:label1\" content=\"Written by\" \/>\n\t<meta name=\"twitter:data1\" content=\"admin\" \/>\n\t<meta name=\"twitter:label2\" content=\"Est. reading time\" \/>\n\t<meta name=\"twitter:data2\" content=\"1 minute\" \/>\n<script type=\"application\/ld+json\" class=\"yoast-schema-graph\">{\"@context\":\"https:\/\/schema.org\",\"@graph\":[{\"@type\":\"WebPage\",\"@id\":\"https:\/\/president-ksgov.net\/en\/president-vjosa-osmani-met-with-the-dutch-ambassador-to-kosovo-carin-lobbezoo\/\",\"url\":\"https:\/\/president-ksgov.net\/en\/president-vjosa-osmani-met-with-the-dutch-ambassador-to-kosovo-carin-lobbezoo\/\",\"name\":\"President Vjosa Osmani met with the Dutch Ambassador to Kosovo, Carin Lobbezoo - President of the Republic of Kosovo - DR. VJOSA OSMANI - SADRIU\",\"isPartOf\":{\"@id\":\"https:\/\/president-ksgov.net\/#website\"},\"primaryImageOfPage\":{\"@id\":\"https:\/\/president-ksgov.net\/en\/president-vjosa-osmani-met-with-the-dutch-ambassador-to-kosovo-carin-lobbezoo\/#primaryimage\"},\"image\":{\"@id\":\"https:\/\/president-ksgov.net\/en\/president-vjosa-osmani-met-with-the-dutch-ambassador-to-kosovo-carin-lobbezoo\/#primaryimage\"},\"thumbnailUrl\":\"https:\/\/president-ksgov.net\/wp-content\/uploads\/15_02_2022_2739518_Presidentja_Vjosa_Osmani_takoi_ambasadoren_holandeze_ne_Kosove__Carin_Lobbezoo_2.jpg\",\"datePublished\":\"2022-02-15T11:23:52+00:00\",\"dateModified\":\"2023-03-07T08:55:49+00:00\",\"author\":{\"@id\":\"https:\/\/president-ksgov.net\/#\/schema\/person\/bb4337a5fb147cb2046d80548172cbee\"},\"description\":\"President Vjosa Osmani met with the Dutch Ambassador to Kosovo, Carin Lobbezoo - President of the Republic of Kosovo - DR. VJOSA OSMANI - SADRIU -\",\"breadcrumb\":{\"@id\":\"https:\/\/president-ksgov.net\/en\/president-vjosa-osmani-met-with-the-dutch-ambassador-to-kosovo-carin-lobbezoo\/#breadcrumb\"},\"inLanguage\":\"en-US\",\"potentialAction\":[{\"@type\":\"ReadAction\",\"target\":[\"https:\/\/president-ksgov.net\/en\/president-vjosa-osmani-met-with-the-dutch-ambassador-to-kosovo-carin-lobbezoo\/\"]}]},{\"@type\":\"ImageObject\",\"inLanguage\":\"en-US\",\"@id\":\"https:\/\/president-ksgov.net\/en\/president-vjosa-osmani-met-with-the-dutch-ambassador-to-kosovo-carin-lobbezoo\/#primaryimage\",\"url\":\"https:\/\/president-ksgov.net\/wp-content\/uploads\/15_02_2022_2739518_Presidentja_Vjosa_Osmani_takoi_ambasadoren_holandeze_ne_Kosove__Carin_Lobbezoo_2.jpg\",\"contentUrl\":\"https:\/\/president-ksgov.net\/wp-content\/uploads\/15_02_2022_2739518_Presidentja_Vjosa_Osmani_takoi_ambasadoren_holandeze_ne_Kosove__Carin_Lobbezoo_2.jpg\",\"width\":960,\"height\":639},{\"@type\":\"BreadcrumbList\",\"@id\":\"https:\/\/president-ksgov.net\/en\/president-vjosa-osmani-met-with-the-dutch-ambassador-to-kosovo-carin-lobbezoo\/#breadcrumb\",\"itemListElement\":[{\"@type\":\"ListItem\",\"position\":1,\"name\":\"Home\",\"item\":\"https:\/\/president-ksgov.net\/en\/\"},{\"@type\":\"ListItem\",\"position\":2,\"name\":\"President Vjosa Osmani met with the Dutch Ambassador to Kosovo, Carin Lobbezoo\"}]},{\"@type\":\"WebSite\",\"@id\":\"https:\/\/president-ksgov.net\/#website\",\"url\":\"https:\/\/president-ksgov.net\/\",\"name\":\"Presidente e Republik\u00ebs s\u00eb Kosov\u00ebs\",\"description\":\"Presidente e Republik\u00ebs s\u00eb Kosov\u00ebs\",\"alternateName\":\"DR. VJOSA OSMANI - SADRIU\",\"potentialAction\":[{\"@type\":\"SearchAction\",\"target\":{\"@type\":\"EntryPoint\",\"urlTemplate\":\"https:\/\/president-ksgov.net\/?s={search_term_string}\"},\"query-input\":{\"@type\":\"PropertyValueSpecification\",\"valueRequired\":true,\"valueName\":\"search_term_string\"}}],\"inLanguage\":\"en-US\"},{\"@type\":\"Person\",\"@id\":\"https:\/\/president-ksgov.net\/#\/schema\/person\/bb4337a5fb147cb2046d80548172cbee\",\"name\":\"admin\",\"image\":{\"@type\":\"ImageObject\",\"inLanguage\":\"en-US\",\"@id\":\"https:\/\/president-ksgov.net\/#\/schema\/person\/image\/\",\"url\":\"https:\/\/secure.gravatar.com\/avatar\/36156ca0fa3b8d9d25174f146e16beea0cf28f37adf1b9e19b6c9c279a7c9dd3?s=96&d=mm&r=g\",\"contentUrl\":\"https:\/\/secure.gravatar.com\/avatar\/36156ca0fa3b8d9d25174f146e16beea0cf28f37adf1b9e19b6c9c279a7c9dd3?s=96&d=mm&r=g\",\"caption\":\"admin\"},\"sameAs\":[\"https:\/\/president-ksgov.net\"]}]}<\/script>\n<!-- \/ Yoast SEO plugin. -->","yoast_head_json":{"title":"President Vjosa Osmani met with the Dutch Ambassador to Kosovo, Carin Lobbezoo - President of the Republic of Kosovo - DR. VJOSA OSMANI - SADRIU","description":"President Vjosa Osmani met with the Dutch Ambassador to Kosovo, Carin Lobbezoo - President of the Republic of Kosovo - DR. VJOSA OSMANI - SADRIU -","robots":{"index":"index","follow":"follow","max-snippet":"max-snippet:-1","max-image-preview":"max-image-preview:large","max-video-preview":"max-video-preview:-1"},"canonical":"https:\/\/president-ksgov.net\/en\/president-vjosa-osmani-met-with-the-dutch-ambassador-to-kosovo-carin-lobbezoo\/","og_locale":"en_US","og_type":"article","og_title":"President Vjosa Osmani met with the Dutch Ambassador to Kosovo, Carin Lobbezoo - President of the Republic of Kosovo - DR. VJOSA OSMANI - SADRIU","og_description":"President Vjosa Osmani met with the Dutch Ambassador to Kosovo, Carin Lobbezoo - President of the Republic of Kosovo - DR. VJOSA OSMANI - SADRIU -","og_url":"https:\/\/president-ksgov.net\/en\/president-vjosa-osmani-met-with-the-dutch-ambassador-to-kosovo-carin-lobbezoo\/","og_site_name":"President of the Republic of Kosovo - DR. VJOSA OSMANI - SADRIU","article_published_time":"2022-02-15T11:23:52+00:00","article_modified_time":"2023-03-07T08:55:49+00:00","og_image":[{"width":960,"height":639,"url":"https:\/\/president-ksgov.net\/wp-content\/uploads\/15_02_2022_2739518_Presidentja_Vjosa_Osmani_takoi_ambasadoren_holandeze_ne_Kosove__Carin_Lobbezoo_2.jpg","type":"image\/jpeg"}],"author":"admin","twitter_card":"summary_large_image","twitter_misc":{"Written by":"admin","Est. reading time":"1 minute"},"schema":{"@context":"https:\/\/schema.org","@graph":[{"@type":"WebPage","@id":"https:\/\/president-ksgov.net\/en\/president-vjosa-osmani-met-with-the-dutch-ambassador-to-kosovo-carin-lobbezoo\/","url":"https:\/\/president-ksgov.net\/en\/president-vjosa-osmani-met-with-the-dutch-ambassador-to-kosovo-carin-lobbezoo\/","name":"President Vjosa Osmani met with the Dutch Ambassador to Kosovo, Carin Lobbezoo - President of the Republic of Kosovo - DR. VJOSA OSMANI - SADRIU","isPartOf":{"@id":"https:\/\/president-ksgov.net\/#website"},"primaryImageOfPage":{"@id":"https:\/\/president-ksgov.net\/en\/president-vjosa-osmani-met-with-the-dutch-ambassador-to-kosovo-carin-lobbezoo\/#primaryimage"},"image":{"@id":"https:\/\/president-ksgov.net\/en\/president-vjosa-osmani-met-with-the-dutch-ambassador-to-kosovo-carin-lobbezoo\/#primaryimage"},"thumbnailUrl":"https:\/\/president-ksgov.net\/wp-content\/uploads\/15_02_2022_2739518_Presidentja_Vjosa_Osmani_takoi_ambasadoren_holandeze_ne_Kosove__Carin_Lobbezoo_2.jpg","datePublished":"2022-02-15T11:23:52+00:00","dateModified":"2023-03-07T08:55:49+00:00","author":{"@id":"https:\/\/president-ksgov.net\/#\/schema\/person\/bb4337a5fb147cb2046d80548172cbee"},"description":"President Vjosa Osmani met with the Dutch Ambassador to Kosovo, Carin Lobbezoo - President of the Republic of Kosovo - DR. VJOSA OSMANI - SADRIU -","breadcrumb":{"@id":"https:\/\/president-ksgov.net\/en\/president-vjosa-osmani-met-with-the-dutch-ambassador-to-kosovo-carin-lobbezoo\/#breadcrumb"},"inLanguage":"en-US","potentialAction":[{"@type":"ReadAction","target":["https:\/\/president-ksgov.net\/en\/president-vjosa-osmani-met-with-the-dutch-ambassador-to-kosovo-carin-lobbezoo\/"]}]},{"@type":"ImageObject","inLanguage":"en-US","@id":"https:\/\/president-ksgov.net\/en\/president-vjosa-osmani-met-with-the-dutch-ambassador-to-kosovo-carin-lobbezoo\/#primaryimage","url":"https:\/\/president-ksgov.net\/wp-content\/uploads\/15_02_2022_2739518_Presidentja_Vjosa_Osmani_takoi_ambasadoren_holandeze_ne_Kosove__Carin_Lobbezoo_2.jpg","contentUrl":"https:\/\/president-ksgov.net\/wp-content\/uploads\/15_02_2022_2739518_Presidentja_Vjosa_Osmani_takoi_ambasadoren_holandeze_ne_Kosove__Carin_Lobbezoo_2.jpg","width":960,"height":639},{"@type":"BreadcrumbList","@id":"https:\/\/president-ksgov.net\/en\/president-vjosa-osmani-met-with-the-dutch-ambassador-to-kosovo-carin-lobbezoo\/#breadcrumb","itemListElement":[{"@type":"ListItem","position":1,"name":"Home","item":"https:\/\/president-ksgov.net\/en\/"},{"@type":"ListItem","position":2,"name":"President Vjosa Osmani met with the Dutch Ambassador to Kosovo, Carin Lobbezoo"}]},{"@type":"WebSite","@id":"https:\/\/president-ksgov.net\/#website","url":"https:\/\/president-ksgov.net\/","name":"Presidente e Republik\u00ebs s\u00eb Kosov\u00ebs","description":"Presidente e Republik\u00ebs s\u00eb Kosov\u00ebs","alternateName":"DR. VJOSA OSMANI - SADRIU","potentialAction":[{"@type":"SearchAction","target":{"@type":"EntryPoint","urlTemplate":"https:\/\/president-ksgov.net\/?s={search_term_string}"},"query-input":{"@type":"PropertyValueSpecification","valueRequired":true,"valueName":"search_term_string"}}],"inLanguage":"en-US"},{"@type":"Person","@id":"https:\/\/president-ksgov.net\/#\/schema\/person\/bb4337a5fb147cb2046d80548172cbee","name":"admin","image":{"@type":"ImageObject","inLanguage":"en-US","@id":"https:\/\/president-ksgov.net\/#\/schema\/person\/image\/","url":"https:\/\/secure.gravatar.com\/avatar\/36156ca0fa3b8d9d25174f146e16beea0cf28f37adf1b9e19b6c9c279a7c9dd3?s=96&d=mm&r=g","contentUrl":"https:\/\/secure.gravatar.com\/avatar\/36156ca0fa3b8d9d25174f146e16beea0cf28f37adf1b9e19b6c9c279a7c9dd3?s=96&d=mm&r=g","caption":"admin"},"sameAs":["https:\/\/president-ksgov.net"]}]}},"_links":{"self":[{"href":"https:\/\/president-ksgov.net\/en\/wp-json\/wp\/v2\/posts\/66925","targetHints":{"allow":["GET"]}}],"collection":[{"href":"https:\/\/president-ksgov.net\/en\/wp-json\/wp\/v2\/posts"}],"about":[{"href":"https:\/\/president-ksgov.net\/en\/wp-json\/wp\/v2\/types\/post"}],"author":[{"embeddable":true,"href":"https:\/\/president-ksgov.net\/en\/wp-json\/wp\/v2\/users\/1"}],"replies":[{"embeddable":true,"href":"https:\/\/president-ksgov.net\/en\/wp-json\/wp\/v2\/comments?post=66925"}],"version-history":[{"count":0,"href":"https:\/\/president-ksgov.net\/en\/wp-json\/wp\/v2\/posts\/66925\/revisions"}],"wp:featuredmedia":[{"embeddable":true,"href":"https:\/\/president-ksgov.net\/en\/wp-json\/wp\/v2\/media\/16258"}],"wp:attachment":[{"href":"https:\/\/president-ksgov.net\/en\/wp-json\/wp\/v2\/media?parent=66925"}],"wp:term":[{"taxonomy":"category","embeddable":true,"href":"https:\/\/president-ksgov.net\/en\/wp-json\/wp\/v2\/categories?post=66925"},{"taxonomy":"post_tag","embeddable":true,"href":"https:\/\/president-ksgov.net\/en\/wp-json\/wp\/v2\/tags?post=66925"}],"curies":[{"name":"wp","href":"https:\/\/api.w.org\/{rel}","templated":true}]}}