{"id":66833,"date":"2022-03-12T16:17:02","date_gmt":"2022-03-12T16:17:02","guid":{"rendered":"https:\/\/dev.president-ksgov.net\/president-osmani-met-with-the-member-of-the-presidency-of-bosnia-and-herzegovina-sefik-daferovi\/"},"modified":"2023-03-07T08:52:54","modified_gmt":"2023-03-07T08:52:54","slug":"president-osmani-met-with-the-member-of-the-presidency-of-bosnia-and-herzegovina-sefik-daferovi","status":"publish","type":"post","link":"https:\/\/president-ksgov.net\/en\/president-osmani-met-with-the-member-of-the-presidency-of-bosnia-and-herzegovina-sefik-daferovi\/","title":{"rendered":"President Osmani met with the member of the Presidency of Bosnia and Herzegovina, \u0160efik D&#158;aferovi&cacute;"},"content":{"rendered":"<p>The President of the Republic of Kosovo, Vjosa Osmani \u2013 Sadriu, met with the member of the Presidency of Bosnia and Herzegovina, Sefik Dzaferovic, in the framework of the Diplomacy Forum being held in Antalya, Turkey.<\/p>\n<p>\u201cA friendly and in-depth conversation with \u0160efik D&#382;aferovi&cacute;, Bosnian Member of Presidency.<\/p>\n<p>Underlined Kosovo\u2019s support for Bosnia\u2019s territorial integrity and sovereignty and our commitment to enhance cooperation for our shared Euro-Atlantic agenda\u201d, wrote the President on Twitter.<\/p>\n","protected":false},"excerpt":{"rendered":"<p>The President of the Republic of Kosovo, Vjosa Osmani \u2013 Sadriu, met with the member of the Presidency of Bosnia and Herzegovina, Sefik Dzaferovic, in the framework of the Diplomacy Forum being held in Antalya, Turkey.<\/p>\n","protected":false},"author":1,"featured_media":15267,"comment_status":"open","ping_status":"closed","sticky":false,"template":"","format":"standard","meta":{"_eb_attr":"","footnotes":""},"categories":[111],"tags":[],"class_list":["post-66833","post","type-post","status-publish","format-standard","has-post-thumbnail","hentry","category-news"],"yoast_head":"<!-- This site is optimized with the Yoast SEO plugin v23.5 - https:\/\/yoast.com\/wordpress\/plugins\/seo\/ -->\n<title>President Osmani met with the member of the Presidency of Bosnia and Herzegovina, \u0160efik D&#158;aferovi&amp;cacute; - President of the Republic of Kosovo - DR. VJOSA OSMANI - SADRIU<\/title>\n<meta name=\"description\" content=\"President Osmani met with the member of the Presidency of Bosnia and Herzegovina, \u0160efik D&#158;aferovi&amp;cacute; - President of the Republic of Kosovo - DR. VJOSA OSMANI - SADRIU -\" \/>\n<meta name=\"robots\" content=\"index, follow, max-snippet:-1, max-image-preview:large, max-video-preview:-1\" \/>\n<link rel=\"canonical\" href=\"https:\/\/president-ksgov.net\/en\/president-osmani-met-with-the-member-of-the-presidency-of-bosnia-and-herzegovina-sefik-daferovi\/\" \/>\n<meta property=\"og:locale\" content=\"en_US\" \/>\n<meta property=\"og:type\" content=\"article\" \/>\n<meta property=\"og:title\" content=\"President Osmani met with the member of the Presidency of Bosnia and Herzegovina, \u0160efik D&#158;aferovi&amp;cacute; - President of the Republic of Kosovo - DR. VJOSA OSMANI - SADRIU\" \/>\n<meta property=\"og:description\" content=\"President Osmani met with the member of the Presidency of Bosnia and Herzegovina, \u0160efik D&#158;aferovi&amp;cacute; - President of the Republic of Kosovo - DR. VJOSA OSMANI - SADRIU -\" \/>\n<meta property=\"og:url\" content=\"https:\/\/president-ksgov.net\/en\/president-osmani-met-with-the-member-of-the-presidency-of-bosnia-and-herzegovina-sefik-daferovi\/\" \/>\n<meta property=\"og:site_name\" content=\"President of the Republic of Kosovo - DR. VJOSA OSMANI - SADRIU\" \/>\n<meta property=\"article:published_time\" content=\"2022-03-12T16:17:02+00:00\" \/>\n<meta property=\"article:modified_time\" content=\"2023-03-07T08:52:54+00:00\" \/>\n<meta property=\"og:image\" content=\"https:\/\/president-ksgov.net\/wp-content\/uploads\/12_03_2022_4874584_FNqARIPXwAIBoQ0.jpg\" \/>\n\t<meta property=\"og:image:width\" content=\"1280\" \/>\n\t<meta property=\"og:image:height\" content=\"851\" \/>\n\t<meta property=\"og:image:type\" content=\"image\/jpeg\" \/>\n<meta name=\"author\" content=\"admin\" \/>\n<meta name=\"twitter:card\" content=\"summary_large_image\" \/>\n<meta name=\"twitter:label1\" content=\"Written by\" \/>\n\t<meta name=\"twitter:data1\" content=\"admin\" \/>\n<script type=\"application\/ld+json\" class=\"yoast-schema-graph\">{\"@context\":\"https:\/\/schema.org\",\"@graph\":[{\"@type\":\"WebPage\",\"@id\":\"https:\/\/president-ksgov.net\/en\/president-osmani-met-with-the-member-of-the-presidency-of-bosnia-and-herzegovina-sefik-daferovi\/\",\"url\":\"https:\/\/president-ksgov.net\/en\/president-osmani-met-with-the-member-of-the-presidency-of-bosnia-and-herzegovina-sefik-daferovi\/\",\"name\":\"President Osmani met with the member of the Presidency of Bosnia and Herzegovina, \u0160efik D&#158;aferovi&cacute; - President of the Republic of Kosovo - DR. VJOSA OSMANI - SADRIU\",\"isPartOf\":{\"@id\":\"https:\/\/president-ksgov.net\/#website\"},\"primaryImageOfPage\":{\"@id\":\"https:\/\/president-ksgov.net\/en\/president-osmani-met-with-the-member-of-the-presidency-of-bosnia-and-herzegovina-sefik-daferovi\/#primaryimage\"},\"image\":{\"@id\":\"https:\/\/president-ksgov.net\/en\/president-osmani-met-with-the-member-of-the-presidency-of-bosnia-and-herzegovina-sefik-daferovi\/#primaryimage\"},\"thumbnailUrl\":\"https:\/\/president-ksgov.net\/wp-content\/uploads\/12_03_2022_4874584_FNqARIPXwAIBoQ0.jpg\",\"datePublished\":\"2022-03-12T16:17:02+00:00\",\"dateModified\":\"2023-03-07T08:52:54+00:00\",\"author\":{\"@id\":\"https:\/\/president-ksgov.net\/#\/schema\/person\/bb4337a5fb147cb2046d80548172cbee\"},\"description\":\"President Osmani met with the member of the Presidency of Bosnia and Herzegovina, \u0160efik D&#158;aferovi&cacute; - President of the Republic of Kosovo - DR. VJOSA OSMANI - SADRIU -\",\"breadcrumb\":{\"@id\":\"https:\/\/president-ksgov.net\/en\/president-osmani-met-with-the-member-of-the-presidency-of-bosnia-and-herzegovina-sefik-daferovi\/#breadcrumb\"},\"inLanguage\":\"en-US\",\"potentialAction\":[{\"@type\":\"ReadAction\",\"target\":[\"https:\/\/president-ksgov.net\/en\/president-osmani-met-with-the-member-of-the-presidency-of-bosnia-and-herzegovina-sefik-daferovi\/\"]}]},{\"@type\":\"ImageObject\",\"inLanguage\":\"en-US\",\"@id\":\"https:\/\/president-ksgov.net\/en\/president-osmani-met-with-the-member-of-the-presidency-of-bosnia-and-herzegovina-sefik-daferovi\/#primaryimage\",\"url\":\"https:\/\/president-ksgov.net\/wp-content\/uploads\/12_03_2022_4874584_FNqARIPXwAIBoQ0.jpg\",\"contentUrl\":\"https:\/\/president-ksgov.net\/wp-content\/uploads\/12_03_2022_4874584_FNqARIPXwAIBoQ0.jpg\",\"width\":1280,\"height\":851},{\"@type\":\"BreadcrumbList\",\"@id\":\"https:\/\/president-ksgov.net\/en\/president-osmani-met-with-the-member-of-the-presidency-of-bosnia-and-herzegovina-sefik-daferovi\/#breadcrumb\",\"itemListElement\":[{\"@type\":\"ListItem\",\"position\":1,\"name\":\"Home\",\"item\":\"https:\/\/president-ksgov.net\/en\/\"},{\"@type\":\"ListItem\",\"position\":2,\"name\":\"President Osmani met with the member of the Presidency of Bosnia and Herzegovina, \u0160efik D&#158;aferovi&cacute;\"}]},{\"@type\":\"WebSite\",\"@id\":\"https:\/\/president-ksgov.net\/#website\",\"url\":\"https:\/\/president-ksgov.net\/\",\"name\":\"Presidente e Republik\u00ebs s\u00eb Kosov\u00ebs\",\"description\":\"Presidente e Republik\u00ebs s\u00eb Kosov\u00ebs\",\"alternateName\":\"DR. VJOSA OSMANI - SADRIU\",\"potentialAction\":[{\"@type\":\"SearchAction\",\"target\":{\"@type\":\"EntryPoint\",\"urlTemplate\":\"https:\/\/president-ksgov.net\/?s={search_term_string}\"},\"query-input\":{\"@type\":\"PropertyValueSpecification\",\"valueRequired\":true,\"valueName\":\"search_term_string\"}}],\"inLanguage\":\"en-US\"},{\"@type\":\"Person\",\"@id\":\"https:\/\/president-ksgov.net\/#\/schema\/person\/bb4337a5fb147cb2046d80548172cbee\",\"name\":\"admin\",\"image\":{\"@type\":\"ImageObject\",\"inLanguage\":\"en-US\",\"@id\":\"https:\/\/president-ksgov.net\/#\/schema\/person\/image\/\",\"url\":\"https:\/\/secure.gravatar.com\/avatar\/36156ca0fa3b8d9d25174f146e16beea0cf28f37adf1b9e19b6c9c279a7c9dd3?s=96&d=mm&r=g\",\"contentUrl\":\"https:\/\/secure.gravatar.com\/avatar\/36156ca0fa3b8d9d25174f146e16beea0cf28f37adf1b9e19b6c9c279a7c9dd3?s=96&d=mm&r=g\",\"caption\":\"admin\"},\"sameAs\":[\"https:\/\/president-ksgov.net\"]}]}<\/script>\n<!-- \/ Yoast SEO plugin. -->","yoast_head_json":{"title":"President Osmani met with the member of the Presidency of Bosnia and Herzegovina, \u0160efik D&#158;aferovi&cacute; - President of the Republic of Kosovo - DR. VJOSA OSMANI - SADRIU","description":"President Osmani met with the member of the Presidency of Bosnia and Herzegovina, \u0160efik D&#158;aferovi&cacute; - President of the Republic of Kosovo - DR. VJOSA OSMANI - SADRIU -","robots":{"index":"index","follow":"follow","max-snippet":"max-snippet:-1","max-image-preview":"max-image-preview:large","max-video-preview":"max-video-preview:-1"},"canonical":"https:\/\/president-ksgov.net\/en\/president-osmani-met-with-the-member-of-the-presidency-of-bosnia-and-herzegovina-sefik-daferovi\/","og_locale":"en_US","og_type":"article","og_title":"President Osmani met with the member of the Presidency of Bosnia and Herzegovina, \u0160efik D&#158;aferovi&cacute; - President of the Republic of Kosovo - DR. VJOSA OSMANI - SADRIU","og_description":"President Osmani met with the member of the Presidency of Bosnia and Herzegovina, \u0160efik D&#158;aferovi&cacute; - President of the Republic of Kosovo - DR. VJOSA OSMANI - SADRIU -","og_url":"https:\/\/president-ksgov.net\/en\/president-osmani-met-with-the-member-of-the-presidency-of-bosnia-and-herzegovina-sefik-daferovi\/","og_site_name":"President of the Republic of Kosovo - DR. VJOSA OSMANI - SADRIU","article_published_time":"2022-03-12T16:17:02+00:00","article_modified_time":"2023-03-07T08:52:54+00:00","og_image":[{"width":1280,"height":851,"url":"https:\/\/president-ksgov.net\/wp-content\/uploads\/12_03_2022_4874584_FNqARIPXwAIBoQ0.jpg","type":"image\/jpeg"}],"author":"admin","twitter_card":"summary_large_image","twitter_misc":{"Written by":"admin"},"schema":{"@context":"https:\/\/schema.org","@graph":[{"@type":"WebPage","@id":"https:\/\/president-ksgov.net\/en\/president-osmani-met-with-the-member-of-the-presidency-of-bosnia-and-herzegovina-sefik-daferovi\/","url":"https:\/\/president-ksgov.net\/en\/president-osmani-met-with-the-member-of-the-presidency-of-bosnia-and-herzegovina-sefik-daferovi\/","name":"President Osmani met with the member of the Presidency of Bosnia and Herzegovina, \u0160efik D&#158;aferovi&cacute; - President of the Republic of Kosovo - DR. VJOSA OSMANI - SADRIU","isPartOf":{"@id":"https:\/\/president-ksgov.net\/#website"},"primaryImageOfPage":{"@id":"https:\/\/president-ksgov.net\/en\/president-osmani-met-with-the-member-of-the-presidency-of-bosnia-and-herzegovina-sefik-daferovi\/#primaryimage"},"image":{"@id":"https:\/\/president-ksgov.net\/en\/president-osmani-met-with-the-member-of-the-presidency-of-bosnia-and-herzegovina-sefik-daferovi\/#primaryimage"},"thumbnailUrl":"https:\/\/president-ksgov.net\/wp-content\/uploads\/12_03_2022_4874584_FNqARIPXwAIBoQ0.jpg","datePublished":"2022-03-12T16:17:02+00:00","dateModified":"2023-03-07T08:52:54+00:00","author":{"@id":"https:\/\/president-ksgov.net\/#\/schema\/person\/bb4337a5fb147cb2046d80548172cbee"},"description":"President Osmani met with the member of the Presidency of Bosnia and Herzegovina, \u0160efik D&#158;aferovi&cacute; - President of the Republic of Kosovo - DR. VJOSA OSMANI - SADRIU -","breadcrumb":{"@id":"https:\/\/president-ksgov.net\/en\/president-osmani-met-with-the-member-of-the-presidency-of-bosnia-and-herzegovina-sefik-daferovi\/#breadcrumb"},"inLanguage":"en-US","potentialAction":[{"@type":"ReadAction","target":["https:\/\/president-ksgov.net\/en\/president-osmani-met-with-the-member-of-the-presidency-of-bosnia-and-herzegovina-sefik-daferovi\/"]}]},{"@type":"ImageObject","inLanguage":"en-US","@id":"https:\/\/president-ksgov.net\/en\/president-osmani-met-with-the-member-of-the-presidency-of-bosnia-and-herzegovina-sefik-daferovi\/#primaryimage","url":"https:\/\/president-ksgov.net\/wp-content\/uploads\/12_03_2022_4874584_FNqARIPXwAIBoQ0.jpg","contentUrl":"https:\/\/president-ksgov.net\/wp-content\/uploads\/12_03_2022_4874584_FNqARIPXwAIBoQ0.jpg","width":1280,"height":851},{"@type":"BreadcrumbList","@id":"https:\/\/president-ksgov.net\/en\/president-osmani-met-with-the-member-of-the-presidency-of-bosnia-and-herzegovina-sefik-daferovi\/#breadcrumb","itemListElement":[{"@type":"ListItem","position":1,"name":"Home","item":"https:\/\/president-ksgov.net\/en\/"},{"@type":"ListItem","position":2,"name":"President Osmani met with the member of the Presidency of Bosnia and Herzegovina, \u0160efik D&#158;aferovi&cacute;"}]},{"@type":"WebSite","@id":"https:\/\/president-ksgov.net\/#website","url":"https:\/\/president-ksgov.net\/","name":"Presidente e Republik\u00ebs s\u00eb Kosov\u00ebs","description":"Presidente e Republik\u00ebs s\u00eb Kosov\u00ebs","alternateName":"DR. VJOSA OSMANI - SADRIU","potentialAction":[{"@type":"SearchAction","target":{"@type":"EntryPoint","urlTemplate":"https:\/\/president-ksgov.net\/?s={search_term_string}"},"query-input":{"@type":"PropertyValueSpecification","valueRequired":true,"valueName":"search_term_string"}}],"inLanguage":"en-US"},{"@type":"Person","@id":"https:\/\/president-ksgov.net\/#\/schema\/person\/bb4337a5fb147cb2046d80548172cbee","name":"admin","image":{"@type":"ImageObject","inLanguage":"en-US","@id":"https:\/\/president-ksgov.net\/#\/schema\/person\/image\/","url":"https:\/\/secure.gravatar.com\/avatar\/36156ca0fa3b8d9d25174f146e16beea0cf28f37adf1b9e19b6c9c279a7c9dd3?s=96&d=mm&r=g","contentUrl":"https:\/\/secure.gravatar.com\/avatar\/36156ca0fa3b8d9d25174f146e16beea0cf28f37adf1b9e19b6c9c279a7c9dd3?s=96&d=mm&r=g","caption":"admin"},"sameAs":["https:\/\/president-ksgov.net"]}]}},"_links":{"self":[{"href":"https:\/\/president-ksgov.net\/en\/wp-json\/wp\/v2\/posts\/66833","targetHints":{"allow":["GET"]}}],"collection":[{"href":"https:\/\/president-ksgov.net\/en\/wp-json\/wp\/v2\/posts"}],"about":[{"href":"https:\/\/president-ksgov.net\/en\/wp-json\/wp\/v2\/types\/post"}],"author":[{"embeddable":true,"href":"https:\/\/president-ksgov.net\/en\/wp-json\/wp\/v2\/users\/1"}],"replies":[{"embeddable":true,"href":"https:\/\/president-ksgov.net\/en\/wp-json\/wp\/v2\/comments?post=66833"}],"version-history":[{"count":0,"href":"https:\/\/president-ksgov.net\/en\/wp-json\/wp\/v2\/posts\/66833\/revisions"}],"wp:featuredmedia":[{"embeddable":true,"href":"https:\/\/president-ksgov.net\/en\/wp-json\/wp\/v2\/media\/15267"}],"wp:attachment":[{"href":"https:\/\/president-ksgov.net\/en\/wp-json\/wp\/v2\/media?parent=66833"}],"wp:term":[{"taxonomy":"category","embeddable":true,"href":"https:\/\/president-ksgov.net\/en\/wp-json\/wp\/v2\/categories?post=66833"},{"taxonomy":"post_tag","embeddable":true,"href":"https:\/\/president-ksgov.net\/en\/wp-json\/wp\/v2\/tags?post=66833"}],"curies":[{"name":"wp","href":"https:\/\/api.w.org\/{rel}","templated":true}]}}