{"id":66817,"date":"2022-03-17T17:54:41","date_gmt":"2022-03-17T17:54:41","guid":{"rendered":"https:\/\/dev.president-ksgov.net\/president-osmani-met-with-kfor-commander-major-general-ferenc-kajari\/"},"modified":"2023-03-07T08:52:22","modified_gmt":"2023-03-07T08:52:22","slug":"president-osmani-met-with-kfor-commander-major-general-ferenc-kajari","status":"publish","type":"post","link":"https:\/\/president-ksgov.net\/en\/president-osmani-met-with-kfor-commander-major-general-ferenc-kajari\/","title":{"rendered":"President Osmani met with KFOR Commander, Major General Ferenc Kaj\u00e1ri"},"content":{"rendered":"<p>The President of the Republic of Kosovo, Dr. Vjosa Osmani Sadriu, received KFOR Commander, Major General Ferenc Kaj\u00e1ri, with whom she discussed the security situation in the country, and recent developments on the European continent in light of Russia\u2019s aggression against Ukraine.<\/p>\n<p>President Osmani expressed her gratitude for the work of KFOR and their contribution towards peace and security. Meanwhile, Major General Kaj\u00e1ri highlighted KFOR\u2019s commitment to supporting a safe and peaceful environment throughout the country.<\/p>\n","protected":false},"excerpt":{"rendered":"<p>The President of the Republic of Kosovo, Dr. Vjosa Osmani Sadriu, received KFOR Commander, Major General Ferenc Kaj\u00e1ri, with whom she discussed the security situation in the country, and recent developments on the European continent in light of Russia\u2019s aggression against Ukraine.<\/p>\n","protected":false},"author":1,"featured_media":15197,"comment_status":"open","ping_status":"closed","sticky":false,"template":"","format":"standard","meta":{"_eb_attr":"","footnotes":""},"categories":[111],"tags":[],"class_list":["post-66817","post","type-post","status-publish","format-standard","has-post-thumbnail","hentry","category-news"],"yoast_head":"<!-- This site is optimized with the Yoast SEO plugin v23.5 - https:\/\/yoast.com\/wordpress\/plugins\/seo\/ -->\n<title>President Osmani met with KFOR Commander, Major General Ferenc Kaj\u00e1ri - President of the Republic of Kosovo - DR. VJOSA OSMANI - SADRIU<\/title>\n<meta name=\"description\" content=\"President Osmani met with KFOR Commander, Major General Ferenc Kaj\u00e1ri - President of the Republic of Kosovo - DR. VJOSA OSMANI - SADRIU -\" \/>\n<meta name=\"robots\" content=\"index, follow, max-snippet:-1, max-image-preview:large, max-video-preview:-1\" \/>\n<link rel=\"canonical\" href=\"https:\/\/president-ksgov.net\/en\/president-osmani-met-with-kfor-commander-major-general-ferenc-kajari\/\" \/>\n<meta property=\"og:locale\" content=\"en_US\" \/>\n<meta property=\"og:type\" content=\"article\" \/>\n<meta property=\"og:title\" content=\"President Osmani met with KFOR Commander, Major General Ferenc Kaj\u00e1ri - President of the Republic of Kosovo - DR. VJOSA OSMANI - SADRIU\" \/>\n<meta property=\"og:description\" content=\"President Osmani met with KFOR Commander, Major General Ferenc Kaj\u00e1ri - President of the Republic of Kosovo - DR. VJOSA OSMANI - SADRIU -\" \/>\n<meta property=\"og:url\" content=\"https:\/\/president-ksgov.net\/en\/president-osmani-met-with-kfor-commander-major-general-ferenc-kajari\/\" \/>\n<meta property=\"og:site_name\" content=\"President of the Republic of Kosovo - DR. VJOSA OSMANI - SADRIU\" \/>\n<meta property=\"article:published_time\" content=\"2022-03-17T17:54:41+00:00\" \/>\n<meta property=\"article:modified_time\" content=\"2023-03-07T08:52:22+00:00\" \/>\n<meta property=\"og:image\" content=\"https:\/\/president-ksgov.net\/wp-content\/uploads\/17_03_2022_8806429_Presidentja_Osmani_takoi_komandantin_e_KFOR_it_Gjeneral_Major_Ferenc_Kaj__ri_2.jpg\" \/>\n\t<meta property=\"og:image:width\" content=\"1600\" \/>\n\t<meta property=\"og:image:height\" content=\"1064\" \/>\n\t<meta property=\"og:image:type\" content=\"image\/jpeg\" \/>\n<meta name=\"author\" content=\"admin\" \/>\n<meta name=\"twitter:card\" content=\"summary_large_image\" \/>\n<meta name=\"twitter:label1\" content=\"Written by\" \/>\n\t<meta name=\"twitter:data1\" content=\"admin\" \/>\n<script type=\"application\/ld+json\" class=\"yoast-schema-graph\">{\"@context\":\"https:\/\/schema.org\",\"@graph\":[{\"@type\":\"WebPage\",\"@id\":\"https:\/\/president-ksgov.net\/en\/president-osmani-met-with-kfor-commander-major-general-ferenc-kajari\/\",\"url\":\"https:\/\/president-ksgov.net\/en\/president-osmani-met-with-kfor-commander-major-general-ferenc-kajari\/\",\"name\":\"President Osmani met with KFOR Commander, Major General Ferenc Kaj\u00e1ri - President of the Republic of Kosovo - DR. VJOSA OSMANI - SADRIU\",\"isPartOf\":{\"@id\":\"https:\/\/president-ksgov.net\/#website\"},\"primaryImageOfPage\":{\"@id\":\"https:\/\/president-ksgov.net\/en\/president-osmani-met-with-kfor-commander-major-general-ferenc-kajari\/#primaryimage\"},\"image\":{\"@id\":\"https:\/\/president-ksgov.net\/en\/president-osmani-met-with-kfor-commander-major-general-ferenc-kajari\/#primaryimage\"},\"thumbnailUrl\":\"https:\/\/president-ksgov.net\/wp-content\/uploads\/17_03_2022_8806429_Presidentja_Osmani_takoi_komandantin_e_KFOR_it_Gjeneral_Major_Ferenc_Kaj__ri_2.jpg\",\"datePublished\":\"2022-03-17T17:54:41+00:00\",\"dateModified\":\"2023-03-07T08:52:22+00:00\",\"author\":{\"@id\":\"https:\/\/president-ksgov.net\/#\/schema\/person\/bb4337a5fb147cb2046d80548172cbee\"},\"description\":\"President Osmani met with KFOR Commander, Major General Ferenc Kaj\u00e1ri - President of the Republic of Kosovo - DR. VJOSA OSMANI - SADRIU -\",\"breadcrumb\":{\"@id\":\"https:\/\/president-ksgov.net\/en\/president-osmani-met-with-kfor-commander-major-general-ferenc-kajari\/#breadcrumb\"},\"inLanguage\":\"en-US\",\"potentialAction\":[{\"@type\":\"ReadAction\",\"target\":[\"https:\/\/president-ksgov.net\/en\/president-osmani-met-with-kfor-commander-major-general-ferenc-kajari\/\"]}]},{\"@type\":\"ImageObject\",\"inLanguage\":\"en-US\",\"@id\":\"https:\/\/president-ksgov.net\/en\/president-osmani-met-with-kfor-commander-major-general-ferenc-kajari\/#primaryimage\",\"url\":\"https:\/\/president-ksgov.net\/wp-content\/uploads\/17_03_2022_8806429_Presidentja_Osmani_takoi_komandantin_e_KFOR_it_Gjeneral_Major_Ferenc_Kaj__ri_2.jpg\",\"contentUrl\":\"https:\/\/president-ksgov.net\/wp-content\/uploads\/17_03_2022_8806429_Presidentja_Osmani_takoi_komandantin_e_KFOR_it_Gjeneral_Major_Ferenc_Kaj__ri_2.jpg\",\"width\":1600,\"height\":1064},{\"@type\":\"BreadcrumbList\",\"@id\":\"https:\/\/president-ksgov.net\/en\/president-osmani-met-with-kfor-commander-major-general-ferenc-kajari\/#breadcrumb\",\"itemListElement\":[{\"@type\":\"ListItem\",\"position\":1,\"name\":\"Home\",\"item\":\"https:\/\/president-ksgov.net\/en\/\"},{\"@type\":\"ListItem\",\"position\":2,\"name\":\"President Osmani met with KFOR Commander, Major General Ferenc Kaj\u00e1ri\"}]},{\"@type\":\"WebSite\",\"@id\":\"https:\/\/president-ksgov.net\/#website\",\"url\":\"https:\/\/president-ksgov.net\/\",\"name\":\"Presidente e Republik\u00ebs s\u00eb Kosov\u00ebs\",\"description\":\"Presidente e Republik\u00ebs s\u00eb Kosov\u00ebs\",\"alternateName\":\"DR. VJOSA OSMANI - SADRIU\",\"potentialAction\":[{\"@type\":\"SearchAction\",\"target\":{\"@type\":\"EntryPoint\",\"urlTemplate\":\"https:\/\/president-ksgov.net\/?s={search_term_string}\"},\"query-input\":{\"@type\":\"PropertyValueSpecification\",\"valueRequired\":true,\"valueName\":\"search_term_string\"}}],\"inLanguage\":\"en-US\"},{\"@type\":\"Person\",\"@id\":\"https:\/\/president-ksgov.net\/#\/schema\/person\/bb4337a5fb147cb2046d80548172cbee\",\"name\":\"admin\",\"image\":{\"@type\":\"ImageObject\",\"inLanguage\":\"en-US\",\"@id\":\"https:\/\/president-ksgov.net\/#\/schema\/person\/image\/\",\"url\":\"https:\/\/secure.gravatar.com\/avatar\/36156ca0fa3b8d9d25174f146e16beea0cf28f37adf1b9e19b6c9c279a7c9dd3?s=96&d=mm&r=g\",\"contentUrl\":\"https:\/\/secure.gravatar.com\/avatar\/36156ca0fa3b8d9d25174f146e16beea0cf28f37adf1b9e19b6c9c279a7c9dd3?s=96&d=mm&r=g\",\"caption\":\"admin\"},\"sameAs\":[\"https:\/\/president-ksgov.net\"]}]}<\/script>\n<!-- \/ Yoast SEO plugin. -->","yoast_head_json":{"title":"President Osmani met with KFOR Commander, Major General Ferenc Kaj\u00e1ri - President of the Republic of Kosovo - DR. VJOSA OSMANI - SADRIU","description":"President Osmani met with KFOR Commander, Major General Ferenc Kaj\u00e1ri - President of the Republic of Kosovo - DR. VJOSA OSMANI - SADRIU -","robots":{"index":"index","follow":"follow","max-snippet":"max-snippet:-1","max-image-preview":"max-image-preview:large","max-video-preview":"max-video-preview:-1"},"canonical":"https:\/\/president-ksgov.net\/en\/president-osmani-met-with-kfor-commander-major-general-ferenc-kajari\/","og_locale":"en_US","og_type":"article","og_title":"President Osmani met with KFOR Commander, Major General Ferenc Kaj\u00e1ri - President of the Republic of Kosovo - DR. VJOSA OSMANI - SADRIU","og_description":"President Osmani met with KFOR Commander, Major General Ferenc Kaj\u00e1ri - President of the Republic of Kosovo - DR. VJOSA OSMANI - SADRIU -","og_url":"https:\/\/president-ksgov.net\/en\/president-osmani-met-with-kfor-commander-major-general-ferenc-kajari\/","og_site_name":"President of the Republic of Kosovo - DR. VJOSA OSMANI - SADRIU","article_published_time":"2022-03-17T17:54:41+00:00","article_modified_time":"2023-03-07T08:52:22+00:00","og_image":[{"width":1600,"height":1064,"url":"https:\/\/president-ksgov.net\/wp-content\/uploads\/17_03_2022_8806429_Presidentja_Osmani_takoi_komandantin_e_KFOR_it_Gjeneral_Major_Ferenc_Kaj__ri_2.jpg","type":"image\/jpeg"}],"author":"admin","twitter_card":"summary_large_image","twitter_misc":{"Written by":"admin"},"schema":{"@context":"https:\/\/schema.org","@graph":[{"@type":"WebPage","@id":"https:\/\/president-ksgov.net\/en\/president-osmani-met-with-kfor-commander-major-general-ferenc-kajari\/","url":"https:\/\/president-ksgov.net\/en\/president-osmani-met-with-kfor-commander-major-general-ferenc-kajari\/","name":"President Osmani met with KFOR Commander, Major General Ferenc Kaj\u00e1ri - President of the Republic of Kosovo - DR. VJOSA OSMANI - SADRIU","isPartOf":{"@id":"https:\/\/president-ksgov.net\/#website"},"primaryImageOfPage":{"@id":"https:\/\/president-ksgov.net\/en\/president-osmani-met-with-kfor-commander-major-general-ferenc-kajari\/#primaryimage"},"image":{"@id":"https:\/\/president-ksgov.net\/en\/president-osmani-met-with-kfor-commander-major-general-ferenc-kajari\/#primaryimage"},"thumbnailUrl":"https:\/\/president-ksgov.net\/wp-content\/uploads\/17_03_2022_8806429_Presidentja_Osmani_takoi_komandantin_e_KFOR_it_Gjeneral_Major_Ferenc_Kaj__ri_2.jpg","datePublished":"2022-03-17T17:54:41+00:00","dateModified":"2023-03-07T08:52:22+00:00","author":{"@id":"https:\/\/president-ksgov.net\/#\/schema\/person\/bb4337a5fb147cb2046d80548172cbee"},"description":"President Osmani met with KFOR Commander, Major General Ferenc Kaj\u00e1ri - President of the Republic of Kosovo - DR. VJOSA OSMANI - SADRIU -","breadcrumb":{"@id":"https:\/\/president-ksgov.net\/en\/president-osmani-met-with-kfor-commander-major-general-ferenc-kajari\/#breadcrumb"},"inLanguage":"en-US","potentialAction":[{"@type":"ReadAction","target":["https:\/\/president-ksgov.net\/en\/president-osmani-met-with-kfor-commander-major-general-ferenc-kajari\/"]}]},{"@type":"ImageObject","inLanguage":"en-US","@id":"https:\/\/president-ksgov.net\/en\/president-osmani-met-with-kfor-commander-major-general-ferenc-kajari\/#primaryimage","url":"https:\/\/president-ksgov.net\/wp-content\/uploads\/17_03_2022_8806429_Presidentja_Osmani_takoi_komandantin_e_KFOR_it_Gjeneral_Major_Ferenc_Kaj__ri_2.jpg","contentUrl":"https:\/\/president-ksgov.net\/wp-content\/uploads\/17_03_2022_8806429_Presidentja_Osmani_takoi_komandantin_e_KFOR_it_Gjeneral_Major_Ferenc_Kaj__ri_2.jpg","width":1600,"height":1064},{"@type":"BreadcrumbList","@id":"https:\/\/president-ksgov.net\/en\/president-osmani-met-with-kfor-commander-major-general-ferenc-kajari\/#breadcrumb","itemListElement":[{"@type":"ListItem","position":1,"name":"Home","item":"https:\/\/president-ksgov.net\/en\/"},{"@type":"ListItem","position":2,"name":"President Osmani met with KFOR Commander, Major General Ferenc Kaj\u00e1ri"}]},{"@type":"WebSite","@id":"https:\/\/president-ksgov.net\/#website","url":"https:\/\/president-ksgov.net\/","name":"Presidente e Republik\u00ebs s\u00eb Kosov\u00ebs","description":"Presidente e Republik\u00ebs s\u00eb Kosov\u00ebs","alternateName":"DR. VJOSA OSMANI - SADRIU","potentialAction":[{"@type":"SearchAction","target":{"@type":"EntryPoint","urlTemplate":"https:\/\/president-ksgov.net\/?s={search_term_string}"},"query-input":{"@type":"PropertyValueSpecification","valueRequired":true,"valueName":"search_term_string"}}],"inLanguage":"en-US"},{"@type":"Person","@id":"https:\/\/president-ksgov.net\/#\/schema\/person\/bb4337a5fb147cb2046d80548172cbee","name":"admin","image":{"@type":"ImageObject","inLanguage":"en-US","@id":"https:\/\/president-ksgov.net\/#\/schema\/person\/image\/","url":"https:\/\/secure.gravatar.com\/avatar\/36156ca0fa3b8d9d25174f146e16beea0cf28f37adf1b9e19b6c9c279a7c9dd3?s=96&d=mm&r=g","contentUrl":"https:\/\/secure.gravatar.com\/avatar\/36156ca0fa3b8d9d25174f146e16beea0cf28f37adf1b9e19b6c9c279a7c9dd3?s=96&d=mm&r=g","caption":"admin"},"sameAs":["https:\/\/president-ksgov.net"]}]}},"_links":{"self":[{"href":"https:\/\/president-ksgov.net\/en\/wp-json\/wp\/v2\/posts\/66817","targetHints":{"allow":["GET"]}}],"collection":[{"href":"https:\/\/president-ksgov.net\/en\/wp-json\/wp\/v2\/posts"}],"about":[{"href":"https:\/\/president-ksgov.net\/en\/wp-json\/wp\/v2\/types\/post"}],"author":[{"embeddable":true,"href":"https:\/\/president-ksgov.net\/en\/wp-json\/wp\/v2\/users\/1"}],"replies":[{"embeddable":true,"href":"https:\/\/president-ksgov.net\/en\/wp-json\/wp\/v2\/comments?post=66817"}],"version-history":[{"count":0,"href":"https:\/\/president-ksgov.net\/en\/wp-json\/wp\/v2\/posts\/66817\/revisions"}],"wp:featuredmedia":[{"embeddable":true,"href":"https:\/\/president-ksgov.net\/en\/wp-json\/wp\/v2\/media\/15197"}],"wp:attachment":[{"href":"https:\/\/president-ksgov.net\/en\/wp-json\/wp\/v2\/media?parent=66817"}],"wp:term":[{"taxonomy":"category","embeddable":true,"href":"https:\/\/president-ksgov.net\/en\/wp-json\/wp\/v2\/categories?post=66817"},{"taxonomy":"post_tag","embeddable":true,"href":"https:\/\/president-ksgov.net\/en\/wp-json\/wp\/v2\/tags?post=66817"}],"curies":[{"name":"wp","href":"https:\/\/api.w.org\/{rel}","templated":true}]}}