{"id":66788,"date":"2022-03-28T10:18:04","date_gmt":"2022-03-28T10:18:04","guid":{"rendered":"https:\/\/dev.president-ksgov.net\/president-osmani-commemorates-the-massacres-committed-upon-the-bogujevci-and-duriqi-families-and-the-izbica-massacre-we-will-do-the-utmost-to-bring-justice-to-light\/"},"modified":"2023-03-07T08:51:52","modified_gmt":"2023-03-07T08:51:52","slug":"president-osmani-commemorates-the-massacres-committed-upon-the-bogujevci-and-duriqi-families-and-the-izbica-massacre-we-will-do-the-utmost-to-bring-justice-to-light","status":"publish","type":"post","link":"https:\/\/president-ksgov.net\/en\/president-osmani-commemorates-the-massacres-committed-upon-the-bogujevci-and-duriqi-families-and-the-izbica-massacre-we-will-do-the-utmost-to-bring-justice-to-light\/","title":{"rendered":"President Osmani commemorates the Massacres committed upon  the Bogujevci and Duriqi Families and the Izbica Massacre: We will do the utmost to bring justice to light"},"content":{"rendered":"<p>The President of the Republic of Kosovo Vjosa Osmani has commemorated the 23rd anniversary of the Massacre of 16 members of the Bogujevci, Duriqi, Llugaliu and Selman Gashi families in Podujeva and the Massacre of about 150 people in Izbica of Skenderaj.<\/p>\n<p>&#8220;Seven children aged 2 to 15 and seven women from the Bogujevci and Duriqi families, two members of the Llugaliu and Selman Gashi families were brutally executed by the forces of the genocidal Serbian\u00a0 23 years ago. This clearly proves the organized state strategy of the Serbian criminal regime towards Albanians regardless of their age. This is best evidenced by the massacre of the same day in Izbica, where about 150 boys, men and old men were executed. We will do our best to bring justice to each of our assassinated compatriots because only in this way we will take revenge for them, but also for the survivors. &#8220;Then our freedom and independence will make sense,&#8221; said President Osmani.<\/p>\n<p>According to President Osmani, there are five survivors of the Podujeva Massacre.<\/p>\n<p>&#8220;Saranda, Fatos, Jehona, Lirie and Genc Bogujevci are the authentic evidence of the monstrous crime. &#8220;We will always remember their families, those killed in Izbica and everywhere in Kosovo, because only through memorization of this part of history shall we much more clearly see the path ahead,&#8221; said President Osmani.<\/p>\n","protected":false},"excerpt":{"rendered":"<p>The President of the Republic of Kosovo Vjosa Osmani has commemorated the 23rd anniversary of the Massacre of 16 members of the Bogujevci, Duriqi, Llugaliu and Selman Gashi families in Podujeva and the Massacre of about 150 people in Izbica of Skenderaj.<\/p>\n","protected":false},"author":1,"featured_media":14979,"comment_status":"open","ping_status":"closed","sticky":false,"template":"","format":"standard","meta":{"_eb_attr":"","footnotes":""},"categories":[111],"tags":[],"class_list":["post-66788","post","type-post","status-publish","format-standard","has-post-thumbnail","hentry","category-news"],"yoast_head":"<!-- This site is optimized with the Yoast SEO plugin v23.5 - https:\/\/yoast.com\/wordpress\/plugins\/seo\/ -->\n<title>President Osmani commemorates the Massacres committed upon the Bogujevci and Duriqi Families and the Izbica Massacre: We will do the utmost to bring justice to light - President of the Republic of Kosovo - DR. VJOSA OSMANI - SADRIU<\/title>\n<meta name=\"description\" content=\"President Osmani commemorates the Massacres committed upon the Bogujevci and Duriqi Families and the Izbica Massacre: We will do the utmost to bring justice to light - President of the Republic of Kosovo - DR. VJOSA OSMANI - SADRIU -\" \/>\n<meta name=\"robots\" content=\"index, follow, max-snippet:-1, max-image-preview:large, max-video-preview:-1\" \/>\n<link rel=\"canonical\" href=\"https:\/\/president-ksgov.net\/en\/president-osmani-commemorates-the-massacres-committed-upon-the-bogujevci-and-duriqi-families-and-the-izbica-massacre-we-will-do-the-utmost-to-bring-justice-to-light\/\" \/>\n<meta property=\"og:locale\" content=\"en_US\" \/>\n<meta property=\"og:type\" content=\"article\" \/>\n<meta property=\"og:title\" content=\"President Osmani commemorates the Massacres committed upon the Bogujevci and Duriqi Families and the Izbica Massacre: We will do the utmost to bring justice to light - President of the Republic of Kosovo - DR. VJOSA OSMANI - SADRIU\" \/>\n<meta property=\"og:description\" content=\"President Osmani commemorates the Massacres committed upon the Bogujevci and Duriqi Families and the Izbica Massacre: We will do the utmost to bring justice to light - President of the Republic of Kosovo - DR. VJOSA OSMANI - SADRIU -\" \/>\n<meta property=\"og:url\" content=\"https:\/\/president-ksgov.net\/en\/president-osmani-commemorates-the-massacres-committed-upon-the-bogujevci-and-duriqi-families-and-the-izbica-massacre-we-will-do-the-utmost-to-bring-justice-to-light\/\" \/>\n<meta property=\"og:site_name\" content=\"President of the Republic of Kosovo - DR. VJOSA OSMANI - SADRIU\" \/>\n<meta property=\"article:published_time\" content=\"2022-03-28T10:18:04+00:00\" \/>\n<meta property=\"article:modified_time\" content=\"2023-03-07T08:51:52+00:00\" \/>\n<meta property=\"og:image\" content=\"https:\/\/president-ksgov.net\/wp-content\/uploads\/28_03_2022_666794_277356018_617113236391776_5718316782954472659_nn.jpg\" \/>\n\t<meta property=\"og:image:width\" content=\"444\" \/>\n\t<meta property=\"og:image:height\" content=\"461\" \/>\n\t<meta property=\"og:image:type\" content=\"image\/jpeg\" \/>\n<meta name=\"author\" content=\"admin\" \/>\n<meta name=\"twitter:card\" content=\"summary_large_image\" \/>\n<meta name=\"twitter:label1\" content=\"Written by\" \/>\n\t<meta name=\"twitter:data1\" content=\"admin\" \/>\n\t<meta name=\"twitter:label2\" content=\"Est. reading time\" \/>\n\t<meta name=\"twitter:data2\" content=\"1 minute\" \/>\n<script type=\"application\/ld+json\" class=\"yoast-schema-graph\">{\"@context\":\"https:\/\/schema.org\",\"@graph\":[{\"@type\":\"WebPage\",\"@id\":\"https:\/\/president-ksgov.net\/en\/president-osmani-commemorates-the-massacres-committed-upon-the-bogujevci-and-duriqi-families-and-the-izbica-massacre-we-will-do-the-utmost-to-bring-justice-to-light\/\",\"url\":\"https:\/\/president-ksgov.net\/en\/president-osmani-commemorates-the-massacres-committed-upon-the-bogujevci-and-duriqi-families-and-the-izbica-massacre-we-will-do-the-utmost-to-bring-justice-to-light\/\",\"name\":\"President Osmani commemorates the Massacres committed upon the Bogujevci and Duriqi Families and the Izbica Massacre: We will do the utmost to bring justice to light - President of the Republic of Kosovo - DR. VJOSA OSMANI - SADRIU\",\"isPartOf\":{\"@id\":\"https:\/\/president-ksgov.net\/#website\"},\"primaryImageOfPage\":{\"@id\":\"https:\/\/president-ksgov.net\/en\/president-osmani-commemorates-the-massacres-committed-upon-the-bogujevci-and-duriqi-families-and-the-izbica-massacre-we-will-do-the-utmost-to-bring-justice-to-light\/#primaryimage\"},\"image\":{\"@id\":\"https:\/\/president-ksgov.net\/en\/president-osmani-commemorates-the-massacres-committed-upon-the-bogujevci-and-duriqi-families-and-the-izbica-massacre-we-will-do-the-utmost-to-bring-justice-to-light\/#primaryimage\"},\"thumbnailUrl\":\"https:\/\/president-ksgov.net\/wp-content\/uploads\/28_03_2022_666794_277356018_617113236391776_5718316782954472659_nn.jpg\",\"datePublished\":\"2022-03-28T10:18:04+00:00\",\"dateModified\":\"2023-03-07T08:51:52+00:00\",\"author\":{\"@id\":\"https:\/\/president-ksgov.net\/#\/schema\/person\/bb4337a5fb147cb2046d80548172cbee\"},\"description\":\"President Osmani commemorates the Massacres committed upon the Bogujevci and Duriqi Families and the Izbica Massacre: We will do the utmost to bring justice to light - President of the Republic of Kosovo - DR. VJOSA OSMANI - SADRIU -\",\"breadcrumb\":{\"@id\":\"https:\/\/president-ksgov.net\/en\/president-osmani-commemorates-the-massacres-committed-upon-the-bogujevci-and-duriqi-families-and-the-izbica-massacre-we-will-do-the-utmost-to-bring-justice-to-light\/#breadcrumb\"},\"inLanguage\":\"en-US\",\"potentialAction\":[{\"@type\":\"ReadAction\",\"target\":[\"https:\/\/president-ksgov.net\/en\/president-osmani-commemorates-the-massacres-committed-upon-the-bogujevci-and-duriqi-families-and-the-izbica-massacre-we-will-do-the-utmost-to-bring-justice-to-light\/\"]}]},{\"@type\":\"ImageObject\",\"inLanguage\":\"en-US\",\"@id\":\"https:\/\/president-ksgov.net\/en\/president-osmani-commemorates-the-massacres-committed-upon-the-bogujevci-and-duriqi-families-and-the-izbica-massacre-we-will-do-the-utmost-to-bring-justice-to-light\/#primaryimage\",\"url\":\"https:\/\/president-ksgov.net\/wp-content\/uploads\/28_03_2022_666794_277356018_617113236391776_5718316782954472659_nn.jpg\",\"contentUrl\":\"https:\/\/president-ksgov.net\/wp-content\/uploads\/28_03_2022_666794_277356018_617113236391776_5718316782954472659_nn.jpg\",\"width\":444,\"height\":461},{\"@type\":\"BreadcrumbList\",\"@id\":\"https:\/\/president-ksgov.net\/en\/president-osmani-commemorates-the-massacres-committed-upon-the-bogujevci-and-duriqi-families-and-the-izbica-massacre-we-will-do-the-utmost-to-bring-justice-to-light\/#breadcrumb\",\"itemListElement\":[{\"@type\":\"ListItem\",\"position\":1,\"name\":\"Home\",\"item\":\"https:\/\/president-ksgov.net\/en\/\"},{\"@type\":\"ListItem\",\"position\":2,\"name\":\"President Osmani commemorates the Massacres committed upon the Bogujevci and Duriqi Families and the Izbica Massacre: We will do the utmost to bring justice to light\"}]},{\"@type\":\"WebSite\",\"@id\":\"https:\/\/president-ksgov.net\/#website\",\"url\":\"https:\/\/president-ksgov.net\/\",\"name\":\"Presidente e Republik\u00ebs s\u00eb Kosov\u00ebs\",\"description\":\"Presidente e Republik\u00ebs s\u00eb Kosov\u00ebs\",\"alternateName\":\"DR. VJOSA OSMANI - SADRIU\",\"potentialAction\":[{\"@type\":\"SearchAction\",\"target\":{\"@type\":\"EntryPoint\",\"urlTemplate\":\"https:\/\/president-ksgov.net\/?s={search_term_string}\"},\"query-input\":{\"@type\":\"PropertyValueSpecification\",\"valueRequired\":true,\"valueName\":\"search_term_string\"}}],\"inLanguage\":\"en-US\"},{\"@type\":\"Person\",\"@id\":\"https:\/\/president-ksgov.net\/#\/schema\/person\/bb4337a5fb147cb2046d80548172cbee\",\"name\":\"admin\",\"image\":{\"@type\":\"ImageObject\",\"inLanguage\":\"en-US\",\"@id\":\"https:\/\/president-ksgov.net\/#\/schema\/person\/image\/\",\"url\":\"https:\/\/secure.gravatar.com\/avatar\/36156ca0fa3b8d9d25174f146e16beea0cf28f37adf1b9e19b6c9c279a7c9dd3?s=96&d=mm&r=g\",\"contentUrl\":\"https:\/\/secure.gravatar.com\/avatar\/36156ca0fa3b8d9d25174f146e16beea0cf28f37adf1b9e19b6c9c279a7c9dd3?s=96&d=mm&r=g\",\"caption\":\"admin\"},\"sameAs\":[\"https:\/\/president-ksgov.net\"]}]}<\/script>\n<!-- \/ Yoast SEO plugin. -->","yoast_head_json":{"title":"President Osmani commemorates the Massacres committed upon the Bogujevci and Duriqi Families and the Izbica Massacre: We will do the utmost to bring justice to light - President of the Republic of Kosovo - DR. VJOSA OSMANI - SADRIU","description":"President Osmani commemorates the Massacres committed upon the Bogujevci and Duriqi Families and the Izbica Massacre: We will do the utmost to bring justice to light - President of the Republic of Kosovo - DR. VJOSA OSMANI - SADRIU -","robots":{"index":"index","follow":"follow","max-snippet":"max-snippet:-1","max-image-preview":"max-image-preview:large","max-video-preview":"max-video-preview:-1"},"canonical":"https:\/\/president-ksgov.net\/en\/president-osmani-commemorates-the-massacres-committed-upon-the-bogujevci-and-duriqi-families-and-the-izbica-massacre-we-will-do-the-utmost-to-bring-justice-to-light\/","og_locale":"en_US","og_type":"article","og_title":"President Osmani commemorates the Massacres committed upon the Bogujevci and Duriqi Families and the Izbica Massacre: We will do the utmost to bring justice to light - President of the Republic of Kosovo - DR. VJOSA OSMANI - SADRIU","og_description":"President Osmani commemorates the Massacres committed upon the Bogujevci and Duriqi Families and the Izbica Massacre: We will do the utmost to bring justice to light - President of the Republic of Kosovo - DR. VJOSA OSMANI - SADRIU -","og_url":"https:\/\/president-ksgov.net\/en\/president-osmani-commemorates-the-massacres-committed-upon-the-bogujevci-and-duriqi-families-and-the-izbica-massacre-we-will-do-the-utmost-to-bring-justice-to-light\/","og_site_name":"President of the Republic of Kosovo - DR. VJOSA OSMANI - SADRIU","article_published_time":"2022-03-28T10:18:04+00:00","article_modified_time":"2023-03-07T08:51:52+00:00","og_image":[{"width":444,"height":461,"url":"https:\/\/president-ksgov.net\/wp-content\/uploads\/28_03_2022_666794_277356018_617113236391776_5718316782954472659_nn.jpg","type":"image\/jpeg"}],"author":"admin","twitter_card":"summary_large_image","twitter_misc":{"Written by":"admin","Est. reading time":"1 minute"},"schema":{"@context":"https:\/\/schema.org","@graph":[{"@type":"WebPage","@id":"https:\/\/president-ksgov.net\/en\/president-osmani-commemorates-the-massacres-committed-upon-the-bogujevci-and-duriqi-families-and-the-izbica-massacre-we-will-do-the-utmost-to-bring-justice-to-light\/","url":"https:\/\/president-ksgov.net\/en\/president-osmani-commemorates-the-massacres-committed-upon-the-bogujevci-and-duriqi-families-and-the-izbica-massacre-we-will-do-the-utmost-to-bring-justice-to-light\/","name":"President Osmani commemorates the Massacres committed upon the Bogujevci and Duriqi Families and the Izbica Massacre: We will do the utmost to bring justice to light - President of the Republic of Kosovo - DR. VJOSA OSMANI - SADRIU","isPartOf":{"@id":"https:\/\/president-ksgov.net\/#website"},"primaryImageOfPage":{"@id":"https:\/\/president-ksgov.net\/en\/president-osmani-commemorates-the-massacres-committed-upon-the-bogujevci-and-duriqi-families-and-the-izbica-massacre-we-will-do-the-utmost-to-bring-justice-to-light\/#primaryimage"},"image":{"@id":"https:\/\/president-ksgov.net\/en\/president-osmani-commemorates-the-massacres-committed-upon-the-bogujevci-and-duriqi-families-and-the-izbica-massacre-we-will-do-the-utmost-to-bring-justice-to-light\/#primaryimage"},"thumbnailUrl":"https:\/\/president-ksgov.net\/wp-content\/uploads\/28_03_2022_666794_277356018_617113236391776_5718316782954472659_nn.jpg","datePublished":"2022-03-28T10:18:04+00:00","dateModified":"2023-03-07T08:51:52+00:00","author":{"@id":"https:\/\/president-ksgov.net\/#\/schema\/person\/bb4337a5fb147cb2046d80548172cbee"},"description":"President Osmani commemorates the Massacres committed upon the Bogujevci and Duriqi Families and the Izbica Massacre: We will do the utmost to bring justice to light - President of the Republic of Kosovo - DR. VJOSA OSMANI - SADRIU -","breadcrumb":{"@id":"https:\/\/president-ksgov.net\/en\/president-osmani-commemorates-the-massacres-committed-upon-the-bogujevci-and-duriqi-families-and-the-izbica-massacre-we-will-do-the-utmost-to-bring-justice-to-light\/#breadcrumb"},"inLanguage":"en-US","potentialAction":[{"@type":"ReadAction","target":["https:\/\/president-ksgov.net\/en\/president-osmani-commemorates-the-massacres-committed-upon-the-bogujevci-and-duriqi-families-and-the-izbica-massacre-we-will-do-the-utmost-to-bring-justice-to-light\/"]}]},{"@type":"ImageObject","inLanguage":"en-US","@id":"https:\/\/president-ksgov.net\/en\/president-osmani-commemorates-the-massacres-committed-upon-the-bogujevci-and-duriqi-families-and-the-izbica-massacre-we-will-do-the-utmost-to-bring-justice-to-light\/#primaryimage","url":"https:\/\/president-ksgov.net\/wp-content\/uploads\/28_03_2022_666794_277356018_617113236391776_5718316782954472659_nn.jpg","contentUrl":"https:\/\/president-ksgov.net\/wp-content\/uploads\/28_03_2022_666794_277356018_617113236391776_5718316782954472659_nn.jpg","width":444,"height":461},{"@type":"BreadcrumbList","@id":"https:\/\/president-ksgov.net\/en\/president-osmani-commemorates-the-massacres-committed-upon-the-bogujevci-and-duriqi-families-and-the-izbica-massacre-we-will-do-the-utmost-to-bring-justice-to-light\/#breadcrumb","itemListElement":[{"@type":"ListItem","position":1,"name":"Home","item":"https:\/\/president-ksgov.net\/en\/"},{"@type":"ListItem","position":2,"name":"President Osmani commemorates the Massacres committed upon the Bogujevci and Duriqi Families and the Izbica Massacre: We will do the utmost to bring justice to light"}]},{"@type":"WebSite","@id":"https:\/\/president-ksgov.net\/#website","url":"https:\/\/president-ksgov.net\/","name":"Presidente e Republik\u00ebs s\u00eb Kosov\u00ebs","description":"Presidente e Republik\u00ebs s\u00eb Kosov\u00ebs","alternateName":"DR. VJOSA OSMANI - SADRIU","potentialAction":[{"@type":"SearchAction","target":{"@type":"EntryPoint","urlTemplate":"https:\/\/president-ksgov.net\/?s={search_term_string}"},"query-input":{"@type":"PropertyValueSpecification","valueRequired":true,"valueName":"search_term_string"}}],"inLanguage":"en-US"},{"@type":"Person","@id":"https:\/\/president-ksgov.net\/#\/schema\/person\/bb4337a5fb147cb2046d80548172cbee","name":"admin","image":{"@type":"ImageObject","inLanguage":"en-US","@id":"https:\/\/president-ksgov.net\/#\/schema\/person\/image\/","url":"https:\/\/secure.gravatar.com\/avatar\/36156ca0fa3b8d9d25174f146e16beea0cf28f37adf1b9e19b6c9c279a7c9dd3?s=96&d=mm&r=g","contentUrl":"https:\/\/secure.gravatar.com\/avatar\/36156ca0fa3b8d9d25174f146e16beea0cf28f37adf1b9e19b6c9c279a7c9dd3?s=96&d=mm&r=g","caption":"admin"},"sameAs":["https:\/\/president-ksgov.net"]}]}},"_links":{"self":[{"href":"https:\/\/president-ksgov.net\/en\/wp-json\/wp\/v2\/posts\/66788","targetHints":{"allow":["GET"]}}],"collection":[{"href":"https:\/\/president-ksgov.net\/en\/wp-json\/wp\/v2\/posts"}],"about":[{"href":"https:\/\/president-ksgov.net\/en\/wp-json\/wp\/v2\/types\/post"}],"author":[{"embeddable":true,"href":"https:\/\/president-ksgov.net\/en\/wp-json\/wp\/v2\/users\/1"}],"replies":[{"embeddable":true,"href":"https:\/\/president-ksgov.net\/en\/wp-json\/wp\/v2\/comments?post=66788"}],"version-history":[{"count":0,"href":"https:\/\/president-ksgov.net\/en\/wp-json\/wp\/v2\/posts\/66788\/revisions"}],"wp:featuredmedia":[{"embeddable":true,"href":"https:\/\/president-ksgov.net\/en\/wp-json\/wp\/v2\/media\/14979"}],"wp:attachment":[{"href":"https:\/\/president-ksgov.net\/en\/wp-json\/wp\/v2\/media?parent=66788"}],"wp:term":[{"taxonomy":"category","embeddable":true,"href":"https:\/\/president-ksgov.net\/en\/wp-json\/wp\/v2\/categories?post=66788"},{"taxonomy":"post_tag","embeddable":true,"href":"https:\/\/president-ksgov.net\/en\/wp-json\/wp\/v2\/tags?post=66788"}],"curies":[{"name":"wp","href":"https:\/\/api.w.org\/{rel}","templated":true}]}}