{"id":66757,"date":"2022-04-08T09:58:42","date_gmt":"2022-04-08T09:58:42","guid":{"rendered":"https:\/\/dev.president-ksgov.net\/on-the-international-roma-day-president-osmani-decorates-with-the-presidential-medal-of-merit-the-playwright-nexhip-menekshe\/"},"modified":"2023-03-07T08:50:12","modified_gmt":"2023-03-07T08:50:12","slug":"on-the-international-roma-day-president-osmani-decorates-with-the-presidential-medal-of-merit-the-playwright-nexhip-menekshe","status":"publish","type":"post","link":"https:\/\/president-ksgov.net\/en\/on-the-international-roma-day-president-osmani-decorates-with-the-presidential-medal-of-merit-the-playwright-nexhip-menekshe\/","title":{"rendered":"On the International Roma Day, President Osmani decorates with the Presidential Medal of Merit, the playwright Nexhip Menekshe"},"content":{"rendered":"<p>On the International Roma Day, the President of the Republic of Kosovo, Vjosa Osmani, received in a meeting the representatives of the Roma community led by MP Ergjan Galushi.<\/p>\n<p>President Osmani congratulated the Roma representatives on their International Day and stressed that the Republic of Kosovo is a free and democratic state in which the highest international standards of human rights are respected.<\/p>\n<p>According to President Osmani, the Roma community, along with other communities in Kosovo, is an important part of Kosovo&#039;s cultural diversity and has contributed to the country&#039;s state-building process.<\/p>\n<p>&#8220;In Kosovo, all communities should have equal opportunities, and build their future here. The Roma community has contributed to the formation and the foundations of our state&#8221;, President Osmani emphasized.<\/p>\n<p>On the occasion of this Day, President Osmani decorated post mortem with the Presidential Medal of Merit, playwright, journalist and Roma language teacher, Nexhip Menekshe.\u00a0<\/p>\n","protected":false},"excerpt":{"rendered":"<p>On the International Roma Day, the President of the Republic of Kosovo, Vjosa Osmani, received in a meeting the representatives of the Roma community led by MP Ergjan Galushi.<\/p>\n","protected":false},"author":1,"featured_media":14681,"comment_status":"open","ping_status":"closed","sticky":false,"template":"","format":"standard","meta":{"_eb_attr":"","footnotes":""},"categories":[111],"tags":[],"class_list":["post-66757","post","type-post","status-publish","format-standard","has-post-thumbnail","hentry","category-news"],"yoast_head":"<!-- This site is optimized with the Yoast SEO plugin v23.5 - https:\/\/yoast.com\/wordpress\/plugins\/seo\/ -->\n<title>On the International Roma Day, President Osmani decorates with the Presidential Medal of Merit, the playwright Nexhip Menekshe - President of the Republic of Kosovo - DR. VJOSA OSMANI - SADRIU<\/title>\n<meta name=\"description\" content=\"On the International Roma Day, President Osmani decorates with the Presidential Medal of Merit, the playwright Nexhip Menekshe - President of the Republic of Kosovo - DR. VJOSA OSMANI - SADRIU -\" \/>\n<meta name=\"robots\" content=\"index, follow, max-snippet:-1, max-image-preview:large, max-video-preview:-1\" \/>\n<link rel=\"canonical\" href=\"https:\/\/president-ksgov.net\/en\/on-the-international-roma-day-president-osmani-decorates-with-the-presidential-medal-of-merit-the-playwright-nexhip-menekshe\/\" \/>\n<meta property=\"og:locale\" content=\"en_US\" \/>\n<meta property=\"og:type\" content=\"article\" \/>\n<meta property=\"og:title\" content=\"On the International Roma Day, President Osmani decorates with the Presidential Medal of Merit, the playwright Nexhip Menekshe - President of the Republic of Kosovo - DR. VJOSA OSMANI - SADRIU\" \/>\n<meta property=\"og:description\" content=\"On the International Roma Day, President Osmani decorates with the Presidential Medal of Merit, the playwright Nexhip Menekshe - President of the Republic of Kosovo - DR. VJOSA OSMANI - SADRIU -\" \/>\n<meta property=\"og:url\" content=\"https:\/\/president-ksgov.net\/en\/on-the-international-roma-day-president-osmani-decorates-with-the-presidential-medal-of-merit-the-playwright-nexhip-menekshe\/\" \/>\n<meta property=\"og:site_name\" content=\"President of the Republic of Kosovo - DR. VJOSA OSMANI - SADRIU\" \/>\n<meta property=\"article:published_time\" content=\"2022-04-08T09:58:42+00:00\" \/>\n<meta property=\"article:modified_time\" content=\"2023-03-07T08:50:12+00:00\" \/>\n<meta property=\"og:image\" content=\"https:\/\/president-ksgov.net\/wp-content\/uploads\/08_04_2022_519981_277894384_664844468129028_2268679899248317171_n-scaled.jpg\" \/>\n\t<meta property=\"og:image:width\" content=\"2560\" \/>\n\t<meta property=\"og:image:height\" content=\"1707\" \/>\n\t<meta property=\"og:image:type\" content=\"image\/jpeg\" \/>\n<meta name=\"author\" content=\"admin\" \/>\n<meta name=\"twitter:card\" content=\"summary_large_image\" \/>\n<meta name=\"twitter:label1\" content=\"Written by\" \/>\n\t<meta name=\"twitter:data1\" content=\"admin\" \/>\n\t<meta name=\"twitter:label2\" content=\"Est. reading time\" \/>\n\t<meta name=\"twitter:data2\" content=\"1 minute\" \/>\n<script type=\"application\/ld+json\" class=\"yoast-schema-graph\">{\"@context\":\"https:\/\/schema.org\",\"@graph\":[{\"@type\":\"WebPage\",\"@id\":\"https:\/\/president-ksgov.net\/en\/on-the-international-roma-day-president-osmani-decorates-with-the-presidential-medal-of-merit-the-playwright-nexhip-menekshe\/\",\"url\":\"https:\/\/president-ksgov.net\/en\/on-the-international-roma-day-president-osmani-decorates-with-the-presidential-medal-of-merit-the-playwright-nexhip-menekshe\/\",\"name\":\"On the International Roma Day, President Osmani decorates with the Presidential Medal of Merit, the playwright Nexhip Menekshe - President of the Republic of Kosovo - DR. VJOSA OSMANI - SADRIU\",\"isPartOf\":{\"@id\":\"https:\/\/president-ksgov.net\/#website\"},\"primaryImageOfPage\":{\"@id\":\"https:\/\/president-ksgov.net\/en\/on-the-international-roma-day-president-osmani-decorates-with-the-presidential-medal-of-merit-the-playwright-nexhip-menekshe\/#primaryimage\"},\"image\":{\"@id\":\"https:\/\/president-ksgov.net\/en\/on-the-international-roma-day-president-osmani-decorates-with-the-presidential-medal-of-merit-the-playwright-nexhip-menekshe\/#primaryimage\"},\"thumbnailUrl\":\"https:\/\/president-ksgov.net\/wp-content\/uploads\/08_04_2022_519981_277894384_664844468129028_2268679899248317171_n-scaled.jpg\",\"datePublished\":\"2022-04-08T09:58:42+00:00\",\"dateModified\":\"2023-03-07T08:50:12+00:00\",\"author\":{\"@id\":\"https:\/\/president-ksgov.net\/#\/schema\/person\/bb4337a5fb147cb2046d80548172cbee\"},\"description\":\"On the International Roma Day, President Osmani decorates with the Presidential Medal of Merit, the playwright Nexhip Menekshe - President of the Republic of Kosovo - DR. VJOSA OSMANI - SADRIU -\",\"breadcrumb\":{\"@id\":\"https:\/\/president-ksgov.net\/en\/on-the-international-roma-day-president-osmani-decorates-with-the-presidential-medal-of-merit-the-playwright-nexhip-menekshe\/#breadcrumb\"},\"inLanguage\":\"en-US\",\"potentialAction\":[{\"@type\":\"ReadAction\",\"target\":[\"https:\/\/president-ksgov.net\/en\/on-the-international-roma-day-president-osmani-decorates-with-the-presidential-medal-of-merit-the-playwright-nexhip-menekshe\/\"]}]},{\"@type\":\"ImageObject\",\"inLanguage\":\"en-US\",\"@id\":\"https:\/\/president-ksgov.net\/en\/on-the-international-roma-day-president-osmani-decorates-with-the-presidential-medal-of-merit-the-playwright-nexhip-menekshe\/#primaryimage\",\"url\":\"https:\/\/president-ksgov.net\/wp-content\/uploads\/08_04_2022_519981_277894384_664844468129028_2268679899248317171_n-scaled.jpg\",\"contentUrl\":\"https:\/\/president-ksgov.net\/wp-content\/uploads\/08_04_2022_519981_277894384_664844468129028_2268679899248317171_n-scaled.jpg\",\"width\":2560,\"height\":1707},{\"@type\":\"BreadcrumbList\",\"@id\":\"https:\/\/president-ksgov.net\/en\/on-the-international-roma-day-president-osmani-decorates-with-the-presidential-medal-of-merit-the-playwright-nexhip-menekshe\/#breadcrumb\",\"itemListElement\":[{\"@type\":\"ListItem\",\"position\":1,\"name\":\"Home\",\"item\":\"https:\/\/president-ksgov.net\/en\/\"},{\"@type\":\"ListItem\",\"position\":2,\"name\":\"On the International Roma Day, President Osmani decorates with the Presidential Medal of Merit, the playwright Nexhip Menekshe\"}]},{\"@type\":\"WebSite\",\"@id\":\"https:\/\/president-ksgov.net\/#website\",\"url\":\"https:\/\/president-ksgov.net\/\",\"name\":\"Presidente e Republik\u00ebs s\u00eb Kosov\u00ebs\",\"description\":\"Presidente e Republik\u00ebs s\u00eb Kosov\u00ebs\",\"alternateName\":\"DR. VJOSA OSMANI - SADRIU\",\"potentialAction\":[{\"@type\":\"SearchAction\",\"target\":{\"@type\":\"EntryPoint\",\"urlTemplate\":\"https:\/\/president-ksgov.net\/?s={search_term_string}\"},\"query-input\":{\"@type\":\"PropertyValueSpecification\",\"valueRequired\":true,\"valueName\":\"search_term_string\"}}],\"inLanguage\":\"en-US\"},{\"@type\":\"Person\",\"@id\":\"https:\/\/president-ksgov.net\/#\/schema\/person\/bb4337a5fb147cb2046d80548172cbee\",\"name\":\"admin\",\"image\":{\"@type\":\"ImageObject\",\"inLanguage\":\"en-US\",\"@id\":\"https:\/\/president-ksgov.net\/#\/schema\/person\/image\/\",\"url\":\"https:\/\/secure.gravatar.com\/avatar\/36156ca0fa3b8d9d25174f146e16beea0cf28f37adf1b9e19b6c9c279a7c9dd3?s=96&d=mm&r=g\",\"contentUrl\":\"https:\/\/secure.gravatar.com\/avatar\/36156ca0fa3b8d9d25174f146e16beea0cf28f37adf1b9e19b6c9c279a7c9dd3?s=96&d=mm&r=g\",\"caption\":\"admin\"},\"sameAs\":[\"https:\/\/president-ksgov.net\"]}]}<\/script>\n<!-- \/ Yoast SEO plugin. -->","yoast_head_json":{"title":"On the International Roma Day, President Osmani decorates with the Presidential Medal of Merit, the playwright Nexhip Menekshe - President of the Republic of Kosovo - DR. VJOSA OSMANI - SADRIU","description":"On the International Roma Day, President Osmani decorates with the Presidential Medal of Merit, the playwright Nexhip Menekshe - President of the Republic of Kosovo - DR. VJOSA OSMANI - SADRIU -","robots":{"index":"index","follow":"follow","max-snippet":"max-snippet:-1","max-image-preview":"max-image-preview:large","max-video-preview":"max-video-preview:-1"},"canonical":"https:\/\/president-ksgov.net\/en\/on-the-international-roma-day-president-osmani-decorates-with-the-presidential-medal-of-merit-the-playwright-nexhip-menekshe\/","og_locale":"en_US","og_type":"article","og_title":"On the International Roma Day, President Osmani decorates with the Presidential Medal of Merit, the playwright Nexhip Menekshe - President of the Republic of Kosovo - DR. VJOSA OSMANI - SADRIU","og_description":"On the International Roma Day, President Osmani decorates with the Presidential Medal of Merit, the playwright Nexhip Menekshe - President of the Republic of Kosovo - DR. VJOSA OSMANI - SADRIU -","og_url":"https:\/\/president-ksgov.net\/en\/on-the-international-roma-day-president-osmani-decorates-with-the-presidential-medal-of-merit-the-playwright-nexhip-menekshe\/","og_site_name":"President of the Republic of Kosovo - DR. VJOSA OSMANI - SADRIU","article_published_time":"2022-04-08T09:58:42+00:00","article_modified_time":"2023-03-07T08:50:12+00:00","og_image":[{"width":2560,"height":1707,"url":"https:\/\/president-ksgov.net\/wp-content\/uploads\/08_04_2022_519981_277894384_664844468129028_2268679899248317171_n-scaled.jpg","type":"image\/jpeg"}],"author":"admin","twitter_card":"summary_large_image","twitter_misc":{"Written by":"admin","Est. reading time":"1 minute"},"schema":{"@context":"https:\/\/schema.org","@graph":[{"@type":"WebPage","@id":"https:\/\/president-ksgov.net\/en\/on-the-international-roma-day-president-osmani-decorates-with-the-presidential-medal-of-merit-the-playwright-nexhip-menekshe\/","url":"https:\/\/president-ksgov.net\/en\/on-the-international-roma-day-president-osmani-decorates-with-the-presidential-medal-of-merit-the-playwright-nexhip-menekshe\/","name":"On the International Roma Day, President Osmani decorates with the Presidential Medal of Merit, the playwright Nexhip Menekshe - President of the Republic of Kosovo - DR. VJOSA OSMANI - SADRIU","isPartOf":{"@id":"https:\/\/president-ksgov.net\/#website"},"primaryImageOfPage":{"@id":"https:\/\/president-ksgov.net\/en\/on-the-international-roma-day-president-osmani-decorates-with-the-presidential-medal-of-merit-the-playwright-nexhip-menekshe\/#primaryimage"},"image":{"@id":"https:\/\/president-ksgov.net\/en\/on-the-international-roma-day-president-osmani-decorates-with-the-presidential-medal-of-merit-the-playwright-nexhip-menekshe\/#primaryimage"},"thumbnailUrl":"https:\/\/president-ksgov.net\/wp-content\/uploads\/08_04_2022_519981_277894384_664844468129028_2268679899248317171_n-scaled.jpg","datePublished":"2022-04-08T09:58:42+00:00","dateModified":"2023-03-07T08:50:12+00:00","author":{"@id":"https:\/\/president-ksgov.net\/#\/schema\/person\/bb4337a5fb147cb2046d80548172cbee"},"description":"On the International Roma Day, President Osmani decorates with the Presidential Medal of Merit, the playwright Nexhip Menekshe - President of the Republic of Kosovo - DR. VJOSA OSMANI - SADRIU -","breadcrumb":{"@id":"https:\/\/president-ksgov.net\/en\/on-the-international-roma-day-president-osmani-decorates-with-the-presidential-medal-of-merit-the-playwright-nexhip-menekshe\/#breadcrumb"},"inLanguage":"en-US","potentialAction":[{"@type":"ReadAction","target":["https:\/\/president-ksgov.net\/en\/on-the-international-roma-day-president-osmani-decorates-with-the-presidential-medal-of-merit-the-playwright-nexhip-menekshe\/"]}]},{"@type":"ImageObject","inLanguage":"en-US","@id":"https:\/\/president-ksgov.net\/en\/on-the-international-roma-day-president-osmani-decorates-with-the-presidential-medal-of-merit-the-playwright-nexhip-menekshe\/#primaryimage","url":"https:\/\/president-ksgov.net\/wp-content\/uploads\/08_04_2022_519981_277894384_664844468129028_2268679899248317171_n-scaled.jpg","contentUrl":"https:\/\/president-ksgov.net\/wp-content\/uploads\/08_04_2022_519981_277894384_664844468129028_2268679899248317171_n-scaled.jpg","width":2560,"height":1707},{"@type":"BreadcrumbList","@id":"https:\/\/president-ksgov.net\/en\/on-the-international-roma-day-president-osmani-decorates-with-the-presidential-medal-of-merit-the-playwright-nexhip-menekshe\/#breadcrumb","itemListElement":[{"@type":"ListItem","position":1,"name":"Home","item":"https:\/\/president-ksgov.net\/en\/"},{"@type":"ListItem","position":2,"name":"On the International Roma Day, President Osmani decorates with the Presidential Medal of Merit, the playwright Nexhip Menekshe"}]},{"@type":"WebSite","@id":"https:\/\/president-ksgov.net\/#website","url":"https:\/\/president-ksgov.net\/","name":"Presidente e Republik\u00ebs s\u00eb Kosov\u00ebs","description":"Presidente e Republik\u00ebs s\u00eb Kosov\u00ebs","alternateName":"DR. VJOSA OSMANI - SADRIU","potentialAction":[{"@type":"SearchAction","target":{"@type":"EntryPoint","urlTemplate":"https:\/\/president-ksgov.net\/?s={search_term_string}"},"query-input":{"@type":"PropertyValueSpecification","valueRequired":true,"valueName":"search_term_string"}}],"inLanguage":"en-US"},{"@type":"Person","@id":"https:\/\/president-ksgov.net\/#\/schema\/person\/bb4337a5fb147cb2046d80548172cbee","name":"admin","image":{"@type":"ImageObject","inLanguage":"en-US","@id":"https:\/\/president-ksgov.net\/#\/schema\/person\/image\/","url":"https:\/\/secure.gravatar.com\/avatar\/36156ca0fa3b8d9d25174f146e16beea0cf28f37adf1b9e19b6c9c279a7c9dd3?s=96&d=mm&r=g","contentUrl":"https:\/\/secure.gravatar.com\/avatar\/36156ca0fa3b8d9d25174f146e16beea0cf28f37adf1b9e19b6c9c279a7c9dd3?s=96&d=mm&r=g","caption":"admin"},"sameAs":["https:\/\/president-ksgov.net"]}]}},"_links":{"self":[{"href":"https:\/\/president-ksgov.net\/en\/wp-json\/wp\/v2\/posts\/66757","targetHints":{"allow":["GET"]}}],"collection":[{"href":"https:\/\/president-ksgov.net\/en\/wp-json\/wp\/v2\/posts"}],"about":[{"href":"https:\/\/president-ksgov.net\/en\/wp-json\/wp\/v2\/types\/post"}],"author":[{"embeddable":true,"href":"https:\/\/president-ksgov.net\/en\/wp-json\/wp\/v2\/users\/1"}],"replies":[{"embeddable":true,"href":"https:\/\/president-ksgov.net\/en\/wp-json\/wp\/v2\/comments?post=66757"}],"version-history":[{"count":0,"href":"https:\/\/president-ksgov.net\/en\/wp-json\/wp\/v2\/posts\/66757\/revisions"}],"wp:featuredmedia":[{"embeddable":true,"href":"https:\/\/president-ksgov.net\/en\/wp-json\/wp\/v2\/media\/14681"}],"wp:attachment":[{"href":"https:\/\/president-ksgov.net\/en\/wp-json\/wp\/v2\/media?parent=66757"}],"wp:term":[{"taxonomy":"category","embeddable":true,"href":"https:\/\/president-ksgov.net\/en\/wp-json\/wp\/v2\/categories?post=66757"},{"taxonomy":"post_tag","embeddable":true,"href":"https:\/\/president-ksgov.net\/en\/wp-json\/wp\/v2\/tags?post=66757"}],"curies":[{"name":"wp","href":"https:\/\/api.w.org\/{rel}","templated":true}]}}