{"id":66696,"date":"2022-04-29T20:48:20","date_gmt":"2022-04-29T18:48:20","guid":{"rendered":"https:\/\/dev.president-ksgov.net\/president-osmani-met-the-congressmen-members-of-the-albanian-issues-caucus-group-in-the-us-congress\/"},"modified":"2023-03-07T08:49:17","modified_gmt":"2023-03-07T08:49:17","slug":"president-osmani-met-the-congressmen-members-of-the-albanian-issues-caucus-group-in-the-us-congress","status":"publish","type":"post","link":"https:\/\/president-ksgov.net\/en\/president-osmani-met-the-congressmen-members-of-the-albanian-issues-caucus-group-in-the-us-congress\/","title":{"rendered":"President Osmani met the congressmen members of the Albanian issues caucus group in the US Congress"},"content":{"rendered":"<p>The President of the Republic of Kosovo Vjosa Osmani-Sadriu was received today at meetings by the co-chairs of the group for Albanian issues caucus, congressmen Jim Himes and Ritchie Torres, as well as by the member of the group, Congressman Robert Aderholt.<\/p>\n<p>During the meeting with Congressmen Jim Himes and Ritchie Torres, President Osmani thanked the co-chairs of the Albanian Issues Caucus Group in the Congress for their extraordinary commitment to supporting Kosovo. President Osmani expressed her appreciation for all the initiatives taken in the Congress and in relation to the US administration by congressmen in support of Kosovo, including the initiative to support Kosovo&#039;s membership in NATO, as well as other international organizations. Interlocutors agreed to continue close cooperation, as well as the cooperation with other members of Congress towards further advancement of special relations with the US.<\/p>\n<p>At the meeting with Congressman Robert Aderholt, President Osmani briefed the congressman on the work of Kosovo institutions and the reforms that are being undertaken, as well as about the security situation in Kosovo and the region. President Osmani emphasized that the role of NATO in Kosovo is extremely important in maintaining peace and security. President Osmani and Congressman Aderholt also discussed the importance of cooperation between Kosovo and the United States in the fields of defense, economy and other areas of mutual interest.<\/p>\n<p>\u00a0<\/p>\n","protected":false},"excerpt":{"rendered":"<p>The President of the Republic of Kosovo Vjosa Osmani-Sadriu was received today at meetings by the co-chairs of the group for Albanian issues caucus, congressmen Jim Himes and Ritchie Torres, as well as by the member of the group, Congressman Robert Aderholt.<\/p>\n","protected":false},"author":1,"featured_media":14028,"comment_status":"open","ping_status":"closed","sticky":false,"template":"","format":"standard","meta":{"_eb_attr":"","footnotes":""},"categories":[113,111],"tags":[],"class_list":["post-66696","post","type-post","status-publish","format-standard","has-post-thumbnail","hentry","category-international-visits","category-news"],"yoast_head":"<!-- This site is optimized with the Yoast SEO plugin v23.5 - https:\/\/yoast.com\/wordpress\/plugins\/seo\/ -->\n<title>President Osmani met the congressmen members of the Albanian issues caucus group in the US Congress - President of the Republic of Kosovo - DR. VJOSA OSMANI - SADRIU<\/title>\n<meta name=\"description\" content=\"President Osmani met the congressmen members of the Albanian issues caucus group in the US Congress - President of the Republic of Kosovo - DR. VJOSA OSMANI - SADRIU -\" \/>\n<meta name=\"robots\" content=\"index, follow, max-snippet:-1, max-image-preview:large, max-video-preview:-1\" \/>\n<link rel=\"canonical\" href=\"https:\/\/president-ksgov.net\/en\/president-osmani-met-the-congressmen-members-of-the-albanian-issues-caucus-group-in-the-us-congress\/\" \/>\n<meta property=\"og:locale\" content=\"en_US\" \/>\n<meta property=\"og:type\" content=\"article\" \/>\n<meta property=\"og:title\" content=\"President Osmani met the congressmen members of the Albanian issues caucus group in the US Congress - President of the Republic of Kosovo - DR. VJOSA OSMANI - SADRIU\" \/>\n<meta property=\"og:description\" content=\"President Osmani met the congressmen members of the Albanian issues caucus group in the US Congress - President of the Republic of Kosovo - DR. VJOSA OSMANI - SADRIU -\" \/>\n<meta property=\"og:url\" content=\"https:\/\/president-ksgov.net\/en\/president-osmani-met-the-congressmen-members-of-the-albanian-issues-caucus-group-in-the-us-congress\/\" \/>\n<meta property=\"og:site_name\" content=\"President of the Republic of Kosovo - DR. VJOSA OSMANI - SADRIU\" \/>\n<meta property=\"article:published_time\" content=\"2022-04-29T18:48:20+00:00\" \/>\n<meta property=\"article:modified_time\" content=\"2023-03-07T08:49:17+00:00\" \/>\n<meta property=\"og:image\" content=\"https:\/\/president-ksgov.net\/wp-content\/uploads\/29_04_2022_6911460_2___Aderholt-scaled.jpg\" \/>\n\t<meta property=\"og:image:width\" content=\"2560\" \/>\n\t<meta property=\"og:image:height\" content=\"1704\" \/>\n\t<meta property=\"og:image:type\" content=\"image\/jpeg\" \/>\n<meta name=\"author\" content=\"admin\" \/>\n<meta name=\"twitter:card\" content=\"summary_large_image\" \/>\n<meta name=\"twitter:label1\" content=\"Written by\" \/>\n\t<meta name=\"twitter:data1\" content=\"admin\" \/>\n\t<meta name=\"twitter:label2\" content=\"Est. reading time\" \/>\n\t<meta name=\"twitter:data2\" content=\"1 minute\" \/>\n<script type=\"application\/ld+json\" class=\"yoast-schema-graph\">{\"@context\":\"https:\/\/schema.org\",\"@graph\":[{\"@type\":\"WebPage\",\"@id\":\"https:\/\/president-ksgov.net\/en\/president-osmani-met-the-congressmen-members-of-the-albanian-issues-caucus-group-in-the-us-congress\/\",\"url\":\"https:\/\/president-ksgov.net\/en\/president-osmani-met-the-congressmen-members-of-the-albanian-issues-caucus-group-in-the-us-congress\/\",\"name\":\"President Osmani met the congressmen members of the Albanian issues caucus group in the US Congress - President of the Republic of Kosovo - DR. VJOSA OSMANI - SADRIU\",\"isPartOf\":{\"@id\":\"https:\/\/president-ksgov.net\/#website\"},\"primaryImageOfPage\":{\"@id\":\"https:\/\/president-ksgov.net\/en\/president-osmani-met-the-congressmen-members-of-the-albanian-issues-caucus-group-in-the-us-congress\/#primaryimage\"},\"image\":{\"@id\":\"https:\/\/president-ksgov.net\/en\/president-osmani-met-the-congressmen-members-of-the-albanian-issues-caucus-group-in-the-us-congress\/#primaryimage\"},\"thumbnailUrl\":\"https:\/\/president-ksgov.net\/wp-content\/uploads\/29_04_2022_6911460_2___Aderholt-scaled.jpg\",\"datePublished\":\"2022-04-29T18:48:20+00:00\",\"dateModified\":\"2023-03-07T08:49:17+00:00\",\"author\":{\"@id\":\"https:\/\/president-ksgov.net\/#\/schema\/person\/bb4337a5fb147cb2046d80548172cbee\"},\"description\":\"President Osmani met the congressmen members of the Albanian issues caucus group in the US Congress - President of the Republic of Kosovo - DR. VJOSA OSMANI - SADRIU -\",\"breadcrumb\":{\"@id\":\"https:\/\/president-ksgov.net\/en\/president-osmani-met-the-congressmen-members-of-the-albanian-issues-caucus-group-in-the-us-congress\/#breadcrumb\"},\"inLanguage\":\"en-US\",\"potentialAction\":[{\"@type\":\"ReadAction\",\"target\":[\"https:\/\/president-ksgov.net\/en\/president-osmani-met-the-congressmen-members-of-the-albanian-issues-caucus-group-in-the-us-congress\/\"]}]},{\"@type\":\"ImageObject\",\"inLanguage\":\"en-US\",\"@id\":\"https:\/\/president-ksgov.net\/en\/president-osmani-met-the-congressmen-members-of-the-albanian-issues-caucus-group-in-the-us-congress\/#primaryimage\",\"url\":\"https:\/\/president-ksgov.net\/wp-content\/uploads\/29_04_2022_6911460_2___Aderholt-scaled.jpg\",\"contentUrl\":\"https:\/\/president-ksgov.net\/wp-content\/uploads\/29_04_2022_6911460_2___Aderholt-scaled.jpg\",\"width\":2560,\"height\":1704},{\"@type\":\"BreadcrumbList\",\"@id\":\"https:\/\/president-ksgov.net\/en\/president-osmani-met-the-congressmen-members-of-the-albanian-issues-caucus-group-in-the-us-congress\/#breadcrumb\",\"itemListElement\":[{\"@type\":\"ListItem\",\"position\":1,\"name\":\"Home\",\"item\":\"https:\/\/president-ksgov.net\/en\/\"},{\"@type\":\"ListItem\",\"position\":2,\"name\":\"President Osmani met the congressmen members of the Albanian issues caucus group in the US Congress\"}]},{\"@type\":\"WebSite\",\"@id\":\"https:\/\/president-ksgov.net\/#website\",\"url\":\"https:\/\/president-ksgov.net\/\",\"name\":\"Presidente e Republik\u00ebs s\u00eb Kosov\u00ebs\",\"description\":\"Presidente e Republik\u00ebs s\u00eb Kosov\u00ebs\",\"alternateName\":\"DR. VJOSA OSMANI - SADRIU\",\"potentialAction\":[{\"@type\":\"SearchAction\",\"target\":{\"@type\":\"EntryPoint\",\"urlTemplate\":\"https:\/\/president-ksgov.net\/?s={search_term_string}\"},\"query-input\":{\"@type\":\"PropertyValueSpecification\",\"valueRequired\":true,\"valueName\":\"search_term_string\"}}],\"inLanguage\":\"en-US\"},{\"@type\":\"Person\",\"@id\":\"https:\/\/president-ksgov.net\/#\/schema\/person\/bb4337a5fb147cb2046d80548172cbee\",\"name\":\"admin\",\"image\":{\"@type\":\"ImageObject\",\"inLanguage\":\"en-US\",\"@id\":\"https:\/\/president-ksgov.net\/#\/schema\/person\/image\/\",\"url\":\"https:\/\/secure.gravatar.com\/avatar\/36156ca0fa3b8d9d25174f146e16beea0cf28f37adf1b9e19b6c9c279a7c9dd3?s=96&d=mm&r=g\",\"contentUrl\":\"https:\/\/secure.gravatar.com\/avatar\/36156ca0fa3b8d9d25174f146e16beea0cf28f37adf1b9e19b6c9c279a7c9dd3?s=96&d=mm&r=g\",\"caption\":\"admin\"},\"sameAs\":[\"https:\/\/president-ksgov.net\"]}]}<\/script>\n<!-- \/ Yoast SEO plugin. -->","yoast_head_json":{"title":"President Osmani met the congressmen members of the Albanian issues caucus group in the US Congress - President of the Republic of Kosovo - DR. VJOSA OSMANI - SADRIU","description":"President Osmani met the congressmen members of the Albanian issues caucus group in the US Congress - President of the Republic of Kosovo - DR. VJOSA OSMANI - SADRIU -","robots":{"index":"index","follow":"follow","max-snippet":"max-snippet:-1","max-image-preview":"max-image-preview:large","max-video-preview":"max-video-preview:-1"},"canonical":"https:\/\/president-ksgov.net\/en\/president-osmani-met-the-congressmen-members-of-the-albanian-issues-caucus-group-in-the-us-congress\/","og_locale":"en_US","og_type":"article","og_title":"President Osmani met the congressmen members of the Albanian issues caucus group in the US Congress - President of the Republic of Kosovo - DR. VJOSA OSMANI - SADRIU","og_description":"President Osmani met the congressmen members of the Albanian issues caucus group in the US Congress - President of the Republic of Kosovo - DR. VJOSA OSMANI - SADRIU -","og_url":"https:\/\/president-ksgov.net\/en\/president-osmani-met-the-congressmen-members-of-the-albanian-issues-caucus-group-in-the-us-congress\/","og_site_name":"President of the Republic of Kosovo - DR. VJOSA OSMANI - SADRIU","article_published_time":"2022-04-29T18:48:20+00:00","article_modified_time":"2023-03-07T08:49:17+00:00","og_image":[{"width":2560,"height":1704,"url":"https:\/\/president-ksgov.net\/wp-content\/uploads\/29_04_2022_6911460_2___Aderholt-scaled.jpg","type":"image\/jpeg"}],"author":"admin","twitter_card":"summary_large_image","twitter_misc":{"Written by":"admin","Est. reading time":"1 minute"},"schema":{"@context":"https:\/\/schema.org","@graph":[{"@type":"WebPage","@id":"https:\/\/president-ksgov.net\/en\/president-osmani-met-the-congressmen-members-of-the-albanian-issues-caucus-group-in-the-us-congress\/","url":"https:\/\/president-ksgov.net\/en\/president-osmani-met-the-congressmen-members-of-the-albanian-issues-caucus-group-in-the-us-congress\/","name":"President Osmani met the congressmen members of the Albanian issues caucus group in the US Congress - President of the Republic of Kosovo - DR. VJOSA OSMANI - SADRIU","isPartOf":{"@id":"https:\/\/president-ksgov.net\/#website"},"primaryImageOfPage":{"@id":"https:\/\/president-ksgov.net\/en\/president-osmani-met-the-congressmen-members-of-the-albanian-issues-caucus-group-in-the-us-congress\/#primaryimage"},"image":{"@id":"https:\/\/president-ksgov.net\/en\/president-osmani-met-the-congressmen-members-of-the-albanian-issues-caucus-group-in-the-us-congress\/#primaryimage"},"thumbnailUrl":"https:\/\/president-ksgov.net\/wp-content\/uploads\/29_04_2022_6911460_2___Aderholt-scaled.jpg","datePublished":"2022-04-29T18:48:20+00:00","dateModified":"2023-03-07T08:49:17+00:00","author":{"@id":"https:\/\/president-ksgov.net\/#\/schema\/person\/bb4337a5fb147cb2046d80548172cbee"},"description":"President Osmani met the congressmen members of the Albanian issues caucus group in the US Congress - President of the Republic of Kosovo - DR. VJOSA OSMANI - SADRIU -","breadcrumb":{"@id":"https:\/\/president-ksgov.net\/en\/president-osmani-met-the-congressmen-members-of-the-albanian-issues-caucus-group-in-the-us-congress\/#breadcrumb"},"inLanguage":"en-US","potentialAction":[{"@type":"ReadAction","target":["https:\/\/president-ksgov.net\/en\/president-osmani-met-the-congressmen-members-of-the-albanian-issues-caucus-group-in-the-us-congress\/"]}]},{"@type":"ImageObject","inLanguage":"en-US","@id":"https:\/\/president-ksgov.net\/en\/president-osmani-met-the-congressmen-members-of-the-albanian-issues-caucus-group-in-the-us-congress\/#primaryimage","url":"https:\/\/president-ksgov.net\/wp-content\/uploads\/29_04_2022_6911460_2___Aderholt-scaled.jpg","contentUrl":"https:\/\/president-ksgov.net\/wp-content\/uploads\/29_04_2022_6911460_2___Aderholt-scaled.jpg","width":2560,"height":1704},{"@type":"BreadcrumbList","@id":"https:\/\/president-ksgov.net\/en\/president-osmani-met-the-congressmen-members-of-the-albanian-issues-caucus-group-in-the-us-congress\/#breadcrumb","itemListElement":[{"@type":"ListItem","position":1,"name":"Home","item":"https:\/\/president-ksgov.net\/en\/"},{"@type":"ListItem","position":2,"name":"President Osmani met the congressmen members of the Albanian issues caucus group in the US Congress"}]},{"@type":"WebSite","@id":"https:\/\/president-ksgov.net\/#website","url":"https:\/\/president-ksgov.net\/","name":"Presidente e Republik\u00ebs s\u00eb Kosov\u00ebs","description":"Presidente e Republik\u00ebs s\u00eb Kosov\u00ebs","alternateName":"DR. VJOSA OSMANI - SADRIU","potentialAction":[{"@type":"SearchAction","target":{"@type":"EntryPoint","urlTemplate":"https:\/\/president-ksgov.net\/?s={search_term_string}"},"query-input":{"@type":"PropertyValueSpecification","valueRequired":true,"valueName":"search_term_string"}}],"inLanguage":"en-US"},{"@type":"Person","@id":"https:\/\/president-ksgov.net\/#\/schema\/person\/bb4337a5fb147cb2046d80548172cbee","name":"admin","image":{"@type":"ImageObject","inLanguage":"en-US","@id":"https:\/\/president-ksgov.net\/#\/schema\/person\/image\/","url":"https:\/\/secure.gravatar.com\/avatar\/36156ca0fa3b8d9d25174f146e16beea0cf28f37adf1b9e19b6c9c279a7c9dd3?s=96&d=mm&r=g","contentUrl":"https:\/\/secure.gravatar.com\/avatar\/36156ca0fa3b8d9d25174f146e16beea0cf28f37adf1b9e19b6c9c279a7c9dd3?s=96&d=mm&r=g","caption":"admin"},"sameAs":["https:\/\/president-ksgov.net"]}]}},"_links":{"self":[{"href":"https:\/\/president-ksgov.net\/en\/wp-json\/wp\/v2\/posts\/66696","targetHints":{"allow":["GET"]}}],"collection":[{"href":"https:\/\/president-ksgov.net\/en\/wp-json\/wp\/v2\/posts"}],"about":[{"href":"https:\/\/president-ksgov.net\/en\/wp-json\/wp\/v2\/types\/post"}],"author":[{"embeddable":true,"href":"https:\/\/president-ksgov.net\/en\/wp-json\/wp\/v2\/users\/1"}],"replies":[{"embeddable":true,"href":"https:\/\/president-ksgov.net\/en\/wp-json\/wp\/v2\/comments?post=66696"}],"version-history":[{"count":0,"href":"https:\/\/president-ksgov.net\/en\/wp-json\/wp\/v2\/posts\/66696\/revisions"}],"wp:featuredmedia":[{"embeddable":true,"href":"https:\/\/president-ksgov.net\/en\/wp-json\/wp\/v2\/media\/14028"}],"wp:attachment":[{"href":"https:\/\/president-ksgov.net\/en\/wp-json\/wp\/v2\/media?parent=66696"}],"wp:term":[{"taxonomy":"category","embeddable":true,"href":"https:\/\/president-ksgov.net\/en\/wp-json\/wp\/v2\/categories?post=66696"},{"taxonomy":"post_tag","embeddable":true,"href":"https:\/\/president-ksgov.net\/en\/wp-json\/wp\/v2\/tags?post=66696"}],"curies":[{"name":"wp","href":"https:\/\/api.w.org\/{rel}","templated":true}]}}