{"id":66605,"date":"2022-06-09T20:41:39","date_gmt":"2022-06-09T20:41:39","guid":{"rendered":"https:\/\/dev.president-ksgov.net\/president-osmani-travels-to-greece-for-the-summit-of-southeast-european-countries\/"},"modified":"2023-03-07T08:46:19","modified_gmt":"2023-03-07T08:46:19","slug":"president-osmani-travels-to-greece-for-the-summit-of-southeast-european-countries","status":"publish","type":"post","link":"https:\/\/president-ksgov.net\/en\/president-osmani-travels-to-greece-for-the-summit-of-southeast-european-countries\/","title":{"rendered":"President Osmani travels to Greece for the Summit of Southeast European countries"},"content":{"rendered":"<p>The President of the Republic of Kosovo, Vjosa Osmani-Sadriu, will travel to Greece to participate in the Summit of the Heads of State of the South-East European Cooperation Process (SEECP).<\/p>\n<p>At this Summit, President Osmani will join the leaders of 13 countries in discussing the expansion of the cooperation with countries in the region and international partners to guarantee peace, security, stability, and economic, political and social development in the region. The SEECP Summit will also focus on recent developments in Europe, including the war in Ukraine, as well as their impact on countries in the region.<br \/>\n\u00a0<br \/>\nDuring the SEECP Summit, President Osmani will have a bilateral meeting with the Summit host, the Prime Minister of Greece Kyriakos Mitsotakis, as well as with other participants. President Osmani will attend the official dinner of the Summit with German Chancellor Olaf Scholz and EU Council President Charles Michel.<br \/>\n\u00a0<br \/>\nIn this SEECP Summit, President Osmani will also talk about the role that the Republic of Kosovo is playing in maintaining peace and stability in the region; the importance of regional cooperation based on the principles of equality and inclusion, as well as the need to accelerate the Euro-Atlantic perspective for Kosovo and other democratic countries in the region.<\/p>\n","protected":false},"excerpt":{"rendered":"<p>The President of the Republic of Kosovo, Vjosa Osmani-Sadriu, will travel to Greece to participate in the Summit of the Heads of State of the South-East European Cooperation Process (SEECP).<\/p>\n","protected":false},"author":1,"featured_media":13073,"comment_status":"open","ping_status":"closed","sticky":false,"template":"","format":"standard","meta":{"_eb_attr":"","footnotes":""},"categories":[111],"tags":[],"class_list":["post-66605","post","type-post","status-publish","format-standard","has-post-thumbnail","hentry","category-news"],"yoast_head":"<!-- This site is optimized with the Yoast SEO plugin v23.5 - https:\/\/yoast.com\/wordpress\/plugins\/seo\/ -->\n<title>President Osmani travels to Greece for the Summit of Southeast European countries - President of the Republic of Kosovo - DR. VJOSA OSMANI - SADRIU<\/title>\n<meta name=\"description\" content=\"President Osmani travels to Greece for the Summit of Southeast European countries - President of the Republic of Kosovo - DR. VJOSA OSMANI - SADRIU -\" \/>\n<meta name=\"robots\" content=\"index, follow, max-snippet:-1, max-image-preview:large, max-video-preview:-1\" \/>\n<link rel=\"canonical\" href=\"https:\/\/president-ksgov.net\/en\/president-osmani-travels-to-greece-for-the-summit-of-southeast-european-countries\/\" \/>\n<meta property=\"og:locale\" content=\"en_US\" \/>\n<meta property=\"og:type\" content=\"article\" \/>\n<meta property=\"og:title\" content=\"President Osmani travels to Greece for the Summit of Southeast European countries - President of the Republic of Kosovo - DR. VJOSA OSMANI - SADRIU\" \/>\n<meta property=\"og:description\" content=\"President Osmani travels to Greece for the Summit of Southeast European countries - President of the Republic of Kosovo - DR. VJOSA OSMANI - SADRIU -\" \/>\n<meta property=\"og:url\" content=\"https:\/\/president-ksgov.net\/en\/president-osmani-travels-to-greece-for-the-summit-of-southeast-european-countries\/\" \/>\n<meta property=\"og:site_name\" content=\"President of the Republic of Kosovo - DR. VJOSA OSMANI - SADRIU\" \/>\n<meta property=\"article:published_time\" content=\"2022-06-09T20:41:39+00:00\" \/>\n<meta property=\"article:modified_time\" content=\"2023-03-07T08:46:19+00:00\" \/>\n<meta property=\"og:image\" content=\"https:\/\/president-ksgov.net\/wp-content\/uploads\/09_06_2022_1771028_05_04_2022_7029834__1.jpg\" \/>\n\t<meta property=\"og:image:width\" content=\"1600\" \/>\n\t<meta property=\"og:image:height\" content=\"1064\" \/>\n\t<meta property=\"og:image:type\" content=\"image\/jpeg\" \/>\n<meta name=\"author\" content=\"admin\" \/>\n<meta name=\"twitter:card\" content=\"summary_large_image\" \/>\n<meta name=\"twitter:label1\" content=\"Written by\" \/>\n\t<meta name=\"twitter:data1\" content=\"admin\" \/>\n\t<meta name=\"twitter:label2\" content=\"Est. reading time\" \/>\n\t<meta name=\"twitter:data2\" content=\"1 minute\" \/>\n<script type=\"application\/ld+json\" class=\"yoast-schema-graph\">{\"@context\":\"https:\/\/schema.org\",\"@graph\":[{\"@type\":\"WebPage\",\"@id\":\"https:\/\/president-ksgov.net\/en\/president-osmani-travels-to-greece-for-the-summit-of-southeast-european-countries\/\",\"url\":\"https:\/\/president-ksgov.net\/en\/president-osmani-travels-to-greece-for-the-summit-of-southeast-european-countries\/\",\"name\":\"President Osmani travels to Greece for the Summit of Southeast European countries - President of the Republic of Kosovo - DR. VJOSA OSMANI - SADRIU\",\"isPartOf\":{\"@id\":\"https:\/\/president-ksgov.net\/#website\"},\"primaryImageOfPage\":{\"@id\":\"https:\/\/president-ksgov.net\/en\/president-osmani-travels-to-greece-for-the-summit-of-southeast-european-countries\/#primaryimage\"},\"image\":{\"@id\":\"https:\/\/president-ksgov.net\/en\/president-osmani-travels-to-greece-for-the-summit-of-southeast-european-countries\/#primaryimage\"},\"thumbnailUrl\":\"https:\/\/president-ksgov.net\/wp-content\/uploads\/09_06_2022_1771028_05_04_2022_7029834__1.jpg\",\"datePublished\":\"2022-06-09T20:41:39+00:00\",\"dateModified\":\"2023-03-07T08:46:19+00:00\",\"author\":{\"@id\":\"https:\/\/president-ksgov.net\/#\/schema\/person\/bb4337a5fb147cb2046d80548172cbee\"},\"description\":\"President Osmani travels to Greece for the Summit of Southeast European countries - President of the Republic of Kosovo - DR. VJOSA OSMANI - SADRIU -\",\"breadcrumb\":{\"@id\":\"https:\/\/president-ksgov.net\/en\/president-osmani-travels-to-greece-for-the-summit-of-southeast-european-countries\/#breadcrumb\"},\"inLanguage\":\"en-US\",\"potentialAction\":[{\"@type\":\"ReadAction\",\"target\":[\"https:\/\/president-ksgov.net\/en\/president-osmani-travels-to-greece-for-the-summit-of-southeast-european-countries\/\"]}]},{\"@type\":\"ImageObject\",\"inLanguage\":\"en-US\",\"@id\":\"https:\/\/president-ksgov.net\/en\/president-osmani-travels-to-greece-for-the-summit-of-southeast-european-countries\/#primaryimage\",\"url\":\"https:\/\/president-ksgov.net\/wp-content\/uploads\/09_06_2022_1771028_05_04_2022_7029834__1.jpg\",\"contentUrl\":\"https:\/\/president-ksgov.net\/wp-content\/uploads\/09_06_2022_1771028_05_04_2022_7029834__1.jpg\",\"width\":1600,\"height\":1064},{\"@type\":\"BreadcrumbList\",\"@id\":\"https:\/\/president-ksgov.net\/en\/president-osmani-travels-to-greece-for-the-summit-of-southeast-european-countries\/#breadcrumb\",\"itemListElement\":[{\"@type\":\"ListItem\",\"position\":1,\"name\":\"Home\",\"item\":\"https:\/\/president-ksgov.net\/en\/\"},{\"@type\":\"ListItem\",\"position\":2,\"name\":\"President Osmani travels to Greece for the Summit of Southeast European countries\"}]},{\"@type\":\"WebSite\",\"@id\":\"https:\/\/president-ksgov.net\/#website\",\"url\":\"https:\/\/president-ksgov.net\/\",\"name\":\"Presidente e Republik\u00ebs s\u00eb Kosov\u00ebs\",\"description\":\"Presidente e Republik\u00ebs s\u00eb Kosov\u00ebs\",\"alternateName\":\"DR. VJOSA OSMANI - SADRIU\",\"potentialAction\":[{\"@type\":\"SearchAction\",\"target\":{\"@type\":\"EntryPoint\",\"urlTemplate\":\"https:\/\/president-ksgov.net\/?s={search_term_string}\"},\"query-input\":{\"@type\":\"PropertyValueSpecification\",\"valueRequired\":true,\"valueName\":\"search_term_string\"}}],\"inLanguage\":\"en-US\"},{\"@type\":\"Person\",\"@id\":\"https:\/\/president-ksgov.net\/#\/schema\/person\/bb4337a5fb147cb2046d80548172cbee\",\"name\":\"admin\",\"image\":{\"@type\":\"ImageObject\",\"inLanguage\":\"en-US\",\"@id\":\"https:\/\/president-ksgov.net\/#\/schema\/person\/image\/\",\"url\":\"https:\/\/secure.gravatar.com\/avatar\/36156ca0fa3b8d9d25174f146e16beea0cf28f37adf1b9e19b6c9c279a7c9dd3?s=96&d=mm&r=g\",\"contentUrl\":\"https:\/\/secure.gravatar.com\/avatar\/36156ca0fa3b8d9d25174f146e16beea0cf28f37adf1b9e19b6c9c279a7c9dd3?s=96&d=mm&r=g\",\"caption\":\"admin\"},\"sameAs\":[\"https:\/\/president-ksgov.net\"]}]}<\/script>\n<!-- \/ Yoast SEO plugin. -->","yoast_head_json":{"title":"President Osmani travels to Greece for the Summit of Southeast European countries - President of the Republic of Kosovo - DR. VJOSA OSMANI - SADRIU","description":"President Osmani travels to Greece for the Summit of Southeast European countries - President of the Republic of Kosovo - DR. VJOSA OSMANI - SADRIU -","robots":{"index":"index","follow":"follow","max-snippet":"max-snippet:-1","max-image-preview":"max-image-preview:large","max-video-preview":"max-video-preview:-1"},"canonical":"https:\/\/president-ksgov.net\/en\/president-osmani-travels-to-greece-for-the-summit-of-southeast-european-countries\/","og_locale":"en_US","og_type":"article","og_title":"President Osmani travels to Greece for the Summit of Southeast European countries - President of the Republic of Kosovo - DR. VJOSA OSMANI - SADRIU","og_description":"President Osmani travels to Greece for the Summit of Southeast European countries - President of the Republic of Kosovo - DR. VJOSA OSMANI - SADRIU -","og_url":"https:\/\/president-ksgov.net\/en\/president-osmani-travels-to-greece-for-the-summit-of-southeast-european-countries\/","og_site_name":"President of the Republic of Kosovo - DR. VJOSA OSMANI - SADRIU","article_published_time":"2022-06-09T20:41:39+00:00","article_modified_time":"2023-03-07T08:46:19+00:00","og_image":[{"width":1600,"height":1064,"url":"https:\/\/president-ksgov.net\/wp-content\/uploads\/09_06_2022_1771028_05_04_2022_7029834__1.jpg","type":"image\/jpeg"}],"author":"admin","twitter_card":"summary_large_image","twitter_misc":{"Written by":"admin","Est. reading time":"1 minute"},"schema":{"@context":"https:\/\/schema.org","@graph":[{"@type":"WebPage","@id":"https:\/\/president-ksgov.net\/en\/president-osmani-travels-to-greece-for-the-summit-of-southeast-european-countries\/","url":"https:\/\/president-ksgov.net\/en\/president-osmani-travels-to-greece-for-the-summit-of-southeast-european-countries\/","name":"President Osmani travels to Greece for the Summit of Southeast European countries - President of the Republic of Kosovo - DR. VJOSA OSMANI - SADRIU","isPartOf":{"@id":"https:\/\/president-ksgov.net\/#website"},"primaryImageOfPage":{"@id":"https:\/\/president-ksgov.net\/en\/president-osmani-travels-to-greece-for-the-summit-of-southeast-european-countries\/#primaryimage"},"image":{"@id":"https:\/\/president-ksgov.net\/en\/president-osmani-travels-to-greece-for-the-summit-of-southeast-european-countries\/#primaryimage"},"thumbnailUrl":"https:\/\/president-ksgov.net\/wp-content\/uploads\/09_06_2022_1771028_05_04_2022_7029834__1.jpg","datePublished":"2022-06-09T20:41:39+00:00","dateModified":"2023-03-07T08:46:19+00:00","author":{"@id":"https:\/\/president-ksgov.net\/#\/schema\/person\/bb4337a5fb147cb2046d80548172cbee"},"description":"President Osmani travels to Greece for the Summit of Southeast European countries - President of the Republic of Kosovo - DR. VJOSA OSMANI - SADRIU -","breadcrumb":{"@id":"https:\/\/president-ksgov.net\/en\/president-osmani-travels-to-greece-for-the-summit-of-southeast-european-countries\/#breadcrumb"},"inLanguage":"en-US","potentialAction":[{"@type":"ReadAction","target":["https:\/\/president-ksgov.net\/en\/president-osmani-travels-to-greece-for-the-summit-of-southeast-european-countries\/"]}]},{"@type":"ImageObject","inLanguage":"en-US","@id":"https:\/\/president-ksgov.net\/en\/president-osmani-travels-to-greece-for-the-summit-of-southeast-european-countries\/#primaryimage","url":"https:\/\/president-ksgov.net\/wp-content\/uploads\/09_06_2022_1771028_05_04_2022_7029834__1.jpg","contentUrl":"https:\/\/president-ksgov.net\/wp-content\/uploads\/09_06_2022_1771028_05_04_2022_7029834__1.jpg","width":1600,"height":1064},{"@type":"BreadcrumbList","@id":"https:\/\/president-ksgov.net\/en\/president-osmani-travels-to-greece-for-the-summit-of-southeast-european-countries\/#breadcrumb","itemListElement":[{"@type":"ListItem","position":1,"name":"Home","item":"https:\/\/president-ksgov.net\/en\/"},{"@type":"ListItem","position":2,"name":"President Osmani travels to Greece for the Summit of Southeast European countries"}]},{"@type":"WebSite","@id":"https:\/\/president-ksgov.net\/#website","url":"https:\/\/president-ksgov.net\/","name":"Presidente e Republik\u00ebs s\u00eb Kosov\u00ebs","description":"Presidente e Republik\u00ebs s\u00eb Kosov\u00ebs","alternateName":"DR. VJOSA OSMANI - SADRIU","potentialAction":[{"@type":"SearchAction","target":{"@type":"EntryPoint","urlTemplate":"https:\/\/president-ksgov.net\/?s={search_term_string}"},"query-input":{"@type":"PropertyValueSpecification","valueRequired":true,"valueName":"search_term_string"}}],"inLanguage":"en-US"},{"@type":"Person","@id":"https:\/\/president-ksgov.net\/#\/schema\/person\/bb4337a5fb147cb2046d80548172cbee","name":"admin","image":{"@type":"ImageObject","inLanguage":"en-US","@id":"https:\/\/president-ksgov.net\/#\/schema\/person\/image\/","url":"https:\/\/secure.gravatar.com\/avatar\/36156ca0fa3b8d9d25174f146e16beea0cf28f37adf1b9e19b6c9c279a7c9dd3?s=96&d=mm&r=g","contentUrl":"https:\/\/secure.gravatar.com\/avatar\/36156ca0fa3b8d9d25174f146e16beea0cf28f37adf1b9e19b6c9c279a7c9dd3?s=96&d=mm&r=g","caption":"admin"},"sameAs":["https:\/\/president-ksgov.net"]}]}},"_links":{"self":[{"href":"https:\/\/president-ksgov.net\/en\/wp-json\/wp\/v2\/posts\/66605","targetHints":{"allow":["GET"]}}],"collection":[{"href":"https:\/\/president-ksgov.net\/en\/wp-json\/wp\/v2\/posts"}],"about":[{"href":"https:\/\/president-ksgov.net\/en\/wp-json\/wp\/v2\/types\/post"}],"author":[{"embeddable":true,"href":"https:\/\/president-ksgov.net\/en\/wp-json\/wp\/v2\/users\/1"}],"replies":[{"embeddable":true,"href":"https:\/\/president-ksgov.net\/en\/wp-json\/wp\/v2\/comments?post=66605"}],"version-history":[{"count":0,"href":"https:\/\/president-ksgov.net\/en\/wp-json\/wp\/v2\/posts\/66605\/revisions"}],"wp:featuredmedia":[{"embeddable":true,"href":"https:\/\/president-ksgov.net\/en\/wp-json\/wp\/v2\/media\/13073"}],"wp:attachment":[{"href":"https:\/\/president-ksgov.net\/en\/wp-json\/wp\/v2\/media?parent=66605"}],"wp:term":[{"taxonomy":"category","embeddable":true,"href":"https:\/\/president-ksgov.net\/en\/wp-json\/wp\/v2\/categories?post=66605"},{"taxonomy":"post_tag","embeddable":true,"href":"https:\/\/president-ksgov.net\/en\/wp-json\/wp\/v2\/tags?post=66605"}],"curies":[{"name":"wp","href":"https:\/\/api.w.org\/{rel}","templated":true}]}}