{"id":66587,"date":"2022-06-16T08:41:55","date_gmt":"2022-06-16T06:41:55","guid":{"rendered":"https:\/\/dev.president-ksgov.net\/president-osmani-participates-at-the-prespa-forum-in-north-macedonia\/"},"modified":"2023-03-07T08:45:48","modified_gmt":"2023-03-07T08:45:48","slug":"president-osmani-participates-at-the-prespa-forum-in-north-macedonia","status":"publish","type":"post","link":"https:\/\/president-ksgov.net\/en\/president-osmani-participates-at-the-prespa-forum-in-north-macedonia\/","title":{"rendered":"President Osmani participates at the Prespa Forum in North Macedonia"},"content":{"rendered":"<p>At the invitation of the President of North Macedonia Stevo Pendarovski, the President of the Republic of Kosovo Vjosa Osmani-Sadriu, departed for North Macedonia to participate at the Prespa Forum for Dialogue on the topic: Shaping Western Balkans future in the contemporary European security architecture, which takes place from 16th to 18th of June in Oh\u00ebr.<\/p>\n<p>President Osmani will address the panel during the main official opening session, with other heads of state, on the topic: &#8220;What after the war in Ukraine?&#8221; which will discuss the new geopolitical reality created by the war in Ukraine, the strengthening of transatlantic unity as well as the joint response against Russian aggression.<\/p>\n<p>The Prespa Forum for Dialogue will host the heads of state of the region, representatives from the EU, US, and prominent personalities in the fields of politics, security, economics, academia and business. During the Forum, President Osmani will have a bilateral meeting with her counterpart Stevo Pendarovski, as well as with senior officials of other participating countries.<\/p>\n<p>In addition to the official opening session and bilateral meetings, President Osmani will be one of the keynote speakers at the discussion panel &#8220;Summit for Democracy: The Importance of Women in Governance&#8221;, where she will discuss the need to advance the agenda of women, security and peace.<\/p>\n","protected":false},"excerpt":{"rendered":"<p>At the invitation of the President of North Macedonia Stevo Pendarovski, the President of the Republic of Kosovo Vjosa Osmani-Sadriu, departed for North Macedonia to participate at the Prespa Forum for Dialogue on the topic: Shaping Western Balkans future in the contemporary European security architecture, which takes place from 16th to 18th of June in Oh\u00ebr.<\/p>\n","protected":false},"author":1,"featured_media":12903,"comment_status":"open","ping_status":"closed","sticky":false,"template":"","format":"standard","meta":{"_eb_attr":"","footnotes":""},"categories":[113,111],"tags":[],"class_list":["post-66587","post","type-post","status-publish","format-standard","has-post-thumbnail","hentry","category-international-visits","category-news"],"yoast_head":"<!-- This site is optimized with the Yoast SEO plugin v23.5 - https:\/\/yoast.com\/wordpress\/plugins\/seo\/ -->\n<title>President Osmani participates at the Prespa Forum in North Macedonia - President of the Republic of Kosovo - DR. VJOSA OSMANI - SADRIU<\/title>\n<meta name=\"description\" content=\"President Osmani participates at the Prespa Forum in North Macedonia - President of the Republic of Kosovo - DR. VJOSA OSMANI - SADRIU -\" \/>\n<meta name=\"robots\" content=\"index, follow, max-snippet:-1, max-image-preview:large, max-video-preview:-1\" \/>\n<link rel=\"canonical\" href=\"https:\/\/president-ksgov.net\/en\/president-osmani-participates-at-the-prespa-forum-in-north-macedonia\/\" \/>\n<meta property=\"og:locale\" content=\"en_US\" \/>\n<meta property=\"og:type\" content=\"article\" \/>\n<meta property=\"og:title\" content=\"President Osmani participates at the Prespa Forum in North Macedonia - President of the Republic of Kosovo - DR. VJOSA OSMANI - SADRIU\" \/>\n<meta property=\"og:description\" content=\"President Osmani participates at the Prespa Forum in North Macedonia - President of the Republic of Kosovo - DR. VJOSA OSMANI - SADRIU -\" \/>\n<meta property=\"og:url\" content=\"https:\/\/president-ksgov.net\/en\/president-osmani-participates-at-the-prespa-forum-in-north-macedonia\/\" \/>\n<meta property=\"og:site_name\" content=\"President of the Republic of Kosovo - DR. VJOSA OSMANI - SADRIU\" \/>\n<meta property=\"article:published_time\" content=\"2022-06-16T06:41:55+00:00\" \/>\n<meta property=\"article:modified_time\" content=\"2023-03-07T08:45:48+00:00\" \/>\n<meta property=\"og:image\" content=\"https:\/\/president-ksgov.net\/wp-content\/uploads\/16_06_2022_6948594_05_04_2022_7029834__1.jpg\" \/>\n\t<meta property=\"og:image:width\" content=\"1600\" \/>\n\t<meta property=\"og:image:height\" content=\"1064\" \/>\n\t<meta property=\"og:image:type\" content=\"image\/jpeg\" \/>\n<meta name=\"author\" content=\"admin\" \/>\n<meta name=\"twitter:card\" content=\"summary_large_image\" \/>\n<meta name=\"twitter:label1\" content=\"Written by\" \/>\n\t<meta name=\"twitter:data1\" content=\"admin\" \/>\n\t<meta name=\"twitter:label2\" content=\"Est. reading time\" \/>\n\t<meta name=\"twitter:data2\" content=\"1 minute\" \/>\n<script type=\"application\/ld+json\" class=\"yoast-schema-graph\">{\"@context\":\"https:\/\/schema.org\",\"@graph\":[{\"@type\":\"WebPage\",\"@id\":\"https:\/\/president-ksgov.net\/en\/president-osmani-participates-at-the-prespa-forum-in-north-macedonia\/\",\"url\":\"https:\/\/president-ksgov.net\/en\/president-osmani-participates-at-the-prespa-forum-in-north-macedonia\/\",\"name\":\"President Osmani participates at the Prespa Forum in North Macedonia - President of the Republic of Kosovo - DR. VJOSA OSMANI - SADRIU\",\"isPartOf\":{\"@id\":\"https:\/\/president-ksgov.net\/#website\"},\"primaryImageOfPage\":{\"@id\":\"https:\/\/president-ksgov.net\/en\/president-osmani-participates-at-the-prespa-forum-in-north-macedonia\/#primaryimage\"},\"image\":{\"@id\":\"https:\/\/president-ksgov.net\/en\/president-osmani-participates-at-the-prespa-forum-in-north-macedonia\/#primaryimage\"},\"thumbnailUrl\":\"https:\/\/president-ksgov.net\/wp-content\/uploads\/16_06_2022_6948594_05_04_2022_7029834__1.jpg\",\"datePublished\":\"2022-06-16T06:41:55+00:00\",\"dateModified\":\"2023-03-07T08:45:48+00:00\",\"author\":{\"@id\":\"https:\/\/president-ksgov.net\/#\/schema\/person\/bb4337a5fb147cb2046d80548172cbee\"},\"description\":\"President Osmani participates at the Prespa Forum in North Macedonia - President of the Republic of Kosovo - DR. VJOSA OSMANI - SADRIU -\",\"breadcrumb\":{\"@id\":\"https:\/\/president-ksgov.net\/en\/president-osmani-participates-at-the-prespa-forum-in-north-macedonia\/#breadcrumb\"},\"inLanguage\":\"en-US\",\"potentialAction\":[{\"@type\":\"ReadAction\",\"target\":[\"https:\/\/president-ksgov.net\/en\/president-osmani-participates-at-the-prespa-forum-in-north-macedonia\/\"]}]},{\"@type\":\"ImageObject\",\"inLanguage\":\"en-US\",\"@id\":\"https:\/\/president-ksgov.net\/en\/president-osmani-participates-at-the-prespa-forum-in-north-macedonia\/#primaryimage\",\"url\":\"https:\/\/president-ksgov.net\/wp-content\/uploads\/16_06_2022_6948594_05_04_2022_7029834__1.jpg\",\"contentUrl\":\"https:\/\/president-ksgov.net\/wp-content\/uploads\/16_06_2022_6948594_05_04_2022_7029834__1.jpg\",\"width\":1600,\"height\":1064},{\"@type\":\"BreadcrumbList\",\"@id\":\"https:\/\/president-ksgov.net\/en\/president-osmani-participates-at-the-prespa-forum-in-north-macedonia\/#breadcrumb\",\"itemListElement\":[{\"@type\":\"ListItem\",\"position\":1,\"name\":\"Home\",\"item\":\"https:\/\/president-ksgov.net\/en\/\"},{\"@type\":\"ListItem\",\"position\":2,\"name\":\"President Osmani participates at the Prespa Forum in North Macedonia\"}]},{\"@type\":\"WebSite\",\"@id\":\"https:\/\/president-ksgov.net\/#website\",\"url\":\"https:\/\/president-ksgov.net\/\",\"name\":\"Presidente e Republik\u00ebs s\u00eb Kosov\u00ebs\",\"description\":\"Presidente e Republik\u00ebs s\u00eb Kosov\u00ebs\",\"alternateName\":\"DR. VJOSA OSMANI - SADRIU\",\"potentialAction\":[{\"@type\":\"SearchAction\",\"target\":{\"@type\":\"EntryPoint\",\"urlTemplate\":\"https:\/\/president-ksgov.net\/?s={search_term_string}\"},\"query-input\":{\"@type\":\"PropertyValueSpecification\",\"valueRequired\":true,\"valueName\":\"search_term_string\"}}],\"inLanguage\":\"en-US\"},{\"@type\":\"Person\",\"@id\":\"https:\/\/president-ksgov.net\/#\/schema\/person\/bb4337a5fb147cb2046d80548172cbee\",\"name\":\"admin\",\"image\":{\"@type\":\"ImageObject\",\"inLanguage\":\"en-US\",\"@id\":\"https:\/\/president-ksgov.net\/#\/schema\/person\/image\/\",\"url\":\"https:\/\/secure.gravatar.com\/avatar\/36156ca0fa3b8d9d25174f146e16beea0cf28f37adf1b9e19b6c9c279a7c9dd3?s=96&d=mm&r=g\",\"contentUrl\":\"https:\/\/secure.gravatar.com\/avatar\/36156ca0fa3b8d9d25174f146e16beea0cf28f37adf1b9e19b6c9c279a7c9dd3?s=96&d=mm&r=g\",\"caption\":\"admin\"},\"sameAs\":[\"https:\/\/president-ksgov.net\"]}]}<\/script>\n<!-- \/ Yoast SEO plugin. -->","yoast_head_json":{"title":"President Osmani participates at the Prespa Forum in North Macedonia - President of the Republic of Kosovo - DR. VJOSA OSMANI - SADRIU","description":"President Osmani participates at the Prespa Forum in North Macedonia - President of the Republic of Kosovo - DR. VJOSA OSMANI - SADRIU -","robots":{"index":"index","follow":"follow","max-snippet":"max-snippet:-1","max-image-preview":"max-image-preview:large","max-video-preview":"max-video-preview:-1"},"canonical":"https:\/\/president-ksgov.net\/en\/president-osmani-participates-at-the-prespa-forum-in-north-macedonia\/","og_locale":"en_US","og_type":"article","og_title":"President Osmani participates at the Prespa Forum in North Macedonia - President of the Republic of Kosovo - DR. VJOSA OSMANI - SADRIU","og_description":"President Osmani participates at the Prespa Forum in North Macedonia - President of the Republic of Kosovo - DR. VJOSA OSMANI - SADRIU -","og_url":"https:\/\/president-ksgov.net\/en\/president-osmani-participates-at-the-prespa-forum-in-north-macedonia\/","og_site_name":"President of the Republic of Kosovo - DR. VJOSA OSMANI - SADRIU","article_published_time":"2022-06-16T06:41:55+00:00","article_modified_time":"2023-03-07T08:45:48+00:00","og_image":[{"width":1600,"height":1064,"url":"https:\/\/president-ksgov.net\/wp-content\/uploads\/16_06_2022_6948594_05_04_2022_7029834__1.jpg","type":"image\/jpeg"}],"author":"admin","twitter_card":"summary_large_image","twitter_misc":{"Written by":"admin","Est. reading time":"1 minute"},"schema":{"@context":"https:\/\/schema.org","@graph":[{"@type":"WebPage","@id":"https:\/\/president-ksgov.net\/en\/president-osmani-participates-at-the-prespa-forum-in-north-macedonia\/","url":"https:\/\/president-ksgov.net\/en\/president-osmani-participates-at-the-prespa-forum-in-north-macedonia\/","name":"President Osmani participates at the Prespa Forum in North Macedonia - President of the Republic of Kosovo - DR. VJOSA OSMANI - SADRIU","isPartOf":{"@id":"https:\/\/president-ksgov.net\/#website"},"primaryImageOfPage":{"@id":"https:\/\/president-ksgov.net\/en\/president-osmani-participates-at-the-prespa-forum-in-north-macedonia\/#primaryimage"},"image":{"@id":"https:\/\/president-ksgov.net\/en\/president-osmani-participates-at-the-prespa-forum-in-north-macedonia\/#primaryimage"},"thumbnailUrl":"https:\/\/president-ksgov.net\/wp-content\/uploads\/16_06_2022_6948594_05_04_2022_7029834__1.jpg","datePublished":"2022-06-16T06:41:55+00:00","dateModified":"2023-03-07T08:45:48+00:00","author":{"@id":"https:\/\/president-ksgov.net\/#\/schema\/person\/bb4337a5fb147cb2046d80548172cbee"},"description":"President Osmani participates at the Prespa Forum in North Macedonia - President of the Republic of Kosovo - DR. VJOSA OSMANI - SADRIU -","breadcrumb":{"@id":"https:\/\/president-ksgov.net\/en\/president-osmani-participates-at-the-prespa-forum-in-north-macedonia\/#breadcrumb"},"inLanguage":"en-US","potentialAction":[{"@type":"ReadAction","target":["https:\/\/president-ksgov.net\/en\/president-osmani-participates-at-the-prespa-forum-in-north-macedonia\/"]}]},{"@type":"ImageObject","inLanguage":"en-US","@id":"https:\/\/president-ksgov.net\/en\/president-osmani-participates-at-the-prespa-forum-in-north-macedonia\/#primaryimage","url":"https:\/\/president-ksgov.net\/wp-content\/uploads\/16_06_2022_6948594_05_04_2022_7029834__1.jpg","contentUrl":"https:\/\/president-ksgov.net\/wp-content\/uploads\/16_06_2022_6948594_05_04_2022_7029834__1.jpg","width":1600,"height":1064},{"@type":"BreadcrumbList","@id":"https:\/\/president-ksgov.net\/en\/president-osmani-participates-at-the-prespa-forum-in-north-macedonia\/#breadcrumb","itemListElement":[{"@type":"ListItem","position":1,"name":"Home","item":"https:\/\/president-ksgov.net\/en\/"},{"@type":"ListItem","position":2,"name":"President Osmani participates at the Prespa Forum in North Macedonia"}]},{"@type":"WebSite","@id":"https:\/\/president-ksgov.net\/#website","url":"https:\/\/president-ksgov.net\/","name":"Presidente e Republik\u00ebs s\u00eb Kosov\u00ebs","description":"Presidente e Republik\u00ebs s\u00eb Kosov\u00ebs","alternateName":"DR. VJOSA OSMANI - SADRIU","potentialAction":[{"@type":"SearchAction","target":{"@type":"EntryPoint","urlTemplate":"https:\/\/president-ksgov.net\/?s={search_term_string}"},"query-input":{"@type":"PropertyValueSpecification","valueRequired":true,"valueName":"search_term_string"}}],"inLanguage":"en-US"},{"@type":"Person","@id":"https:\/\/president-ksgov.net\/#\/schema\/person\/bb4337a5fb147cb2046d80548172cbee","name":"admin","image":{"@type":"ImageObject","inLanguage":"en-US","@id":"https:\/\/president-ksgov.net\/#\/schema\/person\/image\/","url":"https:\/\/secure.gravatar.com\/avatar\/36156ca0fa3b8d9d25174f146e16beea0cf28f37adf1b9e19b6c9c279a7c9dd3?s=96&d=mm&r=g","contentUrl":"https:\/\/secure.gravatar.com\/avatar\/36156ca0fa3b8d9d25174f146e16beea0cf28f37adf1b9e19b6c9c279a7c9dd3?s=96&d=mm&r=g","caption":"admin"},"sameAs":["https:\/\/president-ksgov.net"]}]}},"_links":{"self":[{"href":"https:\/\/president-ksgov.net\/en\/wp-json\/wp\/v2\/posts\/66587","targetHints":{"allow":["GET"]}}],"collection":[{"href":"https:\/\/president-ksgov.net\/en\/wp-json\/wp\/v2\/posts"}],"about":[{"href":"https:\/\/president-ksgov.net\/en\/wp-json\/wp\/v2\/types\/post"}],"author":[{"embeddable":true,"href":"https:\/\/president-ksgov.net\/en\/wp-json\/wp\/v2\/users\/1"}],"replies":[{"embeddable":true,"href":"https:\/\/president-ksgov.net\/en\/wp-json\/wp\/v2\/comments?post=66587"}],"version-history":[{"count":0,"href":"https:\/\/president-ksgov.net\/en\/wp-json\/wp\/v2\/posts\/66587\/revisions"}],"wp:featuredmedia":[{"embeddable":true,"href":"https:\/\/president-ksgov.net\/en\/wp-json\/wp\/v2\/media\/12903"}],"wp:attachment":[{"href":"https:\/\/president-ksgov.net\/en\/wp-json\/wp\/v2\/media?parent=66587"}],"wp:term":[{"taxonomy":"category","embeddable":true,"href":"https:\/\/president-ksgov.net\/en\/wp-json\/wp\/v2\/categories?post=66587"},{"taxonomy":"post_tag","embeddable":true,"href":"https:\/\/president-ksgov.net\/en\/wp-json\/wp\/v2\/tags?post=66587"}],"curies":[{"name":"wp","href":"https:\/\/api.w.org\/{rel}","templated":true}]}}