{"id":66552,"date":"2022-06-29T11:56:38","date_gmt":"2022-06-29T11:56:38","guid":{"rendered":"https:\/\/dev.president-ksgov.net\/president-osmani-received-the-eu-special-representative-for-dialogue-miroslav-lajak\/"},"modified":"2023-03-07T08:44:35","modified_gmt":"2023-03-07T08:44:35","slug":"president-osmani-received-the-eu-special-representative-for-dialogue-miroslav-lajak","status":"publish","type":"post","link":"https:\/\/president-ksgov.net\/en\/president-osmani-received-the-eu-special-representative-for-dialogue-miroslav-lajak\/","title":{"rendered":"President Osmani received the EU Special Representative for Dialogue, Miroslav Laj&ccaron;\u00e1k"},"content":{"rendered":"<p>The President of the Republic of Kosovo Vjosa Osmani Sadriu received today at a<br \/>\nmeeting the Special Representative of the European Union for the Kosovo-Serbia<br \/>\nDialogue and other regional issues of the Western Balkans, Miroslav Laj&ccaron;\u00e1k.<\/p>\n<p>The latest developments in the dialogue process in Brussels, Kosovo&#039;s European perspective, as well as visa liberalization for Kosovar citizens were discussed at the meeting. The President spoke about the constructive engagement of Kosovo in the dialogue with Serbia, conveying the clear goal of our institutions, that the process is focused on mutual recognition. President Osmani stressed that the agreement on the implementation of the energy roadmap is a positive step in this regard, noting that implementation is very important.<\/p>\n<p>President Osmani reiterated the urgency for progress in the agreement on forcibly missing, which remains a deep wound in our society. President Osmani also spoke about the need for a clear implementation mechanism given the importance of this agreement.<\/p>\n<p>President Osmani and the EU Special Representative Mr. Laj&ccaron;\u00e1k also discussed the long-delayed process of visa liberalization for the citizens of Kosovo, and the need to move forward urgently, given that this process is of great importance to the EU credibility in Kosovo.<\/p>\n","protected":false},"excerpt":{"rendered":"<p>The President of the Republic of Kosovo Vjosa Osmani Sadriu received today at a<br \/>\nmeeting the Special Representative of the European Union for the Kosovo-Serbia<br \/>\nDialogue and other regional issues of the Western Balkans, Miroslav Laj&ccaron;\u00e1k.<\/p>\n","protected":false},"author":1,"featured_media":12614,"comment_status":"open","ping_status":"closed","sticky":false,"template":"","format":"standard","meta":{"_eb_attr":"","footnotes":""},"categories":[111],"tags":[],"class_list":["post-66552","post","type-post","status-publish","format-standard","has-post-thumbnail","hentry","category-news"],"yoast_head":"<!-- This site is optimized with the Yoast SEO plugin v23.5 - https:\/\/yoast.com\/wordpress\/plugins\/seo\/ -->\n<title>President Osmani received the EU Special Representative for Dialogue, Miroslav Laj&amp;ccaron;\u00e1k - President of the Republic of Kosovo - DR. VJOSA OSMANI - SADRIU<\/title>\n<meta name=\"description\" content=\"President Osmani received the EU Special Representative for Dialogue, Miroslav Laj&amp;ccaron;\u00e1k - President of the Republic of Kosovo - DR. VJOSA OSMANI - SADRIU -\" \/>\n<meta name=\"robots\" content=\"index, follow, max-snippet:-1, max-image-preview:large, max-video-preview:-1\" \/>\n<link rel=\"canonical\" href=\"https:\/\/president-ksgov.net\/en\/president-osmani-received-the-eu-special-representative-for-dialogue-miroslav-lajak\/\" \/>\n<meta property=\"og:locale\" content=\"en_US\" \/>\n<meta property=\"og:type\" content=\"article\" \/>\n<meta property=\"og:title\" content=\"President Osmani received the EU Special Representative for Dialogue, Miroslav Laj&amp;ccaron;\u00e1k - President of the Republic of Kosovo - DR. VJOSA OSMANI - SADRIU\" \/>\n<meta property=\"og:description\" content=\"President Osmani received the EU Special Representative for Dialogue, Miroslav Laj&amp;ccaron;\u00e1k - President of the Republic of Kosovo - DR. VJOSA OSMANI - SADRIU -\" \/>\n<meta property=\"og:url\" content=\"https:\/\/president-ksgov.net\/en\/president-osmani-received-the-eu-special-representative-for-dialogue-miroslav-lajak\/\" \/>\n<meta property=\"og:site_name\" content=\"President of the Republic of Kosovo - DR. VJOSA OSMANI - SADRIU\" \/>\n<meta property=\"article:published_time\" content=\"2022-06-29T11:56:38+00:00\" \/>\n<meta property=\"article:modified_time\" content=\"2023-03-07T08:44:35+00:00\" \/>\n<meta property=\"og:image\" content=\"https:\/\/president-ksgov.net\/wp-content\/uploads\/29_06_2022_1655255_DSC_6973-scaled.jpg\" \/>\n\t<meta property=\"og:image:width\" content=\"2560\" \/>\n\t<meta property=\"og:image:height\" content=\"1706\" \/>\n\t<meta property=\"og:image:type\" content=\"image\/jpeg\" \/>\n<meta name=\"author\" content=\"admin\" \/>\n<meta name=\"twitter:card\" content=\"summary_large_image\" \/>\n<meta name=\"twitter:label1\" content=\"Written by\" \/>\n\t<meta name=\"twitter:data1\" content=\"admin\" \/>\n\t<meta name=\"twitter:label2\" content=\"Est. reading time\" \/>\n\t<meta name=\"twitter:data2\" content=\"1 minute\" \/>\n<script type=\"application\/ld+json\" class=\"yoast-schema-graph\">{\"@context\":\"https:\/\/schema.org\",\"@graph\":[{\"@type\":\"WebPage\",\"@id\":\"https:\/\/president-ksgov.net\/en\/president-osmani-received-the-eu-special-representative-for-dialogue-miroslav-lajak\/\",\"url\":\"https:\/\/president-ksgov.net\/en\/president-osmani-received-the-eu-special-representative-for-dialogue-miroslav-lajak\/\",\"name\":\"President Osmani received the EU Special Representative for Dialogue, Miroslav Laj&ccaron;\u00e1k - President of the Republic of Kosovo - DR. VJOSA OSMANI - SADRIU\",\"isPartOf\":{\"@id\":\"https:\/\/president-ksgov.net\/#website\"},\"primaryImageOfPage\":{\"@id\":\"https:\/\/president-ksgov.net\/en\/president-osmani-received-the-eu-special-representative-for-dialogue-miroslav-lajak\/#primaryimage\"},\"image\":{\"@id\":\"https:\/\/president-ksgov.net\/en\/president-osmani-received-the-eu-special-representative-for-dialogue-miroslav-lajak\/#primaryimage\"},\"thumbnailUrl\":\"https:\/\/president-ksgov.net\/wp-content\/uploads\/29_06_2022_1655255_DSC_6973-scaled.jpg\",\"datePublished\":\"2022-06-29T11:56:38+00:00\",\"dateModified\":\"2023-03-07T08:44:35+00:00\",\"author\":{\"@id\":\"https:\/\/president-ksgov.net\/#\/schema\/person\/bb4337a5fb147cb2046d80548172cbee\"},\"description\":\"President Osmani received the EU Special Representative for Dialogue, Miroslav Laj&ccaron;\u00e1k - President of the Republic of Kosovo - DR. VJOSA OSMANI - SADRIU -\",\"breadcrumb\":{\"@id\":\"https:\/\/president-ksgov.net\/en\/president-osmani-received-the-eu-special-representative-for-dialogue-miroslav-lajak\/#breadcrumb\"},\"inLanguage\":\"en-US\",\"potentialAction\":[{\"@type\":\"ReadAction\",\"target\":[\"https:\/\/president-ksgov.net\/en\/president-osmani-received-the-eu-special-representative-for-dialogue-miroslav-lajak\/\"]}]},{\"@type\":\"ImageObject\",\"inLanguage\":\"en-US\",\"@id\":\"https:\/\/president-ksgov.net\/en\/president-osmani-received-the-eu-special-representative-for-dialogue-miroslav-lajak\/#primaryimage\",\"url\":\"https:\/\/president-ksgov.net\/wp-content\/uploads\/29_06_2022_1655255_DSC_6973-scaled.jpg\",\"contentUrl\":\"https:\/\/president-ksgov.net\/wp-content\/uploads\/29_06_2022_1655255_DSC_6973-scaled.jpg\",\"width\":2560,\"height\":1706},{\"@type\":\"BreadcrumbList\",\"@id\":\"https:\/\/president-ksgov.net\/en\/president-osmani-received-the-eu-special-representative-for-dialogue-miroslav-lajak\/#breadcrumb\",\"itemListElement\":[{\"@type\":\"ListItem\",\"position\":1,\"name\":\"Home\",\"item\":\"https:\/\/president-ksgov.net\/en\/\"},{\"@type\":\"ListItem\",\"position\":2,\"name\":\"President Osmani received the EU Special Representative for Dialogue, Miroslav Laj&ccaron;\u00e1k\"}]},{\"@type\":\"WebSite\",\"@id\":\"https:\/\/president-ksgov.net\/#website\",\"url\":\"https:\/\/president-ksgov.net\/\",\"name\":\"Presidente e Republik\u00ebs s\u00eb Kosov\u00ebs\",\"description\":\"Presidente e Republik\u00ebs s\u00eb Kosov\u00ebs\",\"alternateName\":\"DR. VJOSA OSMANI - SADRIU\",\"potentialAction\":[{\"@type\":\"SearchAction\",\"target\":{\"@type\":\"EntryPoint\",\"urlTemplate\":\"https:\/\/president-ksgov.net\/?s={search_term_string}\"},\"query-input\":{\"@type\":\"PropertyValueSpecification\",\"valueRequired\":true,\"valueName\":\"search_term_string\"}}],\"inLanguage\":\"en-US\"},{\"@type\":\"Person\",\"@id\":\"https:\/\/president-ksgov.net\/#\/schema\/person\/bb4337a5fb147cb2046d80548172cbee\",\"name\":\"admin\",\"image\":{\"@type\":\"ImageObject\",\"inLanguage\":\"en-US\",\"@id\":\"https:\/\/president-ksgov.net\/#\/schema\/person\/image\/\",\"url\":\"https:\/\/secure.gravatar.com\/avatar\/36156ca0fa3b8d9d25174f146e16beea0cf28f37adf1b9e19b6c9c279a7c9dd3?s=96&d=mm&r=g\",\"contentUrl\":\"https:\/\/secure.gravatar.com\/avatar\/36156ca0fa3b8d9d25174f146e16beea0cf28f37adf1b9e19b6c9c279a7c9dd3?s=96&d=mm&r=g\",\"caption\":\"admin\"},\"sameAs\":[\"https:\/\/president-ksgov.net\"]}]}<\/script>\n<!-- \/ Yoast SEO plugin. -->","yoast_head_json":{"title":"President Osmani received the EU Special Representative for Dialogue, Miroslav Laj&ccaron;\u00e1k - President of the Republic of Kosovo - DR. VJOSA OSMANI - SADRIU","description":"President Osmani received the EU Special Representative for Dialogue, Miroslav Laj&ccaron;\u00e1k - President of the Republic of Kosovo - DR. VJOSA OSMANI - SADRIU -","robots":{"index":"index","follow":"follow","max-snippet":"max-snippet:-1","max-image-preview":"max-image-preview:large","max-video-preview":"max-video-preview:-1"},"canonical":"https:\/\/president-ksgov.net\/en\/president-osmani-received-the-eu-special-representative-for-dialogue-miroslav-lajak\/","og_locale":"en_US","og_type":"article","og_title":"President Osmani received the EU Special Representative for Dialogue, Miroslav Laj&ccaron;\u00e1k - President of the Republic of Kosovo - DR. VJOSA OSMANI - SADRIU","og_description":"President Osmani received the EU Special Representative for Dialogue, Miroslav Laj&ccaron;\u00e1k - President of the Republic of Kosovo - DR. VJOSA OSMANI - SADRIU -","og_url":"https:\/\/president-ksgov.net\/en\/president-osmani-received-the-eu-special-representative-for-dialogue-miroslav-lajak\/","og_site_name":"President of the Republic of Kosovo - DR. VJOSA OSMANI - SADRIU","article_published_time":"2022-06-29T11:56:38+00:00","article_modified_time":"2023-03-07T08:44:35+00:00","og_image":[{"width":2560,"height":1706,"url":"https:\/\/president-ksgov.net\/wp-content\/uploads\/29_06_2022_1655255_DSC_6973-scaled.jpg","type":"image\/jpeg"}],"author":"admin","twitter_card":"summary_large_image","twitter_misc":{"Written by":"admin","Est. reading time":"1 minute"},"schema":{"@context":"https:\/\/schema.org","@graph":[{"@type":"WebPage","@id":"https:\/\/president-ksgov.net\/en\/president-osmani-received-the-eu-special-representative-for-dialogue-miroslav-lajak\/","url":"https:\/\/president-ksgov.net\/en\/president-osmani-received-the-eu-special-representative-for-dialogue-miroslav-lajak\/","name":"President Osmani received the EU Special Representative for Dialogue, Miroslav Laj&ccaron;\u00e1k - President of the Republic of Kosovo - DR. VJOSA OSMANI - SADRIU","isPartOf":{"@id":"https:\/\/president-ksgov.net\/#website"},"primaryImageOfPage":{"@id":"https:\/\/president-ksgov.net\/en\/president-osmani-received-the-eu-special-representative-for-dialogue-miroslav-lajak\/#primaryimage"},"image":{"@id":"https:\/\/president-ksgov.net\/en\/president-osmani-received-the-eu-special-representative-for-dialogue-miroslav-lajak\/#primaryimage"},"thumbnailUrl":"https:\/\/president-ksgov.net\/wp-content\/uploads\/29_06_2022_1655255_DSC_6973-scaled.jpg","datePublished":"2022-06-29T11:56:38+00:00","dateModified":"2023-03-07T08:44:35+00:00","author":{"@id":"https:\/\/president-ksgov.net\/#\/schema\/person\/bb4337a5fb147cb2046d80548172cbee"},"description":"President Osmani received the EU Special Representative for Dialogue, Miroslav Laj&ccaron;\u00e1k - President of the Republic of Kosovo - DR. VJOSA OSMANI - SADRIU -","breadcrumb":{"@id":"https:\/\/president-ksgov.net\/en\/president-osmani-received-the-eu-special-representative-for-dialogue-miroslav-lajak\/#breadcrumb"},"inLanguage":"en-US","potentialAction":[{"@type":"ReadAction","target":["https:\/\/president-ksgov.net\/en\/president-osmani-received-the-eu-special-representative-for-dialogue-miroslav-lajak\/"]}]},{"@type":"ImageObject","inLanguage":"en-US","@id":"https:\/\/president-ksgov.net\/en\/president-osmani-received-the-eu-special-representative-for-dialogue-miroslav-lajak\/#primaryimage","url":"https:\/\/president-ksgov.net\/wp-content\/uploads\/29_06_2022_1655255_DSC_6973-scaled.jpg","contentUrl":"https:\/\/president-ksgov.net\/wp-content\/uploads\/29_06_2022_1655255_DSC_6973-scaled.jpg","width":2560,"height":1706},{"@type":"BreadcrumbList","@id":"https:\/\/president-ksgov.net\/en\/president-osmani-received-the-eu-special-representative-for-dialogue-miroslav-lajak\/#breadcrumb","itemListElement":[{"@type":"ListItem","position":1,"name":"Home","item":"https:\/\/president-ksgov.net\/en\/"},{"@type":"ListItem","position":2,"name":"President Osmani received the EU Special Representative for Dialogue, Miroslav Laj&ccaron;\u00e1k"}]},{"@type":"WebSite","@id":"https:\/\/president-ksgov.net\/#website","url":"https:\/\/president-ksgov.net\/","name":"Presidente e Republik\u00ebs s\u00eb Kosov\u00ebs","description":"Presidente e Republik\u00ebs s\u00eb Kosov\u00ebs","alternateName":"DR. VJOSA OSMANI - SADRIU","potentialAction":[{"@type":"SearchAction","target":{"@type":"EntryPoint","urlTemplate":"https:\/\/president-ksgov.net\/?s={search_term_string}"},"query-input":{"@type":"PropertyValueSpecification","valueRequired":true,"valueName":"search_term_string"}}],"inLanguage":"en-US"},{"@type":"Person","@id":"https:\/\/president-ksgov.net\/#\/schema\/person\/bb4337a5fb147cb2046d80548172cbee","name":"admin","image":{"@type":"ImageObject","inLanguage":"en-US","@id":"https:\/\/president-ksgov.net\/#\/schema\/person\/image\/","url":"https:\/\/secure.gravatar.com\/avatar\/36156ca0fa3b8d9d25174f146e16beea0cf28f37adf1b9e19b6c9c279a7c9dd3?s=96&d=mm&r=g","contentUrl":"https:\/\/secure.gravatar.com\/avatar\/36156ca0fa3b8d9d25174f146e16beea0cf28f37adf1b9e19b6c9c279a7c9dd3?s=96&d=mm&r=g","caption":"admin"},"sameAs":["https:\/\/president-ksgov.net"]}]}},"_links":{"self":[{"href":"https:\/\/president-ksgov.net\/en\/wp-json\/wp\/v2\/posts\/66552","targetHints":{"allow":["GET"]}}],"collection":[{"href":"https:\/\/president-ksgov.net\/en\/wp-json\/wp\/v2\/posts"}],"about":[{"href":"https:\/\/president-ksgov.net\/en\/wp-json\/wp\/v2\/types\/post"}],"author":[{"embeddable":true,"href":"https:\/\/president-ksgov.net\/en\/wp-json\/wp\/v2\/users\/1"}],"replies":[{"embeddable":true,"href":"https:\/\/president-ksgov.net\/en\/wp-json\/wp\/v2\/comments?post=66552"}],"version-history":[{"count":0,"href":"https:\/\/president-ksgov.net\/en\/wp-json\/wp\/v2\/posts\/66552\/revisions"}],"wp:featuredmedia":[{"embeddable":true,"href":"https:\/\/president-ksgov.net\/en\/wp-json\/wp\/v2\/media\/12614"}],"wp:attachment":[{"href":"https:\/\/president-ksgov.net\/en\/wp-json\/wp\/v2\/media?parent=66552"}],"wp:term":[{"taxonomy":"category","embeddable":true,"href":"https:\/\/president-ksgov.net\/en\/wp-json\/wp\/v2\/categories?post=66552"},{"taxonomy":"post_tag","embeddable":true,"href":"https:\/\/president-ksgov.net\/en\/wp-json\/wp\/v2\/tags?post=66552"}],"curies":[{"name":"wp","href":"https:\/\/api.w.org\/{rel}","templated":true}]}}