{"id":66531,"date":"2022-07-06T16:57:34","date_gmt":"2022-07-06T16:57:34","guid":{"rendered":"https:\/\/dev.president-ksgov.net\/presidents-cabinet-receives-at-a-meeting-the-american-mcc-delegation\/"},"modified":"2023-03-07T08:44:16","modified_gmt":"2023-03-07T08:44:16","slug":"presidents-cabinet-receives-at-a-meeting-the-american-mcc-delegation","status":"publish","type":"post","link":"https:\/\/president-ksgov.net\/en\/presidents-cabinet-receives-at-a-meeting-the-american-mcc-delegation\/","title":{"rendered":"President&#039;s Cabinet receives at a meeting the American MCC delegation"},"content":{"rendered":"<p>Deputy Chief of Staff of the President of the Republic of Kosovo Mr. Artan Murati and the chief advisor for Sustainable Development Mrs. Learta Hollaj, received today at a meeting the American delegation of the MCC.<\/p>\n<p>The visit to Kosovo by the MCC delegation came after the unanimous approval of the Kosovo Compact Program by the MCC Board of Directors and on the eve of the signing of the agreement.<\/p>\n<p>The next steps which will be taken in terms of designing and implementing the project were discussed at the meeting. Parties also discussed the dynamic plan of action for the following months, as well as emphasized the need for full coordination of actions in order to successfully finalize the forthcoming steps.<\/p>\n<p>President&#039;s Cabinet expressed its gratitude for the support from the MCC and confirmed its full readiness to support the project at every stage, emphasizing the extraordinary importance of this project for the sustainable development of the country&#039;s energy sector.<\/p>\n","protected":false},"excerpt":{"rendered":"<p>Deputy Chief of Staff of the President of the Republic of Kosovo Mr. Artan Murati and the chief advisor for Sustainable Development Mrs. Learta Hollaj, received today at a meeting the American delegation of the MCC.<\/p>\n","protected":false},"author":1,"featured_media":12344,"comment_status":"open","ping_status":"closed","sticky":false,"template":"","format":"standard","meta":{"_eb_attr":"","footnotes":""},"categories":[111],"tags":[],"class_list":["post-66531","post","type-post","status-publish","format-standard","has-post-thumbnail","hentry","category-news"],"yoast_head":"<!-- This site is optimized with the Yoast SEO plugin v23.5 - https:\/\/yoast.com\/wordpress\/plugins\/seo\/ -->\n<title>President&#039;s Cabinet receives at a meeting the American MCC delegation - President of the Republic of Kosovo - DR. VJOSA OSMANI - SADRIU<\/title>\n<meta name=\"description\" content=\"President&#039;s Cabinet receives at a meeting the American MCC delegation - President of the Republic of Kosovo - DR. VJOSA OSMANI - SADRIU -\" \/>\n<meta name=\"robots\" content=\"index, follow, max-snippet:-1, max-image-preview:large, max-video-preview:-1\" \/>\n<link rel=\"canonical\" href=\"https:\/\/president-ksgov.net\/en\/presidents-cabinet-receives-at-a-meeting-the-american-mcc-delegation\/\" \/>\n<meta property=\"og:locale\" content=\"en_US\" \/>\n<meta property=\"og:type\" content=\"article\" \/>\n<meta property=\"og:title\" content=\"President&#039;s Cabinet receives at a meeting the American MCC delegation - President of the Republic of Kosovo - DR. VJOSA OSMANI - SADRIU\" \/>\n<meta property=\"og:description\" content=\"President&#039;s Cabinet receives at a meeting the American MCC delegation - President of the Republic of Kosovo - DR. VJOSA OSMANI - SADRIU -\" \/>\n<meta property=\"og:url\" content=\"https:\/\/president-ksgov.net\/en\/presidents-cabinet-receives-at-a-meeting-the-american-mcc-delegation\/\" \/>\n<meta property=\"og:site_name\" content=\"President of the Republic of Kosovo - DR. VJOSA OSMANI - SADRIU\" \/>\n<meta property=\"article:published_time\" content=\"2022-07-06T16:57:34+00:00\" \/>\n<meta property=\"article:modified_time\" content=\"2023-03-07T08:44:16+00:00\" \/>\n<meta property=\"og:image\" content=\"https:\/\/president-ksgov.net\/wp-content\/uploads\/06_07_2022_3849325_DSC_9163-scaled.jpg\" \/>\n\t<meta property=\"og:image:width\" content=\"2560\" \/>\n\t<meta property=\"og:image:height\" content=\"1707\" \/>\n\t<meta property=\"og:image:type\" content=\"image\/jpeg\" \/>\n<meta name=\"author\" content=\"admin\" \/>\n<meta name=\"twitter:card\" content=\"summary_large_image\" \/>\n<meta name=\"twitter:label1\" content=\"Written by\" \/>\n\t<meta name=\"twitter:data1\" content=\"admin\" \/>\n\t<meta name=\"twitter:label2\" content=\"Est. reading time\" \/>\n\t<meta name=\"twitter:data2\" content=\"1 minute\" \/>\n<script type=\"application\/ld+json\" class=\"yoast-schema-graph\">{\"@context\":\"https:\/\/schema.org\",\"@graph\":[{\"@type\":\"WebPage\",\"@id\":\"https:\/\/president-ksgov.net\/en\/presidents-cabinet-receives-at-a-meeting-the-american-mcc-delegation\/\",\"url\":\"https:\/\/president-ksgov.net\/en\/presidents-cabinet-receives-at-a-meeting-the-american-mcc-delegation\/\",\"name\":\"President&#039;s Cabinet receives at a meeting the American MCC delegation - President of the Republic of Kosovo - DR. VJOSA OSMANI - SADRIU\",\"isPartOf\":{\"@id\":\"https:\/\/president-ksgov.net\/#website\"},\"primaryImageOfPage\":{\"@id\":\"https:\/\/president-ksgov.net\/en\/presidents-cabinet-receives-at-a-meeting-the-american-mcc-delegation\/#primaryimage\"},\"image\":{\"@id\":\"https:\/\/president-ksgov.net\/en\/presidents-cabinet-receives-at-a-meeting-the-american-mcc-delegation\/#primaryimage\"},\"thumbnailUrl\":\"https:\/\/president-ksgov.net\/wp-content\/uploads\/06_07_2022_3849325_DSC_9163-scaled.jpg\",\"datePublished\":\"2022-07-06T16:57:34+00:00\",\"dateModified\":\"2023-03-07T08:44:16+00:00\",\"author\":{\"@id\":\"https:\/\/president-ksgov.net\/#\/schema\/person\/bb4337a5fb147cb2046d80548172cbee\"},\"description\":\"President&#039;s Cabinet receives at a meeting the American MCC delegation - President of the Republic of Kosovo - DR. VJOSA OSMANI - SADRIU -\",\"breadcrumb\":{\"@id\":\"https:\/\/president-ksgov.net\/en\/presidents-cabinet-receives-at-a-meeting-the-american-mcc-delegation\/#breadcrumb\"},\"inLanguage\":\"en-US\",\"potentialAction\":[{\"@type\":\"ReadAction\",\"target\":[\"https:\/\/president-ksgov.net\/en\/presidents-cabinet-receives-at-a-meeting-the-american-mcc-delegation\/\"]}]},{\"@type\":\"ImageObject\",\"inLanguage\":\"en-US\",\"@id\":\"https:\/\/president-ksgov.net\/en\/presidents-cabinet-receives-at-a-meeting-the-american-mcc-delegation\/#primaryimage\",\"url\":\"https:\/\/president-ksgov.net\/wp-content\/uploads\/06_07_2022_3849325_DSC_9163-scaled.jpg\",\"contentUrl\":\"https:\/\/president-ksgov.net\/wp-content\/uploads\/06_07_2022_3849325_DSC_9163-scaled.jpg\",\"width\":2560,\"height\":1707},{\"@type\":\"BreadcrumbList\",\"@id\":\"https:\/\/president-ksgov.net\/en\/presidents-cabinet-receives-at-a-meeting-the-american-mcc-delegation\/#breadcrumb\",\"itemListElement\":[{\"@type\":\"ListItem\",\"position\":1,\"name\":\"Home\",\"item\":\"https:\/\/president-ksgov.net\/en\/\"},{\"@type\":\"ListItem\",\"position\":2,\"name\":\"President&#039;s Cabinet receives at a meeting the American MCC delegation\"}]},{\"@type\":\"WebSite\",\"@id\":\"https:\/\/president-ksgov.net\/#website\",\"url\":\"https:\/\/president-ksgov.net\/\",\"name\":\"Presidente e Republik\u00ebs s\u00eb Kosov\u00ebs\",\"description\":\"Presidente e Republik\u00ebs s\u00eb Kosov\u00ebs\",\"alternateName\":\"DR. VJOSA OSMANI - SADRIU\",\"potentialAction\":[{\"@type\":\"SearchAction\",\"target\":{\"@type\":\"EntryPoint\",\"urlTemplate\":\"https:\/\/president-ksgov.net\/?s={search_term_string}\"},\"query-input\":{\"@type\":\"PropertyValueSpecification\",\"valueRequired\":true,\"valueName\":\"search_term_string\"}}],\"inLanguage\":\"en-US\"},{\"@type\":\"Person\",\"@id\":\"https:\/\/president-ksgov.net\/#\/schema\/person\/bb4337a5fb147cb2046d80548172cbee\",\"name\":\"admin\",\"image\":{\"@type\":\"ImageObject\",\"inLanguage\":\"en-US\",\"@id\":\"https:\/\/president-ksgov.net\/#\/schema\/person\/image\/\",\"url\":\"https:\/\/secure.gravatar.com\/avatar\/36156ca0fa3b8d9d25174f146e16beea0cf28f37adf1b9e19b6c9c279a7c9dd3?s=96&d=mm&r=g\",\"contentUrl\":\"https:\/\/secure.gravatar.com\/avatar\/36156ca0fa3b8d9d25174f146e16beea0cf28f37adf1b9e19b6c9c279a7c9dd3?s=96&d=mm&r=g\",\"caption\":\"admin\"},\"sameAs\":[\"https:\/\/president-ksgov.net\"]}]}<\/script>\n<!-- \/ Yoast SEO plugin. -->","yoast_head_json":{"title":"President&#039;s Cabinet receives at a meeting the American MCC delegation - President of the Republic of Kosovo - DR. VJOSA OSMANI - SADRIU","description":"President&#039;s Cabinet receives at a meeting the American MCC delegation - President of the Republic of Kosovo - DR. VJOSA OSMANI - SADRIU -","robots":{"index":"index","follow":"follow","max-snippet":"max-snippet:-1","max-image-preview":"max-image-preview:large","max-video-preview":"max-video-preview:-1"},"canonical":"https:\/\/president-ksgov.net\/en\/presidents-cabinet-receives-at-a-meeting-the-american-mcc-delegation\/","og_locale":"en_US","og_type":"article","og_title":"President&#039;s Cabinet receives at a meeting the American MCC delegation - President of the Republic of Kosovo - DR. VJOSA OSMANI - SADRIU","og_description":"President&#039;s Cabinet receives at a meeting the American MCC delegation - President of the Republic of Kosovo - DR. VJOSA OSMANI - SADRIU -","og_url":"https:\/\/president-ksgov.net\/en\/presidents-cabinet-receives-at-a-meeting-the-american-mcc-delegation\/","og_site_name":"President of the Republic of Kosovo - DR. VJOSA OSMANI - SADRIU","article_published_time":"2022-07-06T16:57:34+00:00","article_modified_time":"2023-03-07T08:44:16+00:00","og_image":[{"width":2560,"height":1707,"url":"https:\/\/president-ksgov.net\/wp-content\/uploads\/06_07_2022_3849325_DSC_9163-scaled.jpg","type":"image\/jpeg"}],"author":"admin","twitter_card":"summary_large_image","twitter_misc":{"Written by":"admin","Est. reading time":"1 minute"},"schema":{"@context":"https:\/\/schema.org","@graph":[{"@type":"WebPage","@id":"https:\/\/president-ksgov.net\/en\/presidents-cabinet-receives-at-a-meeting-the-american-mcc-delegation\/","url":"https:\/\/president-ksgov.net\/en\/presidents-cabinet-receives-at-a-meeting-the-american-mcc-delegation\/","name":"President&#039;s Cabinet receives at a meeting the American MCC delegation - President of the Republic of Kosovo - DR. VJOSA OSMANI - SADRIU","isPartOf":{"@id":"https:\/\/president-ksgov.net\/#website"},"primaryImageOfPage":{"@id":"https:\/\/president-ksgov.net\/en\/presidents-cabinet-receives-at-a-meeting-the-american-mcc-delegation\/#primaryimage"},"image":{"@id":"https:\/\/president-ksgov.net\/en\/presidents-cabinet-receives-at-a-meeting-the-american-mcc-delegation\/#primaryimage"},"thumbnailUrl":"https:\/\/president-ksgov.net\/wp-content\/uploads\/06_07_2022_3849325_DSC_9163-scaled.jpg","datePublished":"2022-07-06T16:57:34+00:00","dateModified":"2023-03-07T08:44:16+00:00","author":{"@id":"https:\/\/president-ksgov.net\/#\/schema\/person\/bb4337a5fb147cb2046d80548172cbee"},"description":"President&#039;s Cabinet receives at a meeting the American MCC delegation - President of the Republic of Kosovo - DR. VJOSA OSMANI - SADRIU -","breadcrumb":{"@id":"https:\/\/president-ksgov.net\/en\/presidents-cabinet-receives-at-a-meeting-the-american-mcc-delegation\/#breadcrumb"},"inLanguage":"en-US","potentialAction":[{"@type":"ReadAction","target":["https:\/\/president-ksgov.net\/en\/presidents-cabinet-receives-at-a-meeting-the-american-mcc-delegation\/"]}]},{"@type":"ImageObject","inLanguage":"en-US","@id":"https:\/\/president-ksgov.net\/en\/presidents-cabinet-receives-at-a-meeting-the-american-mcc-delegation\/#primaryimage","url":"https:\/\/president-ksgov.net\/wp-content\/uploads\/06_07_2022_3849325_DSC_9163-scaled.jpg","contentUrl":"https:\/\/president-ksgov.net\/wp-content\/uploads\/06_07_2022_3849325_DSC_9163-scaled.jpg","width":2560,"height":1707},{"@type":"BreadcrumbList","@id":"https:\/\/president-ksgov.net\/en\/presidents-cabinet-receives-at-a-meeting-the-american-mcc-delegation\/#breadcrumb","itemListElement":[{"@type":"ListItem","position":1,"name":"Home","item":"https:\/\/president-ksgov.net\/en\/"},{"@type":"ListItem","position":2,"name":"President&#039;s Cabinet receives at a meeting the American MCC delegation"}]},{"@type":"WebSite","@id":"https:\/\/president-ksgov.net\/#website","url":"https:\/\/president-ksgov.net\/","name":"Presidente e Republik\u00ebs s\u00eb Kosov\u00ebs","description":"Presidente e Republik\u00ebs s\u00eb Kosov\u00ebs","alternateName":"DR. VJOSA OSMANI - SADRIU","potentialAction":[{"@type":"SearchAction","target":{"@type":"EntryPoint","urlTemplate":"https:\/\/president-ksgov.net\/?s={search_term_string}"},"query-input":{"@type":"PropertyValueSpecification","valueRequired":true,"valueName":"search_term_string"}}],"inLanguage":"en-US"},{"@type":"Person","@id":"https:\/\/president-ksgov.net\/#\/schema\/person\/bb4337a5fb147cb2046d80548172cbee","name":"admin","image":{"@type":"ImageObject","inLanguage":"en-US","@id":"https:\/\/president-ksgov.net\/#\/schema\/person\/image\/","url":"https:\/\/secure.gravatar.com\/avatar\/36156ca0fa3b8d9d25174f146e16beea0cf28f37adf1b9e19b6c9c279a7c9dd3?s=96&d=mm&r=g","contentUrl":"https:\/\/secure.gravatar.com\/avatar\/36156ca0fa3b8d9d25174f146e16beea0cf28f37adf1b9e19b6c9c279a7c9dd3?s=96&d=mm&r=g","caption":"admin"},"sameAs":["https:\/\/president-ksgov.net"]}]}},"_links":{"self":[{"href":"https:\/\/president-ksgov.net\/en\/wp-json\/wp\/v2\/posts\/66531","targetHints":{"allow":["GET"]}}],"collection":[{"href":"https:\/\/president-ksgov.net\/en\/wp-json\/wp\/v2\/posts"}],"about":[{"href":"https:\/\/president-ksgov.net\/en\/wp-json\/wp\/v2\/types\/post"}],"author":[{"embeddable":true,"href":"https:\/\/president-ksgov.net\/en\/wp-json\/wp\/v2\/users\/1"}],"replies":[{"embeddable":true,"href":"https:\/\/president-ksgov.net\/en\/wp-json\/wp\/v2\/comments?post=66531"}],"version-history":[{"count":0,"href":"https:\/\/president-ksgov.net\/en\/wp-json\/wp\/v2\/posts\/66531\/revisions"}],"wp:featuredmedia":[{"embeddable":true,"href":"https:\/\/president-ksgov.net\/en\/wp-json\/wp\/v2\/media\/12344"}],"wp:attachment":[{"href":"https:\/\/president-ksgov.net\/en\/wp-json\/wp\/v2\/media?parent=66531"}],"wp:term":[{"taxonomy":"category","embeddable":true,"href":"https:\/\/president-ksgov.net\/en\/wp-json\/wp\/v2\/categories?post=66531"},{"taxonomy":"post_tag","embeddable":true,"href":"https:\/\/president-ksgov.net\/en\/wp-json\/wp\/v2\/tags?post=66531"}],"curies":[{"name":"wp","href":"https:\/\/api.w.org\/{rel}","templated":true}]}}