{"id":66517,"date":"2022-07-15T16:37:04","date_gmt":"2022-07-15T16:37:04","guid":{"rendered":"https:\/\/dev.president-ksgov.net\/president-osmani-at-a-meeting-with-eu-ambassadors-and-representatives-we-will-continue-to-work-closely-with-our-partners-during-the-eu-czech-presidency-in-order-to-conclude-the-issue-of-visa-liberali\/"},"modified":"2023-03-07T08:44:16","modified_gmt":"2023-03-07T08:44:16","slug":"president-osmani-at-a-meeting-with-eu-ambassadors-and-representatives-we-will-continue-to-work-closely-with-our-partners-during-the-eu-czech-presidency-in-order-to-conclude-the-issue-of-visa-liberali","status":"publish","type":"post","link":"https:\/\/president-ksgov.net\/en\/president-osmani-at-a-meeting-with-eu-ambassadors-and-representatives-we-will-continue-to-work-closely-with-our-partners-during-the-eu-czech-presidency-in-order-to-conclude-the-issue-of-visa-liberali\/","title":{"rendered":"President Osmani at a meeting with EU ambassadors and representatives: We will continue to work closely with our partners during the EU Czech presidency in order to conclude the issue of visa liberalization for citizens of Kosovo"},"content":{"rendered":"<p>The President of the Republic of Kosovo Vjosa Osmani Sadriu has met the ambassadors and representatives of the European Union member countries accredited to Kosovo.<\/p>\n<p>At the meeting with ambassadors and representatives of EU countries, the President discussed the latest developments in the country, in the region and beyond, as well as the full harmonization of our country&#039;s foreign policy with that of the EU.<\/p>\n<p>The president said that Kosovo will continue to work with European partners for our country&#039;s integration process. &#8220;We will continue to work closely with our partners during the EU Czech presidency of the EU in order to conclude the issue of visa liberalization for the citizens of Kosovo, advance our European path and further strengthen the rule of law and democracy,\u201d said President Osmani.<\/p>\n","protected":false},"excerpt":{"rendered":"<p>The President of the Republic of Kosovo Vjosa Osmani Sadriu has met the ambassadors and representatives of the European Union member countries accredited to Kosovo.<\/p>\n","protected":false},"author":1,"featured_media":12267,"comment_status":"open","ping_status":"closed","sticky":false,"template":"","format":"standard","meta":{"_eb_attr":"","footnotes":""},"categories":[111],"tags":[],"class_list":["post-66517","post","type-post","status-publish","format-standard","has-post-thumbnail","hentry","category-news"],"yoast_head":"<!-- This site is optimized with the Yoast SEO plugin v23.5 - https:\/\/yoast.com\/wordpress\/plugins\/seo\/ -->\n<title>President Osmani at a meeting with EU ambassadors and representatives: We will continue to work closely with our partners during the EU Czech presidency in order to conclude the issue of visa liberalization for citizens of Kosovo - President of the Republic of Kosovo - DR. VJOSA OSMANI - SADRIU<\/title>\n<meta name=\"description\" content=\"President Osmani at a meeting with EU ambassadors and representatives: We will continue to work closely with our partners during the EU Czech presidency in order to conclude the issue of visa liberalization for citizens of Kosovo - President of the Republic of Kosovo - DR. VJOSA OSMANI - SADRIU -\" \/>\n<meta name=\"robots\" content=\"index, follow, max-snippet:-1, max-image-preview:large, max-video-preview:-1\" \/>\n<link rel=\"canonical\" href=\"https:\/\/president-ksgov.net\/en\/president-osmani-at-a-meeting-with-eu-ambassadors-and-representatives-we-will-continue-to-work-closely-with-our-partners-during-the-eu-czech-presidency-in-order-to-conclude-the-issue-of-visa-liberali\/\" \/>\n<meta property=\"og:locale\" content=\"en_US\" \/>\n<meta property=\"og:type\" content=\"article\" \/>\n<meta property=\"og:title\" content=\"President Osmani at a meeting with EU ambassadors and representatives: We will continue to work closely with our partners during the EU Czech presidency in order to conclude the issue of visa liberalization for citizens of Kosovo - President of the Republic of Kosovo - DR. VJOSA OSMANI - SADRIU\" \/>\n<meta property=\"og:description\" content=\"President Osmani at a meeting with EU ambassadors and representatives: We will continue to work closely with our partners during the EU Czech presidency in order to conclude the issue of visa liberalization for citizens of Kosovo - President of the Republic of Kosovo - DR. VJOSA OSMANI - SADRIU -\" \/>\n<meta property=\"og:url\" content=\"https:\/\/president-ksgov.net\/en\/president-osmani-at-a-meeting-with-eu-ambassadors-and-representatives-we-will-continue-to-work-closely-with-our-partners-during-the-eu-czech-presidency-in-order-to-conclude-the-issue-of-visa-liberali\/\" \/>\n<meta property=\"og:site_name\" content=\"President of the Republic of Kosovo - DR. VJOSA OSMANI - SADRIU\" \/>\n<meta property=\"article:published_time\" content=\"2022-07-15T16:37:04+00:00\" \/>\n<meta property=\"article:modified_time\" content=\"2023-03-07T08:44:16+00:00\" \/>\n<meta property=\"og:image\" content=\"https:\/\/president-ksgov.net\/wp-content\/uploads\/15_07_2022_9132006_PRKS_EU_01.jpg\" \/>\n\t<meta property=\"og:image:width\" content=\"2048\" \/>\n\t<meta property=\"og:image:height\" content=\"1367\" \/>\n\t<meta property=\"og:image:type\" content=\"image\/jpeg\" \/>\n<meta name=\"author\" content=\"admin\" \/>\n<meta name=\"twitter:card\" content=\"summary_large_image\" \/>\n<meta name=\"twitter:label1\" content=\"Written by\" \/>\n\t<meta name=\"twitter:data1\" content=\"admin\" \/>\n\t<meta name=\"twitter:label2\" content=\"Est. reading time\" \/>\n\t<meta name=\"twitter:data2\" content=\"1 minute\" \/>\n<script type=\"application\/ld+json\" class=\"yoast-schema-graph\">{\"@context\":\"https:\/\/schema.org\",\"@graph\":[{\"@type\":\"WebPage\",\"@id\":\"https:\/\/president-ksgov.net\/en\/president-osmani-at-a-meeting-with-eu-ambassadors-and-representatives-we-will-continue-to-work-closely-with-our-partners-during-the-eu-czech-presidency-in-order-to-conclude-the-issue-of-visa-liberali\/\",\"url\":\"https:\/\/president-ksgov.net\/en\/president-osmani-at-a-meeting-with-eu-ambassadors-and-representatives-we-will-continue-to-work-closely-with-our-partners-during-the-eu-czech-presidency-in-order-to-conclude-the-issue-of-visa-liberali\/\",\"name\":\"President Osmani at a meeting with EU ambassadors and representatives: We will continue to work closely with our partners during the EU Czech presidency in order to conclude the issue of visa liberalization for citizens of Kosovo - President of the Republic of Kosovo - DR. VJOSA OSMANI - SADRIU\",\"isPartOf\":{\"@id\":\"https:\/\/president-ksgov.net\/#website\"},\"primaryImageOfPage\":{\"@id\":\"https:\/\/president-ksgov.net\/en\/president-osmani-at-a-meeting-with-eu-ambassadors-and-representatives-we-will-continue-to-work-closely-with-our-partners-during-the-eu-czech-presidency-in-order-to-conclude-the-issue-of-visa-liberali\/#primaryimage\"},\"image\":{\"@id\":\"https:\/\/president-ksgov.net\/en\/president-osmani-at-a-meeting-with-eu-ambassadors-and-representatives-we-will-continue-to-work-closely-with-our-partners-during-the-eu-czech-presidency-in-order-to-conclude-the-issue-of-visa-liberali\/#primaryimage\"},\"thumbnailUrl\":\"https:\/\/president-ksgov.net\/wp-content\/uploads\/15_07_2022_9132006_PRKS_EU_01.jpg\",\"datePublished\":\"2022-07-15T16:37:04+00:00\",\"dateModified\":\"2023-03-07T08:44:16+00:00\",\"author\":{\"@id\":\"https:\/\/president-ksgov.net\/#\/schema\/person\/bb4337a5fb147cb2046d80548172cbee\"},\"description\":\"President Osmani at a meeting with EU ambassadors and representatives: We will continue to work closely with our partners during the EU Czech presidency in order to conclude the issue of visa liberalization for citizens of Kosovo - President of the Republic of Kosovo - DR. VJOSA OSMANI - SADRIU -\",\"breadcrumb\":{\"@id\":\"https:\/\/president-ksgov.net\/en\/president-osmani-at-a-meeting-with-eu-ambassadors-and-representatives-we-will-continue-to-work-closely-with-our-partners-during-the-eu-czech-presidency-in-order-to-conclude-the-issue-of-visa-liberali\/#breadcrumb\"},\"inLanguage\":\"en-US\",\"potentialAction\":[{\"@type\":\"ReadAction\",\"target\":[\"https:\/\/president-ksgov.net\/en\/president-osmani-at-a-meeting-with-eu-ambassadors-and-representatives-we-will-continue-to-work-closely-with-our-partners-during-the-eu-czech-presidency-in-order-to-conclude-the-issue-of-visa-liberali\/\"]}]},{\"@type\":\"ImageObject\",\"inLanguage\":\"en-US\",\"@id\":\"https:\/\/president-ksgov.net\/en\/president-osmani-at-a-meeting-with-eu-ambassadors-and-representatives-we-will-continue-to-work-closely-with-our-partners-during-the-eu-czech-presidency-in-order-to-conclude-the-issue-of-visa-liberali\/#primaryimage\",\"url\":\"https:\/\/president-ksgov.net\/wp-content\/uploads\/15_07_2022_9132006_PRKS_EU_01.jpg\",\"contentUrl\":\"https:\/\/president-ksgov.net\/wp-content\/uploads\/15_07_2022_9132006_PRKS_EU_01.jpg\",\"width\":2048,\"height\":1367},{\"@type\":\"BreadcrumbList\",\"@id\":\"https:\/\/president-ksgov.net\/en\/president-osmani-at-a-meeting-with-eu-ambassadors-and-representatives-we-will-continue-to-work-closely-with-our-partners-during-the-eu-czech-presidency-in-order-to-conclude-the-issue-of-visa-liberali\/#breadcrumb\",\"itemListElement\":[{\"@type\":\"ListItem\",\"position\":1,\"name\":\"Home\",\"item\":\"https:\/\/president-ksgov.net\/en\/\"},{\"@type\":\"ListItem\",\"position\":2,\"name\":\"President Osmani at a meeting with EU ambassadors and representatives: We will continue to work closely with our partners during the EU Czech presidency in order to conclude the issue of visa liberalization for citizens of Kosovo\"}]},{\"@type\":\"WebSite\",\"@id\":\"https:\/\/president-ksgov.net\/#website\",\"url\":\"https:\/\/president-ksgov.net\/\",\"name\":\"Presidente e Republik\u00ebs s\u00eb Kosov\u00ebs\",\"description\":\"Presidente e Republik\u00ebs s\u00eb Kosov\u00ebs\",\"alternateName\":\"DR. VJOSA OSMANI - SADRIU\",\"potentialAction\":[{\"@type\":\"SearchAction\",\"target\":{\"@type\":\"EntryPoint\",\"urlTemplate\":\"https:\/\/president-ksgov.net\/?s={search_term_string}\"},\"query-input\":{\"@type\":\"PropertyValueSpecification\",\"valueRequired\":true,\"valueName\":\"search_term_string\"}}],\"inLanguage\":\"en-US\"},{\"@type\":\"Person\",\"@id\":\"https:\/\/president-ksgov.net\/#\/schema\/person\/bb4337a5fb147cb2046d80548172cbee\",\"name\":\"admin\",\"image\":{\"@type\":\"ImageObject\",\"inLanguage\":\"en-US\",\"@id\":\"https:\/\/president-ksgov.net\/#\/schema\/person\/image\/\",\"url\":\"https:\/\/secure.gravatar.com\/avatar\/36156ca0fa3b8d9d25174f146e16beea0cf28f37adf1b9e19b6c9c279a7c9dd3?s=96&d=mm&r=g\",\"contentUrl\":\"https:\/\/secure.gravatar.com\/avatar\/36156ca0fa3b8d9d25174f146e16beea0cf28f37adf1b9e19b6c9c279a7c9dd3?s=96&d=mm&r=g\",\"caption\":\"admin\"},\"sameAs\":[\"https:\/\/president-ksgov.net\"]}]}<\/script>\n<!-- \/ Yoast SEO plugin. -->","yoast_head_json":{"title":"President Osmani at a meeting with EU ambassadors and representatives: We will continue to work closely with our partners during the EU Czech presidency in order to conclude the issue of visa liberalization for citizens of Kosovo - President of the Republic of Kosovo - DR. VJOSA OSMANI - SADRIU","description":"President Osmani at a meeting with EU ambassadors and representatives: We will continue to work closely with our partners during the EU Czech presidency in order to conclude the issue of visa liberalization for citizens of Kosovo - President of the Republic of Kosovo - DR. VJOSA OSMANI - SADRIU -","robots":{"index":"index","follow":"follow","max-snippet":"max-snippet:-1","max-image-preview":"max-image-preview:large","max-video-preview":"max-video-preview:-1"},"canonical":"https:\/\/president-ksgov.net\/en\/president-osmani-at-a-meeting-with-eu-ambassadors-and-representatives-we-will-continue-to-work-closely-with-our-partners-during-the-eu-czech-presidency-in-order-to-conclude-the-issue-of-visa-liberali\/","og_locale":"en_US","og_type":"article","og_title":"President Osmani at a meeting with EU ambassadors and representatives: We will continue to work closely with our partners during the EU Czech presidency in order to conclude the issue of visa liberalization for citizens of Kosovo - President of the Republic of Kosovo - DR. VJOSA OSMANI - SADRIU","og_description":"President Osmani at a meeting with EU ambassadors and representatives: We will continue to work closely with our partners during the EU Czech presidency in order to conclude the issue of visa liberalization for citizens of Kosovo - President of the Republic of Kosovo - DR. VJOSA OSMANI - SADRIU -","og_url":"https:\/\/president-ksgov.net\/en\/president-osmani-at-a-meeting-with-eu-ambassadors-and-representatives-we-will-continue-to-work-closely-with-our-partners-during-the-eu-czech-presidency-in-order-to-conclude-the-issue-of-visa-liberali\/","og_site_name":"President of the Republic of Kosovo - DR. VJOSA OSMANI - SADRIU","article_published_time":"2022-07-15T16:37:04+00:00","article_modified_time":"2023-03-07T08:44:16+00:00","og_image":[{"width":2048,"height":1367,"url":"https:\/\/president-ksgov.net\/wp-content\/uploads\/15_07_2022_9132006_PRKS_EU_01.jpg","type":"image\/jpeg"}],"author":"admin","twitter_card":"summary_large_image","twitter_misc":{"Written by":"admin","Est. reading time":"1 minute"},"schema":{"@context":"https:\/\/schema.org","@graph":[{"@type":"WebPage","@id":"https:\/\/president-ksgov.net\/en\/president-osmani-at-a-meeting-with-eu-ambassadors-and-representatives-we-will-continue-to-work-closely-with-our-partners-during-the-eu-czech-presidency-in-order-to-conclude-the-issue-of-visa-liberali\/","url":"https:\/\/president-ksgov.net\/en\/president-osmani-at-a-meeting-with-eu-ambassadors-and-representatives-we-will-continue-to-work-closely-with-our-partners-during-the-eu-czech-presidency-in-order-to-conclude-the-issue-of-visa-liberali\/","name":"President Osmani at a meeting with EU ambassadors and representatives: We will continue to work closely with our partners during the EU Czech presidency in order to conclude the issue of visa liberalization for citizens of Kosovo - President of the Republic of Kosovo - DR. VJOSA OSMANI - SADRIU","isPartOf":{"@id":"https:\/\/president-ksgov.net\/#website"},"primaryImageOfPage":{"@id":"https:\/\/president-ksgov.net\/en\/president-osmani-at-a-meeting-with-eu-ambassadors-and-representatives-we-will-continue-to-work-closely-with-our-partners-during-the-eu-czech-presidency-in-order-to-conclude-the-issue-of-visa-liberali\/#primaryimage"},"image":{"@id":"https:\/\/president-ksgov.net\/en\/president-osmani-at-a-meeting-with-eu-ambassadors-and-representatives-we-will-continue-to-work-closely-with-our-partners-during-the-eu-czech-presidency-in-order-to-conclude-the-issue-of-visa-liberali\/#primaryimage"},"thumbnailUrl":"https:\/\/president-ksgov.net\/wp-content\/uploads\/15_07_2022_9132006_PRKS_EU_01.jpg","datePublished":"2022-07-15T16:37:04+00:00","dateModified":"2023-03-07T08:44:16+00:00","author":{"@id":"https:\/\/president-ksgov.net\/#\/schema\/person\/bb4337a5fb147cb2046d80548172cbee"},"description":"President Osmani at a meeting with EU ambassadors and representatives: We will continue to work closely with our partners during the EU Czech presidency in order to conclude the issue of visa liberalization for citizens of Kosovo - President of the Republic of Kosovo - DR. VJOSA OSMANI - SADRIU -","breadcrumb":{"@id":"https:\/\/president-ksgov.net\/en\/president-osmani-at-a-meeting-with-eu-ambassadors-and-representatives-we-will-continue-to-work-closely-with-our-partners-during-the-eu-czech-presidency-in-order-to-conclude-the-issue-of-visa-liberali\/#breadcrumb"},"inLanguage":"en-US","potentialAction":[{"@type":"ReadAction","target":["https:\/\/president-ksgov.net\/en\/president-osmani-at-a-meeting-with-eu-ambassadors-and-representatives-we-will-continue-to-work-closely-with-our-partners-during-the-eu-czech-presidency-in-order-to-conclude-the-issue-of-visa-liberali\/"]}]},{"@type":"ImageObject","inLanguage":"en-US","@id":"https:\/\/president-ksgov.net\/en\/president-osmani-at-a-meeting-with-eu-ambassadors-and-representatives-we-will-continue-to-work-closely-with-our-partners-during-the-eu-czech-presidency-in-order-to-conclude-the-issue-of-visa-liberali\/#primaryimage","url":"https:\/\/president-ksgov.net\/wp-content\/uploads\/15_07_2022_9132006_PRKS_EU_01.jpg","contentUrl":"https:\/\/president-ksgov.net\/wp-content\/uploads\/15_07_2022_9132006_PRKS_EU_01.jpg","width":2048,"height":1367},{"@type":"BreadcrumbList","@id":"https:\/\/president-ksgov.net\/en\/president-osmani-at-a-meeting-with-eu-ambassadors-and-representatives-we-will-continue-to-work-closely-with-our-partners-during-the-eu-czech-presidency-in-order-to-conclude-the-issue-of-visa-liberali\/#breadcrumb","itemListElement":[{"@type":"ListItem","position":1,"name":"Home","item":"https:\/\/president-ksgov.net\/en\/"},{"@type":"ListItem","position":2,"name":"President Osmani at a meeting with EU ambassadors and representatives: We will continue to work closely with our partners during the EU Czech presidency in order to conclude the issue of visa liberalization for citizens of Kosovo"}]},{"@type":"WebSite","@id":"https:\/\/president-ksgov.net\/#website","url":"https:\/\/president-ksgov.net\/","name":"Presidente e Republik\u00ebs s\u00eb Kosov\u00ebs","description":"Presidente e Republik\u00ebs s\u00eb Kosov\u00ebs","alternateName":"DR. VJOSA OSMANI - SADRIU","potentialAction":[{"@type":"SearchAction","target":{"@type":"EntryPoint","urlTemplate":"https:\/\/president-ksgov.net\/?s={search_term_string}"},"query-input":{"@type":"PropertyValueSpecification","valueRequired":true,"valueName":"search_term_string"}}],"inLanguage":"en-US"},{"@type":"Person","@id":"https:\/\/president-ksgov.net\/#\/schema\/person\/bb4337a5fb147cb2046d80548172cbee","name":"admin","image":{"@type":"ImageObject","inLanguage":"en-US","@id":"https:\/\/president-ksgov.net\/#\/schema\/person\/image\/","url":"https:\/\/secure.gravatar.com\/avatar\/36156ca0fa3b8d9d25174f146e16beea0cf28f37adf1b9e19b6c9c279a7c9dd3?s=96&d=mm&r=g","contentUrl":"https:\/\/secure.gravatar.com\/avatar\/36156ca0fa3b8d9d25174f146e16beea0cf28f37adf1b9e19b6c9c279a7c9dd3?s=96&d=mm&r=g","caption":"admin"},"sameAs":["https:\/\/president-ksgov.net"]}]}},"_links":{"self":[{"href":"https:\/\/president-ksgov.net\/en\/wp-json\/wp\/v2\/posts\/66517","targetHints":{"allow":["GET"]}}],"collection":[{"href":"https:\/\/president-ksgov.net\/en\/wp-json\/wp\/v2\/posts"}],"about":[{"href":"https:\/\/president-ksgov.net\/en\/wp-json\/wp\/v2\/types\/post"}],"author":[{"embeddable":true,"href":"https:\/\/president-ksgov.net\/en\/wp-json\/wp\/v2\/users\/1"}],"replies":[{"embeddable":true,"href":"https:\/\/president-ksgov.net\/en\/wp-json\/wp\/v2\/comments?post=66517"}],"version-history":[{"count":0,"href":"https:\/\/president-ksgov.net\/en\/wp-json\/wp\/v2\/posts\/66517\/revisions"}],"wp:featuredmedia":[{"embeddable":true,"href":"https:\/\/president-ksgov.net\/en\/wp-json\/wp\/v2\/media\/12267"}],"wp:attachment":[{"href":"https:\/\/president-ksgov.net\/en\/wp-json\/wp\/v2\/media?parent=66517"}],"wp:term":[{"taxonomy":"category","embeddable":true,"href":"https:\/\/president-ksgov.net\/en\/wp-json\/wp\/v2\/categories?post=66517"},{"taxonomy":"post_tag","embeddable":true,"href":"https:\/\/president-ksgov.net\/en\/wp-json\/wp\/v2\/tags?post=66517"}],"curies":[{"name":"wp","href":"https:\/\/api.w.org\/{rel}","templated":true}]}}