{"id":66444,"date":"2022-08-30T13:37:32","date_gmt":"2022-08-30T13:37:32","guid":{"rendered":"https:\/\/dev.president-ksgov.net\/the-president-there-can-be-no-lasting-peace-without-bringing-to-light-the-fate-of-those-forcibly-disappeared-since-the-last-war-in-kosovo\/"},"modified":"2023-03-07T08:42:12","modified_gmt":"2023-03-07T08:42:12","slug":"the-president-there-can-be-no-lasting-peace-without-bringing-to-light-the-fate-of-those-forcibly-disappeared-since-the-last-war-in-kosovo","status":"publish","type":"post","link":"https:\/\/president-ksgov.net\/en\/the-president-there-can-be-no-lasting-peace-without-bringing-to-light-the-fate-of-those-forcibly-disappeared-since-the-last-war-in-kosovo\/","title":{"rendered":"The President: there can be no lasting peace without bringing to light the fate of those forcibly disappeared since the last war in Kosovo"},"content":{"rendered":"<p>The President of the Republic of Kosovo Vjosa Osmani Sadriu accompanied by the Prime Minister of Kosovo Albin Kurti, ministers, MPs,  members of the diplomatic corps and family members of those who forcibly disappeared since the last war in Kosovo, have paid tribute at the missing persons&#039; obelisk on the occasion of August 30th, the International Day of Missing Persons.<\/p>\n<p>President Osmani said that &#8220;they are our collective pain and memory.&#8221; They are the evidence of the Serbian genocidal regime&#039;s attempt to exterminate us. Above all, they are hostages to our freedom, hence bringing their fate to light is our daily dedication&#8221;.<\/p>\n<p>According to President Osmani, there can be no lasting peace without bringing to light the fate of those forcibly disappeared since the last war in Kosovo.<\/p>\n<p>Below you will find the complete post of President Osmani:<\/p>\n<p>On the International Day of the Disappeared, family members, as well as all of Kosovo, are still waiting for the fate of more than 1,600 people who disappeared violently during the last war in Kosovo to be revealed.<\/p>\n<p>They are our collective pain and memory. They are the evidence of the Serbian genocidal regime&#039;s attempt to exterminate us. Above all, they are hostages to our freedom, hence bringing their fate to light is our daily dedication.<\/p>\n<p>There can be no lasting peace without bringing to light the fate of those forcibly disappeared since the last war in Kosovo. We are dedicated and determined to bring their fate to light, the truth to prevail and justice to triumph.\u00a0\u00a0<\/p>\n","protected":false},"excerpt":{"rendered":"<p>The President of the Republic of Kosovo Vjosa Osmani Sadriu accompanied by the Prime Minister of Kosovo Albin Kurti, ministers, MPs,  members of the diplomatic corps and family members of those who forcibly disappeared since the last war in Kosovo, have paid tribute at the missing persons&#039; obelisk on the occasion of August 30th, the International Day of Missing Persons.<\/p>\n","protected":false},"author":1,"featured_media":11613,"comment_status":"open","ping_status":"closed","sticky":false,"template":"","format":"standard","meta":{"_eb_attr":"","footnotes":""},"categories":[111],"tags":[],"class_list":["post-66444","post","type-post","status-publish","format-standard","has-post-thumbnail","hentry","category-news"],"yoast_head":"<!-- This site is optimized with the Yoast SEO plugin v23.5 - https:\/\/yoast.com\/wordpress\/plugins\/seo\/ -->\n<title>The President: there can be no lasting peace without bringing to light the fate of those forcibly disappeared since the last war in Kosovo - President of the Republic of Kosovo - DR. VJOSA OSMANI - SADRIU<\/title>\n<meta name=\"description\" content=\"The President: there can be no lasting peace without bringing to light the fate of those forcibly disappeared since the last war in Kosovo - President of the Republic of Kosovo - DR. VJOSA OSMANI - SADRIU -\" \/>\n<meta name=\"robots\" content=\"index, follow, max-snippet:-1, max-image-preview:large, max-video-preview:-1\" \/>\n<link rel=\"canonical\" href=\"https:\/\/president-ksgov.net\/en\/the-president-there-can-be-no-lasting-peace-without-bringing-to-light-the-fate-of-those-forcibly-disappeared-since-the-last-war-in-kosovo\/\" \/>\n<meta property=\"og:locale\" content=\"en_US\" \/>\n<meta property=\"og:type\" content=\"article\" \/>\n<meta property=\"og:title\" content=\"The President: there can be no lasting peace without bringing to light the fate of those forcibly disappeared since the last war in Kosovo - President of the Republic of Kosovo - DR. VJOSA OSMANI - SADRIU\" \/>\n<meta property=\"og:description\" content=\"The President: there can be no lasting peace without bringing to light the fate of those forcibly disappeared since the last war in Kosovo - President of the Republic of Kosovo - DR. VJOSA OSMANI - SADRIU -\" \/>\n<meta property=\"og:url\" content=\"https:\/\/president-ksgov.net\/en\/the-president-there-can-be-no-lasting-peace-without-bringing-to-light-the-fate-of-those-forcibly-disappeared-since-the-last-war-in-kosovo\/\" \/>\n<meta property=\"og:site_name\" content=\"President of the Republic of Kosovo - DR. VJOSA OSMANI - SADRIU\" \/>\n<meta property=\"article:published_time\" content=\"2022-08-30T13:37:32+00:00\" \/>\n<meta property=\"article:modified_time\" content=\"2023-03-07T08:42:12+00:00\" \/>\n<meta property=\"og:image\" content=\"https:\/\/president-ksgov.net\/wp-content\/uploads\/30_08_2022_4268039_9.jpg\" \/>\n\t<meta property=\"og:image:width\" content=\"2048\" \/>\n\t<meta property=\"og:image:height\" content=\"1367\" \/>\n\t<meta property=\"og:image:type\" content=\"image\/jpeg\" \/>\n<meta name=\"author\" content=\"admin\" \/>\n<meta name=\"twitter:card\" content=\"summary_large_image\" \/>\n<meta name=\"twitter:label1\" content=\"Written by\" \/>\n\t<meta name=\"twitter:data1\" content=\"admin\" \/>\n\t<meta name=\"twitter:label2\" content=\"Est. reading time\" \/>\n\t<meta name=\"twitter:data2\" content=\"1 minute\" \/>\n<script type=\"application\/ld+json\" class=\"yoast-schema-graph\">{\"@context\":\"https:\/\/schema.org\",\"@graph\":[{\"@type\":\"WebPage\",\"@id\":\"https:\/\/president-ksgov.net\/en\/the-president-there-can-be-no-lasting-peace-without-bringing-to-light-the-fate-of-those-forcibly-disappeared-since-the-last-war-in-kosovo\/\",\"url\":\"https:\/\/president-ksgov.net\/en\/the-president-there-can-be-no-lasting-peace-without-bringing-to-light-the-fate-of-those-forcibly-disappeared-since-the-last-war-in-kosovo\/\",\"name\":\"The President: there can be no lasting peace without bringing to light the fate of those forcibly disappeared since the last war in Kosovo - President of the Republic of Kosovo - DR. VJOSA OSMANI - SADRIU\",\"isPartOf\":{\"@id\":\"https:\/\/president-ksgov.net\/#website\"},\"primaryImageOfPage\":{\"@id\":\"https:\/\/president-ksgov.net\/en\/the-president-there-can-be-no-lasting-peace-without-bringing-to-light-the-fate-of-those-forcibly-disappeared-since-the-last-war-in-kosovo\/#primaryimage\"},\"image\":{\"@id\":\"https:\/\/president-ksgov.net\/en\/the-president-there-can-be-no-lasting-peace-without-bringing-to-light-the-fate-of-those-forcibly-disappeared-since-the-last-war-in-kosovo\/#primaryimage\"},\"thumbnailUrl\":\"https:\/\/president-ksgov.net\/wp-content\/uploads\/30_08_2022_4268039_9.jpg\",\"datePublished\":\"2022-08-30T13:37:32+00:00\",\"dateModified\":\"2023-03-07T08:42:12+00:00\",\"author\":{\"@id\":\"https:\/\/president-ksgov.net\/#\/schema\/person\/bb4337a5fb147cb2046d80548172cbee\"},\"description\":\"The President: there can be no lasting peace without bringing to light the fate of those forcibly disappeared since the last war in Kosovo - President of the Republic of Kosovo - DR. VJOSA OSMANI - SADRIU -\",\"breadcrumb\":{\"@id\":\"https:\/\/president-ksgov.net\/en\/the-president-there-can-be-no-lasting-peace-without-bringing-to-light-the-fate-of-those-forcibly-disappeared-since-the-last-war-in-kosovo\/#breadcrumb\"},\"inLanguage\":\"en-US\",\"potentialAction\":[{\"@type\":\"ReadAction\",\"target\":[\"https:\/\/president-ksgov.net\/en\/the-president-there-can-be-no-lasting-peace-without-bringing-to-light-the-fate-of-those-forcibly-disappeared-since-the-last-war-in-kosovo\/\"]}]},{\"@type\":\"ImageObject\",\"inLanguage\":\"en-US\",\"@id\":\"https:\/\/president-ksgov.net\/en\/the-president-there-can-be-no-lasting-peace-without-bringing-to-light-the-fate-of-those-forcibly-disappeared-since-the-last-war-in-kosovo\/#primaryimage\",\"url\":\"https:\/\/president-ksgov.net\/wp-content\/uploads\/30_08_2022_4268039_9.jpg\",\"contentUrl\":\"https:\/\/president-ksgov.net\/wp-content\/uploads\/30_08_2022_4268039_9.jpg\",\"width\":2048,\"height\":1367},{\"@type\":\"BreadcrumbList\",\"@id\":\"https:\/\/president-ksgov.net\/en\/the-president-there-can-be-no-lasting-peace-without-bringing-to-light-the-fate-of-those-forcibly-disappeared-since-the-last-war-in-kosovo\/#breadcrumb\",\"itemListElement\":[{\"@type\":\"ListItem\",\"position\":1,\"name\":\"Home\",\"item\":\"https:\/\/president-ksgov.net\/en\/\"},{\"@type\":\"ListItem\",\"position\":2,\"name\":\"The President: there can be no lasting peace without bringing to light the fate of those forcibly disappeared since the last war in Kosovo\"}]},{\"@type\":\"WebSite\",\"@id\":\"https:\/\/president-ksgov.net\/#website\",\"url\":\"https:\/\/president-ksgov.net\/\",\"name\":\"Presidente e Republik\u00ebs s\u00eb Kosov\u00ebs\",\"description\":\"Presidente e Republik\u00ebs s\u00eb Kosov\u00ebs\",\"alternateName\":\"DR. VJOSA OSMANI - SADRIU\",\"potentialAction\":[{\"@type\":\"SearchAction\",\"target\":{\"@type\":\"EntryPoint\",\"urlTemplate\":\"https:\/\/president-ksgov.net\/?s={search_term_string}\"},\"query-input\":{\"@type\":\"PropertyValueSpecification\",\"valueRequired\":true,\"valueName\":\"search_term_string\"}}],\"inLanguage\":\"en-US\"},{\"@type\":\"Person\",\"@id\":\"https:\/\/president-ksgov.net\/#\/schema\/person\/bb4337a5fb147cb2046d80548172cbee\",\"name\":\"admin\",\"image\":{\"@type\":\"ImageObject\",\"inLanguage\":\"en-US\",\"@id\":\"https:\/\/president-ksgov.net\/#\/schema\/person\/image\/\",\"url\":\"https:\/\/secure.gravatar.com\/avatar\/36156ca0fa3b8d9d25174f146e16beea0cf28f37adf1b9e19b6c9c279a7c9dd3?s=96&d=mm&r=g\",\"contentUrl\":\"https:\/\/secure.gravatar.com\/avatar\/36156ca0fa3b8d9d25174f146e16beea0cf28f37adf1b9e19b6c9c279a7c9dd3?s=96&d=mm&r=g\",\"caption\":\"admin\"},\"sameAs\":[\"https:\/\/president-ksgov.net\"]}]}<\/script>\n<!-- \/ Yoast SEO plugin. -->","yoast_head_json":{"title":"The President: there can be no lasting peace without bringing to light the fate of those forcibly disappeared since the last war in Kosovo - President of the Republic of Kosovo - DR. VJOSA OSMANI - SADRIU","description":"The President: there can be no lasting peace without bringing to light the fate of those forcibly disappeared since the last war in Kosovo - President of the Republic of Kosovo - DR. VJOSA OSMANI - SADRIU -","robots":{"index":"index","follow":"follow","max-snippet":"max-snippet:-1","max-image-preview":"max-image-preview:large","max-video-preview":"max-video-preview:-1"},"canonical":"https:\/\/president-ksgov.net\/en\/the-president-there-can-be-no-lasting-peace-without-bringing-to-light-the-fate-of-those-forcibly-disappeared-since-the-last-war-in-kosovo\/","og_locale":"en_US","og_type":"article","og_title":"The President: there can be no lasting peace without bringing to light the fate of those forcibly disappeared since the last war in Kosovo - President of the Republic of Kosovo - DR. VJOSA OSMANI - SADRIU","og_description":"The President: there can be no lasting peace without bringing to light the fate of those forcibly disappeared since the last war in Kosovo - President of the Republic of Kosovo - DR. VJOSA OSMANI - SADRIU -","og_url":"https:\/\/president-ksgov.net\/en\/the-president-there-can-be-no-lasting-peace-without-bringing-to-light-the-fate-of-those-forcibly-disappeared-since-the-last-war-in-kosovo\/","og_site_name":"President of the Republic of Kosovo - DR. VJOSA OSMANI - SADRIU","article_published_time":"2022-08-30T13:37:32+00:00","article_modified_time":"2023-03-07T08:42:12+00:00","og_image":[{"width":2048,"height":1367,"url":"https:\/\/president-ksgov.net\/wp-content\/uploads\/30_08_2022_4268039_9.jpg","type":"image\/jpeg"}],"author":"admin","twitter_card":"summary_large_image","twitter_misc":{"Written by":"admin","Est. reading time":"1 minute"},"schema":{"@context":"https:\/\/schema.org","@graph":[{"@type":"WebPage","@id":"https:\/\/president-ksgov.net\/en\/the-president-there-can-be-no-lasting-peace-without-bringing-to-light-the-fate-of-those-forcibly-disappeared-since-the-last-war-in-kosovo\/","url":"https:\/\/president-ksgov.net\/en\/the-president-there-can-be-no-lasting-peace-without-bringing-to-light-the-fate-of-those-forcibly-disappeared-since-the-last-war-in-kosovo\/","name":"The President: there can be no lasting peace without bringing to light the fate of those forcibly disappeared since the last war in Kosovo - President of the Republic of Kosovo - DR. VJOSA OSMANI - SADRIU","isPartOf":{"@id":"https:\/\/president-ksgov.net\/#website"},"primaryImageOfPage":{"@id":"https:\/\/president-ksgov.net\/en\/the-president-there-can-be-no-lasting-peace-without-bringing-to-light-the-fate-of-those-forcibly-disappeared-since-the-last-war-in-kosovo\/#primaryimage"},"image":{"@id":"https:\/\/president-ksgov.net\/en\/the-president-there-can-be-no-lasting-peace-without-bringing-to-light-the-fate-of-those-forcibly-disappeared-since-the-last-war-in-kosovo\/#primaryimage"},"thumbnailUrl":"https:\/\/president-ksgov.net\/wp-content\/uploads\/30_08_2022_4268039_9.jpg","datePublished":"2022-08-30T13:37:32+00:00","dateModified":"2023-03-07T08:42:12+00:00","author":{"@id":"https:\/\/president-ksgov.net\/#\/schema\/person\/bb4337a5fb147cb2046d80548172cbee"},"description":"The President: there can be no lasting peace without bringing to light the fate of those forcibly disappeared since the last war in Kosovo - President of the Republic of Kosovo - DR. VJOSA OSMANI - SADRIU -","breadcrumb":{"@id":"https:\/\/president-ksgov.net\/en\/the-president-there-can-be-no-lasting-peace-without-bringing-to-light-the-fate-of-those-forcibly-disappeared-since-the-last-war-in-kosovo\/#breadcrumb"},"inLanguage":"en-US","potentialAction":[{"@type":"ReadAction","target":["https:\/\/president-ksgov.net\/en\/the-president-there-can-be-no-lasting-peace-without-bringing-to-light-the-fate-of-those-forcibly-disappeared-since-the-last-war-in-kosovo\/"]}]},{"@type":"ImageObject","inLanguage":"en-US","@id":"https:\/\/president-ksgov.net\/en\/the-president-there-can-be-no-lasting-peace-without-bringing-to-light-the-fate-of-those-forcibly-disappeared-since-the-last-war-in-kosovo\/#primaryimage","url":"https:\/\/president-ksgov.net\/wp-content\/uploads\/30_08_2022_4268039_9.jpg","contentUrl":"https:\/\/president-ksgov.net\/wp-content\/uploads\/30_08_2022_4268039_9.jpg","width":2048,"height":1367},{"@type":"BreadcrumbList","@id":"https:\/\/president-ksgov.net\/en\/the-president-there-can-be-no-lasting-peace-without-bringing-to-light-the-fate-of-those-forcibly-disappeared-since-the-last-war-in-kosovo\/#breadcrumb","itemListElement":[{"@type":"ListItem","position":1,"name":"Home","item":"https:\/\/president-ksgov.net\/en\/"},{"@type":"ListItem","position":2,"name":"The President: there can be no lasting peace without bringing to light the fate of those forcibly disappeared since the last war in Kosovo"}]},{"@type":"WebSite","@id":"https:\/\/president-ksgov.net\/#website","url":"https:\/\/president-ksgov.net\/","name":"Presidente e Republik\u00ebs s\u00eb Kosov\u00ebs","description":"Presidente e Republik\u00ebs s\u00eb Kosov\u00ebs","alternateName":"DR. VJOSA OSMANI - SADRIU","potentialAction":[{"@type":"SearchAction","target":{"@type":"EntryPoint","urlTemplate":"https:\/\/president-ksgov.net\/?s={search_term_string}"},"query-input":{"@type":"PropertyValueSpecification","valueRequired":true,"valueName":"search_term_string"}}],"inLanguage":"en-US"},{"@type":"Person","@id":"https:\/\/president-ksgov.net\/#\/schema\/person\/bb4337a5fb147cb2046d80548172cbee","name":"admin","image":{"@type":"ImageObject","inLanguage":"en-US","@id":"https:\/\/president-ksgov.net\/#\/schema\/person\/image\/","url":"https:\/\/secure.gravatar.com\/avatar\/36156ca0fa3b8d9d25174f146e16beea0cf28f37adf1b9e19b6c9c279a7c9dd3?s=96&d=mm&r=g","contentUrl":"https:\/\/secure.gravatar.com\/avatar\/36156ca0fa3b8d9d25174f146e16beea0cf28f37adf1b9e19b6c9c279a7c9dd3?s=96&d=mm&r=g","caption":"admin"},"sameAs":["https:\/\/president-ksgov.net"]}]}},"_links":{"self":[{"href":"https:\/\/president-ksgov.net\/en\/wp-json\/wp\/v2\/posts\/66444","targetHints":{"allow":["GET"]}}],"collection":[{"href":"https:\/\/president-ksgov.net\/en\/wp-json\/wp\/v2\/posts"}],"about":[{"href":"https:\/\/president-ksgov.net\/en\/wp-json\/wp\/v2\/types\/post"}],"author":[{"embeddable":true,"href":"https:\/\/president-ksgov.net\/en\/wp-json\/wp\/v2\/users\/1"}],"replies":[{"embeddable":true,"href":"https:\/\/president-ksgov.net\/en\/wp-json\/wp\/v2\/comments?post=66444"}],"version-history":[{"count":0,"href":"https:\/\/president-ksgov.net\/en\/wp-json\/wp\/v2\/posts\/66444\/revisions"}],"wp:featuredmedia":[{"embeddable":true,"href":"https:\/\/president-ksgov.net\/en\/wp-json\/wp\/v2\/media\/11613"}],"wp:attachment":[{"href":"https:\/\/president-ksgov.net\/en\/wp-json\/wp\/v2\/media?parent=66444"}],"wp:term":[{"taxonomy":"category","embeddable":true,"href":"https:\/\/president-ksgov.net\/en\/wp-json\/wp\/v2\/categories?post=66444"},{"taxonomy":"post_tag","embeddable":true,"href":"https:\/\/president-ksgov.net\/en\/wp-json\/wp\/v2\/tags?post=66444"}],"curies":[{"name":"wp","href":"https:\/\/api.w.org\/{rel}","templated":true}]}}