{"id":66422,"date":"2022-09-07T13:33:40","date_gmt":"2022-09-07T13:33:40","guid":{"rendered":"https:\/\/dev.president-ksgov.net\/president-osmani-remembered-the-32nd-anniversary-of-the-kacanik-constitution\/"},"modified":"2023-03-07T08:41:51","modified_gmt":"2023-03-07T08:41:51","slug":"president-osmani-remembered-the-32nd-anniversary-of-the-kacanik-constitution","status":"publish","type":"post","link":"https:\/\/president-ksgov.net\/en\/president-osmani-remembered-the-32nd-anniversary-of-the-kacanik-constitution\/","title":{"rendered":"President Osmani remembered the 32nd anniversary of the Ka\u00e7anik Constitution"},"content":{"rendered":"<p>The President of the Republic of Kosovo, Vjosa Osmani, on the occasion of the 32nd anniversary of the Ka\u00e7anik Constitution, said that the foundations of Kosovo&#039;s citizenship were laid thirty-two years ago, with the approval of this Constitution.<\/p>\n<p>President Osmani stated that with the approval of this declaration, the unshakable foundations of independent Kosovo have been laid.<br \/>\n\u00a0<br \/>\nBelow is President Osmani&#039;s entire post:<br \/>\n\u00a0<br \/>\n32 years ago, representative men and women, with civic courage and national consciousness, approved the Ka\u00e7anik Constitution, which marks the first act in the creation of Kosovo&#039;s constitutional order and strengthens the efforts of generations for an independent state.<br \/>\n\u00a0<br \/>\nThe then representatives of the Assembly, on September 7, 1990, became lord of the country and immortalized in the Constitution the will of the citizens who represented them, finally sealing the effort for freedom, democracy and an independent state. They challenged a brutal state and regime, laying the unshakable foundations of independent Kosovo.<br \/>\n\u00a0<br \/>\nToday, 32 years later, as we remember this historic date, we humble ourselves to the courage of the then delegates of the Assembly of Kosovo, their dedication to their homeland and persistence to see their state come to life. By approving the Constitution, they laid the first, foundational stone of our citizenship. With it, the creation of the constitutional and state identity of the Republic of Kosovo began.<br \/>\n\u00a0<br \/>\nEternally grateful for this historic act!<\/p>\n","protected":false},"excerpt":{"rendered":"<p>The President of the Republic of Kosovo, Vjosa Osmani, on the occasion of the 32nd anniversary of the Ka\u00e7anik Constitution, said that the foundations of Kosovo&#039;s citizenship were laid thirty-two years ago, with the approval of this Constitution.<\/p>\n","protected":false},"author":1,"featured_media":11435,"comment_status":"open","ping_status":"closed","sticky":false,"template":"","format":"standard","meta":{"_eb_attr":"","footnotes":""},"categories":[111],"tags":[],"class_list":["post-66422","post","type-post","status-publish","format-standard","has-post-thumbnail","hentry","category-news"],"yoast_head":"<!-- This site is optimized with the Yoast SEO plugin v23.5 - https:\/\/yoast.com\/wordpress\/plugins\/seo\/ -->\n<title>President Osmani remembered the 32nd anniversary of the Ka\u00e7anik Constitution - President of the Republic of Kosovo - DR. VJOSA OSMANI - SADRIU<\/title>\n<meta name=\"description\" content=\"President Osmani remembered the 32nd anniversary of the Ka\u00e7anik Constitution - President of the Republic of Kosovo - DR. VJOSA OSMANI - SADRIU -\" \/>\n<meta name=\"robots\" content=\"index, follow, max-snippet:-1, max-image-preview:large, max-video-preview:-1\" \/>\n<link rel=\"canonical\" href=\"https:\/\/president-ksgov.net\/en\/president-osmani-remembered-the-32nd-anniversary-of-the-kacanik-constitution\/\" \/>\n<meta property=\"og:locale\" content=\"en_US\" \/>\n<meta property=\"og:type\" content=\"article\" \/>\n<meta property=\"og:title\" content=\"President Osmani remembered the 32nd anniversary of the Ka\u00e7anik Constitution - President of the Republic of Kosovo - DR. VJOSA OSMANI - SADRIU\" \/>\n<meta property=\"og:description\" content=\"President Osmani remembered the 32nd anniversary of the Ka\u00e7anik Constitution - President of the Republic of Kosovo - DR. VJOSA OSMANI - SADRIU -\" \/>\n<meta property=\"og:url\" content=\"https:\/\/president-ksgov.net\/en\/president-osmani-remembered-the-32nd-anniversary-of-the-kacanik-constitution\/\" \/>\n<meta property=\"og:site_name\" content=\"President of the Republic of Kosovo - DR. VJOSA OSMANI - SADRIU\" \/>\n<meta property=\"article:published_time\" content=\"2022-09-07T13:33:40+00:00\" \/>\n<meta property=\"article:modified_time\" content=\"2023-03-07T08:41:51+00:00\" \/>\n<meta property=\"og:image\" content=\"https:\/\/president-ksgov.net\/wp-content\/uploads\/07_09_2022_4108602_Kushtetuta_Web.png\" \/>\n\t<meta property=\"og:image:width\" content=\"1366\" \/>\n\t<meta property=\"og:image:height\" content=\"768\" \/>\n\t<meta property=\"og:image:type\" content=\"image\/png\" \/>\n<meta name=\"author\" content=\"admin\" \/>\n<meta name=\"twitter:card\" content=\"summary_large_image\" \/>\n<meta name=\"twitter:label1\" content=\"Written by\" \/>\n\t<meta name=\"twitter:data1\" content=\"admin\" \/>\n\t<meta name=\"twitter:label2\" content=\"Est. reading time\" \/>\n\t<meta name=\"twitter:data2\" content=\"1 minute\" \/>\n<script type=\"application\/ld+json\" class=\"yoast-schema-graph\">{\"@context\":\"https:\/\/schema.org\",\"@graph\":[{\"@type\":\"WebPage\",\"@id\":\"https:\/\/president-ksgov.net\/en\/president-osmani-remembered-the-32nd-anniversary-of-the-kacanik-constitution\/\",\"url\":\"https:\/\/president-ksgov.net\/en\/president-osmani-remembered-the-32nd-anniversary-of-the-kacanik-constitution\/\",\"name\":\"President Osmani remembered the 32nd anniversary of the Ka\u00e7anik Constitution - President of the Republic of Kosovo - DR. VJOSA OSMANI - SADRIU\",\"isPartOf\":{\"@id\":\"https:\/\/president-ksgov.net\/#website\"},\"primaryImageOfPage\":{\"@id\":\"https:\/\/president-ksgov.net\/en\/president-osmani-remembered-the-32nd-anniversary-of-the-kacanik-constitution\/#primaryimage\"},\"image\":{\"@id\":\"https:\/\/president-ksgov.net\/en\/president-osmani-remembered-the-32nd-anniversary-of-the-kacanik-constitution\/#primaryimage\"},\"thumbnailUrl\":\"https:\/\/president-ksgov.net\/wp-content\/uploads\/07_09_2022_4108602_Kushtetuta_Web.png\",\"datePublished\":\"2022-09-07T13:33:40+00:00\",\"dateModified\":\"2023-03-07T08:41:51+00:00\",\"author\":{\"@id\":\"https:\/\/president-ksgov.net\/#\/schema\/person\/bb4337a5fb147cb2046d80548172cbee\"},\"description\":\"President Osmani remembered the 32nd anniversary of the Ka\u00e7anik Constitution - President of the Republic of Kosovo - DR. VJOSA OSMANI - SADRIU -\",\"breadcrumb\":{\"@id\":\"https:\/\/president-ksgov.net\/en\/president-osmani-remembered-the-32nd-anniversary-of-the-kacanik-constitution\/#breadcrumb\"},\"inLanguage\":\"en-US\",\"potentialAction\":[{\"@type\":\"ReadAction\",\"target\":[\"https:\/\/president-ksgov.net\/en\/president-osmani-remembered-the-32nd-anniversary-of-the-kacanik-constitution\/\"]}]},{\"@type\":\"ImageObject\",\"inLanguage\":\"en-US\",\"@id\":\"https:\/\/president-ksgov.net\/en\/president-osmani-remembered-the-32nd-anniversary-of-the-kacanik-constitution\/#primaryimage\",\"url\":\"https:\/\/president-ksgov.net\/wp-content\/uploads\/07_09_2022_4108602_Kushtetuta_Web.png\",\"contentUrl\":\"https:\/\/president-ksgov.net\/wp-content\/uploads\/07_09_2022_4108602_Kushtetuta_Web.png\",\"width\":1366,\"height\":768},{\"@type\":\"BreadcrumbList\",\"@id\":\"https:\/\/president-ksgov.net\/en\/president-osmani-remembered-the-32nd-anniversary-of-the-kacanik-constitution\/#breadcrumb\",\"itemListElement\":[{\"@type\":\"ListItem\",\"position\":1,\"name\":\"Home\",\"item\":\"https:\/\/president-ksgov.net\/en\/\"},{\"@type\":\"ListItem\",\"position\":2,\"name\":\"President Osmani remembered the 32nd anniversary of the Ka\u00e7anik Constitution\"}]},{\"@type\":\"WebSite\",\"@id\":\"https:\/\/president-ksgov.net\/#website\",\"url\":\"https:\/\/president-ksgov.net\/\",\"name\":\"Presidente e Republik\u00ebs s\u00eb Kosov\u00ebs\",\"description\":\"Presidente e Republik\u00ebs s\u00eb Kosov\u00ebs\",\"alternateName\":\"DR. VJOSA OSMANI - SADRIU\",\"potentialAction\":[{\"@type\":\"SearchAction\",\"target\":{\"@type\":\"EntryPoint\",\"urlTemplate\":\"https:\/\/president-ksgov.net\/?s={search_term_string}\"},\"query-input\":{\"@type\":\"PropertyValueSpecification\",\"valueRequired\":true,\"valueName\":\"search_term_string\"}}],\"inLanguage\":\"en-US\"},{\"@type\":\"Person\",\"@id\":\"https:\/\/president-ksgov.net\/#\/schema\/person\/bb4337a5fb147cb2046d80548172cbee\",\"name\":\"admin\",\"image\":{\"@type\":\"ImageObject\",\"inLanguage\":\"en-US\",\"@id\":\"https:\/\/president-ksgov.net\/#\/schema\/person\/image\/\",\"url\":\"https:\/\/secure.gravatar.com\/avatar\/36156ca0fa3b8d9d25174f146e16beea0cf28f37adf1b9e19b6c9c279a7c9dd3?s=96&d=mm&r=g\",\"contentUrl\":\"https:\/\/secure.gravatar.com\/avatar\/36156ca0fa3b8d9d25174f146e16beea0cf28f37adf1b9e19b6c9c279a7c9dd3?s=96&d=mm&r=g\",\"caption\":\"admin\"},\"sameAs\":[\"https:\/\/president-ksgov.net\"]}]}<\/script>\n<!-- \/ Yoast SEO plugin. -->","yoast_head_json":{"title":"President Osmani remembered the 32nd anniversary of the Ka\u00e7anik Constitution - President of the Republic of Kosovo - DR. VJOSA OSMANI - SADRIU","description":"President Osmani remembered the 32nd anniversary of the Ka\u00e7anik Constitution - President of the Republic of Kosovo - DR. VJOSA OSMANI - SADRIU -","robots":{"index":"index","follow":"follow","max-snippet":"max-snippet:-1","max-image-preview":"max-image-preview:large","max-video-preview":"max-video-preview:-1"},"canonical":"https:\/\/president-ksgov.net\/en\/president-osmani-remembered-the-32nd-anniversary-of-the-kacanik-constitution\/","og_locale":"en_US","og_type":"article","og_title":"President Osmani remembered the 32nd anniversary of the Ka\u00e7anik Constitution - President of the Republic of Kosovo - DR. VJOSA OSMANI - SADRIU","og_description":"President Osmani remembered the 32nd anniversary of the Ka\u00e7anik Constitution - President of the Republic of Kosovo - DR. VJOSA OSMANI - SADRIU -","og_url":"https:\/\/president-ksgov.net\/en\/president-osmani-remembered-the-32nd-anniversary-of-the-kacanik-constitution\/","og_site_name":"President of the Republic of Kosovo - DR. VJOSA OSMANI - SADRIU","article_published_time":"2022-09-07T13:33:40+00:00","article_modified_time":"2023-03-07T08:41:51+00:00","og_image":[{"width":1366,"height":768,"url":"https:\/\/president-ksgov.net\/wp-content\/uploads\/07_09_2022_4108602_Kushtetuta_Web.png","type":"image\/png"}],"author":"admin","twitter_card":"summary_large_image","twitter_misc":{"Written by":"admin","Est. reading time":"1 minute"},"schema":{"@context":"https:\/\/schema.org","@graph":[{"@type":"WebPage","@id":"https:\/\/president-ksgov.net\/en\/president-osmani-remembered-the-32nd-anniversary-of-the-kacanik-constitution\/","url":"https:\/\/president-ksgov.net\/en\/president-osmani-remembered-the-32nd-anniversary-of-the-kacanik-constitution\/","name":"President Osmani remembered the 32nd anniversary of the Ka\u00e7anik Constitution - President of the Republic of Kosovo - DR. VJOSA OSMANI - SADRIU","isPartOf":{"@id":"https:\/\/president-ksgov.net\/#website"},"primaryImageOfPage":{"@id":"https:\/\/president-ksgov.net\/en\/president-osmani-remembered-the-32nd-anniversary-of-the-kacanik-constitution\/#primaryimage"},"image":{"@id":"https:\/\/president-ksgov.net\/en\/president-osmani-remembered-the-32nd-anniversary-of-the-kacanik-constitution\/#primaryimage"},"thumbnailUrl":"https:\/\/president-ksgov.net\/wp-content\/uploads\/07_09_2022_4108602_Kushtetuta_Web.png","datePublished":"2022-09-07T13:33:40+00:00","dateModified":"2023-03-07T08:41:51+00:00","author":{"@id":"https:\/\/president-ksgov.net\/#\/schema\/person\/bb4337a5fb147cb2046d80548172cbee"},"description":"President Osmani remembered the 32nd anniversary of the Ka\u00e7anik Constitution - President of the Republic of Kosovo - DR. VJOSA OSMANI - SADRIU -","breadcrumb":{"@id":"https:\/\/president-ksgov.net\/en\/president-osmani-remembered-the-32nd-anniversary-of-the-kacanik-constitution\/#breadcrumb"},"inLanguage":"en-US","potentialAction":[{"@type":"ReadAction","target":["https:\/\/president-ksgov.net\/en\/president-osmani-remembered-the-32nd-anniversary-of-the-kacanik-constitution\/"]}]},{"@type":"ImageObject","inLanguage":"en-US","@id":"https:\/\/president-ksgov.net\/en\/president-osmani-remembered-the-32nd-anniversary-of-the-kacanik-constitution\/#primaryimage","url":"https:\/\/president-ksgov.net\/wp-content\/uploads\/07_09_2022_4108602_Kushtetuta_Web.png","contentUrl":"https:\/\/president-ksgov.net\/wp-content\/uploads\/07_09_2022_4108602_Kushtetuta_Web.png","width":1366,"height":768},{"@type":"BreadcrumbList","@id":"https:\/\/president-ksgov.net\/en\/president-osmani-remembered-the-32nd-anniversary-of-the-kacanik-constitution\/#breadcrumb","itemListElement":[{"@type":"ListItem","position":1,"name":"Home","item":"https:\/\/president-ksgov.net\/en\/"},{"@type":"ListItem","position":2,"name":"President Osmani remembered the 32nd anniversary of the Ka\u00e7anik Constitution"}]},{"@type":"WebSite","@id":"https:\/\/president-ksgov.net\/#website","url":"https:\/\/president-ksgov.net\/","name":"Presidente e Republik\u00ebs s\u00eb Kosov\u00ebs","description":"Presidente e Republik\u00ebs s\u00eb Kosov\u00ebs","alternateName":"DR. VJOSA OSMANI - SADRIU","potentialAction":[{"@type":"SearchAction","target":{"@type":"EntryPoint","urlTemplate":"https:\/\/president-ksgov.net\/?s={search_term_string}"},"query-input":{"@type":"PropertyValueSpecification","valueRequired":true,"valueName":"search_term_string"}}],"inLanguage":"en-US"},{"@type":"Person","@id":"https:\/\/president-ksgov.net\/#\/schema\/person\/bb4337a5fb147cb2046d80548172cbee","name":"admin","image":{"@type":"ImageObject","inLanguage":"en-US","@id":"https:\/\/president-ksgov.net\/#\/schema\/person\/image\/","url":"https:\/\/secure.gravatar.com\/avatar\/36156ca0fa3b8d9d25174f146e16beea0cf28f37adf1b9e19b6c9c279a7c9dd3?s=96&d=mm&r=g","contentUrl":"https:\/\/secure.gravatar.com\/avatar\/36156ca0fa3b8d9d25174f146e16beea0cf28f37adf1b9e19b6c9c279a7c9dd3?s=96&d=mm&r=g","caption":"admin"},"sameAs":["https:\/\/president-ksgov.net"]}]}},"_links":{"self":[{"href":"https:\/\/president-ksgov.net\/en\/wp-json\/wp\/v2\/posts\/66422","targetHints":{"allow":["GET"]}}],"collection":[{"href":"https:\/\/president-ksgov.net\/en\/wp-json\/wp\/v2\/posts"}],"about":[{"href":"https:\/\/president-ksgov.net\/en\/wp-json\/wp\/v2\/types\/post"}],"author":[{"embeddable":true,"href":"https:\/\/president-ksgov.net\/en\/wp-json\/wp\/v2\/users\/1"}],"replies":[{"embeddable":true,"href":"https:\/\/president-ksgov.net\/en\/wp-json\/wp\/v2\/comments?post=66422"}],"version-history":[{"count":0,"href":"https:\/\/president-ksgov.net\/en\/wp-json\/wp\/v2\/posts\/66422\/revisions"}],"wp:featuredmedia":[{"embeddable":true,"href":"https:\/\/president-ksgov.net\/en\/wp-json\/wp\/v2\/media\/11435"}],"wp:attachment":[{"href":"https:\/\/president-ksgov.net\/en\/wp-json\/wp\/v2\/media?parent=66422"}],"wp:term":[{"taxonomy":"category","embeddable":true,"href":"https:\/\/president-ksgov.net\/en\/wp-json\/wp\/v2\/categories?post=66422"},{"taxonomy":"post_tag","embeddable":true,"href":"https:\/\/president-ksgov.net\/en\/wp-json\/wp\/v2\/tags?post=66422"}],"curies":[{"name":"wp","href":"https:\/\/api.w.org\/{rel}","templated":true}]}}