{"id":66378,"date":"2022-09-22T09:00:05","date_gmt":"2022-09-22T09:00:05","guid":{"rendered":"https:\/\/dev.president-ksgov.net\/president-osmani-and-deputy-prime-minister-gervalla-schwarz-met-with-the-nato-secretary-general-jens-stoltenberg\/"},"modified":"2023-03-07T08:40:57","modified_gmt":"2023-03-07T08:40:57","slug":"president-osmani-and-deputy-prime-minister-gervalla-schwarz-met-with-the-nato-secretary-general-jens-stoltenberg","status":"publish","type":"post","link":"https:\/\/president-ksgov.net\/en\/president-osmani-and-deputy-prime-minister-gervalla-schwarz-met-with-the-nato-secretary-general-jens-stoltenberg\/","title":{"rendered":"President Osmani and Deputy Prime Minister G\u00ebrvalla-Schwarz met with the NATO Secretary &#8211; General, Jens Stoltenberg"},"content":{"rendered":"<p>The President of the Republic of Kosovo, Vjosa Osmani and Deputy Prime Minister Donika G\u00ebrvalla-Schwarz, at the same time Minister of Foreign Affairs and Diaspora, during their visit to New York, met with NATO Secretary &#8211; General Jens Stoltenberg.<\/p>\n<p>Kosovo is grateful for NATO&#039;s continuous support in maintaining stability and peace, emphasized President Osmani at the meeting with Secretary Stoltenberg. According to President Osmani, Kosovo&#039;s strategic goal remains membership in the Euro-Atlantic community.<\/p>\n<p>President Osmani stated at the meeting with NATO leader that membership in the European Union and NATO will contribute to increased security and stability in the region and classified membership in this organization as a state priority of Kosovo and a prerequisite for ensuring peace in the region, as well as for the promotion and protection of common values.<\/p>\n<p>President Osmani also specified that this step should be preceded by the inclusion of Kosovo in the Partnership for Peace. In this context, she mentioned the fact that Kosovo Security Force, which is being developed in accordance with NATO standards, will enable Kosovo to play an active role in regional and global security.<\/p>\n<p>Regarding Russia&#039;s aggression on Ukraine, President Osmani said that Kosovo has condemned Putin&#039;s unprovoked war against Ukraine and that it is fully in line with EU and US sanctions against Russia. In this regard, President Osmani stated the need for the coordination of democratic states of the region with NATO to ensure a safe environment and to stop the destabilizing actions of Russia and its proxies.\u00a0<\/p>\n","protected":false},"excerpt":{"rendered":"<p>The President of the Republic of Kosovo, Vjosa Osmani and Deputy Prime Minister Donika G\u00ebrvalla-Schwarz, at the same time Minister of Foreign Affairs and Diaspora, during their visit to New York, met with NATO Secretary &#8211; General Jens Stoltenberg.<\/p>\n","protected":false},"author":1,"featured_media":11148,"comment_status":"open","ping_status":"closed","sticky":false,"template":"","format":"standard","meta":{"_eb_attr":"","footnotes":""},"categories":[111],"tags":[],"class_list":["post-66378","post","type-post","status-publish","format-standard","has-post-thumbnail","hentry","category-news"],"yoast_head":"<!-- This site is optimized with the Yoast SEO plugin v23.5 - https:\/\/yoast.com\/wordpress\/plugins\/seo\/ -->\n<title>President Osmani and Deputy Prime Minister G\u00ebrvalla-Schwarz met with the NATO Secretary - General, Jens Stoltenberg - President of the Republic of Kosovo - DR. VJOSA OSMANI - SADRIU<\/title>\n<meta name=\"description\" content=\"President Osmani and Deputy Prime Minister G\u00ebrvalla-Schwarz met with the NATO Secretary - General, Jens Stoltenberg - President of the Republic of Kosovo - DR. VJOSA OSMANI - SADRIU -\" \/>\n<meta name=\"robots\" content=\"index, follow, max-snippet:-1, max-image-preview:large, max-video-preview:-1\" \/>\n<link rel=\"canonical\" href=\"https:\/\/president-ksgov.net\/en\/president-osmani-and-deputy-prime-minister-gervalla-schwarz-met-with-the-nato-secretary-general-jens-stoltenberg\/\" \/>\n<meta property=\"og:locale\" content=\"en_US\" \/>\n<meta property=\"og:type\" content=\"article\" \/>\n<meta property=\"og:title\" content=\"President Osmani and Deputy Prime Minister G\u00ebrvalla-Schwarz met with the NATO Secretary - General, Jens Stoltenberg - President of the Republic of Kosovo - DR. VJOSA OSMANI - SADRIU\" \/>\n<meta property=\"og:description\" content=\"President Osmani and Deputy Prime Minister G\u00ebrvalla-Schwarz met with the NATO Secretary - General, Jens Stoltenberg - President of the Republic of Kosovo - DR. VJOSA OSMANI - SADRIU -\" \/>\n<meta property=\"og:url\" content=\"https:\/\/president-ksgov.net\/en\/president-osmani-and-deputy-prime-minister-gervalla-schwarz-met-with-the-nato-secretary-general-jens-stoltenberg\/\" \/>\n<meta property=\"og:site_name\" content=\"President of the Republic of Kosovo - DR. VJOSA OSMANI - SADRIU\" \/>\n<meta property=\"article:published_time\" content=\"2022-09-22T09:00:05+00:00\" \/>\n<meta property=\"article:modified_time\" content=\"2023-03-07T08:40:57+00:00\" \/>\n<meta property=\"og:image\" content=\"https:\/\/president-ksgov.net\/wp-content\/uploads\/22_09_2022_2238109_NATO3.jpg\" \/>\n\t<meta property=\"og:image:width\" content=\"2048\" \/>\n\t<meta property=\"og:image:height\" content=\"1367\" \/>\n\t<meta property=\"og:image:type\" content=\"image\/jpeg\" \/>\n<meta name=\"author\" content=\"admin\" \/>\n<meta name=\"twitter:card\" content=\"summary_large_image\" \/>\n<meta name=\"twitter:label1\" content=\"Written by\" \/>\n\t<meta name=\"twitter:data1\" content=\"admin\" \/>\n\t<meta name=\"twitter:label2\" content=\"Est. reading time\" \/>\n\t<meta name=\"twitter:data2\" content=\"1 minute\" \/>\n<script type=\"application\/ld+json\" class=\"yoast-schema-graph\">{\"@context\":\"https:\/\/schema.org\",\"@graph\":[{\"@type\":\"WebPage\",\"@id\":\"https:\/\/president-ksgov.net\/en\/president-osmani-and-deputy-prime-minister-gervalla-schwarz-met-with-the-nato-secretary-general-jens-stoltenberg\/\",\"url\":\"https:\/\/president-ksgov.net\/en\/president-osmani-and-deputy-prime-minister-gervalla-schwarz-met-with-the-nato-secretary-general-jens-stoltenberg\/\",\"name\":\"President Osmani and Deputy Prime Minister G\u00ebrvalla-Schwarz met with the NATO Secretary - General, Jens Stoltenberg - President of the Republic of Kosovo - DR. VJOSA OSMANI - SADRIU\",\"isPartOf\":{\"@id\":\"https:\/\/president-ksgov.net\/#website\"},\"primaryImageOfPage\":{\"@id\":\"https:\/\/president-ksgov.net\/en\/president-osmani-and-deputy-prime-minister-gervalla-schwarz-met-with-the-nato-secretary-general-jens-stoltenberg\/#primaryimage\"},\"image\":{\"@id\":\"https:\/\/president-ksgov.net\/en\/president-osmani-and-deputy-prime-minister-gervalla-schwarz-met-with-the-nato-secretary-general-jens-stoltenberg\/#primaryimage\"},\"thumbnailUrl\":\"https:\/\/president-ksgov.net\/wp-content\/uploads\/22_09_2022_2238109_NATO3.jpg\",\"datePublished\":\"2022-09-22T09:00:05+00:00\",\"dateModified\":\"2023-03-07T08:40:57+00:00\",\"author\":{\"@id\":\"https:\/\/president-ksgov.net\/#\/schema\/person\/bb4337a5fb147cb2046d80548172cbee\"},\"description\":\"President Osmani and Deputy Prime Minister G\u00ebrvalla-Schwarz met with the NATO Secretary - General, Jens Stoltenberg - President of the Republic of Kosovo - DR. VJOSA OSMANI - SADRIU -\",\"breadcrumb\":{\"@id\":\"https:\/\/president-ksgov.net\/en\/president-osmani-and-deputy-prime-minister-gervalla-schwarz-met-with-the-nato-secretary-general-jens-stoltenberg\/#breadcrumb\"},\"inLanguage\":\"en-US\",\"potentialAction\":[{\"@type\":\"ReadAction\",\"target\":[\"https:\/\/president-ksgov.net\/en\/president-osmani-and-deputy-prime-minister-gervalla-schwarz-met-with-the-nato-secretary-general-jens-stoltenberg\/\"]}]},{\"@type\":\"ImageObject\",\"inLanguage\":\"en-US\",\"@id\":\"https:\/\/president-ksgov.net\/en\/president-osmani-and-deputy-prime-minister-gervalla-schwarz-met-with-the-nato-secretary-general-jens-stoltenberg\/#primaryimage\",\"url\":\"https:\/\/president-ksgov.net\/wp-content\/uploads\/22_09_2022_2238109_NATO3.jpg\",\"contentUrl\":\"https:\/\/president-ksgov.net\/wp-content\/uploads\/22_09_2022_2238109_NATO3.jpg\",\"width\":2048,\"height\":1367},{\"@type\":\"BreadcrumbList\",\"@id\":\"https:\/\/president-ksgov.net\/en\/president-osmani-and-deputy-prime-minister-gervalla-schwarz-met-with-the-nato-secretary-general-jens-stoltenberg\/#breadcrumb\",\"itemListElement\":[{\"@type\":\"ListItem\",\"position\":1,\"name\":\"Home\",\"item\":\"https:\/\/president-ksgov.net\/en\/\"},{\"@type\":\"ListItem\",\"position\":2,\"name\":\"President Osmani and Deputy Prime Minister G\u00ebrvalla-Schwarz met with the NATO Secretary &#8211; General, Jens Stoltenberg\"}]},{\"@type\":\"WebSite\",\"@id\":\"https:\/\/president-ksgov.net\/#website\",\"url\":\"https:\/\/president-ksgov.net\/\",\"name\":\"Presidente e Republik\u00ebs s\u00eb Kosov\u00ebs\",\"description\":\"Presidente e Republik\u00ebs s\u00eb Kosov\u00ebs\",\"alternateName\":\"DR. VJOSA OSMANI - SADRIU\",\"potentialAction\":[{\"@type\":\"SearchAction\",\"target\":{\"@type\":\"EntryPoint\",\"urlTemplate\":\"https:\/\/president-ksgov.net\/?s={search_term_string}\"},\"query-input\":{\"@type\":\"PropertyValueSpecification\",\"valueRequired\":true,\"valueName\":\"search_term_string\"}}],\"inLanguage\":\"en-US\"},{\"@type\":\"Person\",\"@id\":\"https:\/\/president-ksgov.net\/#\/schema\/person\/bb4337a5fb147cb2046d80548172cbee\",\"name\":\"admin\",\"image\":{\"@type\":\"ImageObject\",\"inLanguage\":\"en-US\",\"@id\":\"https:\/\/president-ksgov.net\/#\/schema\/person\/image\/\",\"url\":\"https:\/\/secure.gravatar.com\/avatar\/36156ca0fa3b8d9d25174f146e16beea0cf28f37adf1b9e19b6c9c279a7c9dd3?s=96&d=mm&r=g\",\"contentUrl\":\"https:\/\/secure.gravatar.com\/avatar\/36156ca0fa3b8d9d25174f146e16beea0cf28f37adf1b9e19b6c9c279a7c9dd3?s=96&d=mm&r=g\",\"caption\":\"admin\"},\"sameAs\":[\"https:\/\/president-ksgov.net\"]}]}<\/script>\n<!-- \/ Yoast SEO plugin. -->","yoast_head_json":{"title":"President Osmani and Deputy Prime Minister G\u00ebrvalla-Schwarz met with the NATO Secretary - General, Jens Stoltenberg - President of the Republic of Kosovo - DR. VJOSA OSMANI - SADRIU","description":"President Osmani and Deputy Prime Minister G\u00ebrvalla-Schwarz met with the NATO Secretary - General, Jens Stoltenberg - President of the Republic of Kosovo - DR. VJOSA OSMANI - SADRIU -","robots":{"index":"index","follow":"follow","max-snippet":"max-snippet:-1","max-image-preview":"max-image-preview:large","max-video-preview":"max-video-preview:-1"},"canonical":"https:\/\/president-ksgov.net\/en\/president-osmani-and-deputy-prime-minister-gervalla-schwarz-met-with-the-nato-secretary-general-jens-stoltenberg\/","og_locale":"en_US","og_type":"article","og_title":"President Osmani and Deputy Prime Minister G\u00ebrvalla-Schwarz met with the NATO Secretary - General, Jens Stoltenberg - President of the Republic of Kosovo - DR. VJOSA OSMANI - SADRIU","og_description":"President Osmani and Deputy Prime Minister G\u00ebrvalla-Schwarz met with the NATO Secretary - General, Jens Stoltenberg - President of the Republic of Kosovo - DR. VJOSA OSMANI - SADRIU -","og_url":"https:\/\/president-ksgov.net\/en\/president-osmani-and-deputy-prime-minister-gervalla-schwarz-met-with-the-nato-secretary-general-jens-stoltenberg\/","og_site_name":"President of the Republic of Kosovo - DR. VJOSA OSMANI - SADRIU","article_published_time":"2022-09-22T09:00:05+00:00","article_modified_time":"2023-03-07T08:40:57+00:00","og_image":[{"width":2048,"height":1367,"url":"https:\/\/president-ksgov.net\/wp-content\/uploads\/22_09_2022_2238109_NATO3.jpg","type":"image\/jpeg"}],"author":"admin","twitter_card":"summary_large_image","twitter_misc":{"Written by":"admin","Est. reading time":"1 minute"},"schema":{"@context":"https:\/\/schema.org","@graph":[{"@type":"WebPage","@id":"https:\/\/president-ksgov.net\/en\/president-osmani-and-deputy-prime-minister-gervalla-schwarz-met-with-the-nato-secretary-general-jens-stoltenberg\/","url":"https:\/\/president-ksgov.net\/en\/president-osmani-and-deputy-prime-minister-gervalla-schwarz-met-with-the-nato-secretary-general-jens-stoltenberg\/","name":"President Osmani and Deputy Prime Minister G\u00ebrvalla-Schwarz met with the NATO Secretary - General, Jens Stoltenberg - President of the Republic of Kosovo - DR. VJOSA OSMANI - SADRIU","isPartOf":{"@id":"https:\/\/president-ksgov.net\/#website"},"primaryImageOfPage":{"@id":"https:\/\/president-ksgov.net\/en\/president-osmani-and-deputy-prime-minister-gervalla-schwarz-met-with-the-nato-secretary-general-jens-stoltenberg\/#primaryimage"},"image":{"@id":"https:\/\/president-ksgov.net\/en\/president-osmani-and-deputy-prime-minister-gervalla-schwarz-met-with-the-nato-secretary-general-jens-stoltenberg\/#primaryimage"},"thumbnailUrl":"https:\/\/president-ksgov.net\/wp-content\/uploads\/22_09_2022_2238109_NATO3.jpg","datePublished":"2022-09-22T09:00:05+00:00","dateModified":"2023-03-07T08:40:57+00:00","author":{"@id":"https:\/\/president-ksgov.net\/#\/schema\/person\/bb4337a5fb147cb2046d80548172cbee"},"description":"President Osmani and Deputy Prime Minister G\u00ebrvalla-Schwarz met with the NATO Secretary - General, Jens Stoltenberg - President of the Republic of Kosovo - DR. VJOSA OSMANI - SADRIU -","breadcrumb":{"@id":"https:\/\/president-ksgov.net\/en\/president-osmani-and-deputy-prime-minister-gervalla-schwarz-met-with-the-nato-secretary-general-jens-stoltenberg\/#breadcrumb"},"inLanguage":"en-US","potentialAction":[{"@type":"ReadAction","target":["https:\/\/president-ksgov.net\/en\/president-osmani-and-deputy-prime-minister-gervalla-schwarz-met-with-the-nato-secretary-general-jens-stoltenberg\/"]}]},{"@type":"ImageObject","inLanguage":"en-US","@id":"https:\/\/president-ksgov.net\/en\/president-osmani-and-deputy-prime-minister-gervalla-schwarz-met-with-the-nato-secretary-general-jens-stoltenberg\/#primaryimage","url":"https:\/\/president-ksgov.net\/wp-content\/uploads\/22_09_2022_2238109_NATO3.jpg","contentUrl":"https:\/\/president-ksgov.net\/wp-content\/uploads\/22_09_2022_2238109_NATO3.jpg","width":2048,"height":1367},{"@type":"BreadcrumbList","@id":"https:\/\/president-ksgov.net\/en\/president-osmani-and-deputy-prime-minister-gervalla-schwarz-met-with-the-nato-secretary-general-jens-stoltenberg\/#breadcrumb","itemListElement":[{"@type":"ListItem","position":1,"name":"Home","item":"https:\/\/president-ksgov.net\/en\/"},{"@type":"ListItem","position":2,"name":"President Osmani and Deputy Prime Minister G\u00ebrvalla-Schwarz met with the NATO Secretary &#8211; General, Jens Stoltenberg"}]},{"@type":"WebSite","@id":"https:\/\/president-ksgov.net\/#website","url":"https:\/\/president-ksgov.net\/","name":"Presidente e Republik\u00ebs s\u00eb Kosov\u00ebs","description":"Presidente e Republik\u00ebs s\u00eb Kosov\u00ebs","alternateName":"DR. VJOSA OSMANI - SADRIU","potentialAction":[{"@type":"SearchAction","target":{"@type":"EntryPoint","urlTemplate":"https:\/\/president-ksgov.net\/?s={search_term_string}"},"query-input":{"@type":"PropertyValueSpecification","valueRequired":true,"valueName":"search_term_string"}}],"inLanguage":"en-US"},{"@type":"Person","@id":"https:\/\/president-ksgov.net\/#\/schema\/person\/bb4337a5fb147cb2046d80548172cbee","name":"admin","image":{"@type":"ImageObject","inLanguage":"en-US","@id":"https:\/\/president-ksgov.net\/#\/schema\/person\/image\/","url":"https:\/\/secure.gravatar.com\/avatar\/36156ca0fa3b8d9d25174f146e16beea0cf28f37adf1b9e19b6c9c279a7c9dd3?s=96&d=mm&r=g","contentUrl":"https:\/\/secure.gravatar.com\/avatar\/36156ca0fa3b8d9d25174f146e16beea0cf28f37adf1b9e19b6c9c279a7c9dd3?s=96&d=mm&r=g","caption":"admin"},"sameAs":["https:\/\/president-ksgov.net"]}]}},"_links":{"self":[{"href":"https:\/\/president-ksgov.net\/en\/wp-json\/wp\/v2\/posts\/66378","targetHints":{"allow":["GET"]}}],"collection":[{"href":"https:\/\/president-ksgov.net\/en\/wp-json\/wp\/v2\/posts"}],"about":[{"href":"https:\/\/president-ksgov.net\/en\/wp-json\/wp\/v2\/types\/post"}],"author":[{"embeddable":true,"href":"https:\/\/president-ksgov.net\/en\/wp-json\/wp\/v2\/users\/1"}],"replies":[{"embeddable":true,"href":"https:\/\/president-ksgov.net\/en\/wp-json\/wp\/v2\/comments?post=66378"}],"version-history":[{"count":0,"href":"https:\/\/president-ksgov.net\/en\/wp-json\/wp\/v2\/posts\/66378\/revisions"}],"wp:featuredmedia":[{"embeddable":true,"href":"https:\/\/president-ksgov.net\/en\/wp-json\/wp\/v2\/media\/11148"}],"wp:attachment":[{"href":"https:\/\/president-ksgov.net\/en\/wp-json\/wp\/v2\/media?parent=66378"}],"wp:term":[{"taxonomy":"category","embeddable":true,"href":"https:\/\/president-ksgov.net\/en\/wp-json\/wp\/v2\/categories?post=66378"},{"taxonomy":"post_tag","embeddable":true,"href":"https:\/\/president-ksgov.net\/en\/wp-json\/wp\/v2\/tags?post=66378"}],"curies":[{"name":"wp","href":"https:\/\/api.w.org\/{rel}","templated":true}]}}