{"id":66370,"date":"2022-09-23T16:30:47","date_gmt":"2022-09-23T16:30:47","guid":{"rendered":"https:\/\/dev.president-ksgov.net\/president-osmani-met-the-secretary-general-of-the-arab-league-ahmed-aboul-gheit\/"},"modified":"2023-03-07T08:40:25","modified_gmt":"2023-03-07T08:40:25","slug":"president-osmani-met-the-secretary-general-of-the-arab-league-ahmed-aboul-gheit","status":"publish","type":"post","link":"https:\/\/president-ksgov.net\/en\/president-osmani-met-the-secretary-general-of-the-arab-league-ahmed-aboul-gheit\/","title":{"rendered":"President Osmani met the Secretary-General of the Arab League Ahmed Aboul Gheit"},"content":{"rendered":"<p>The President of the Republic of Kosovo Vjosa Osmani, following her visit to New York, met with the Secretary-General of the Arab League Ahmed Aboul Gheit whom she thanked for the support of this organization provided to Kosovo.<\/p>\n<p>At the meeting with Mr. Aboul Gheit, President Osmani asked for an increase of cooperation with the Arab League, in order to further deepen the relations with the League member states and to ensure new recognitions, but also to support Kosovo in the process of its membership in international organizations.<\/p>\n<p>According to President Osmani, Kosovo has already made significant progress with a special focus on the rule of law, the creation of jobs, and strengthening of the Kosovo&#039;s international position.<\/p>\n<p>She emphasized that the strengthening of Kosovo&#039;s international position contributes to long-term and stable peace in the region and beyond.<br \/>\n\u00a0<\/p>\n","protected":false},"excerpt":{"rendered":"<p>The President of the Republic of Kosovo Vjosa Osmani, following her visit to New York, met with the Secretary-General of the Arab League Ahmed Aboul Gheit whom she thanked for the support of this organization provided to Kosovo.<\/p>\n","protected":false},"author":1,"featured_media":11086,"comment_status":"open","ping_status":"closed","sticky":false,"template":"","format":"standard","meta":{"_eb_attr":"","footnotes":""},"categories":[111],"tags":[],"class_list":["post-66370","post","type-post","status-publish","format-standard","has-post-thumbnail","hentry","category-news"],"yoast_head":"<!-- This site is optimized with the Yoast SEO plugin v23.5 - https:\/\/yoast.com\/wordpress\/plugins\/seo\/ -->\n<title>President Osmani met the Secretary-General of the Arab League Ahmed Aboul Gheit - President of the Republic of Kosovo - DR. VJOSA OSMANI - SADRIU<\/title>\n<meta name=\"description\" content=\"President Osmani met the Secretary-General of the Arab League Ahmed Aboul Gheit - President of the Republic of Kosovo - DR. VJOSA OSMANI - SADRIU -\" \/>\n<meta name=\"robots\" content=\"index, follow, max-snippet:-1, max-image-preview:large, max-video-preview:-1\" \/>\n<link rel=\"canonical\" href=\"https:\/\/president-ksgov.net\/en\/president-osmani-met-the-secretary-general-of-the-arab-league-ahmed-aboul-gheit\/\" \/>\n<meta property=\"og:locale\" content=\"en_US\" \/>\n<meta property=\"og:type\" content=\"article\" \/>\n<meta property=\"og:title\" content=\"President Osmani met the Secretary-General of the Arab League Ahmed Aboul Gheit - President of the Republic of Kosovo - DR. VJOSA OSMANI - SADRIU\" \/>\n<meta property=\"og:description\" content=\"President Osmani met the Secretary-General of the Arab League Ahmed Aboul Gheit - President of the Republic of Kosovo - DR. VJOSA OSMANI - SADRIU -\" \/>\n<meta property=\"og:url\" content=\"https:\/\/president-ksgov.net\/en\/president-osmani-met-the-secretary-general-of-the-arab-league-ahmed-aboul-gheit\/\" \/>\n<meta property=\"og:site_name\" content=\"President of the Republic of Kosovo - DR. VJOSA OSMANI - SADRIU\" \/>\n<meta property=\"article:published_time\" content=\"2022-09-23T16:30:47+00:00\" \/>\n<meta property=\"article:modified_time\" content=\"2023-03-07T08:40:25+00:00\" \/>\n<meta property=\"og:image\" content=\"https:\/\/president-ksgov.net\/wp-content\/uploads\/23_09_2022_9393846_03.jpg\" \/>\n\t<meta property=\"og:image:width\" content=\"2048\" \/>\n\t<meta property=\"og:image:height\" content=\"1367\" \/>\n\t<meta property=\"og:image:type\" content=\"image\/jpeg\" \/>\n<meta name=\"author\" content=\"admin\" \/>\n<meta name=\"twitter:card\" content=\"summary_large_image\" \/>\n<meta name=\"twitter:label1\" content=\"Written by\" \/>\n\t<meta name=\"twitter:data1\" content=\"admin\" \/>\n\t<meta name=\"twitter:label2\" content=\"Est. reading time\" \/>\n\t<meta name=\"twitter:data2\" content=\"1 minute\" \/>\n<script type=\"application\/ld+json\" class=\"yoast-schema-graph\">{\"@context\":\"https:\/\/schema.org\",\"@graph\":[{\"@type\":\"WebPage\",\"@id\":\"https:\/\/president-ksgov.net\/en\/president-osmani-met-the-secretary-general-of-the-arab-league-ahmed-aboul-gheit\/\",\"url\":\"https:\/\/president-ksgov.net\/en\/president-osmani-met-the-secretary-general-of-the-arab-league-ahmed-aboul-gheit\/\",\"name\":\"President Osmani met the Secretary-General of the Arab League Ahmed Aboul Gheit - President of the Republic of Kosovo - DR. VJOSA OSMANI - SADRIU\",\"isPartOf\":{\"@id\":\"https:\/\/president-ksgov.net\/#website\"},\"primaryImageOfPage\":{\"@id\":\"https:\/\/president-ksgov.net\/en\/president-osmani-met-the-secretary-general-of-the-arab-league-ahmed-aboul-gheit\/#primaryimage\"},\"image\":{\"@id\":\"https:\/\/president-ksgov.net\/en\/president-osmani-met-the-secretary-general-of-the-arab-league-ahmed-aboul-gheit\/#primaryimage\"},\"thumbnailUrl\":\"https:\/\/president-ksgov.net\/wp-content\/uploads\/23_09_2022_9393846_03.jpg\",\"datePublished\":\"2022-09-23T16:30:47+00:00\",\"dateModified\":\"2023-03-07T08:40:25+00:00\",\"author\":{\"@id\":\"https:\/\/president-ksgov.net\/#\/schema\/person\/bb4337a5fb147cb2046d80548172cbee\"},\"description\":\"President Osmani met the Secretary-General of the Arab League Ahmed Aboul Gheit - President of the Republic of Kosovo - DR. VJOSA OSMANI - SADRIU -\",\"breadcrumb\":{\"@id\":\"https:\/\/president-ksgov.net\/en\/president-osmani-met-the-secretary-general-of-the-arab-league-ahmed-aboul-gheit\/#breadcrumb\"},\"inLanguage\":\"en-US\",\"potentialAction\":[{\"@type\":\"ReadAction\",\"target\":[\"https:\/\/president-ksgov.net\/en\/president-osmani-met-the-secretary-general-of-the-arab-league-ahmed-aboul-gheit\/\"]}]},{\"@type\":\"ImageObject\",\"inLanguage\":\"en-US\",\"@id\":\"https:\/\/president-ksgov.net\/en\/president-osmani-met-the-secretary-general-of-the-arab-league-ahmed-aboul-gheit\/#primaryimage\",\"url\":\"https:\/\/president-ksgov.net\/wp-content\/uploads\/23_09_2022_9393846_03.jpg\",\"contentUrl\":\"https:\/\/president-ksgov.net\/wp-content\/uploads\/23_09_2022_9393846_03.jpg\",\"width\":2048,\"height\":1367},{\"@type\":\"BreadcrumbList\",\"@id\":\"https:\/\/president-ksgov.net\/en\/president-osmani-met-the-secretary-general-of-the-arab-league-ahmed-aboul-gheit\/#breadcrumb\",\"itemListElement\":[{\"@type\":\"ListItem\",\"position\":1,\"name\":\"Home\",\"item\":\"https:\/\/president-ksgov.net\/en\/\"},{\"@type\":\"ListItem\",\"position\":2,\"name\":\"President Osmani met the Secretary-General of the Arab League Ahmed Aboul Gheit\"}]},{\"@type\":\"WebSite\",\"@id\":\"https:\/\/president-ksgov.net\/#website\",\"url\":\"https:\/\/president-ksgov.net\/\",\"name\":\"Presidente e Republik\u00ebs s\u00eb Kosov\u00ebs\",\"description\":\"Presidente e Republik\u00ebs s\u00eb Kosov\u00ebs\",\"alternateName\":\"DR. VJOSA OSMANI - SADRIU\",\"potentialAction\":[{\"@type\":\"SearchAction\",\"target\":{\"@type\":\"EntryPoint\",\"urlTemplate\":\"https:\/\/president-ksgov.net\/?s={search_term_string}\"},\"query-input\":{\"@type\":\"PropertyValueSpecification\",\"valueRequired\":true,\"valueName\":\"search_term_string\"}}],\"inLanguage\":\"en-US\"},{\"@type\":\"Person\",\"@id\":\"https:\/\/president-ksgov.net\/#\/schema\/person\/bb4337a5fb147cb2046d80548172cbee\",\"name\":\"admin\",\"image\":{\"@type\":\"ImageObject\",\"inLanguage\":\"en-US\",\"@id\":\"https:\/\/president-ksgov.net\/#\/schema\/person\/image\/\",\"url\":\"https:\/\/secure.gravatar.com\/avatar\/36156ca0fa3b8d9d25174f146e16beea0cf28f37adf1b9e19b6c9c279a7c9dd3?s=96&d=mm&r=g\",\"contentUrl\":\"https:\/\/secure.gravatar.com\/avatar\/36156ca0fa3b8d9d25174f146e16beea0cf28f37adf1b9e19b6c9c279a7c9dd3?s=96&d=mm&r=g\",\"caption\":\"admin\"},\"sameAs\":[\"https:\/\/president-ksgov.net\"]}]}<\/script>\n<!-- \/ Yoast SEO plugin. -->","yoast_head_json":{"title":"President Osmani met the Secretary-General of the Arab League Ahmed Aboul Gheit - President of the Republic of Kosovo - DR. VJOSA OSMANI - SADRIU","description":"President Osmani met the Secretary-General of the Arab League Ahmed Aboul Gheit - President of the Republic of Kosovo - DR. VJOSA OSMANI - SADRIU -","robots":{"index":"index","follow":"follow","max-snippet":"max-snippet:-1","max-image-preview":"max-image-preview:large","max-video-preview":"max-video-preview:-1"},"canonical":"https:\/\/president-ksgov.net\/en\/president-osmani-met-the-secretary-general-of-the-arab-league-ahmed-aboul-gheit\/","og_locale":"en_US","og_type":"article","og_title":"President Osmani met the Secretary-General of the Arab League Ahmed Aboul Gheit - President of the Republic of Kosovo - DR. VJOSA OSMANI - SADRIU","og_description":"President Osmani met the Secretary-General of the Arab League Ahmed Aboul Gheit - President of the Republic of Kosovo - DR. VJOSA OSMANI - SADRIU -","og_url":"https:\/\/president-ksgov.net\/en\/president-osmani-met-the-secretary-general-of-the-arab-league-ahmed-aboul-gheit\/","og_site_name":"President of the Republic of Kosovo - DR. VJOSA OSMANI - SADRIU","article_published_time":"2022-09-23T16:30:47+00:00","article_modified_time":"2023-03-07T08:40:25+00:00","og_image":[{"width":2048,"height":1367,"url":"https:\/\/president-ksgov.net\/wp-content\/uploads\/23_09_2022_9393846_03.jpg","type":"image\/jpeg"}],"author":"admin","twitter_card":"summary_large_image","twitter_misc":{"Written by":"admin","Est. reading time":"1 minute"},"schema":{"@context":"https:\/\/schema.org","@graph":[{"@type":"WebPage","@id":"https:\/\/president-ksgov.net\/en\/president-osmani-met-the-secretary-general-of-the-arab-league-ahmed-aboul-gheit\/","url":"https:\/\/president-ksgov.net\/en\/president-osmani-met-the-secretary-general-of-the-arab-league-ahmed-aboul-gheit\/","name":"President Osmani met the Secretary-General of the Arab League Ahmed Aboul Gheit - President of the Republic of Kosovo - DR. VJOSA OSMANI - SADRIU","isPartOf":{"@id":"https:\/\/president-ksgov.net\/#website"},"primaryImageOfPage":{"@id":"https:\/\/president-ksgov.net\/en\/president-osmani-met-the-secretary-general-of-the-arab-league-ahmed-aboul-gheit\/#primaryimage"},"image":{"@id":"https:\/\/president-ksgov.net\/en\/president-osmani-met-the-secretary-general-of-the-arab-league-ahmed-aboul-gheit\/#primaryimage"},"thumbnailUrl":"https:\/\/president-ksgov.net\/wp-content\/uploads\/23_09_2022_9393846_03.jpg","datePublished":"2022-09-23T16:30:47+00:00","dateModified":"2023-03-07T08:40:25+00:00","author":{"@id":"https:\/\/president-ksgov.net\/#\/schema\/person\/bb4337a5fb147cb2046d80548172cbee"},"description":"President Osmani met the Secretary-General of the Arab League Ahmed Aboul Gheit - President of the Republic of Kosovo - DR. VJOSA OSMANI - SADRIU -","breadcrumb":{"@id":"https:\/\/president-ksgov.net\/en\/president-osmani-met-the-secretary-general-of-the-arab-league-ahmed-aboul-gheit\/#breadcrumb"},"inLanguage":"en-US","potentialAction":[{"@type":"ReadAction","target":["https:\/\/president-ksgov.net\/en\/president-osmani-met-the-secretary-general-of-the-arab-league-ahmed-aboul-gheit\/"]}]},{"@type":"ImageObject","inLanguage":"en-US","@id":"https:\/\/president-ksgov.net\/en\/president-osmani-met-the-secretary-general-of-the-arab-league-ahmed-aboul-gheit\/#primaryimage","url":"https:\/\/president-ksgov.net\/wp-content\/uploads\/23_09_2022_9393846_03.jpg","contentUrl":"https:\/\/president-ksgov.net\/wp-content\/uploads\/23_09_2022_9393846_03.jpg","width":2048,"height":1367},{"@type":"BreadcrumbList","@id":"https:\/\/president-ksgov.net\/en\/president-osmani-met-the-secretary-general-of-the-arab-league-ahmed-aboul-gheit\/#breadcrumb","itemListElement":[{"@type":"ListItem","position":1,"name":"Home","item":"https:\/\/president-ksgov.net\/en\/"},{"@type":"ListItem","position":2,"name":"President Osmani met the Secretary-General of the Arab League Ahmed Aboul Gheit"}]},{"@type":"WebSite","@id":"https:\/\/president-ksgov.net\/#website","url":"https:\/\/president-ksgov.net\/","name":"Presidente e Republik\u00ebs s\u00eb Kosov\u00ebs","description":"Presidente e Republik\u00ebs s\u00eb Kosov\u00ebs","alternateName":"DR. VJOSA OSMANI - SADRIU","potentialAction":[{"@type":"SearchAction","target":{"@type":"EntryPoint","urlTemplate":"https:\/\/president-ksgov.net\/?s={search_term_string}"},"query-input":{"@type":"PropertyValueSpecification","valueRequired":true,"valueName":"search_term_string"}}],"inLanguage":"en-US"},{"@type":"Person","@id":"https:\/\/president-ksgov.net\/#\/schema\/person\/bb4337a5fb147cb2046d80548172cbee","name":"admin","image":{"@type":"ImageObject","inLanguage":"en-US","@id":"https:\/\/president-ksgov.net\/#\/schema\/person\/image\/","url":"https:\/\/secure.gravatar.com\/avatar\/36156ca0fa3b8d9d25174f146e16beea0cf28f37adf1b9e19b6c9c279a7c9dd3?s=96&d=mm&r=g","contentUrl":"https:\/\/secure.gravatar.com\/avatar\/36156ca0fa3b8d9d25174f146e16beea0cf28f37adf1b9e19b6c9c279a7c9dd3?s=96&d=mm&r=g","caption":"admin"},"sameAs":["https:\/\/president-ksgov.net"]}]}},"_links":{"self":[{"href":"https:\/\/president-ksgov.net\/en\/wp-json\/wp\/v2\/posts\/66370","targetHints":{"allow":["GET"]}}],"collection":[{"href":"https:\/\/president-ksgov.net\/en\/wp-json\/wp\/v2\/posts"}],"about":[{"href":"https:\/\/president-ksgov.net\/en\/wp-json\/wp\/v2\/types\/post"}],"author":[{"embeddable":true,"href":"https:\/\/president-ksgov.net\/en\/wp-json\/wp\/v2\/users\/1"}],"replies":[{"embeddable":true,"href":"https:\/\/president-ksgov.net\/en\/wp-json\/wp\/v2\/comments?post=66370"}],"version-history":[{"count":0,"href":"https:\/\/president-ksgov.net\/en\/wp-json\/wp\/v2\/posts\/66370\/revisions"}],"wp:featuredmedia":[{"embeddable":true,"href":"https:\/\/president-ksgov.net\/en\/wp-json\/wp\/v2\/media\/11086"}],"wp:attachment":[{"href":"https:\/\/president-ksgov.net\/en\/wp-json\/wp\/v2\/media?parent=66370"}],"wp:term":[{"taxonomy":"category","embeddable":true,"href":"https:\/\/president-ksgov.net\/en\/wp-json\/wp\/v2\/categories?post=66370"},{"taxonomy":"post_tag","embeddable":true,"href":"https:\/\/president-ksgov.net\/en\/wp-json\/wp\/v2\/tags?post=66370"}],"curies":[{"name":"wp","href":"https:\/\/api.w.org\/{rel}","templated":true}]}}