{"id":66367,"date":"2022-09-25T17:34:33","date_gmt":"2022-09-25T17:34:33","guid":{"rendered":"https:\/\/dev.president-ksgov.net\/president-osmani-honored-the-victims-of-the-september-11th-2001-terrorist-attacks-we-are-as-always-side-by-side-with-the-american-people-and-as-determined-partners-against-terrorism-and-any-form-tha\/"},"modified":"2023-03-07T08:40:25","modified_gmt":"2023-03-07T08:40:25","slug":"president-osmani-honored-the-victims-of-the-september-11th-2001-terrorist-attacks-we-are-as-always-side-by-side-with-the-american-people-and-as-determined-partners-against-terrorism-and-any-form-tha","status":"publish","type":"post","link":"https:\/\/president-ksgov.net\/en\/president-osmani-honored-the-victims-of-the-september-11th-2001-terrorist-attacks-we-are-as-always-side-by-side-with-the-american-people-and-as-determined-partners-against-terrorism-and-any-form-tha\/","title":{"rendered":"President Osmani honored the victims of the September 11th 2001 terrorist attacks: We are as always side by side with the American people, and as determined partners against terrorism and any form that violates the freedom of others"},"content":{"rendered":"<p>The President of the Republic of Kosovo Vjosa Osmani during her stay in New York, paid tribute at the 9\/11 memorial where she commemorated the victims of the terrorist attack of September 11th, 2001.<\/p>\n<p>President Osmani said that today she honored the memory of the victims of the terrorist attack of September 11th 2001, adding that the people of Kosovo are side by side with the American people, against terrorism and any form that violates the freedom of others.<\/p>\n<p>Below is President Osmani&#039;s entire post:<\/p>\n<p>&#8220;No day shall erase you from the memory of time&#8221;\/ Virgil<\/p>\n<p>This quote by Virgil placed on the front of the 9\/11 Memorial, is a call for eternal remembrance.<\/p>\n<p>More than 3 thousand lives were extinguished on the September 11th 2001 attack, which turns back our memory, and tells our conscience how precious freedom is!<\/p>\n<p>Emergency staircase, the only surviving piece of wood, photographs of the missing and a fire engine form part of the horror exhibits of the September 11th, 2001 attacks.<\/p>\n<p>The past intertwines with the present, pain with pride, memory with the present, and the inhuman with the human.<\/p>\n<p>Above all, the American flag is everywhere as a sign of survival in that America and the civilized world do not back down to the malicious intentions of the dark forces, which are against freedom.<\/p>\n<p>The account of the son of an American firefighter, harrowing and inspiring at the same time. Those who are the first responders, the first to see the horror, the first to feel the pain and some of them are part of the pain.<\/p>\n<p>People&#039;s lives were extinguished by the terrorist attack, including three Albanians. Mon Gjonbalaj did not await to enjoy his retirement. On the same day, instead of a pension, he gained eternity.<\/p>\n","protected":false},"excerpt":{"rendered":"<p>The President of the Republic of Kosovo Vjosa Osmani during her stay in New York, paid tribute at the 9\/11 memorial where she commemorated the victims of the terrorist attack of September 11th, 2001.<\/p>\n","protected":false},"author":1,"featured_media":11044,"comment_status":"open","ping_status":"closed","sticky":false,"template":"","format":"standard","meta":{"_eb_attr":"","footnotes":""},"categories":[111],"tags":[],"class_list":["post-66367","post","type-post","status-publish","format-standard","has-post-thumbnail","hentry","category-news"],"yoast_head":"<!-- This site is optimized with the Yoast SEO plugin v23.5 - https:\/\/yoast.com\/wordpress\/plugins\/seo\/ -->\n<title>President Osmani honored the victims of the September 11th 2001 terrorist attacks: We are as always side by side with the American people, and as determined partners against terrorism and any form that violates the freedom of others - President of the Republic of Kosovo - DR. VJOSA OSMANI - SADRIU<\/title>\n<meta name=\"description\" content=\"President Osmani honored the victims of the September 11th 2001 terrorist attacks: We are as always side by side with the American people, and as determined partners against terrorism and any form that violates the freedom of others - President of the Republic of Kosovo - DR. VJOSA OSMANI - SADRIU -\" \/>\n<meta name=\"robots\" content=\"index, follow, max-snippet:-1, max-image-preview:large, max-video-preview:-1\" \/>\n<link rel=\"canonical\" href=\"https:\/\/president-ksgov.net\/en\/president-osmani-honored-the-victims-of-the-september-11th-2001-terrorist-attacks-we-are-as-always-side-by-side-with-the-american-people-and-as-determined-partners-against-terrorism-and-any-form-tha\/\" \/>\n<meta property=\"og:locale\" content=\"en_US\" \/>\n<meta property=\"og:type\" content=\"article\" \/>\n<meta property=\"og:title\" content=\"President Osmani honored the victims of the September 11th 2001 terrorist attacks: We are as always side by side with the American people, and as determined partners against terrorism and any form that violates the freedom of others - President of the Republic of Kosovo - DR. VJOSA OSMANI - SADRIU\" \/>\n<meta property=\"og:description\" content=\"President Osmani honored the victims of the September 11th 2001 terrorist attacks: We are as always side by side with the American people, and as determined partners against terrorism and any form that violates the freedom of others - President of the Republic of Kosovo - DR. VJOSA OSMANI - SADRIU -\" \/>\n<meta property=\"og:url\" content=\"https:\/\/president-ksgov.net\/en\/president-osmani-honored-the-victims-of-the-september-11th-2001-terrorist-attacks-we-are-as-always-side-by-side-with-the-american-people-and-as-determined-partners-against-terrorism-and-any-form-tha\/\" \/>\n<meta property=\"og:site_name\" content=\"President of the Republic of Kosovo - DR. VJOSA OSMANI - SADRIU\" \/>\n<meta property=\"article:published_time\" content=\"2022-09-25T17:34:33+00:00\" \/>\n<meta property=\"article:modified_time\" content=\"2023-03-07T08:40:25+00:00\" \/>\n<meta property=\"og:image\" content=\"https:\/\/president-ksgov.net\/wp-content\/uploads\/25_09_2022_6095375_7.jpg\" \/>\n\t<meta property=\"og:image:width\" content=\"2048\" \/>\n\t<meta property=\"og:image:height\" content=\"1367\" \/>\n\t<meta property=\"og:image:type\" content=\"image\/jpeg\" \/>\n<meta name=\"author\" content=\"admin\" \/>\n<meta name=\"twitter:card\" content=\"summary_large_image\" \/>\n<meta name=\"twitter:label1\" content=\"Written by\" \/>\n\t<meta name=\"twitter:data1\" content=\"admin\" \/>\n\t<meta name=\"twitter:label2\" content=\"Est. reading time\" \/>\n\t<meta name=\"twitter:data2\" content=\"1 minute\" \/>\n<script type=\"application\/ld+json\" class=\"yoast-schema-graph\">{\"@context\":\"https:\/\/schema.org\",\"@graph\":[{\"@type\":\"WebPage\",\"@id\":\"https:\/\/president-ksgov.net\/en\/president-osmani-honored-the-victims-of-the-september-11th-2001-terrorist-attacks-we-are-as-always-side-by-side-with-the-american-people-and-as-determined-partners-against-terrorism-and-any-form-tha\/\",\"url\":\"https:\/\/president-ksgov.net\/en\/president-osmani-honored-the-victims-of-the-september-11th-2001-terrorist-attacks-we-are-as-always-side-by-side-with-the-american-people-and-as-determined-partners-against-terrorism-and-any-form-tha\/\",\"name\":\"President Osmani honored the victims of the September 11th 2001 terrorist attacks: We are as always side by side with the American people, and as determined partners against terrorism and any form that violates the freedom of others - President of the Republic of Kosovo - DR. VJOSA OSMANI - SADRIU\",\"isPartOf\":{\"@id\":\"https:\/\/president-ksgov.net\/#website\"},\"primaryImageOfPage\":{\"@id\":\"https:\/\/president-ksgov.net\/en\/president-osmani-honored-the-victims-of-the-september-11th-2001-terrorist-attacks-we-are-as-always-side-by-side-with-the-american-people-and-as-determined-partners-against-terrorism-and-any-form-tha\/#primaryimage\"},\"image\":{\"@id\":\"https:\/\/president-ksgov.net\/en\/president-osmani-honored-the-victims-of-the-september-11th-2001-terrorist-attacks-we-are-as-always-side-by-side-with-the-american-people-and-as-determined-partners-against-terrorism-and-any-form-tha\/#primaryimage\"},\"thumbnailUrl\":\"https:\/\/president-ksgov.net\/wp-content\/uploads\/25_09_2022_6095375_7.jpg\",\"datePublished\":\"2022-09-25T17:34:33+00:00\",\"dateModified\":\"2023-03-07T08:40:25+00:00\",\"author\":{\"@id\":\"https:\/\/president-ksgov.net\/#\/schema\/person\/bb4337a5fb147cb2046d80548172cbee\"},\"description\":\"President Osmani honored the victims of the September 11th 2001 terrorist attacks: We are as always side by side with the American people, and as determined partners against terrorism and any form that violates the freedom of others - President of the Republic of Kosovo - DR. VJOSA OSMANI - SADRIU -\",\"breadcrumb\":{\"@id\":\"https:\/\/president-ksgov.net\/en\/president-osmani-honored-the-victims-of-the-september-11th-2001-terrorist-attacks-we-are-as-always-side-by-side-with-the-american-people-and-as-determined-partners-against-terrorism-and-any-form-tha\/#breadcrumb\"},\"inLanguage\":\"en-US\",\"potentialAction\":[{\"@type\":\"ReadAction\",\"target\":[\"https:\/\/president-ksgov.net\/en\/president-osmani-honored-the-victims-of-the-september-11th-2001-terrorist-attacks-we-are-as-always-side-by-side-with-the-american-people-and-as-determined-partners-against-terrorism-and-any-form-tha\/\"]}]},{\"@type\":\"ImageObject\",\"inLanguage\":\"en-US\",\"@id\":\"https:\/\/president-ksgov.net\/en\/president-osmani-honored-the-victims-of-the-september-11th-2001-terrorist-attacks-we-are-as-always-side-by-side-with-the-american-people-and-as-determined-partners-against-terrorism-and-any-form-tha\/#primaryimage\",\"url\":\"https:\/\/president-ksgov.net\/wp-content\/uploads\/25_09_2022_6095375_7.jpg\",\"contentUrl\":\"https:\/\/president-ksgov.net\/wp-content\/uploads\/25_09_2022_6095375_7.jpg\",\"width\":2048,\"height\":1367},{\"@type\":\"BreadcrumbList\",\"@id\":\"https:\/\/president-ksgov.net\/en\/president-osmani-honored-the-victims-of-the-september-11th-2001-terrorist-attacks-we-are-as-always-side-by-side-with-the-american-people-and-as-determined-partners-against-terrorism-and-any-form-tha\/#breadcrumb\",\"itemListElement\":[{\"@type\":\"ListItem\",\"position\":1,\"name\":\"Home\",\"item\":\"https:\/\/president-ksgov.net\/en\/\"},{\"@type\":\"ListItem\",\"position\":2,\"name\":\"President Osmani honored the victims of the September 11th 2001 terrorist attacks: We are as always side by side with the American people, and as determined partners against terrorism and any form that violates the freedom of others\"}]},{\"@type\":\"WebSite\",\"@id\":\"https:\/\/president-ksgov.net\/#website\",\"url\":\"https:\/\/president-ksgov.net\/\",\"name\":\"Presidente e Republik\u00ebs s\u00eb Kosov\u00ebs\",\"description\":\"Presidente e Republik\u00ebs s\u00eb Kosov\u00ebs\",\"alternateName\":\"DR. VJOSA OSMANI - SADRIU\",\"potentialAction\":[{\"@type\":\"SearchAction\",\"target\":{\"@type\":\"EntryPoint\",\"urlTemplate\":\"https:\/\/president-ksgov.net\/?s={search_term_string}\"},\"query-input\":{\"@type\":\"PropertyValueSpecification\",\"valueRequired\":true,\"valueName\":\"search_term_string\"}}],\"inLanguage\":\"en-US\"},{\"@type\":\"Person\",\"@id\":\"https:\/\/president-ksgov.net\/#\/schema\/person\/bb4337a5fb147cb2046d80548172cbee\",\"name\":\"admin\",\"image\":{\"@type\":\"ImageObject\",\"inLanguage\":\"en-US\",\"@id\":\"https:\/\/president-ksgov.net\/#\/schema\/person\/image\/\",\"url\":\"https:\/\/secure.gravatar.com\/avatar\/36156ca0fa3b8d9d25174f146e16beea0cf28f37adf1b9e19b6c9c279a7c9dd3?s=96&d=mm&r=g\",\"contentUrl\":\"https:\/\/secure.gravatar.com\/avatar\/36156ca0fa3b8d9d25174f146e16beea0cf28f37adf1b9e19b6c9c279a7c9dd3?s=96&d=mm&r=g\",\"caption\":\"admin\"},\"sameAs\":[\"https:\/\/president-ksgov.net\"]}]}<\/script>\n<!-- \/ Yoast SEO plugin. -->","yoast_head_json":{"title":"President Osmani honored the victims of the September 11th 2001 terrorist attacks: We are as always side by side with the American people, and as determined partners against terrorism and any form that violates the freedom of others - President of the Republic of Kosovo - DR. VJOSA OSMANI - SADRIU","description":"President Osmani honored the victims of the September 11th 2001 terrorist attacks: We are as always side by side with the American people, and as determined partners against terrorism and any form that violates the freedom of others - President of the Republic of Kosovo - DR. VJOSA OSMANI - SADRIU -","robots":{"index":"index","follow":"follow","max-snippet":"max-snippet:-1","max-image-preview":"max-image-preview:large","max-video-preview":"max-video-preview:-1"},"canonical":"https:\/\/president-ksgov.net\/en\/president-osmani-honored-the-victims-of-the-september-11th-2001-terrorist-attacks-we-are-as-always-side-by-side-with-the-american-people-and-as-determined-partners-against-terrorism-and-any-form-tha\/","og_locale":"en_US","og_type":"article","og_title":"President Osmani honored the victims of the September 11th 2001 terrorist attacks: We are as always side by side with the American people, and as determined partners against terrorism and any form that violates the freedom of others - President of the Republic of Kosovo - DR. VJOSA OSMANI - SADRIU","og_description":"President Osmani honored the victims of the September 11th 2001 terrorist attacks: We are as always side by side with the American people, and as determined partners against terrorism and any form that violates the freedom of others - President of the Republic of Kosovo - DR. VJOSA OSMANI - SADRIU -","og_url":"https:\/\/president-ksgov.net\/en\/president-osmani-honored-the-victims-of-the-september-11th-2001-terrorist-attacks-we-are-as-always-side-by-side-with-the-american-people-and-as-determined-partners-against-terrorism-and-any-form-tha\/","og_site_name":"President of the Republic of Kosovo - DR. VJOSA OSMANI - SADRIU","article_published_time":"2022-09-25T17:34:33+00:00","article_modified_time":"2023-03-07T08:40:25+00:00","og_image":[{"width":2048,"height":1367,"url":"https:\/\/president-ksgov.net\/wp-content\/uploads\/25_09_2022_6095375_7.jpg","type":"image\/jpeg"}],"author":"admin","twitter_card":"summary_large_image","twitter_misc":{"Written by":"admin","Est. reading time":"1 minute"},"schema":{"@context":"https:\/\/schema.org","@graph":[{"@type":"WebPage","@id":"https:\/\/president-ksgov.net\/en\/president-osmani-honored-the-victims-of-the-september-11th-2001-terrorist-attacks-we-are-as-always-side-by-side-with-the-american-people-and-as-determined-partners-against-terrorism-and-any-form-tha\/","url":"https:\/\/president-ksgov.net\/en\/president-osmani-honored-the-victims-of-the-september-11th-2001-terrorist-attacks-we-are-as-always-side-by-side-with-the-american-people-and-as-determined-partners-against-terrorism-and-any-form-tha\/","name":"President Osmani honored the victims of the September 11th 2001 terrorist attacks: We are as always side by side with the American people, and as determined partners against terrorism and any form that violates the freedom of others - President of the Republic of Kosovo - DR. VJOSA OSMANI - SADRIU","isPartOf":{"@id":"https:\/\/president-ksgov.net\/#website"},"primaryImageOfPage":{"@id":"https:\/\/president-ksgov.net\/en\/president-osmani-honored-the-victims-of-the-september-11th-2001-terrorist-attacks-we-are-as-always-side-by-side-with-the-american-people-and-as-determined-partners-against-terrorism-and-any-form-tha\/#primaryimage"},"image":{"@id":"https:\/\/president-ksgov.net\/en\/president-osmani-honored-the-victims-of-the-september-11th-2001-terrorist-attacks-we-are-as-always-side-by-side-with-the-american-people-and-as-determined-partners-against-terrorism-and-any-form-tha\/#primaryimage"},"thumbnailUrl":"https:\/\/president-ksgov.net\/wp-content\/uploads\/25_09_2022_6095375_7.jpg","datePublished":"2022-09-25T17:34:33+00:00","dateModified":"2023-03-07T08:40:25+00:00","author":{"@id":"https:\/\/president-ksgov.net\/#\/schema\/person\/bb4337a5fb147cb2046d80548172cbee"},"description":"President Osmani honored the victims of the September 11th 2001 terrorist attacks: We are as always side by side with the American people, and as determined partners against terrorism and any form that violates the freedom of others - President of the Republic of Kosovo - DR. VJOSA OSMANI - SADRIU -","breadcrumb":{"@id":"https:\/\/president-ksgov.net\/en\/president-osmani-honored-the-victims-of-the-september-11th-2001-terrorist-attacks-we-are-as-always-side-by-side-with-the-american-people-and-as-determined-partners-against-terrorism-and-any-form-tha\/#breadcrumb"},"inLanguage":"en-US","potentialAction":[{"@type":"ReadAction","target":["https:\/\/president-ksgov.net\/en\/president-osmani-honored-the-victims-of-the-september-11th-2001-terrorist-attacks-we-are-as-always-side-by-side-with-the-american-people-and-as-determined-partners-against-terrorism-and-any-form-tha\/"]}]},{"@type":"ImageObject","inLanguage":"en-US","@id":"https:\/\/president-ksgov.net\/en\/president-osmani-honored-the-victims-of-the-september-11th-2001-terrorist-attacks-we-are-as-always-side-by-side-with-the-american-people-and-as-determined-partners-against-terrorism-and-any-form-tha\/#primaryimage","url":"https:\/\/president-ksgov.net\/wp-content\/uploads\/25_09_2022_6095375_7.jpg","contentUrl":"https:\/\/president-ksgov.net\/wp-content\/uploads\/25_09_2022_6095375_7.jpg","width":2048,"height":1367},{"@type":"BreadcrumbList","@id":"https:\/\/president-ksgov.net\/en\/president-osmani-honored-the-victims-of-the-september-11th-2001-terrorist-attacks-we-are-as-always-side-by-side-with-the-american-people-and-as-determined-partners-against-terrorism-and-any-form-tha\/#breadcrumb","itemListElement":[{"@type":"ListItem","position":1,"name":"Home","item":"https:\/\/president-ksgov.net\/en\/"},{"@type":"ListItem","position":2,"name":"President Osmani honored the victims of the September 11th 2001 terrorist attacks: We are as always side by side with the American people, and as determined partners against terrorism and any form that violates the freedom of others"}]},{"@type":"WebSite","@id":"https:\/\/president-ksgov.net\/#website","url":"https:\/\/president-ksgov.net\/","name":"Presidente e Republik\u00ebs s\u00eb Kosov\u00ebs","description":"Presidente e Republik\u00ebs s\u00eb Kosov\u00ebs","alternateName":"DR. VJOSA OSMANI - SADRIU","potentialAction":[{"@type":"SearchAction","target":{"@type":"EntryPoint","urlTemplate":"https:\/\/president-ksgov.net\/?s={search_term_string}"},"query-input":{"@type":"PropertyValueSpecification","valueRequired":true,"valueName":"search_term_string"}}],"inLanguage":"en-US"},{"@type":"Person","@id":"https:\/\/president-ksgov.net\/#\/schema\/person\/bb4337a5fb147cb2046d80548172cbee","name":"admin","image":{"@type":"ImageObject","inLanguage":"en-US","@id":"https:\/\/president-ksgov.net\/#\/schema\/person\/image\/","url":"https:\/\/secure.gravatar.com\/avatar\/36156ca0fa3b8d9d25174f146e16beea0cf28f37adf1b9e19b6c9c279a7c9dd3?s=96&d=mm&r=g","contentUrl":"https:\/\/secure.gravatar.com\/avatar\/36156ca0fa3b8d9d25174f146e16beea0cf28f37adf1b9e19b6c9c279a7c9dd3?s=96&d=mm&r=g","caption":"admin"},"sameAs":["https:\/\/president-ksgov.net"]}]}},"_links":{"self":[{"href":"https:\/\/president-ksgov.net\/en\/wp-json\/wp\/v2\/posts\/66367","targetHints":{"allow":["GET"]}}],"collection":[{"href":"https:\/\/president-ksgov.net\/en\/wp-json\/wp\/v2\/posts"}],"about":[{"href":"https:\/\/president-ksgov.net\/en\/wp-json\/wp\/v2\/types\/post"}],"author":[{"embeddable":true,"href":"https:\/\/president-ksgov.net\/en\/wp-json\/wp\/v2\/users\/1"}],"replies":[{"embeddable":true,"href":"https:\/\/president-ksgov.net\/en\/wp-json\/wp\/v2\/comments?post=66367"}],"version-history":[{"count":0,"href":"https:\/\/president-ksgov.net\/en\/wp-json\/wp\/v2\/posts\/66367\/revisions"}],"wp:featuredmedia":[{"embeddable":true,"href":"https:\/\/president-ksgov.net\/en\/wp-json\/wp\/v2\/media\/11044"}],"wp:attachment":[{"href":"https:\/\/president-ksgov.net\/en\/wp-json\/wp\/v2\/media?parent=66367"}],"wp:term":[{"taxonomy":"category","embeddable":true,"href":"https:\/\/president-ksgov.net\/en\/wp-json\/wp\/v2\/categories?post=66367"},{"taxonomy":"post_tag","embeddable":true,"href":"https:\/\/president-ksgov.net\/en\/wp-json\/wp\/v2\/tags?post=66367"}],"curies":[{"name":"wp","href":"https:\/\/api.w.org\/{rel}","templated":true}]}}