{"id":66364,"date":"2022-09-26T15:08:27","date_gmt":"2022-09-26T15:08:27","guid":{"rendered":"https:\/\/dev.president-ksgov.net\/the-president-on-september-26-30-1991-kosovo-expressed-with-a-referendum-the-political-will-of-its-citizens-for-an-independent-state\/"},"modified":"2023-03-07T08:40:25","modified_gmt":"2023-03-07T08:40:25","slug":"the-president-on-september-26-30-1991-kosovo-expressed-with-a-referendum-the-political-will-of-its-citizens-for-an-independent-state","status":"publish","type":"post","link":"https:\/\/president-ksgov.net\/en\/the-president-on-september-26-30-1991-kosovo-expressed-with-a-referendum-the-political-will-of-its-citizens-for-an-independent-state\/","title":{"rendered":"The President: On September 26-30, 1991, Kosovo expressed with a referendum the political will of its citizens for an independent state"},"content":{"rendered":"<p>The President of the country said that on September 26-30, 1991, Kosovo expressed with a referendum the political will of its citizens for an independent state in a unique organization in the circumstances of the time, reconfirming the irrevocable will of its citizens for freedom and democracy, expressed previously in the Declaration of July 2nd and legally codified in the Ka\u00e7anik Constitution.<\/p>\n<p>&#8220;The referendum laid the first foundations of the state of Kosovo. It was a plebiscite declaration not only for the independence of the country but also for defining Kosovo as a representative democracy.\u00a0 It sealed the desire of the country&#039;s citizens to live independently and paved the way for unstoppable processes towards the revival of the state, under the leadership of its historical leader, President Rugova,&#8221; said President Osmani.<\/p>\n<p>Below is President Osmani&#039;s entire post:<\/p>\n<p>On September 26-30th, 1991, Kosovo expressed with a referendum the political will of its citizens for an independent state, in an unprecedented organization for the circumstances of the time, reconfirming the irrevocable will of its citizens for freedom and democracy, previously expressed in The declaration of July 2 and legally codified in the Constitution of Ka\u00e7anik.<\/p>\n<p>The referendum laid the first foundations of the state of Kosovo. It was a plebiscite declaration not only for the independence of the country but also for defining Kosovo as a representative democracy.\u00a0 It sealed the desire of the country&#039;s citizens to live independently and paved the way for unstoppable processes toward the revival of the state, under the leadership of its historical leader, President Rugova,.<\/p>\n<p>On this anniversary, we proudly remember all those who organized or responded to the call for a referendum. They made sure that the genesis of the new state bears the stamp of the free-willed declaration of its citizens. Their will was decisive for the future of our country.\u00a0<\/p>\n","protected":false},"excerpt":{"rendered":"<p>The President of the country said that on September 26-30, 1991, Kosovo expressed with a referendum the political will of its citizens for an independent state in a unique organization in the circumstances of the time, reconfirming the irrevocable will of its citizens for freedom and democracy, expressed previously in the Declaration of July 2nd and legally codified in the Ka\u00e7anik Constitution.<\/p>\n","protected":false},"author":1,"featured_media":11014,"comment_status":"open","ping_status":"closed","sticky":false,"template":"","format":"standard","meta":{"_eb_attr":"","footnotes":""},"categories":[111],"tags":[],"class_list":["post-66364","post","type-post","status-publish","format-standard","has-post-thumbnail","hentry","category-news"],"yoast_head":"<!-- This site is optimized with the Yoast SEO plugin v23.5 - https:\/\/yoast.com\/wordpress\/plugins\/seo\/ -->\n<title>The President: On September 26-30, 1991, Kosovo expressed with a referendum the political will of its citizens for an independent state - President of the Republic of Kosovo - DR. VJOSA OSMANI - SADRIU<\/title>\n<meta name=\"description\" content=\"The President: On September 26-30, 1991, Kosovo expressed with a referendum the political will of its citizens for an independent state - President of the Republic of Kosovo - DR. VJOSA OSMANI - SADRIU -\" \/>\n<meta name=\"robots\" content=\"index, follow, max-snippet:-1, max-image-preview:large, max-video-preview:-1\" \/>\n<link rel=\"canonical\" href=\"https:\/\/president-ksgov.net\/en\/the-president-on-september-26-30-1991-kosovo-expressed-with-a-referendum-the-political-will-of-its-citizens-for-an-independent-state\/\" \/>\n<meta property=\"og:locale\" content=\"en_US\" \/>\n<meta property=\"og:type\" content=\"article\" \/>\n<meta property=\"og:title\" content=\"The President: On September 26-30, 1991, Kosovo expressed with a referendum the political will of its citizens for an independent state - President of the Republic of Kosovo - DR. VJOSA OSMANI - SADRIU\" \/>\n<meta property=\"og:description\" content=\"The President: On September 26-30, 1991, Kosovo expressed with a referendum the political will of its citizens for an independent state - President of the Republic of Kosovo - DR. VJOSA OSMANI - SADRIU -\" \/>\n<meta property=\"og:url\" content=\"https:\/\/president-ksgov.net\/en\/the-president-on-september-26-30-1991-kosovo-expressed-with-a-referendum-the-political-will-of-its-citizens-for-an-independent-state\/\" \/>\n<meta property=\"og:site_name\" content=\"President of the Republic of Kosovo - DR. VJOSA OSMANI - SADRIU\" \/>\n<meta property=\"article:published_time\" content=\"2022-09-26T15:08:27+00:00\" \/>\n<meta property=\"article:modified_time\" content=\"2023-03-07T08:40:25+00:00\" \/>\n<meta property=\"og:image\" content=\"https:\/\/president-ksgov.net\/wp-content\/uploads\/26_09_2022_3346080_21e5c03a_29db_45f0_b042_8f1404ecd2aa.jpg\" \/>\n\t<meta property=\"og:image:width\" content=\"780\" \/>\n\t<meta property=\"og:image:height\" content=\"439\" \/>\n\t<meta property=\"og:image:type\" content=\"image\/jpeg\" \/>\n<meta name=\"author\" content=\"admin\" \/>\n<meta name=\"twitter:card\" content=\"summary_large_image\" \/>\n<meta name=\"twitter:label1\" content=\"Written by\" \/>\n\t<meta name=\"twitter:data1\" content=\"admin\" \/>\n\t<meta name=\"twitter:label2\" content=\"Est. reading time\" \/>\n\t<meta name=\"twitter:data2\" content=\"2 minutes\" \/>\n<script type=\"application\/ld+json\" class=\"yoast-schema-graph\">{\"@context\":\"https:\/\/schema.org\",\"@graph\":[{\"@type\":\"WebPage\",\"@id\":\"https:\/\/president-ksgov.net\/en\/the-president-on-september-26-30-1991-kosovo-expressed-with-a-referendum-the-political-will-of-its-citizens-for-an-independent-state\/\",\"url\":\"https:\/\/president-ksgov.net\/en\/the-president-on-september-26-30-1991-kosovo-expressed-with-a-referendum-the-political-will-of-its-citizens-for-an-independent-state\/\",\"name\":\"The President: On September 26-30, 1991, Kosovo expressed with a referendum the political will of its citizens for an independent state - President of the Republic of Kosovo - DR. VJOSA OSMANI - SADRIU\",\"isPartOf\":{\"@id\":\"https:\/\/president-ksgov.net\/#website\"},\"primaryImageOfPage\":{\"@id\":\"https:\/\/president-ksgov.net\/en\/the-president-on-september-26-30-1991-kosovo-expressed-with-a-referendum-the-political-will-of-its-citizens-for-an-independent-state\/#primaryimage\"},\"image\":{\"@id\":\"https:\/\/president-ksgov.net\/en\/the-president-on-september-26-30-1991-kosovo-expressed-with-a-referendum-the-political-will-of-its-citizens-for-an-independent-state\/#primaryimage\"},\"thumbnailUrl\":\"https:\/\/president-ksgov.net\/wp-content\/uploads\/26_09_2022_3346080_21e5c03a_29db_45f0_b042_8f1404ecd2aa.jpg\",\"datePublished\":\"2022-09-26T15:08:27+00:00\",\"dateModified\":\"2023-03-07T08:40:25+00:00\",\"author\":{\"@id\":\"https:\/\/president-ksgov.net\/#\/schema\/person\/bb4337a5fb147cb2046d80548172cbee\"},\"description\":\"The President: On September 26-30, 1991, Kosovo expressed with a referendum the political will of its citizens for an independent state - President of the Republic of Kosovo - DR. VJOSA OSMANI - SADRIU -\",\"breadcrumb\":{\"@id\":\"https:\/\/president-ksgov.net\/en\/the-president-on-september-26-30-1991-kosovo-expressed-with-a-referendum-the-political-will-of-its-citizens-for-an-independent-state\/#breadcrumb\"},\"inLanguage\":\"en-US\",\"potentialAction\":[{\"@type\":\"ReadAction\",\"target\":[\"https:\/\/president-ksgov.net\/en\/the-president-on-september-26-30-1991-kosovo-expressed-with-a-referendum-the-political-will-of-its-citizens-for-an-independent-state\/\"]}]},{\"@type\":\"ImageObject\",\"inLanguage\":\"en-US\",\"@id\":\"https:\/\/president-ksgov.net\/en\/the-president-on-september-26-30-1991-kosovo-expressed-with-a-referendum-the-political-will-of-its-citizens-for-an-independent-state\/#primaryimage\",\"url\":\"https:\/\/president-ksgov.net\/wp-content\/uploads\/26_09_2022_3346080_21e5c03a_29db_45f0_b042_8f1404ecd2aa.jpg\",\"contentUrl\":\"https:\/\/president-ksgov.net\/wp-content\/uploads\/26_09_2022_3346080_21e5c03a_29db_45f0_b042_8f1404ecd2aa.jpg\",\"width\":780,\"height\":439},{\"@type\":\"BreadcrumbList\",\"@id\":\"https:\/\/president-ksgov.net\/en\/the-president-on-september-26-30-1991-kosovo-expressed-with-a-referendum-the-political-will-of-its-citizens-for-an-independent-state\/#breadcrumb\",\"itemListElement\":[{\"@type\":\"ListItem\",\"position\":1,\"name\":\"Home\",\"item\":\"https:\/\/president-ksgov.net\/en\/\"},{\"@type\":\"ListItem\",\"position\":2,\"name\":\"The President: On September 26-30, 1991, Kosovo expressed with a referendum the political will of its citizens for an independent state\"}]},{\"@type\":\"WebSite\",\"@id\":\"https:\/\/president-ksgov.net\/#website\",\"url\":\"https:\/\/president-ksgov.net\/\",\"name\":\"Presidente e Republik\u00ebs s\u00eb Kosov\u00ebs\",\"description\":\"Presidente e Republik\u00ebs s\u00eb Kosov\u00ebs\",\"alternateName\":\"DR. VJOSA OSMANI - SADRIU\",\"potentialAction\":[{\"@type\":\"SearchAction\",\"target\":{\"@type\":\"EntryPoint\",\"urlTemplate\":\"https:\/\/president-ksgov.net\/?s={search_term_string}\"},\"query-input\":{\"@type\":\"PropertyValueSpecification\",\"valueRequired\":true,\"valueName\":\"search_term_string\"}}],\"inLanguage\":\"en-US\"},{\"@type\":\"Person\",\"@id\":\"https:\/\/president-ksgov.net\/#\/schema\/person\/bb4337a5fb147cb2046d80548172cbee\",\"name\":\"admin\",\"image\":{\"@type\":\"ImageObject\",\"inLanguage\":\"en-US\",\"@id\":\"https:\/\/president-ksgov.net\/#\/schema\/person\/image\/\",\"url\":\"https:\/\/secure.gravatar.com\/avatar\/36156ca0fa3b8d9d25174f146e16beea0cf28f37adf1b9e19b6c9c279a7c9dd3?s=96&d=mm&r=g\",\"contentUrl\":\"https:\/\/secure.gravatar.com\/avatar\/36156ca0fa3b8d9d25174f146e16beea0cf28f37adf1b9e19b6c9c279a7c9dd3?s=96&d=mm&r=g\",\"caption\":\"admin\"},\"sameAs\":[\"https:\/\/president-ksgov.net\"]}]}<\/script>\n<!-- \/ Yoast SEO plugin. -->","yoast_head_json":{"title":"The President: On September 26-30, 1991, Kosovo expressed with a referendum the political will of its citizens for an independent state - President of the Republic of Kosovo - DR. VJOSA OSMANI - SADRIU","description":"The President: On September 26-30, 1991, Kosovo expressed with a referendum the political will of its citizens for an independent state - President of the Republic of Kosovo - DR. VJOSA OSMANI - SADRIU -","robots":{"index":"index","follow":"follow","max-snippet":"max-snippet:-1","max-image-preview":"max-image-preview:large","max-video-preview":"max-video-preview:-1"},"canonical":"https:\/\/president-ksgov.net\/en\/the-president-on-september-26-30-1991-kosovo-expressed-with-a-referendum-the-political-will-of-its-citizens-for-an-independent-state\/","og_locale":"en_US","og_type":"article","og_title":"The President: On September 26-30, 1991, Kosovo expressed with a referendum the political will of its citizens for an independent state - President of the Republic of Kosovo - DR. VJOSA OSMANI - SADRIU","og_description":"The President: On September 26-30, 1991, Kosovo expressed with a referendum the political will of its citizens for an independent state - President of the Republic of Kosovo - DR. VJOSA OSMANI - SADRIU -","og_url":"https:\/\/president-ksgov.net\/en\/the-president-on-september-26-30-1991-kosovo-expressed-with-a-referendum-the-political-will-of-its-citizens-for-an-independent-state\/","og_site_name":"President of the Republic of Kosovo - DR. VJOSA OSMANI - SADRIU","article_published_time":"2022-09-26T15:08:27+00:00","article_modified_time":"2023-03-07T08:40:25+00:00","og_image":[{"width":780,"height":439,"url":"https:\/\/president-ksgov.net\/wp-content\/uploads\/26_09_2022_3346080_21e5c03a_29db_45f0_b042_8f1404ecd2aa.jpg","type":"image\/jpeg"}],"author":"admin","twitter_card":"summary_large_image","twitter_misc":{"Written by":"admin","Est. reading time":"2 minutes"},"schema":{"@context":"https:\/\/schema.org","@graph":[{"@type":"WebPage","@id":"https:\/\/president-ksgov.net\/en\/the-president-on-september-26-30-1991-kosovo-expressed-with-a-referendum-the-political-will-of-its-citizens-for-an-independent-state\/","url":"https:\/\/president-ksgov.net\/en\/the-president-on-september-26-30-1991-kosovo-expressed-with-a-referendum-the-political-will-of-its-citizens-for-an-independent-state\/","name":"The President: On September 26-30, 1991, Kosovo expressed with a referendum the political will of its citizens for an independent state - President of the Republic of Kosovo - DR. VJOSA OSMANI - SADRIU","isPartOf":{"@id":"https:\/\/president-ksgov.net\/#website"},"primaryImageOfPage":{"@id":"https:\/\/president-ksgov.net\/en\/the-president-on-september-26-30-1991-kosovo-expressed-with-a-referendum-the-political-will-of-its-citizens-for-an-independent-state\/#primaryimage"},"image":{"@id":"https:\/\/president-ksgov.net\/en\/the-president-on-september-26-30-1991-kosovo-expressed-with-a-referendum-the-political-will-of-its-citizens-for-an-independent-state\/#primaryimage"},"thumbnailUrl":"https:\/\/president-ksgov.net\/wp-content\/uploads\/26_09_2022_3346080_21e5c03a_29db_45f0_b042_8f1404ecd2aa.jpg","datePublished":"2022-09-26T15:08:27+00:00","dateModified":"2023-03-07T08:40:25+00:00","author":{"@id":"https:\/\/president-ksgov.net\/#\/schema\/person\/bb4337a5fb147cb2046d80548172cbee"},"description":"The President: On September 26-30, 1991, Kosovo expressed with a referendum the political will of its citizens for an independent state - President of the Republic of Kosovo - DR. VJOSA OSMANI - SADRIU -","breadcrumb":{"@id":"https:\/\/president-ksgov.net\/en\/the-president-on-september-26-30-1991-kosovo-expressed-with-a-referendum-the-political-will-of-its-citizens-for-an-independent-state\/#breadcrumb"},"inLanguage":"en-US","potentialAction":[{"@type":"ReadAction","target":["https:\/\/president-ksgov.net\/en\/the-president-on-september-26-30-1991-kosovo-expressed-with-a-referendum-the-political-will-of-its-citizens-for-an-independent-state\/"]}]},{"@type":"ImageObject","inLanguage":"en-US","@id":"https:\/\/president-ksgov.net\/en\/the-president-on-september-26-30-1991-kosovo-expressed-with-a-referendum-the-political-will-of-its-citizens-for-an-independent-state\/#primaryimage","url":"https:\/\/president-ksgov.net\/wp-content\/uploads\/26_09_2022_3346080_21e5c03a_29db_45f0_b042_8f1404ecd2aa.jpg","contentUrl":"https:\/\/president-ksgov.net\/wp-content\/uploads\/26_09_2022_3346080_21e5c03a_29db_45f0_b042_8f1404ecd2aa.jpg","width":780,"height":439},{"@type":"BreadcrumbList","@id":"https:\/\/president-ksgov.net\/en\/the-president-on-september-26-30-1991-kosovo-expressed-with-a-referendum-the-political-will-of-its-citizens-for-an-independent-state\/#breadcrumb","itemListElement":[{"@type":"ListItem","position":1,"name":"Home","item":"https:\/\/president-ksgov.net\/en\/"},{"@type":"ListItem","position":2,"name":"The President: On September 26-30, 1991, Kosovo expressed with a referendum the political will of its citizens for an independent state"}]},{"@type":"WebSite","@id":"https:\/\/president-ksgov.net\/#website","url":"https:\/\/president-ksgov.net\/","name":"Presidente e Republik\u00ebs s\u00eb Kosov\u00ebs","description":"Presidente e Republik\u00ebs s\u00eb Kosov\u00ebs","alternateName":"DR. VJOSA OSMANI - SADRIU","potentialAction":[{"@type":"SearchAction","target":{"@type":"EntryPoint","urlTemplate":"https:\/\/president-ksgov.net\/?s={search_term_string}"},"query-input":{"@type":"PropertyValueSpecification","valueRequired":true,"valueName":"search_term_string"}}],"inLanguage":"en-US"},{"@type":"Person","@id":"https:\/\/president-ksgov.net\/#\/schema\/person\/bb4337a5fb147cb2046d80548172cbee","name":"admin","image":{"@type":"ImageObject","inLanguage":"en-US","@id":"https:\/\/president-ksgov.net\/#\/schema\/person\/image\/","url":"https:\/\/secure.gravatar.com\/avatar\/36156ca0fa3b8d9d25174f146e16beea0cf28f37adf1b9e19b6c9c279a7c9dd3?s=96&d=mm&r=g","contentUrl":"https:\/\/secure.gravatar.com\/avatar\/36156ca0fa3b8d9d25174f146e16beea0cf28f37adf1b9e19b6c9c279a7c9dd3?s=96&d=mm&r=g","caption":"admin"},"sameAs":["https:\/\/president-ksgov.net"]}]}},"_links":{"self":[{"href":"https:\/\/president-ksgov.net\/en\/wp-json\/wp\/v2\/posts\/66364","targetHints":{"allow":["GET"]}}],"collection":[{"href":"https:\/\/president-ksgov.net\/en\/wp-json\/wp\/v2\/posts"}],"about":[{"href":"https:\/\/president-ksgov.net\/en\/wp-json\/wp\/v2\/types\/post"}],"author":[{"embeddable":true,"href":"https:\/\/president-ksgov.net\/en\/wp-json\/wp\/v2\/users\/1"}],"replies":[{"embeddable":true,"href":"https:\/\/president-ksgov.net\/en\/wp-json\/wp\/v2\/comments?post=66364"}],"version-history":[{"count":0,"href":"https:\/\/president-ksgov.net\/en\/wp-json\/wp\/v2\/posts\/66364\/revisions"}],"wp:featuredmedia":[{"embeddable":true,"href":"https:\/\/president-ksgov.net\/en\/wp-json\/wp\/v2\/media\/11014"}],"wp:attachment":[{"href":"https:\/\/president-ksgov.net\/en\/wp-json\/wp\/v2\/media?parent=66364"}],"wp:term":[{"taxonomy":"category","embeddable":true,"href":"https:\/\/president-ksgov.net\/en\/wp-json\/wp\/v2\/categories?post=66364"},{"taxonomy":"post_tag","embeddable":true,"href":"https:\/\/president-ksgov.net\/en\/wp-json\/wp\/v2\/tags?post=66364"}],"curies":[{"name":"wp","href":"https:\/\/api.w.org\/{rel}","templated":true}]}}