{"id":66363,"date":"2022-09-26T15:27:11","date_gmt":"2022-09-26T15:27:11","guid":{"rendered":"https:\/\/dev.president-ksgov.net\/president-osmani-has-commemorated-the-24th-anniversary-of-the-massacre-in-abria\/"},"modified":"2023-03-07T08:40:25","modified_gmt":"2023-03-07T08:40:25","slug":"president-osmani-has-commemorated-the-24th-anniversary-of-the-massacre-in-abria","status":"publish","type":"post","link":"https:\/\/president-ksgov.net\/en\/president-osmani-has-commemorated-the-24th-anniversary-of-the-massacre-in-abria\/","title":{"rendered":"President Osmani has commemorated the 24th anniversary of the massacre in Abria"},"content":{"rendered":"<p>The President of the Republic of Kosovo, Vjosa Osmani has commemorated the 24th anniversary of the massacre in Abria.<\/p>\n<p>&#8220;24 years ago, 23 members of the Deliu family aged 2 to 94, were massacred by the Serbian genocidal government, as they were seeking salvation in the mountains, fleeing the barbarity of the forces of the Serbian regime,&#8221; said President Osmani.<\/p>\n<p>Below is President Osmani&#039;s entire post:<\/p>\n<p>24 years ago, 23 members of the Deliu family, aged 2 to 94, were massacred by the Serbian genocidal government, while they were seeking salvation in the mountains, fleeing the barbarism of the forces of the Serbian regime. They became targets of Serbian cruelty because they were Albanians and because they wanted to live freely in the land of their ancestors.<\/p>\n<p>Today, we remember them with the same pain we felt that day and every day afterward. This pain becomes even greater as this massacre, evidence of the brutality of the Serbian forces, continues to remain unresponded by justice. The planners and executors are free, the state that sponsored them unconvinced of the scale of the crimes committed and the family is still awaiting justice.<\/p>\n<p>We will continue our efforts to bring those who committed this cruel act to justice. We owe this to the victims and their families!<\/p>\n<p>May the memory of the martyrs and martyrs of Abria be eternal!\u00a0<\/p>\n","protected":false},"excerpt":{"rendered":"<p>The President of the Republic of Kosovo, Vjosa Osmani has commemorated the 24th anniversary of the massacre in Abria.<\/p>\n","protected":false},"author":1,"featured_media":11010,"comment_status":"open","ping_status":"closed","sticky":false,"template":"","format":"standard","meta":{"_eb_attr":"","footnotes":""},"categories":[111],"tags":[],"class_list":["post-66363","post","type-post","status-publish","format-standard","has-post-thumbnail","hentry","category-news"],"yoast_head":"<!-- This site is optimized with the Yoast SEO plugin v23.5 - https:\/\/yoast.com\/wordpress\/plugins\/seo\/ -->\n<title>President Osmani has commemorated the 24th anniversary of the massacre in Abria - President of the Republic of Kosovo - DR. VJOSA OSMANI - SADRIU<\/title>\n<meta name=\"description\" content=\"President Osmani has commemorated the 24th anniversary of the massacre in Abria - President of the Republic of Kosovo - DR. VJOSA OSMANI - SADRIU -\" \/>\n<meta name=\"robots\" content=\"index, follow, max-snippet:-1, max-image-preview:large, max-video-preview:-1\" \/>\n<link rel=\"canonical\" href=\"https:\/\/president-ksgov.net\/en\/president-osmani-has-commemorated-the-24th-anniversary-of-the-massacre-in-abria\/\" \/>\n<meta property=\"og:locale\" content=\"en_US\" \/>\n<meta property=\"og:type\" content=\"article\" \/>\n<meta property=\"og:title\" content=\"President Osmani has commemorated the 24th anniversary of the massacre in Abria - President of the Republic of Kosovo - DR. VJOSA OSMANI - SADRIU\" \/>\n<meta property=\"og:description\" content=\"President Osmani has commemorated the 24th anniversary of the massacre in Abria - President of the Republic of Kosovo - DR. VJOSA OSMANI - SADRIU -\" \/>\n<meta property=\"og:url\" content=\"https:\/\/president-ksgov.net\/en\/president-osmani-has-commemorated-the-24th-anniversary-of-the-massacre-in-abria\/\" \/>\n<meta property=\"og:site_name\" content=\"President of the Republic of Kosovo - DR. VJOSA OSMANI - SADRIU\" \/>\n<meta property=\"article:published_time\" content=\"2022-09-26T15:27:11+00:00\" \/>\n<meta property=\"article:modified_time\" content=\"2023-03-07T08:40:25+00:00\" \/>\n<meta property=\"og:image\" content=\"https:\/\/president-ksgov.net\/wp-content\/uploads\/26_09_2022_4235115_EFUNDIT__2_.jpg\" \/>\n\t<meta property=\"og:image:width\" content=\"720\" \/>\n\t<meta property=\"og:image:height\" content=\"480\" \/>\n\t<meta property=\"og:image:type\" content=\"image\/jpeg\" \/>\n<meta name=\"author\" content=\"admin\" \/>\n<meta name=\"twitter:card\" content=\"summary_large_image\" \/>\n<meta name=\"twitter:label1\" content=\"Written by\" \/>\n\t<meta name=\"twitter:data1\" content=\"admin\" \/>\n\t<meta name=\"twitter:label2\" content=\"Est. reading time\" \/>\n\t<meta name=\"twitter:data2\" content=\"1 minute\" \/>\n<script type=\"application\/ld+json\" class=\"yoast-schema-graph\">{\"@context\":\"https:\/\/schema.org\",\"@graph\":[{\"@type\":\"WebPage\",\"@id\":\"https:\/\/president-ksgov.net\/en\/president-osmani-has-commemorated-the-24th-anniversary-of-the-massacre-in-abria\/\",\"url\":\"https:\/\/president-ksgov.net\/en\/president-osmani-has-commemorated-the-24th-anniversary-of-the-massacre-in-abria\/\",\"name\":\"President Osmani has commemorated the 24th anniversary of the massacre in Abria - President of the Republic of Kosovo - DR. VJOSA OSMANI - SADRIU\",\"isPartOf\":{\"@id\":\"https:\/\/president-ksgov.net\/#website\"},\"primaryImageOfPage\":{\"@id\":\"https:\/\/president-ksgov.net\/en\/president-osmani-has-commemorated-the-24th-anniversary-of-the-massacre-in-abria\/#primaryimage\"},\"image\":{\"@id\":\"https:\/\/president-ksgov.net\/en\/president-osmani-has-commemorated-the-24th-anniversary-of-the-massacre-in-abria\/#primaryimage\"},\"thumbnailUrl\":\"https:\/\/president-ksgov.net\/wp-content\/uploads\/26_09_2022_4235115_EFUNDIT__2_.jpg\",\"datePublished\":\"2022-09-26T15:27:11+00:00\",\"dateModified\":\"2023-03-07T08:40:25+00:00\",\"author\":{\"@id\":\"https:\/\/president-ksgov.net\/#\/schema\/person\/bb4337a5fb147cb2046d80548172cbee\"},\"description\":\"President Osmani has commemorated the 24th anniversary of the massacre in Abria - President of the Republic of Kosovo - DR. VJOSA OSMANI - SADRIU -\",\"breadcrumb\":{\"@id\":\"https:\/\/president-ksgov.net\/en\/president-osmani-has-commemorated-the-24th-anniversary-of-the-massacre-in-abria\/#breadcrumb\"},\"inLanguage\":\"en-US\",\"potentialAction\":[{\"@type\":\"ReadAction\",\"target\":[\"https:\/\/president-ksgov.net\/en\/president-osmani-has-commemorated-the-24th-anniversary-of-the-massacre-in-abria\/\"]}]},{\"@type\":\"ImageObject\",\"inLanguage\":\"en-US\",\"@id\":\"https:\/\/president-ksgov.net\/en\/president-osmani-has-commemorated-the-24th-anniversary-of-the-massacre-in-abria\/#primaryimage\",\"url\":\"https:\/\/president-ksgov.net\/wp-content\/uploads\/26_09_2022_4235115_EFUNDIT__2_.jpg\",\"contentUrl\":\"https:\/\/president-ksgov.net\/wp-content\/uploads\/26_09_2022_4235115_EFUNDIT__2_.jpg\",\"width\":720,\"height\":480},{\"@type\":\"BreadcrumbList\",\"@id\":\"https:\/\/president-ksgov.net\/en\/president-osmani-has-commemorated-the-24th-anniversary-of-the-massacre-in-abria\/#breadcrumb\",\"itemListElement\":[{\"@type\":\"ListItem\",\"position\":1,\"name\":\"Home\",\"item\":\"https:\/\/president-ksgov.net\/en\/\"},{\"@type\":\"ListItem\",\"position\":2,\"name\":\"President Osmani has commemorated the 24th anniversary of the massacre in Abria\"}]},{\"@type\":\"WebSite\",\"@id\":\"https:\/\/president-ksgov.net\/#website\",\"url\":\"https:\/\/president-ksgov.net\/\",\"name\":\"Presidente e Republik\u00ebs s\u00eb Kosov\u00ebs\",\"description\":\"Presidente e Republik\u00ebs s\u00eb Kosov\u00ebs\",\"alternateName\":\"DR. VJOSA OSMANI - SADRIU\",\"potentialAction\":[{\"@type\":\"SearchAction\",\"target\":{\"@type\":\"EntryPoint\",\"urlTemplate\":\"https:\/\/president-ksgov.net\/?s={search_term_string}\"},\"query-input\":{\"@type\":\"PropertyValueSpecification\",\"valueRequired\":true,\"valueName\":\"search_term_string\"}}],\"inLanguage\":\"en-US\"},{\"@type\":\"Person\",\"@id\":\"https:\/\/president-ksgov.net\/#\/schema\/person\/bb4337a5fb147cb2046d80548172cbee\",\"name\":\"admin\",\"image\":{\"@type\":\"ImageObject\",\"inLanguage\":\"en-US\",\"@id\":\"https:\/\/president-ksgov.net\/#\/schema\/person\/image\/\",\"url\":\"https:\/\/secure.gravatar.com\/avatar\/36156ca0fa3b8d9d25174f146e16beea0cf28f37adf1b9e19b6c9c279a7c9dd3?s=96&d=mm&r=g\",\"contentUrl\":\"https:\/\/secure.gravatar.com\/avatar\/36156ca0fa3b8d9d25174f146e16beea0cf28f37adf1b9e19b6c9c279a7c9dd3?s=96&d=mm&r=g\",\"caption\":\"admin\"},\"sameAs\":[\"https:\/\/president-ksgov.net\"]}]}<\/script>\n<!-- \/ Yoast SEO plugin. -->","yoast_head_json":{"title":"President Osmani has commemorated the 24th anniversary of the massacre in Abria - President of the Republic of Kosovo - DR. VJOSA OSMANI - SADRIU","description":"President Osmani has commemorated the 24th anniversary of the massacre in Abria - President of the Republic of Kosovo - DR. VJOSA OSMANI - SADRIU -","robots":{"index":"index","follow":"follow","max-snippet":"max-snippet:-1","max-image-preview":"max-image-preview:large","max-video-preview":"max-video-preview:-1"},"canonical":"https:\/\/president-ksgov.net\/en\/president-osmani-has-commemorated-the-24th-anniversary-of-the-massacre-in-abria\/","og_locale":"en_US","og_type":"article","og_title":"President Osmani has commemorated the 24th anniversary of the massacre in Abria - President of the Republic of Kosovo - DR. VJOSA OSMANI - SADRIU","og_description":"President Osmani has commemorated the 24th anniversary of the massacre in Abria - President of the Republic of Kosovo - DR. VJOSA OSMANI - SADRIU -","og_url":"https:\/\/president-ksgov.net\/en\/president-osmani-has-commemorated-the-24th-anniversary-of-the-massacre-in-abria\/","og_site_name":"President of the Republic of Kosovo - DR. VJOSA OSMANI - SADRIU","article_published_time":"2022-09-26T15:27:11+00:00","article_modified_time":"2023-03-07T08:40:25+00:00","og_image":[{"width":720,"height":480,"url":"https:\/\/president-ksgov.net\/wp-content\/uploads\/26_09_2022_4235115_EFUNDIT__2_.jpg","type":"image\/jpeg"}],"author":"admin","twitter_card":"summary_large_image","twitter_misc":{"Written by":"admin","Est. reading time":"1 minute"},"schema":{"@context":"https:\/\/schema.org","@graph":[{"@type":"WebPage","@id":"https:\/\/president-ksgov.net\/en\/president-osmani-has-commemorated-the-24th-anniversary-of-the-massacre-in-abria\/","url":"https:\/\/president-ksgov.net\/en\/president-osmani-has-commemorated-the-24th-anniversary-of-the-massacre-in-abria\/","name":"President Osmani has commemorated the 24th anniversary of the massacre in Abria - President of the Republic of Kosovo - DR. VJOSA OSMANI - SADRIU","isPartOf":{"@id":"https:\/\/president-ksgov.net\/#website"},"primaryImageOfPage":{"@id":"https:\/\/president-ksgov.net\/en\/president-osmani-has-commemorated-the-24th-anniversary-of-the-massacre-in-abria\/#primaryimage"},"image":{"@id":"https:\/\/president-ksgov.net\/en\/president-osmani-has-commemorated-the-24th-anniversary-of-the-massacre-in-abria\/#primaryimage"},"thumbnailUrl":"https:\/\/president-ksgov.net\/wp-content\/uploads\/26_09_2022_4235115_EFUNDIT__2_.jpg","datePublished":"2022-09-26T15:27:11+00:00","dateModified":"2023-03-07T08:40:25+00:00","author":{"@id":"https:\/\/president-ksgov.net\/#\/schema\/person\/bb4337a5fb147cb2046d80548172cbee"},"description":"President Osmani has commemorated the 24th anniversary of the massacre in Abria - President of the Republic of Kosovo - DR. VJOSA OSMANI - SADRIU -","breadcrumb":{"@id":"https:\/\/president-ksgov.net\/en\/president-osmani-has-commemorated-the-24th-anniversary-of-the-massacre-in-abria\/#breadcrumb"},"inLanguage":"en-US","potentialAction":[{"@type":"ReadAction","target":["https:\/\/president-ksgov.net\/en\/president-osmani-has-commemorated-the-24th-anniversary-of-the-massacre-in-abria\/"]}]},{"@type":"ImageObject","inLanguage":"en-US","@id":"https:\/\/president-ksgov.net\/en\/president-osmani-has-commemorated-the-24th-anniversary-of-the-massacre-in-abria\/#primaryimage","url":"https:\/\/president-ksgov.net\/wp-content\/uploads\/26_09_2022_4235115_EFUNDIT__2_.jpg","contentUrl":"https:\/\/president-ksgov.net\/wp-content\/uploads\/26_09_2022_4235115_EFUNDIT__2_.jpg","width":720,"height":480},{"@type":"BreadcrumbList","@id":"https:\/\/president-ksgov.net\/en\/president-osmani-has-commemorated-the-24th-anniversary-of-the-massacre-in-abria\/#breadcrumb","itemListElement":[{"@type":"ListItem","position":1,"name":"Home","item":"https:\/\/president-ksgov.net\/en\/"},{"@type":"ListItem","position":2,"name":"President Osmani has commemorated the 24th anniversary of the massacre in Abria"}]},{"@type":"WebSite","@id":"https:\/\/president-ksgov.net\/#website","url":"https:\/\/president-ksgov.net\/","name":"Presidente e Republik\u00ebs s\u00eb Kosov\u00ebs","description":"Presidente e Republik\u00ebs s\u00eb Kosov\u00ebs","alternateName":"DR. VJOSA OSMANI - SADRIU","potentialAction":[{"@type":"SearchAction","target":{"@type":"EntryPoint","urlTemplate":"https:\/\/president-ksgov.net\/?s={search_term_string}"},"query-input":{"@type":"PropertyValueSpecification","valueRequired":true,"valueName":"search_term_string"}}],"inLanguage":"en-US"},{"@type":"Person","@id":"https:\/\/president-ksgov.net\/#\/schema\/person\/bb4337a5fb147cb2046d80548172cbee","name":"admin","image":{"@type":"ImageObject","inLanguage":"en-US","@id":"https:\/\/president-ksgov.net\/#\/schema\/person\/image\/","url":"https:\/\/secure.gravatar.com\/avatar\/36156ca0fa3b8d9d25174f146e16beea0cf28f37adf1b9e19b6c9c279a7c9dd3?s=96&d=mm&r=g","contentUrl":"https:\/\/secure.gravatar.com\/avatar\/36156ca0fa3b8d9d25174f146e16beea0cf28f37adf1b9e19b6c9c279a7c9dd3?s=96&d=mm&r=g","caption":"admin"},"sameAs":["https:\/\/president-ksgov.net"]}]}},"_links":{"self":[{"href":"https:\/\/president-ksgov.net\/en\/wp-json\/wp\/v2\/posts\/66363","targetHints":{"allow":["GET"]}}],"collection":[{"href":"https:\/\/president-ksgov.net\/en\/wp-json\/wp\/v2\/posts"}],"about":[{"href":"https:\/\/president-ksgov.net\/en\/wp-json\/wp\/v2\/types\/post"}],"author":[{"embeddable":true,"href":"https:\/\/president-ksgov.net\/en\/wp-json\/wp\/v2\/users\/1"}],"replies":[{"embeddable":true,"href":"https:\/\/president-ksgov.net\/en\/wp-json\/wp\/v2\/comments?post=66363"}],"version-history":[{"count":0,"href":"https:\/\/president-ksgov.net\/en\/wp-json\/wp\/v2\/posts\/66363\/revisions"}],"wp:featuredmedia":[{"embeddable":true,"href":"https:\/\/president-ksgov.net\/en\/wp-json\/wp\/v2\/media\/11010"}],"wp:attachment":[{"href":"https:\/\/president-ksgov.net\/en\/wp-json\/wp\/v2\/media?parent=66363"}],"wp:term":[{"taxonomy":"category","embeddable":true,"href":"https:\/\/president-ksgov.net\/en\/wp-json\/wp\/v2\/categories?post=66363"},{"taxonomy":"post_tag","embeddable":true,"href":"https:\/\/president-ksgov.net\/en\/wp-json\/wp\/v2\/tags?post=66363"}],"curies":[{"name":"wp","href":"https:\/\/api.w.org\/{rel}","templated":true}]}}