{"id":66353,"date":"2022-09-30T16:57:15","date_gmt":"2022-09-30T16:57:15","guid":{"rendered":"https:\/\/dev.president-ksgov.net\/president-osmani-at-the-consultative-council-for-communities-full-support-for-the-protection-of-the-rights-of-communities\/"},"modified":"2023-03-07T08:40:25","modified_gmt":"2023-03-07T08:40:25","slug":"president-osmani-at-the-consultative-council-for-communities-full-support-for-the-protection-of-the-rights-of-communities","status":"publish","type":"post","link":"https:\/\/president-ksgov.net\/en\/president-osmani-at-the-consultative-council-for-communities-full-support-for-the-protection-of-the-rights-of-communities\/","title":{"rendered":"President Osmani at the Consultative Council for Communities: Full support for the protection of the rights of communities"},"content":{"rendered":"<p>The President of the Republic of Kosovo Vjosa Osmani chaired the consecutive<br \/>\nmeeting of the Consultative Council for Communities, which held a minute of silence in<br \/>\nhonor of the passing away of the member of the Council, the late Gylten Nobrda.<\/p>\n<p>President Osmani conversed with the members of the Council about the issues and concerns of the communities.<\/p>\n<p>She congratulated the Bosniak community on their national day and emphasized that the Consultative Council is one of the most important voices of the communities in the Republic of Kosovo. According to her, this mechanism provides the opportunity for the communities to be involved in legislative initiatives and as a result, to advance the position of the communities in Kosovo.<\/p>\n<p>President Osmani emphasized that the Office of the President held continuous meetings with other institutions and requested the implementation of the recommendations of this Council.<\/p>\n<p>At the meeting of the Consultative Council for Communities, certain recommendations were reviewed regarding the celebration of Diversity Day, the announcement of employment opportunities in the official languages \u00e2&#8364;&#8249;\u00e2&#8364;&#8249;of the Republic of Kosovo and other issues of importance to communities.<\/p>\n<p>According to President Osmani, promoting the rights of communities is a commitment that requires joint engagements.<\/p>\n<p>&#8220;As the President of the Republic of Kosovo, I will offer full support, within the constitutional and legal powers, to the protection of the rights of the communities. Hence, I will work to push forward the Council&#039;s recommendations throughout my mandate and, moreover, we will coordinate our activities&#8221;, said President Osmani.<\/p>\n","protected":false},"excerpt":{"rendered":"<p>The President of the Republic of Kosovo Vjosa Osmani chaired the consecutive<br \/>\nmeeting of the Consultative Council for Communities, which held a minute of silence in<br \/>\nhonor of the passing away of the member of the Council, the late Gylten Nobrda.<\/p>\n","protected":false},"author":1,"featured_media":10919,"comment_status":"open","ping_status":"closed","sticky":false,"template":"","format":"standard","meta":{"_eb_attr":"","footnotes":""},"categories":[111],"tags":[],"class_list":["post-66353","post","type-post","status-publish","format-standard","has-post-thumbnail","hentry","category-news"],"yoast_head":"<!-- This site is optimized with the Yoast SEO plugin v23.5 - https:\/\/yoast.com\/wordpress\/plugins\/seo\/ -->\n<title>President Osmani at the Consultative Council for Communities: Full support for the protection of the rights of communities - President of the Republic of Kosovo - DR. VJOSA OSMANI - SADRIU<\/title>\n<meta name=\"description\" content=\"President Osmani at the Consultative Council for Communities: Full support for the protection of the rights of communities - President of the Republic of Kosovo - DR. VJOSA OSMANI - SADRIU -\" \/>\n<meta name=\"robots\" content=\"index, follow, max-snippet:-1, max-image-preview:large, max-video-preview:-1\" \/>\n<link rel=\"canonical\" href=\"https:\/\/president-ksgov.net\/en\/president-osmani-at-the-consultative-council-for-communities-full-support-for-the-protection-of-the-rights-of-communities\/\" \/>\n<meta property=\"og:locale\" content=\"en_US\" \/>\n<meta property=\"og:type\" content=\"article\" \/>\n<meta property=\"og:title\" content=\"President Osmani at the Consultative Council for Communities: Full support for the protection of the rights of communities - President of the Republic of Kosovo - DR. VJOSA OSMANI - SADRIU\" \/>\n<meta property=\"og:description\" content=\"President Osmani at the Consultative Council for Communities: Full support for the protection of the rights of communities - President of the Republic of Kosovo - DR. VJOSA OSMANI - SADRIU -\" \/>\n<meta property=\"og:url\" content=\"https:\/\/president-ksgov.net\/en\/president-osmani-at-the-consultative-council-for-communities-full-support-for-the-protection-of-the-rights-of-communities\/\" \/>\n<meta property=\"og:site_name\" content=\"President of the Republic of Kosovo - DR. VJOSA OSMANI - SADRIU\" \/>\n<meta property=\"article:published_time\" content=\"2022-09-30T16:57:15+00:00\" \/>\n<meta property=\"article:modified_time\" content=\"2023-03-07T08:40:25+00:00\" \/>\n<meta property=\"og:image\" content=\"https:\/\/president-ksgov.net\/wp-content\/uploads\/30_09_2022_6953621_3.jpg\" \/>\n\t<meta property=\"og:image:width\" content=\"2048\" \/>\n\t<meta property=\"og:image:height\" content=\"1365\" \/>\n\t<meta property=\"og:image:type\" content=\"image\/jpeg\" \/>\n<meta name=\"author\" content=\"admin\" \/>\n<meta name=\"twitter:card\" content=\"summary_large_image\" \/>\n<meta name=\"twitter:label1\" content=\"Written by\" \/>\n\t<meta name=\"twitter:data1\" content=\"admin\" \/>\n\t<meta name=\"twitter:label2\" content=\"Est. reading time\" \/>\n\t<meta name=\"twitter:data2\" content=\"1 minute\" \/>\n<script type=\"application\/ld+json\" class=\"yoast-schema-graph\">{\"@context\":\"https:\/\/schema.org\",\"@graph\":[{\"@type\":\"WebPage\",\"@id\":\"https:\/\/president-ksgov.net\/en\/president-osmani-at-the-consultative-council-for-communities-full-support-for-the-protection-of-the-rights-of-communities\/\",\"url\":\"https:\/\/president-ksgov.net\/en\/president-osmani-at-the-consultative-council-for-communities-full-support-for-the-protection-of-the-rights-of-communities\/\",\"name\":\"President Osmani at the Consultative Council for Communities: Full support for the protection of the rights of communities - President of the Republic of Kosovo - DR. VJOSA OSMANI - SADRIU\",\"isPartOf\":{\"@id\":\"https:\/\/president-ksgov.net\/#website\"},\"primaryImageOfPage\":{\"@id\":\"https:\/\/president-ksgov.net\/en\/president-osmani-at-the-consultative-council-for-communities-full-support-for-the-protection-of-the-rights-of-communities\/#primaryimage\"},\"image\":{\"@id\":\"https:\/\/president-ksgov.net\/en\/president-osmani-at-the-consultative-council-for-communities-full-support-for-the-protection-of-the-rights-of-communities\/#primaryimage\"},\"thumbnailUrl\":\"https:\/\/president-ksgov.net\/wp-content\/uploads\/30_09_2022_6953621_3.jpg\",\"datePublished\":\"2022-09-30T16:57:15+00:00\",\"dateModified\":\"2023-03-07T08:40:25+00:00\",\"author\":{\"@id\":\"https:\/\/president-ksgov.net\/#\/schema\/person\/bb4337a5fb147cb2046d80548172cbee\"},\"description\":\"President Osmani at the Consultative Council for Communities: Full support for the protection of the rights of communities - President of the Republic of Kosovo - DR. VJOSA OSMANI - SADRIU -\",\"breadcrumb\":{\"@id\":\"https:\/\/president-ksgov.net\/en\/president-osmani-at-the-consultative-council-for-communities-full-support-for-the-protection-of-the-rights-of-communities\/#breadcrumb\"},\"inLanguage\":\"en-US\",\"potentialAction\":[{\"@type\":\"ReadAction\",\"target\":[\"https:\/\/president-ksgov.net\/en\/president-osmani-at-the-consultative-council-for-communities-full-support-for-the-protection-of-the-rights-of-communities\/\"]}]},{\"@type\":\"ImageObject\",\"inLanguage\":\"en-US\",\"@id\":\"https:\/\/president-ksgov.net\/en\/president-osmani-at-the-consultative-council-for-communities-full-support-for-the-protection-of-the-rights-of-communities\/#primaryimage\",\"url\":\"https:\/\/president-ksgov.net\/wp-content\/uploads\/30_09_2022_6953621_3.jpg\",\"contentUrl\":\"https:\/\/president-ksgov.net\/wp-content\/uploads\/30_09_2022_6953621_3.jpg\",\"width\":2048,\"height\":1365},{\"@type\":\"BreadcrumbList\",\"@id\":\"https:\/\/president-ksgov.net\/en\/president-osmani-at-the-consultative-council-for-communities-full-support-for-the-protection-of-the-rights-of-communities\/#breadcrumb\",\"itemListElement\":[{\"@type\":\"ListItem\",\"position\":1,\"name\":\"Home\",\"item\":\"https:\/\/president-ksgov.net\/en\/\"},{\"@type\":\"ListItem\",\"position\":2,\"name\":\"President Osmani at the Consultative Council for Communities: Full support for the protection of the rights of communities\"}]},{\"@type\":\"WebSite\",\"@id\":\"https:\/\/president-ksgov.net\/#website\",\"url\":\"https:\/\/president-ksgov.net\/\",\"name\":\"Presidente e Republik\u00ebs s\u00eb Kosov\u00ebs\",\"description\":\"Presidente e Republik\u00ebs s\u00eb Kosov\u00ebs\",\"alternateName\":\"DR. VJOSA OSMANI - SADRIU\",\"potentialAction\":[{\"@type\":\"SearchAction\",\"target\":{\"@type\":\"EntryPoint\",\"urlTemplate\":\"https:\/\/president-ksgov.net\/?s={search_term_string}\"},\"query-input\":{\"@type\":\"PropertyValueSpecification\",\"valueRequired\":true,\"valueName\":\"search_term_string\"}}],\"inLanguage\":\"en-US\"},{\"@type\":\"Person\",\"@id\":\"https:\/\/president-ksgov.net\/#\/schema\/person\/bb4337a5fb147cb2046d80548172cbee\",\"name\":\"admin\",\"image\":{\"@type\":\"ImageObject\",\"inLanguage\":\"en-US\",\"@id\":\"https:\/\/president-ksgov.net\/#\/schema\/person\/image\/\",\"url\":\"https:\/\/secure.gravatar.com\/avatar\/36156ca0fa3b8d9d25174f146e16beea0cf28f37adf1b9e19b6c9c279a7c9dd3?s=96&d=mm&r=g\",\"contentUrl\":\"https:\/\/secure.gravatar.com\/avatar\/36156ca0fa3b8d9d25174f146e16beea0cf28f37adf1b9e19b6c9c279a7c9dd3?s=96&d=mm&r=g\",\"caption\":\"admin\"},\"sameAs\":[\"https:\/\/president-ksgov.net\"]}]}<\/script>\n<!-- \/ Yoast SEO plugin. -->","yoast_head_json":{"title":"President Osmani at the Consultative Council for Communities: Full support for the protection of the rights of communities - President of the Republic of Kosovo - DR. VJOSA OSMANI - SADRIU","description":"President Osmani at the Consultative Council for Communities: Full support for the protection of the rights of communities - President of the Republic of Kosovo - DR. VJOSA OSMANI - SADRIU -","robots":{"index":"index","follow":"follow","max-snippet":"max-snippet:-1","max-image-preview":"max-image-preview:large","max-video-preview":"max-video-preview:-1"},"canonical":"https:\/\/president-ksgov.net\/en\/president-osmani-at-the-consultative-council-for-communities-full-support-for-the-protection-of-the-rights-of-communities\/","og_locale":"en_US","og_type":"article","og_title":"President Osmani at the Consultative Council for Communities: Full support for the protection of the rights of communities - President of the Republic of Kosovo - DR. VJOSA OSMANI - SADRIU","og_description":"President Osmani at the Consultative Council for Communities: Full support for the protection of the rights of communities - President of the Republic of Kosovo - DR. VJOSA OSMANI - SADRIU -","og_url":"https:\/\/president-ksgov.net\/en\/president-osmani-at-the-consultative-council-for-communities-full-support-for-the-protection-of-the-rights-of-communities\/","og_site_name":"President of the Republic of Kosovo - DR. VJOSA OSMANI - SADRIU","article_published_time":"2022-09-30T16:57:15+00:00","article_modified_time":"2023-03-07T08:40:25+00:00","og_image":[{"width":2048,"height":1365,"url":"https:\/\/president-ksgov.net\/wp-content\/uploads\/30_09_2022_6953621_3.jpg","type":"image\/jpeg"}],"author":"admin","twitter_card":"summary_large_image","twitter_misc":{"Written by":"admin","Est. reading time":"1 minute"},"schema":{"@context":"https:\/\/schema.org","@graph":[{"@type":"WebPage","@id":"https:\/\/president-ksgov.net\/en\/president-osmani-at-the-consultative-council-for-communities-full-support-for-the-protection-of-the-rights-of-communities\/","url":"https:\/\/president-ksgov.net\/en\/president-osmani-at-the-consultative-council-for-communities-full-support-for-the-protection-of-the-rights-of-communities\/","name":"President Osmani at the Consultative Council for Communities: Full support for the protection of the rights of communities - President of the Republic of Kosovo - DR. VJOSA OSMANI - SADRIU","isPartOf":{"@id":"https:\/\/president-ksgov.net\/#website"},"primaryImageOfPage":{"@id":"https:\/\/president-ksgov.net\/en\/president-osmani-at-the-consultative-council-for-communities-full-support-for-the-protection-of-the-rights-of-communities\/#primaryimage"},"image":{"@id":"https:\/\/president-ksgov.net\/en\/president-osmani-at-the-consultative-council-for-communities-full-support-for-the-protection-of-the-rights-of-communities\/#primaryimage"},"thumbnailUrl":"https:\/\/president-ksgov.net\/wp-content\/uploads\/30_09_2022_6953621_3.jpg","datePublished":"2022-09-30T16:57:15+00:00","dateModified":"2023-03-07T08:40:25+00:00","author":{"@id":"https:\/\/president-ksgov.net\/#\/schema\/person\/bb4337a5fb147cb2046d80548172cbee"},"description":"President Osmani at the Consultative Council for Communities: Full support for the protection of the rights of communities - President of the Republic of Kosovo - DR. VJOSA OSMANI - SADRIU -","breadcrumb":{"@id":"https:\/\/president-ksgov.net\/en\/president-osmani-at-the-consultative-council-for-communities-full-support-for-the-protection-of-the-rights-of-communities\/#breadcrumb"},"inLanguage":"en-US","potentialAction":[{"@type":"ReadAction","target":["https:\/\/president-ksgov.net\/en\/president-osmani-at-the-consultative-council-for-communities-full-support-for-the-protection-of-the-rights-of-communities\/"]}]},{"@type":"ImageObject","inLanguage":"en-US","@id":"https:\/\/president-ksgov.net\/en\/president-osmani-at-the-consultative-council-for-communities-full-support-for-the-protection-of-the-rights-of-communities\/#primaryimage","url":"https:\/\/president-ksgov.net\/wp-content\/uploads\/30_09_2022_6953621_3.jpg","contentUrl":"https:\/\/president-ksgov.net\/wp-content\/uploads\/30_09_2022_6953621_3.jpg","width":2048,"height":1365},{"@type":"BreadcrumbList","@id":"https:\/\/president-ksgov.net\/en\/president-osmani-at-the-consultative-council-for-communities-full-support-for-the-protection-of-the-rights-of-communities\/#breadcrumb","itemListElement":[{"@type":"ListItem","position":1,"name":"Home","item":"https:\/\/president-ksgov.net\/en\/"},{"@type":"ListItem","position":2,"name":"President Osmani at the Consultative Council for Communities: Full support for the protection of the rights of communities"}]},{"@type":"WebSite","@id":"https:\/\/president-ksgov.net\/#website","url":"https:\/\/president-ksgov.net\/","name":"Presidente e Republik\u00ebs s\u00eb Kosov\u00ebs","description":"Presidente e Republik\u00ebs s\u00eb Kosov\u00ebs","alternateName":"DR. VJOSA OSMANI - SADRIU","potentialAction":[{"@type":"SearchAction","target":{"@type":"EntryPoint","urlTemplate":"https:\/\/president-ksgov.net\/?s={search_term_string}"},"query-input":{"@type":"PropertyValueSpecification","valueRequired":true,"valueName":"search_term_string"}}],"inLanguage":"en-US"},{"@type":"Person","@id":"https:\/\/president-ksgov.net\/#\/schema\/person\/bb4337a5fb147cb2046d80548172cbee","name":"admin","image":{"@type":"ImageObject","inLanguage":"en-US","@id":"https:\/\/president-ksgov.net\/#\/schema\/person\/image\/","url":"https:\/\/secure.gravatar.com\/avatar\/36156ca0fa3b8d9d25174f146e16beea0cf28f37adf1b9e19b6c9c279a7c9dd3?s=96&d=mm&r=g","contentUrl":"https:\/\/secure.gravatar.com\/avatar\/36156ca0fa3b8d9d25174f146e16beea0cf28f37adf1b9e19b6c9c279a7c9dd3?s=96&d=mm&r=g","caption":"admin"},"sameAs":["https:\/\/president-ksgov.net"]}]}},"_links":{"self":[{"href":"https:\/\/president-ksgov.net\/en\/wp-json\/wp\/v2\/posts\/66353","targetHints":{"allow":["GET"]}}],"collection":[{"href":"https:\/\/president-ksgov.net\/en\/wp-json\/wp\/v2\/posts"}],"about":[{"href":"https:\/\/president-ksgov.net\/en\/wp-json\/wp\/v2\/types\/post"}],"author":[{"embeddable":true,"href":"https:\/\/president-ksgov.net\/en\/wp-json\/wp\/v2\/users\/1"}],"replies":[{"embeddable":true,"href":"https:\/\/president-ksgov.net\/en\/wp-json\/wp\/v2\/comments?post=66353"}],"version-history":[{"count":0,"href":"https:\/\/president-ksgov.net\/en\/wp-json\/wp\/v2\/posts\/66353\/revisions"}],"wp:featuredmedia":[{"embeddable":true,"href":"https:\/\/president-ksgov.net\/en\/wp-json\/wp\/v2\/media\/10919"}],"wp:attachment":[{"href":"https:\/\/president-ksgov.net\/en\/wp-json\/wp\/v2\/media?parent=66353"}],"wp:term":[{"taxonomy":"category","embeddable":true,"href":"https:\/\/president-ksgov.net\/en\/wp-json\/wp\/v2\/categories?post=66353"},{"taxonomy":"post_tag","embeddable":true,"href":"https:\/\/president-ksgov.net\/en\/wp-json\/wp\/v2\/tags?post=66353"}],"curies":[{"name":"wp","href":"https:\/\/api.w.org\/{rel}","templated":true}]}}