{"id":66347,"date":"2022-10-05T15:39:23","date_gmt":"2022-10-05T15:39:23","guid":{"rendered":"https:\/\/dev.president-ksgov.net\/president-osmani-in-prague-to-attend-the-first-european-political-community-summit\/"},"modified":"2023-03-07T08:39:47","modified_gmt":"2023-03-07T08:39:47","slug":"president-osmani-in-prague-to-attend-the-first-european-political-community-summit","status":"publish","type":"post","link":"https:\/\/president-ksgov.net\/en\/president-osmani-in-prague-to-attend-the-first-european-political-community-summit\/","title":{"rendered":"President Osmani in Prague to attend the first European Political Community Summit"},"content":{"rendered":"<p>Upon an invitation by the President of the European Council Charles Michel and the Prime Minister of the Czech Republic Petr Fiala, the President of the Republic of Kosovo Vjosa Osmani has travelled to Prague where she will represent Kosovo at the first European Political Community (EPC) Summit.<\/p>\n<p>This inaugural meeting will gather heads of state of 44 countries of the European continent with the aim to promote political dialogue and strengthen cooperation in order to address the most urgent issues of security and stability in Europe.<\/p>\n<p>In addition to participating at the main sessions of the European Political Community, President Osmani will hold bilateral meetings with European leaders to discuss the further expansion of cooperation towards overcoming of common challenges.<\/p>\n<p>President Osmani will convey the message of the unwavering commitment of the people and institutions of the Republic of Kosovo to the Euro-Atlantic integration of Kosovo to the European leaders, as a guarantee for sustainable peace in the region and beyond. During the bilateral meetings, President Osmani will also discuss support for Kosovo&#039;s membership in international organizations.<\/p>\n<p>The European Political Community is a platform for political coordination created on the foundations of the proposal of the French president Emmanuel Macron, which will bring together the leaders of the 27 member states of the European Union (EU) and the leaders of 17 other European countries will.<\/p>\n<p>This initiative aims to promote dialogue and cooperation on issues of common interest, strengthening security, stability and prosperity on the European continent.<\/p>\n","protected":false},"excerpt":{"rendered":"<p>Upon an invitation by the President of the European Council Charles Michel and the Prime Minister of the Czech Republic Petr Fiala, the President of the Republic of Kosovo Vjosa Osmani has travelled to Prague where she will represent Kosovo at the first European Political Community (EPC) Summit.<\/p>\n","protected":false},"author":1,"featured_media":10865,"comment_status":"open","ping_status":"closed","sticky":false,"template":"","format":"standard","meta":{"_eb_attr":"","footnotes":""},"categories":[111],"tags":[],"class_list":["post-66347","post","type-post","status-publish","format-standard","has-post-thumbnail","hentry","category-news"],"yoast_head":"<!-- This site is optimized with the Yoast SEO plugin v23.5 - https:\/\/yoast.com\/wordpress\/plugins\/seo\/ -->\n<title>President Osmani in Prague to attend the first European Political Community Summit - President of the Republic of Kosovo - DR. VJOSA OSMANI - SADRIU<\/title>\n<meta name=\"description\" content=\"President Osmani in Prague to attend the first European Political Community Summit - President of the Republic of Kosovo - DR. VJOSA OSMANI - SADRIU -\" \/>\n<meta name=\"robots\" content=\"index, follow, max-snippet:-1, max-image-preview:large, max-video-preview:-1\" \/>\n<link rel=\"canonical\" href=\"https:\/\/president-ksgov.net\/en\/president-osmani-in-prague-to-attend-the-first-european-political-community-summit\/\" \/>\n<meta property=\"og:locale\" content=\"en_US\" \/>\n<meta property=\"og:type\" content=\"article\" \/>\n<meta property=\"og:title\" content=\"President Osmani in Prague to attend the first European Political Community Summit - President of the Republic of Kosovo - DR. VJOSA OSMANI - SADRIU\" \/>\n<meta property=\"og:description\" content=\"President Osmani in Prague to attend the first European Political Community Summit - President of the Republic of Kosovo - DR. VJOSA OSMANI - SADRIU -\" \/>\n<meta property=\"og:url\" content=\"https:\/\/president-ksgov.net\/en\/president-osmani-in-prague-to-attend-the-first-european-political-community-summit\/\" \/>\n<meta property=\"og:site_name\" content=\"President of the Republic of Kosovo - DR. VJOSA OSMANI - SADRIU\" \/>\n<meta property=\"article:published_time\" content=\"2022-10-05T15:39:23+00:00\" \/>\n<meta property=\"article:modified_time\" content=\"2023-03-07T08:39:47+00:00\" \/>\n<meta property=\"og:image\" content=\"https:\/\/president-ksgov.net\/wp-content\/uploads\/05_10_2022_3138703_Presidentja_Osmani.jpg\" \/>\n\t<meta property=\"og:image:width\" content=\"943\" \/>\n\t<meta property=\"og:image:height\" content=\"565\" \/>\n\t<meta property=\"og:image:type\" content=\"image\/jpeg\" \/>\n<meta name=\"author\" content=\"admin\" \/>\n<meta name=\"twitter:card\" content=\"summary_large_image\" \/>\n<meta name=\"twitter:label1\" content=\"Written by\" \/>\n\t<meta name=\"twitter:data1\" content=\"admin\" \/>\n\t<meta name=\"twitter:label2\" content=\"Est. reading time\" \/>\n\t<meta name=\"twitter:data2\" content=\"1 minute\" \/>\n<script type=\"application\/ld+json\" class=\"yoast-schema-graph\">{\"@context\":\"https:\/\/schema.org\",\"@graph\":[{\"@type\":\"WebPage\",\"@id\":\"https:\/\/president-ksgov.net\/en\/president-osmani-in-prague-to-attend-the-first-european-political-community-summit\/\",\"url\":\"https:\/\/president-ksgov.net\/en\/president-osmani-in-prague-to-attend-the-first-european-political-community-summit\/\",\"name\":\"President Osmani in Prague to attend the first European Political Community Summit - President of the Republic of Kosovo - DR. VJOSA OSMANI - SADRIU\",\"isPartOf\":{\"@id\":\"https:\/\/president-ksgov.net\/#website\"},\"primaryImageOfPage\":{\"@id\":\"https:\/\/president-ksgov.net\/en\/president-osmani-in-prague-to-attend-the-first-european-political-community-summit\/#primaryimage\"},\"image\":{\"@id\":\"https:\/\/president-ksgov.net\/en\/president-osmani-in-prague-to-attend-the-first-european-political-community-summit\/#primaryimage\"},\"thumbnailUrl\":\"https:\/\/president-ksgov.net\/wp-content\/uploads\/05_10_2022_3138703_Presidentja_Osmani.jpg\",\"datePublished\":\"2022-10-05T15:39:23+00:00\",\"dateModified\":\"2023-03-07T08:39:47+00:00\",\"author\":{\"@id\":\"https:\/\/president-ksgov.net\/#\/schema\/person\/bb4337a5fb147cb2046d80548172cbee\"},\"description\":\"President Osmani in Prague to attend the first European Political Community Summit - President of the Republic of Kosovo - DR. VJOSA OSMANI - SADRIU -\",\"breadcrumb\":{\"@id\":\"https:\/\/president-ksgov.net\/en\/president-osmani-in-prague-to-attend-the-first-european-political-community-summit\/#breadcrumb\"},\"inLanguage\":\"en-US\",\"potentialAction\":[{\"@type\":\"ReadAction\",\"target\":[\"https:\/\/president-ksgov.net\/en\/president-osmani-in-prague-to-attend-the-first-european-political-community-summit\/\"]}]},{\"@type\":\"ImageObject\",\"inLanguage\":\"en-US\",\"@id\":\"https:\/\/president-ksgov.net\/en\/president-osmani-in-prague-to-attend-the-first-european-political-community-summit\/#primaryimage\",\"url\":\"https:\/\/president-ksgov.net\/wp-content\/uploads\/05_10_2022_3138703_Presidentja_Osmani.jpg\",\"contentUrl\":\"https:\/\/president-ksgov.net\/wp-content\/uploads\/05_10_2022_3138703_Presidentja_Osmani.jpg\",\"width\":943,\"height\":565},{\"@type\":\"BreadcrumbList\",\"@id\":\"https:\/\/president-ksgov.net\/en\/president-osmani-in-prague-to-attend-the-first-european-political-community-summit\/#breadcrumb\",\"itemListElement\":[{\"@type\":\"ListItem\",\"position\":1,\"name\":\"Home\",\"item\":\"https:\/\/president-ksgov.net\/en\/\"},{\"@type\":\"ListItem\",\"position\":2,\"name\":\"President Osmani in Prague to attend the first European Political Community Summit\"}]},{\"@type\":\"WebSite\",\"@id\":\"https:\/\/president-ksgov.net\/#website\",\"url\":\"https:\/\/president-ksgov.net\/\",\"name\":\"Presidente e Republik\u00ebs s\u00eb Kosov\u00ebs\",\"description\":\"Presidente e Republik\u00ebs s\u00eb Kosov\u00ebs\",\"alternateName\":\"DR. VJOSA OSMANI - SADRIU\",\"potentialAction\":[{\"@type\":\"SearchAction\",\"target\":{\"@type\":\"EntryPoint\",\"urlTemplate\":\"https:\/\/president-ksgov.net\/?s={search_term_string}\"},\"query-input\":{\"@type\":\"PropertyValueSpecification\",\"valueRequired\":true,\"valueName\":\"search_term_string\"}}],\"inLanguage\":\"en-US\"},{\"@type\":\"Person\",\"@id\":\"https:\/\/president-ksgov.net\/#\/schema\/person\/bb4337a5fb147cb2046d80548172cbee\",\"name\":\"admin\",\"image\":{\"@type\":\"ImageObject\",\"inLanguage\":\"en-US\",\"@id\":\"https:\/\/president-ksgov.net\/#\/schema\/person\/image\/\",\"url\":\"https:\/\/secure.gravatar.com\/avatar\/36156ca0fa3b8d9d25174f146e16beea0cf28f37adf1b9e19b6c9c279a7c9dd3?s=96&d=mm&r=g\",\"contentUrl\":\"https:\/\/secure.gravatar.com\/avatar\/36156ca0fa3b8d9d25174f146e16beea0cf28f37adf1b9e19b6c9c279a7c9dd3?s=96&d=mm&r=g\",\"caption\":\"admin\"},\"sameAs\":[\"https:\/\/president-ksgov.net\"]}]}<\/script>\n<!-- \/ Yoast SEO plugin. -->","yoast_head_json":{"title":"President Osmani in Prague to attend the first European Political Community Summit - President of the Republic of Kosovo - DR. VJOSA OSMANI - SADRIU","description":"President Osmani in Prague to attend the first European Political Community Summit - President of the Republic of Kosovo - DR. VJOSA OSMANI - SADRIU -","robots":{"index":"index","follow":"follow","max-snippet":"max-snippet:-1","max-image-preview":"max-image-preview:large","max-video-preview":"max-video-preview:-1"},"canonical":"https:\/\/president-ksgov.net\/en\/president-osmani-in-prague-to-attend-the-first-european-political-community-summit\/","og_locale":"en_US","og_type":"article","og_title":"President Osmani in Prague to attend the first European Political Community Summit - President of the Republic of Kosovo - DR. VJOSA OSMANI - SADRIU","og_description":"President Osmani in Prague to attend the first European Political Community Summit - President of the Republic of Kosovo - DR. VJOSA OSMANI - SADRIU -","og_url":"https:\/\/president-ksgov.net\/en\/president-osmani-in-prague-to-attend-the-first-european-political-community-summit\/","og_site_name":"President of the Republic of Kosovo - DR. VJOSA OSMANI - SADRIU","article_published_time":"2022-10-05T15:39:23+00:00","article_modified_time":"2023-03-07T08:39:47+00:00","og_image":[{"width":943,"height":565,"url":"https:\/\/president-ksgov.net\/wp-content\/uploads\/05_10_2022_3138703_Presidentja_Osmani.jpg","type":"image\/jpeg"}],"author":"admin","twitter_card":"summary_large_image","twitter_misc":{"Written by":"admin","Est. reading time":"1 minute"},"schema":{"@context":"https:\/\/schema.org","@graph":[{"@type":"WebPage","@id":"https:\/\/president-ksgov.net\/en\/president-osmani-in-prague-to-attend-the-first-european-political-community-summit\/","url":"https:\/\/president-ksgov.net\/en\/president-osmani-in-prague-to-attend-the-first-european-political-community-summit\/","name":"President Osmani in Prague to attend the first European Political Community Summit - President of the Republic of Kosovo - DR. VJOSA OSMANI - SADRIU","isPartOf":{"@id":"https:\/\/president-ksgov.net\/#website"},"primaryImageOfPage":{"@id":"https:\/\/president-ksgov.net\/en\/president-osmani-in-prague-to-attend-the-first-european-political-community-summit\/#primaryimage"},"image":{"@id":"https:\/\/president-ksgov.net\/en\/president-osmani-in-prague-to-attend-the-first-european-political-community-summit\/#primaryimage"},"thumbnailUrl":"https:\/\/president-ksgov.net\/wp-content\/uploads\/05_10_2022_3138703_Presidentja_Osmani.jpg","datePublished":"2022-10-05T15:39:23+00:00","dateModified":"2023-03-07T08:39:47+00:00","author":{"@id":"https:\/\/president-ksgov.net\/#\/schema\/person\/bb4337a5fb147cb2046d80548172cbee"},"description":"President Osmani in Prague to attend the first European Political Community Summit - President of the Republic of Kosovo - DR. VJOSA OSMANI - SADRIU -","breadcrumb":{"@id":"https:\/\/president-ksgov.net\/en\/president-osmani-in-prague-to-attend-the-first-european-political-community-summit\/#breadcrumb"},"inLanguage":"en-US","potentialAction":[{"@type":"ReadAction","target":["https:\/\/president-ksgov.net\/en\/president-osmani-in-prague-to-attend-the-first-european-political-community-summit\/"]}]},{"@type":"ImageObject","inLanguage":"en-US","@id":"https:\/\/president-ksgov.net\/en\/president-osmani-in-prague-to-attend-the-first-european-political-community-summit\/#primaryimage","url":"https:\/\/president-ksgov.net\/wp-content\/uploads\/05_10_2022_3138703_Presidentja_Osmani.jpg","contentUrl":"https:\/\/president-ksgov.net\/wp-content\/uploads\/05_10_2022_3138703_Presidentja_Osmani.jpg","width":943,"height":565},{"@type":"BreadcrumbList","@id":"https:\/\/president-ksgov.net\/en\/president-osmani-in-prague-to-attend-the-first-european-political-community-summit\/#breadcrumb","itemListElement":[{"@type":"ListItem","position":1,"name":"Home","item":"https:\/\/president-ksgov.net\/en\/"},{"@type":"ListItem","position":2,"name":"President Osmani in Prague to attend the first European Political Community Summit"}]},{"@type":"WebSite","@id":"https:\/\/president-ksgov.net\/#website","url":"https:\/\/president-ksgov.net\/","name":"Presidente e Republik\u00ebs s\u00eb Kosov\u00ebs","description":"Presidente e Republik\u00ebs s\u00eb Kosov\u00ebs","alternateName":"DR. VJOSA OSMANI - SADRIU","potentialAction":[{"@type":"SearchAction","target":{"@type":"EntryPoint","urlTemplate":"https:\/\/president-ksgov.net\/?s={search_term_string}"},"query-input":{"@type":"PropertyValueSpecification","valueRequired":true,"valueName":"search_term_string"}}],"inLanguage":"en-US"},{"@type":"Person","@id":"https:\/\/president-ksgov.net\/#\/schema\/person\/bb4337a5fb147cb2046d80548172cbee","name":"admin","image":{"@type":"ImageObject","inLanguage":"en-US","@id":"https:\/\/president-ksgov.net\/#\/schema\/person\/image\/","url":"https:\/\/secure.gravatar.com\/avatar\/36156ca0fa3b8d9d25174f146e16beea0cf28f37adf1b9e19b6c9c279a7c9dd3?s=96&d=mm&r=g","contentUrl":"https:\/\/secure.gravatar.com\/avatar\/36156ca0fa3b8d9d25174f146e16beea0cf28f37adf1b9e19b6c9c279a7c9dd3?s=96&d=mm&r=g","caption":"admin"},"sameAs":["https:\/\/president-ksgov.net"]}]}},"_links":{"self":[{"href":"https:\/\/president-ksgov.net\/en\/wp-json\/wp\/v2\/posts\/66347","targetHints":{"allow":["GET"]}}],"collection":[{"href":"https:\/\/president-ksgov.net\/en\/wp-json\/wp\/v2\/posts"}],"about":[{"href":"https:\/\/president-ksgov.net\/en\/wp-json\/wp\/v2\/types\/post"}],"author":[{"embeddable":true,"href":"https:\/\/president-ksgov.net\/en\/wp-json\/wp\/v2\/users\/1"}],"replies":[{"embeddable":true,"href":"https:\/\/president-ksgov.net\/en\/wp-json\/wp\/v2\/comments?post=66347"}],"version-history":[{"count":0,"href":"https:\/\/president-ksgov.net\/en\/wp-json\/wp\/v2\/posts\/66347\/revisions"}],"wp:featuredmedia":[{"embeddable":true,"href":"https:\/\/president-ksgov.net\/en\/wp-json\/wp\/v2\/media\/10865"}],"wp:attachment":[{"href":"https:\/\/president-ksgov.net\/en\/wp-json\/wp\/v2\/media?parent=66347"}],"wp:term":[{"taxonomy":"category","embeddable":true,"href":"https:\/\/president-ksgov.net\/en\/wp-json\/wp\/v2\/categories?post=66347"},{"taxonomy":"post_tag","embeddable":true,"href":"https:\/\/president-ksgov.net\/en\/wp-json\/wp\/v2\/tags?post=66347"}],"curies":[{"name":"wp","href":"https:\/\/api.w.org\/{rel}","templated":true}]}}