{"id":66346,"date":"2022-10-06T16:38:35","date_gmt":"2022-10-06T16:38:35","guid":{"rendered":"https:\/\/dev.president-ksgov.net\/the-president-at-the-inaugural-summit-of-the-european-political-community-to-express-our-commitment-to-sustainable-peace-and-our-euro-atlantic-future\/"},"modified":"2023-03-07T08:39:47","modified_gmt":"2023-03-07T08:39:47","slug":"the-president-at-the-inaugural-summit-of-the-european-political-community-to-express-our-commitment-to-sustainable-peace-and-our-euro-atlantic-future","status":"publish","type":"post","link":"https:\/\/president-ksgov.net\/en\/the-president-at-the-inaugural-summit-of-the-european-political-community-to-express-our-commitment-to-sustainable-peace-and-our-euro-atlantic-future\/","title":{"rendered":"The President: At the inaugural summit of the European Political Community to express our commitment to sustainable peace and our Euro-Atlantic future"},"content":{"rendered":"<p>The President of the Republic of Kosovo Vjosa Osmani participated today at the inaugural summit of the European Political Community (EPC).<\/p>\n<p>\u00a0&#8220;Alongside leaders from all over Europe at the inaugural summit of the European Political Community to express our commitment to sustainable peace and our Euro-Atlantic future!&#8221;, wrote President Osmani.<br \/>\n\u00a0<br \/>\nIn addition to participating in the main sessions of the European Political Community, President Osmani will hold bilateral meetings with European leaders to discuss further expansion of cooperation in overcoming common challenges.<\/p>\n","protected":false},"excerpt":{"rendered":"<p>The President of the Republic of Kosovo Vjosa Osmani participated today at the inaugural summit of the European Political Community (EPC).<\/p>\n","protected":false},"author":1,"featured_media":10824,"comment_status":"open","ping_status":"closed","sticky":false,"template":"","format":"standard","meta":{"_eb_attr":"","footnotes":""},"categories":[111],"tags":[],"class_list":["post-66346","post","type-post","status-publish","format-standard","has-post-thumbnail","hentry","category-news"],"yoast_head":"<!-- This site is optimized with the Yoast SEO plugin v23.5 - https:\/\/yoast.com\/wordpress\/plugins\/seo\/ -->\n<title>The President: At the inaugural summit of the European Political Community to express our commitment to sustainable peace and our Euro-Atlantic future - President of the Republic of Kosovo - DR. VJOSA OSMANI - SADRIU<\/title>\n<meta name=\"description\" content=\"The President: At the inaugural summit of the European Political Community to express our commitment to sustainable peace and our Euro-Atlantic future - President of the Republic of Kosovo - DR. VJOSA OSMANI - SADRIU -\" \/>\n<meta name=\"robots\" content=\"index, follow, max-snippet:-1, max-image-preview:large, max-video-preview:-1\" \/>\n<link rel=\"canonical\" href=\"https:\/\/president-ksgov.net\/en\/the-president-at-the-inaugural-summit-of-the-european-political-community-to-express-our-commitment-to-sustainable-peace-and-our-euro-atlantic-future\/\" \/>\n<meta property=\"og:locale\" content=\"en_US\" \/>\n<meta property=\"og:type\" content=\"article\" \/>\n<meta property=\"og:title\" content=\"The President: At the inaugural summit of the European Political Community to express our commitment to sustainable peace and our Euro-Atlantic future - President of the Republic of Kosovo - DR. VJOSA OSMANI - SADRIU\" \/>\n<meta property=\"og:description\" content=\"The President: At the inaugural summit of the European Political Community to express our commitment to sustainable peace and our Euro-Atlantic future - President of the Republic of Kosovo - DR. VJOSA OSMANI - SADRIU -\" \/>\n<meta property=\"og:url\" content=\"https:\/\/president-ksgov.net\/en\/the-president-at-the-inaugural-summit-of-the-european-political-community-to-express-our-commitment-to-sustainable-peace-and-our-euro-atlantic-future\/\" \/>\n<meta property=\"og:site_name\" content=\"President of the Republic of Kosovo - DR. VJOSA OSMANI - SADRIU\" \/>\n<meta property=\"article:published_time\" content=\"2022-10-06T16:38:35+00:00\" \/>\n<meta property=\"article:modified_time\" content=\"2023-03-07T08:39:47+00:00\" \/>\n<meta property=\"og:image\" content=\"https:\/\/president-ksgov.net\/wp-content\/uploads\/06_10_2022_2258473_17.jpg\" \/>\n\t<meta property=\"og:image:width\" content=\"2048\" \/>\n\t<meta property=\"og:image:height\" content=\"1364\" \/>\n\t<meta property=\"og:image:type\" content=\"image\/jpeg\" \/>\n<meta name=\"author\" content=\"admin\" \/>\n<meta name=\"twitter:card\" content=\"summary_large_image\" \/>\n<meta name=\"twitter:label1\" content=\"Written by\" \/>\n\t<meta name=\"twitter:data1\" content=\"admin\" \/>\n<script type=\"application\/ld+json\" class=\"yoast-schema-graph\">{\"@context\":\"https:\/\/schema.org\",\"@graph\":[{\"@type\":\"WebPage\",\"@id\":\"https:\/\/president-ksgov.net\/en\/the-president-at-the-inaugural-summit-of-the-european-political-community-to-express-our-commitment-to-sustainable-peace-and-our-euro-atlantic-future\/\",\"url\":\"https:\/\/president-ksgov.net\/en\/the-president-at-the-inaugural-summit-of-the-european-political-community-to-express-our-commitment-to-sustainable-peace-and-our-euro-atlantic-future\/\",\"name\":\"The President: At the inaugural summit of the European Political Community to express our commitment to sustainable peace and our Euro-Atlantic future - President of the Republic of Kosovo - DR. VJOSA OSMANI - SADRIU\",\"isPartOf\":{\"@id\":\"https:\/\/president-ksgov.net\/#website\"},\"primaryImageOfPage\":{\"@id\":\"https:\/\/president-ksgov.net\/en\/the-president-at-the-inaugural-summit-of-the-european-political-community-to-express-our-commitment-to-sustainable-peace-and-our-euro-atlantic-future\/#primaryimage\"},\"image\":{\"@id\":\"https:\/\/president-ksgov.net\/en\/the-president-at-the-inaugural-summit-of-the-european-political-community-to-express-our-commitment-to-sustainable-peace-and-our-euro-atlantic-future\/#primaryimage\"},\"thumbnailUrl\":\"https:\/\/president-ksgov.net\/wp-content\/uploads\/06_10_2022_2258473_17.jpg\",\"datePublished\":\"2022-10-06T16:38:35+00:00\",\"dateModified\":\"2023-03-07T08:39:47+00:00\",\"author\":{\"@id\":\"https:\/\/president-ksgov.net\/#\/schema\/person\/bb4337a5fb147cb2046d80548172cbee\"},\"description\":\"The President: At the inaugural summit of the European Political Community to express our commitment to sustainable peace and our Euro-Atlantic future - President of the Republic of Kosovo - DR. VJOSA OSMANI - SADRIU -\",\"breadcrumb\":{\"@id\":\"https:\/\/president-ksgov.net\/en\/the-president-at-the-inaugural-summit-of-the-european-political-community-to-express-our-commitment-to-sustainable-peace-and-our-euro-atlantic-future\/#breadcrumb\"},\"inLanguage\":\"en-US\",\"potentialAction\":[{\"@type\":\"ReadAction\",\"target\":[\"https:\/\/president-ksgov.net\/en\/the-president-at-the-inaugural-summit-of-the-european-political-community-to-express-our-commitment-to-sustainable-peace-and-our-euro-atlantic-future\/\"]}]},{\"@type\":\"ImageObject\",\"inLanguage\":\"en-US\",\"@id\":\"https:\/\/president-ksgov.net\/en\/the-president-at-the-inaugural-summit-of-the-european-political-community-to-express-our-commitment-to-sustainable-peace-and-our-euro-atlantic-future\/#primaryimage\",\"url\":\"https:\/\/president-ksgov.net\/wp-content\/uploads\/06_10_2022_2258473_17.jpg\",\"contentUrl\":\"https:\/\/president-ksgov.net\/wp-content\/uploads\/06_10_2022_2258473_17.jpg\",\"width\":2048,\"height\":1364},{\"@type\":\"BreadcrumbList\",\"@id\":\"https:\/\/president-ksgov.net\/en\/the-president-at-the-inaugural-summit-of-the-european-political-community-to-express-our-commitment-to-sustainable-peace-and-our-euro-atlantic-future\/#breadcrumb\",\"itemListElement\":[{\"@type\":\"ListItem\",\"position\":1,\"name\":\"Home\",\"item\":\"https:\/\/president-ksgov.net\/en\/\"},{\"@type\":\"ListItem\",\"position\":2,\"name\":\"The President: At the inaugural summit of the European Political Community to express our commitment to sustainable peace and our Euro-Atlantic future\"}]},{\"@type\":\"WebSite\",\"@id\":\"https:\/\/president-ksgov.net\/#website\",\"url\":\"https:\/\/president-ksgov.net\/\",\"name\":\"Presidente e Republik\u00ebs s\u00eb Kosov\u00ebs\",\"description\":\"Presidente e Republik\u00ebs s\u00eb Kosov\u00ebs\",\"alternateName\":\"DR. VJOSA OSMANI - SADRIU\",\"potentialAction\":[{\"@type\":\"SearchAction\",\"target\":{\"@type\":\"EntryPoint\",\"urlTemplate\":\"https:\/\/president-ksgov.net\/?s={search_term_string}\"},\"query-input\":{\"@type\":\"PropertyValueSpecification\",\"valueRequired\":true,\"valueName\":\"search_term_string\"}}],\"inLanguage\":\"en-US\"},{\"@type\":\"Person\",\"@id\":\"https:\/\/president-ksgov.net\/#\/schema\/person\/bb4337a5fb147cb2046d80548172cbee\",\"name\":\"admin\",\"image\":{\"@type\":\"ImageObject\",\"inLanguage\":\"en-US\",\"@id\":\"https:\/\/president-ksgov.net\/#\/schema\/person\/image\/\",\"url\":\"https:\/\/secure.gravatar.com\/avatar\/36156ca0fa3b8d9d25174f146e16beea0cf28f37adf1b9e19b6c9c279a7c9dd3?s=96&d=mm&r=g\",\"contentUrl\":\"https:\/\/secure.gravatar.com\/avatar\/36156ca0fa3b8d9d25174f146e16beea0cf28f37adf1b9e19b6c9c279a7c9dd3?s=96&d=mm&r=g\",\"caption\":\"admin\"},\"sameAs\":[\"https:\/\/president-ksgov.net\"]}]}<\/script>\n<!-- \/ Yoast SEO plugin. -->","yoast_head_json":{"title":"The President: At the inaugural summit of the European Political Community to express our commitment to sustainable peace and our Euro-Atlantic future - President of the Republic of Kosovo - DR. VJOSA OSMANI - SADRIU","description":"The President: At the inaugural summit of the European Political Community to express our commitment to sustainable peace and our Euro-Atlantic future - President of the Republic of Kosovo - DR. VJOSA OSMANI - SADRIU -","robots":{"index":"index","follow":"follow","max-snippet":"max-snippet:-1","max-image-preview":"max-image-preview:large","max-video-preview":"max-video-preview:-1"},"canonical":"https:\/\/president-ksgov.net\/en\/the-president-at-the-inaugural-summit-of-the-european-political-community-to-express-our-commitment-to-sustainable-peace-and-our-euro-atlantic-future\/","og_locale":"en_US","og_type":"article","og_title":"The President: At the inaugural summit of the European Political Community to express our commitment to sustainable peace and our Euro-Atlantic future - President of the Republic of Kosovo - DR. VJOSA OSMANI - SADRIU","og_description":"The President: At the inaugural summit of the European Political Community to express our commitment to sustainable peace and our Euro-Atlantic future - President of the Republic of Kosovo - DR. VJOSA OSMANI - SADRIU -","og_url":"https:\/\/president-ksgov.net\/en\/the-president-at-the-inaugural-summit-of-the-european-political-community-to-express-our-commitment-to-sustainable-peace-and-our-euro-atlantic-future\/","og_site_name":"President of the Republic of Kosovo - DR. VJOSA OSMANI - SADRIU","article_published_time":"2022-10-06T16:38:35+00:00","article_modified_time":"2023-03-07T08:39:47+00:00","og_image":[{"width":2048,"height":1364,"url":"https:\/\/president-ksgov.net\/wp-content\/uploads\/06_10_2022_2258473_17.jpg","type":"image\/jpeg"}],"author":"admin","twitter_card":"summary_large_image","twitter_misc":{"Written by":"admin"},"schema":{"@context":"https:\/\/schema.org","@graph":[{"@type":"WebPage","@id":"https:\/\/president-ksgov.net\/en\/the-president-at-the-inaugural-summit-of-the-european-political-community-to-express-our-commitment-to-sustainable-peace-and-our-euro-atlantic-future\/","url":"https:\/\/president-ksgov.net\/en\/the-president-at-the-inaugural-summit-of-the-european-political-community-to-express-our-commitment-to-sustainable-peace-and-our-euro-atlantic-future\/","name":"The President: At the inaugural summit of the European Political Community to express our commitment to sustainable peace and our Euro-Atlantic future - President of the Republic of Kosovo - DR. VJOSA OSMANI - SADRIU","isPartOf":{"@id":"https:\/\/president-ksgov.net\/#website"},"primaryImageOfPage":{"@id":"https:\/\/president-ksgov.net\/en\/the-president-at-the-inaugural-summit-of-the-european-political-community-to-express-our-commitment-to-sustainable-peace-and-our-euro-atlantic-future\/#primaryimage"},"image":{"@id":"https:\/\/president-ksgov.net\/en\/the-president-at-the-inaugural-summit-of-the-european-political-community-to-express-our-commitment-to-sustainable-peace-and-our-euro-atlantic-future\/#primaryimage"},"thumbnailUrl":"https:\/\/president-ksgov.net\/wp-content\/uploads\/06_10_2022_2258473_17.jpg","datePublished":"2022-10-06T16:38:35+00:00","dateModified":"2023-03-07T08:39:47+00:00","author":{"@id":"https:\/\/president-ksgov.net\/#\/schema\/person\/bb4337a5fb147cb2046d80548172cbee"},"description":"The President: At the inaugural summit of the European Political Community to express our commitment to sustainable peace and our Euro-Atlantic future - President of the Republic of Kosovo - DR. VJOSA OSMANI - SADRIU -","breadcrumb":{"@id":"https:\/\/president-ksgov.net\/en\/the-president-at-the-inaugural-summit-of-the-european-political-community-to-express-our-commitment-to-sustainable-peace-and-our-euro-atlantic-future\/#breadcrumb"},"inLanguage":"en-US","potentialAction":[{"@type":"ReadAction","target":["https:\/\/president-ksgov.net\/en\/the-president-at-the-inaugural-summit-of-the-european-political-community-to-express-our-commitment-to-sustainable-peace-and-our-euro-atlantic-future\/"]}]},{"@type":"ImageObject","inLanguage":"en-US","@id":"https:\/\/president-ksgov.net\/en\/the-president-at-the-inaugural-summit-of-the-european-political-community-to-express-our-commitment-to-sustainable-peace-and-our-euro-atlantic-future\/#primaryimage","url":"https:\/\/president-ksgov.net\/wp-content\/uploads\/06_10_2022_2258473_17.jpg","contentUrl":"https:\/\/president-ksgov.net\/wp-content\/uploads\/06_10_2022_2258473_17.jpg","width":2048,"height":1364},{"@type":"BreadcrumbList","@id":"https:\/\/president-ksgov.net\/en\/the-president-at-the-inaugural-summit-of-the-european-political-community-to-express-our-commitment-to-sustainable-peace-and-our-euro-atlantic-future\/#breadcrumb","itemListElement":[{"@type":"ListItem","position":1,"name":"Home","item":"https:\/\/president-ksgov.net\/en\/"},{"@type":"ListItem","position":2,"name":"The President: At the inaugural summit of the European Political Community to express our commitment to sustainable peace and our Euro-Atlantic future"}]},{"@type":"WebSite","@id":"https:\/\/president-ksgov.net\/#website","url":"https:\/\/president-ksgov.net\/","name":"Presidente e Republik\u00ebs s\u00eb Kosov\u00ebs","description":"Presidente e Republik\u00ebs s\u00eb Kosov\u00ebs","alternateName":"DR. VJOSA OSMANI - SADRIU","potentialAction":[{"@type":"SearchAction","target":{"@type":"EntryPoint","urlTemplate":"https:\/\/president-ksgov.net\/?s={search_term_string}"},"query-input":{"@type":"PropertyValueSpecification","valueRequired":true,"valueName":"search_term_string"}}],"inLanguage":"en-US"},{"@type":"Person","@id":"https:\/\/president-ksgov.net\/#\/schema\/person\/bb4337a5fb147cb2046d80548172cbee","name":"admin","image":{"@type":"ImageObject","inLanguage":"en-US","@id":"https:\/\/president-ksgov.net\/#\/schema\/person\/image\/","url":"https:\/\/secure.gravatar.com\/avatar\/36156ca0fa3b8d9d25174f146e16beea0cf28f37adf1b9e19b6c9c279a7c9dd3?s=96&d=mm&r=g","contentUrl":"https:\/\/secure.gravatar.com\/avatar\/36156ca0fa3b8d9d25174f146e16beea0cf28f37adf1b9e19b6c9c279a7c9dd3?s=96&d=mm&r=g","caption":"admin"},"sameAs":["https:\/\/president-ksgov.net"]}]}},"_links":{"self":[{"href":"https:\/\/president-ksgov.net\/en\/wp-json\/wp\/v2\/posts\/66346","targetHints":{"allow":["GET"]}}],"collection":[{"href":"https:\/\/president-ksgov.net\/en\/wp-json\/wp\/v2\/posts"}],"about":[{"href":"https:\/\/president-ksgov.net\/en\/wp-json\/wp\/v2\/types\/post"}],"author":[{"embeddable":true,"href":"https:\/\/president-ksgov.net\/en\/wp-json\/wp\/v2\/users\/1"}],"replies":[{"embeddable":true,"href":"https:\/\/president-ksgov.net\/en\/wp-json\/wp\/v2\/comments?post=66346"}],"version-history":[{"count":0,"href":"https:\/\/president-ksgov.net\/en\/wp-json\/wp\/v2\/posts\/66346\/revisions"}],"wp:featuredmedia":[{"embeddable":true,"href":"https:\/\/president-ksgov.net\/en\/wp-json\/wp\/v2\/media\/10824"}],"wp:attachment":[{"href":"https:\/\/president-ksgov.net\/en\/wp-json\/wp\/v2\/media?parent=66346"}],"wp:term":[{"taxonomy":"category","embeddable":true,"href":"https:\/\/president-ksgov.net\/en\/wp-json\/wp\/v2\/categories?post=66346"},{"taxonomy":"post_tag","embeddable":true,"href":"https:\/\/president-ksgov.net\/en\/wp-json\/wp\/v2\/tags?post=66346"}],"curies":[{"name":"wp","href":"https:\/\/api.w.org\/{rel}","templated":true}]}}