{"id":66320,"date":"2022-10-14T10:44:04","date_gmt":"2022-10-14T10:44:04","guid":{"rendered":"https:\/\/dev.president-ksgov.net\/the-republic-of-kosovo-fulfils-another-commitment-of-the-summit-for-democracy-the-declaration-against-arbitrary-detention-is-approved\/"},"modified":"2023-03-07T08:39:14","modified_gmt":"2023-03-07T08:39:14","slug":"the-republic-of-kosovo-fulfils-another-commitment-of-the-summit-for-democracy-the-declaration-against-arbitrary-detention-is-approved","status":"publish","type":"post","link":"https:\/\/president-ksgov.net\/en\/the-republic-of-kosovo-fulfils-another-commitment-of-the-summit-for-democracy-the-declaration-against-arbitrary-detention-is-approved\/","title":{"rendered":"The Republic of Kosovo fulfils another commitment of the Summit for Democracy: the Declaration Against Arbitrary Detention is approved"},"content":{"rendered":"<p>The Republic of Kosovo has adopted the Declaration Against Arbitrary Detention in State-to-State Relations, an initiative of Canada, which aims to further protect the rights of citizens who live, work and travel outside of their native countries.<\/p>\n<p>With the approval of this Declaration, Kosovo aligns itself with the states committed to human rights, the rule of law and order, as well as the independence of the judiciary. With this Declaration, Kosovo, like other states, has reaffirmed its concern about the use of arbitrary detention by states to exert influence on foreign governments, an action contrary to international law.<\/p>\n<p>The approval of this declaration is an important step in fulfilling the commitments made by President Osmani, on behalf of the institutions of the Republic of Kosovo, at the Summit for Democracy, an initiative of the President of the United States of America Joe Biden.\u00a0<\/p>\n","protected":false},"excerpt":{"rendered":"<p>The Republic of Kosovo has adopted the Declaration Against Arbitrary Detention in State-to-State Relations, an initiative of Canada, which aims to further protect the rights of citizens who live, work and travel outside of their native countries.<\/p>\n","protected":false},"author":1,"featured_media":10575,"comment_status":"open","ping_status":"closed","sticky":false,"template":"","format":"standard","meta":{"_eb_attr":"","footnotes":""},"categories":[111],"tags":[],"class_list":["post-66320","post","type-post","status-publish","format-standard","has-post-thumbnail","hentry","category-news"],"yoast_head":"<!-- This site is optimized with the Yoast SEO plugin v23.5 - https:\/\/yoast.com\/wordpress\/plugins\/seo\/ -->\n<title>The Republic of Kosovo fulfils another commitment of the Summit for Democracy: the Declaration Against Arbitrary Detention is approved - President of the Republic of Kosovo - DR. VJOSA OSMANI - SADRIU<\/title>\n<meta name=\"description\" content=\"The Republic of Kosovo fulfils another commitment of the Summit for Democracy: the Declaration Against Arbitrary Detention is approved - President of the Republic of Kosovo - DR. VJOSA OSMANI - SADRIU -\" \/>\n<meta name=\"robots\" content=\"index, follow, max-snippet:-1, max-image-preview:large, max-video-preview:-1\" \/>\n<link rel=\"canonical\" href=\"https:\/\/president-ksgov.net\/en\/the-republic-of-kosovo-fulfils-another-commitment-of-the-summit-for-democracy-the-declaration-against-arbitrary-detention-is-approved\/\" \/>\n<meta property=\"og:locale\" content=\"en_US\" \/>\n<meta property=\"og:type\" content=\"article\" \/>\n<meta property=\"og:title\" content=\"The Republic of Kosovo fulfils another commitment of the Summit for Democracy: the Declaration Against Arbitrary Detention is approved - President of the Republic of Kosovo - DR. VJOSA OSMANI - SADRIU\" \/>\n<meta property=\"og:description\" content=\"The Republic of Kosovo fulfils another commitment of the Summit for Democracy: the Declaration Against Arbitrary Detention is approved - President of the Republic of Kosovo - DR. VJOSA OSMANI - SADRIU -\" \/>\n<meta property=\"og:url\" content=\"https:\/\/president-ksgov.net\/en\/the-republic-of-kosovo-fulfils-another-commitment-of-the-summit-for-democracy-the-declaration-against-arbitrary-detention-is-approved\/\" \/>\n<meta property=\"og:site_name\" content=\"President of the Republic of Kosovo - DR. VJOSA OSMANI - SADRIU\" \/>\n<meta property=\"article:published_time\" content=\"2022-10-14T10:44:04+00:00\" \/>\n<meta property=\"article:modified_time\" content=\"2023-03-07T08:39:14+00:00\" \/>\n<meta property=\"og:image\" content=\"https:\/\/president-ksgov.net\/wp-content\/uploads\/14_10_2022_3694082_Samiti_Milestone.png\" \/>\n\t<meta property=\"og:image:width\" content=\"1600\" \/>\n\t<meta property=\"og:image:height\" content=\"900\" \/>\n\t<meta property=\"og:image:type\" content=\"image\/png\" \/>\n<meta name=\"author\" content=\"admin\" \/>\n<meta name=\"twitter:card\" content=\"summary_large_image\" \/>\n<meta name=\"twitter:label1\" content=\"Written by\" \/>\n\t<meta name=\"twitter:data1\" content=\"admin\" \/>\n\t<meta name=\"twitter:label2\" content=\"Est. reading time\" \/>\n\t<meta name=\"twitter:data2\" content=\"1 minute\" \/>\n<script type=\"application\/ld+json\" class=\"yoast-schema-graph\">{\"@context\":\"https:\/\/schema.org\",\"@graph\":[{\"@type\":\"WebPage\",\"@id\":\"https:\/\/president-ksgov.net\/en\/the-republic-of-kosovo-fulfils-another-commitment-of-the-summit-for-democracy-the-declaration-against-arbitrary-detention-is-approved\/\",\"url\":\"https:\/\/president-ksgov.net\/en\/the-republic-of-kosovo-fulfils-another-commitment-of-the-summit-for-democracy-the-declaration-against-arbitrary-detention-is-approved\/\",\"name\":\"The Republic of Kosovo fulfils another commitment of the Summit for Democracy: the Declaration Against Arbitrary Detention is approved - President of the Republic of Kosovo - DR. VJOSA OSMANI - SADRIU\",\"isPartOf\":{\"@id\":\"https:\/\/president-ksgov.net\/#website\"},\"primaryImageOfPage\":{\"@id\":\"https:\/\/president-ksgov.net\/en\/the-republic-of-kosovo-fulfils-another-commitment-of-the-summit-for-democracy-the-declaration-against-arbitrary-detention-is-approved\/#primaryimage\"},\"image\":{\"@id\":\"https:\/\/president-ksgov.net\/en\/the-republic-of-kosovo-fulfils-another-commitment-of-the-summit-for-democracy-the-declaration-against-arbitrary-detention-is-approved\/#primaryimage\"},\"thumbnailUrl\":\"https:\/\/president-ksgov.net\/wp-content\/uploads\/14_10_2022_3694082_Samiti_Milestone.png\",\"datePublished\":\"2022-10-14T10:44:04+00:00\",\"dateModified\":\"2023-03-07T08:39:14+00:00\",\"author\":{\"@id\":\"https:\/\/president-ksgov.net\/#\/schema\/person\/bb4337a5fb147cb2046d80548172cbee\"},\"description\":\"The Republic of Kosovo fulfils another commitment of the Summit for Democracy: the Declaration Against Arbitrary Detention is approved - President of the Republic of Kosovo - DR. VJOSA OSMANI - SADRIU -\",\"breadcrumb\":{\"@id\":\"https:\/\/president-ksgov.net\/en\/the-republic-of-kosovo-fulfils-another-commitment-of-the-summit-for-democracy-the-declaration-against-arbitrary-detention-is-approved\/#breadcrumb\"},\"inLanguage\":\"en-US\",\"potentialAction\":[{\"@type\":\"ReadAction\",\"target\":[\"https:\/\/president-ksgov.net\/en\/the-republic-of-kosovo-fulfils-another-commitment-of-the-summit-for-democracy-the-declaration-against-arbitrary-detention-is-approved\/\"]}]},{\"@type\":\"ImageObject\",\"inLanguage\":\"en-US\",\"@id\":\"https:\/\/president-ksgov.net\/en\/the-republic-of-kosovo-fulfils-another-commitment-of-the-summit-for-democracy-the-declaration-against-arbitrary-detention-is-approved\/#primaryimage\",\"url\":\"https:\/\/president-ksgov.net\/wp-content\/uploads\/14_10_2022_3694082_Samiti_Milestone.png\",\"contentUrl\":\"https:\/\/president-ksgov.net\/wp-content\/uploads\/14_10_2022_3694082_Samiti_Milestone.png\",\"width\":1600,\"height\":900},{\"@type\":\"BreadcrumbList\",\"@id\":\"https:\/\/president-ksgov.net\/en\/the-republic-of-kosovo-fulfils-another-commitment-of-the-summit-for-democracy-the-declaration-against-arbitrary-detention-is-approved\/#breadcrumb\",\"itemListElement\":[{\"@type\":\"ListItem\",\"position\":1,\"name\":\"Home\",\"item\":\"https:\/\/president-ksgov.net\/en\/\"},{\"@type\":\"ListItem\",\"position\":2,\"name\":\"The Republic of Kosovo fulfils another commitment of the Summit for Democracy: the Declaration Against Arbitrary Detention is approved\"}]},{\"@type\":\"WebSite\",\"@id\":\"https:\/\/president-ksgov.net\/#website\",\"url\":\"https:\/\/president-ksgov.net\/\",\"name\":\"Presidente e Republik\u00ebs s\u00eb Kosov\u00ebs\",\"description\":\"Presidente e Republik\u00ebs s\u00eb Kosov\u00ebs\",\"alternateName\":\"DR. VJOSA OSMANI - SADRIU\",\"potentialAction\":[{\"@type\":\"SearchAction\",\"target\":{\"@type\":\"EntryPoint\",\"urlTemplate\":\"https:\/\/president-ksgov.net\/?s={search_term_string}\"},\"query-input\":{\"@type\":\"PropertyValueSpecification\",\"valueRequired\":true,\"valueName\":\"search_term_string\"}}],\"inLanguage\":\"en-US\"},{\"@type\":\"Person\",\"@id\":\"https:\/\/president-ksgov.net\/#\/schema\/person\/bb4337a5fb147cb2046d80548172cbee\",\"name\":\"admin\",\"image\":{\"@type\":\"ImageObject\",\"inLanguage\":\"en-US\",\"@id\":\"https:\/\/president-ksgov.net\/#\/schema\/person\/image\/\",\"url\":\"https:\/\/secure.gravatar.com\/avatar\/36156ca0fa3b8d9d25174f146e16beea0cf28f37adf1b9e19b6c9c279a7c9dd3?s=96&d=mm&r=g\",\"contentUrl\":\"https:\/\/secure.gravatar.com\/avatar\/36156ca0fa3b8d9d25174f146e16beea0cf28f37adf1b9e19b6c9c279a7c9dd3?s=96&d=mm&r=g\",\"caption\":\"admin\"},\"sameAs\":[\"https:\/\/president-ksgov.net\"]}]}<\/script>\n<!-- \/ Yoast SEO plugin. -->","yoast_head_json":{"title":"The Republic of Kosovo fulfils another commitment of the Summit for Democracy: the Declaration Against Arbitrary Detention is approved - President of the Republic of Kosovo - DR. VJOSA OSMANI - SADRIU","description":"The Republic of Kosovo fulfils another commitment of the Summit for Democracy: the Declaration Against Arbitrary Detention is approved - President of the Republic of Kosovo - DR. VJOSA OSMANI - SADRIU -","robots":{"index":"index","follow":"follow","max-snippet":"max-snippet:-1","max-image-preview":"max-image-preview:large","max-video-preview":"max-video-preview:-1"},"canonical":"https:\/\/president-ksgov.net\/en\/the-republic-of-kosovo-fulfils-another-commitment-of-the-summit-for-democracy-the-declaration-against-arbitrary-detention-is-approved\/","og_locale":"en_US","og_type":"article","og_title":"The Republic of Kosovo fulfils another commitment of the Summit for Democracy: the Declaration Against Arbitrary Detention is approved - President of the Republic of Kosovo - DR. VJOSA OSMANI - SADRIU","og_description":"The Republic of Kosovo fulfils another commitment of the Summit for Democracy: the Declaration Against Arbitrary Detention is approved - President of the Republic of Kosovo - DR. VJOSA OSMANI - SADRIU -","og_url":"https:\/\/president-ksgov.net\/en\/the-republic-of-kosovo-fulfils-another-commitment-of-the-summit-for-democracy-the-declaration-against-arbitrary-detention-is-approved\/","og_site_name":"President of the Republic of Kosovo - DR. VJOSA OSMANI - SADRIU","article_published_time":"2022-10-14T10:44:04+00:00","article_modified_time":"2023-03-07T08:39:14+00:00","og_image":[{"width":1600,"height":900,"url":"https:\/\/president-ksgov.net\/wp-content\/uploads\/14_10_2022_3694082_Samiti_Milestone.png","type":"image\/png"}],"author":"admin","twitter_card":"summary_large_image","twitter_misc":{"Written by":"admin","Est. reading time":"1 minute"},"schema":{"@context":"https:\/\/schema.org","@graph":[{"@type":"WebPage","@id":"https:\/\/president-ksgov.net\/en\/the-republic-of-kosovo-fulfils-another-commitment-of-the-summit-for-democracy-the-declaration-against-arbitrary-detention-is-approved\/","url":"https:\/\/president-ksgov.net\/en\/the-republic-of-kosovo-fulfils-another-commitment-of-the-summit-for-democracy-the-declaration-against-arbitrary-detention-is-approved\/","name":"The Republic of Kosovo fulfils another commitment of the Summit for Democracy: the Declaration Against Arbitrary Detention is approved - President of the Republic of Kosovo - DR. VJOSA OSMANI - SADRIU","isPartOf":{"@id":"https:\/\/president-ksgov.net\/#website"},"primaryImageOfPage":{"@id":"https:\/\/president-ksgov.net\/en\/the-republic-of-kosovo-fulfils-another-commitment-of-the-summit-for-democracy-the-declaration-against-arbitrary-detention-is-approved\/#primaryimage"},"image":{"@id":"https:\/\/president-ksgov.net\/en\/the-republic-of-kosovo-fulfils-another-commitment-of-the-summit-for-democracy-the-declaration-against-arbitrary-detention-is-approved\/#primaryimage"},"thumbnailUrl":"https:\/\/president-ksgov.net\/wp-content\/uploads\/14_10_2022_3694082_Samiti_Milestone.png","datePublished":"2022-10-14T10:44:04+00:00","dateModified":"2023-03-07T08:39:14+00:00","author":{"@id":"https:\/\/president-ksgov.net\/#\/schema\/person\/bb4337a5fb147cb2046d80548172cbee"},"description":"The Republic of Kosovo fulfils another commitment of the Summit for Democracy: the Declaration Against Arbitrary Detention is approved - President of the Republic of Kosovo - DR. VJOSA OSMANI - SADRIU -","breadcrumb":{"@id":"https:\/\/president-ksgov.net\/en\/the-republic-of-kosovo-fulfils-another-commitment-of-the-summit-for-democracy-the-declaration-against-arbitrary-detention-is-approved\/#breadcrumb"},"inLanguage":"en-US","potentialAction":[{"@type":"ReadAction","target":["https:\/\/president-ksgov.net\/en\/the-republic-of-kosovo-fulfils-another-commitment-of-the-summit-for-democracy-the-declaration-against-arbitrary-detention-is-approved\/"]}]},{"@type":"ImageObject","inLanguage":"en-US","@id":"https:\/\/president-ksgov.net\/en\/the-republic-of-kosovo-fulfils-another-commitment-of-the-summit-for-democracy-the-declaration-against-arbitrary-detention-is-approved\/#primaryimage","url":"https:\/\/president-ksgov.net\/wp-content\/uploads\/14_10_2022_3694082_Samiti_Milestone.png","contentUrl":"https:\/\/president-ksgov.net\/wp-content\/uploads\/14_10_2022_3694082_Samiti_Milestone.png","width":1600,"height":900},{"@type":"BreadcrumbList","@id":"https:\/\/president-ksgov.net\/en\/the-republic-of-kosovo-fulfils-another-commitment-of-the-summit-for-democracy-the-declaration-against-arbitrary-detention-is-approved\/#breadcrumb","itemListElement":[{"@type":"ListItem","position":1,"name":"Home","item":"https:\/\/president-ksgov.net\/en\/"},{"@type":"ListItem","position":2,"name":"The Republic of Kosovo fulfils another commitment of the Summit for Democracy: the Declaration Against Arbitrary Detention is approved"}]},{"@type":"WebSite","@id":"https:\/\/president-ksgov.net\/#website","url":"https:\/\/president-ksgov.net\/","name":"Presidente e Republik\u00ebs s\u00eb Kosov\u00ebs","description":"Presidente e Republik\u00ebs s\u00eb Kosov\u00ebs","alternateName":"DR. VJOSA OSMANI - SADRIU","potentialAction":[{"@type":"SearchAction","target":{"@type":"EntryPoint","urlTemplate":"https:\/\/president-ksgov.net\/?s={search_term_string}"},"query-input":{"@type":"PropertyValueSpecification","valueRequired":true,"valueName":"search_term_string"}}],"inLanguage":"en-US"},{"@type":"Person","@id":"https:\/\/president-ksgov.net\/#\/schema\/person\/bb4337a5fb147cb2046d80548172cbee","name":"admin","image":{"@type":"ImageObject","inLanguage":"en-US","@id":"https:\/\/president-ksgov.net\/#\/schema\/person\/image\/","url":"https:\/\/secure.gravatar.com\/avatar\/36156ca0fa3b8d9d25174f146e16beea0cf28f37adf1b9e19b6c9c279a7c9dd3?s=96&d=mm&r=g","contentUrl":"https:\/\/secure.gravatar.com\/avatar\/36156ca0fa3b8d9d25174f146e16beea0cf28f37adf1b9e19b6c9c279a7c9dd3?s=96&d=mm&r=g","caption":"admin"},"sameAs":["https:\/\/president-ksgov.net"]}]}},"_links":{"self":[{"href":"https:\/\/president-ksgov.net\/en\/wp-json\/wp\/v2\/posts\/66320","targetHints":{"allow":["GET"]}}],"collection":[{"href":"https:\/\/president-ksgov.net\/en\/wp-json\/wp\/v2\/posts"}],"about":[{"href":"https:\/\/president-ksgov.net\/en\/wp-json\/wp\/v2\/types\/post"}],"author":[{"embeddable":true,"href":"https:\/\/president-ksgov.net\/en\/wp-json\/wp\/v2\/users\/1"}],"replies":[{"embeddable":true,"href":"https:\/\/president-ksgov.net\/en\/wp-json\/wp\/v2\/comments?post=66320"}],"version-history":[{"count":0,"href":"https:\/\/president-ksgov.net\/en\/wp-json\/wp\/v2\/posts\/66320\/revisions"}],"wp:featuredmedia":[{"embeddable":true,"href":"https:\/\/president-ksgov.net\/en\/wp-json\/wp\/v2\/media\/10575"}],"wp:attachment":[{"href":"https:\/\/president-ksgov.net\/en\/wp-json\/wp\/v2\/media?parent=66320"}],"wp:term":[{"taxonomy":"category","embeddable":true,"href":"https:\/\/president-ksgov.net\/en\/wp-json\/wp\/v2\/categories?post=66320"},{"taxonomy":"post_tag","embeddable":true,"href":"https:\/\/president-ksgov.net\/en\/wp-json\/wp\/v2\/tags?post=66320"}],"curies":[{"name":"wp","href":"https:\/\/api.w.org\/{rel}","templated":true}]}}