{"id":66263,"date":"2022-11-08T16:49:14","date_gmt":"2022-11-08T16:49:14","guid":{"rendered":"https:\/\/dev.president-ksgov.net\/president-osmani-received-at-a-meeting-the-head-of-eulex-lars-gunnar-wigemark\/"},"modified":"2023-03-07T08:37:56","modified_gmt":"2023-03-07T08:37:56","slug":"president-osmani-received-at-a-meeting-the-head-of-eulex-lars-gunnar-wigemark","status":"publish","type":"post","link":"https:\/\/president-ksgov.net\/en\/president-osmani-received-at-a-meeting-the-head-of-eulex-lars-gunnar-wigemark\/","title":{"rendered":"President Osmani received at a meeting the head of EULEX Lars-Gunnar Wigemark"},"content":{"rendered":"<p>The President of the Republic of Kosovo Vjosa Osmani received today at a meeting the head of EULEX Mr. Lars-Gunnar Wigemark, with whom she discussed the latest developments in the north of the country as well as the cooperation between the state and the international institutions.<\/p>\n<p>President Osmani reiterated the determination of the institutions of the Republic to the implementation of the law and order as well as ensure the proper proceeding and public safety in the entire territory of the country, in close cooperation with international partners. In this regard, President Osmani praised the continuous coordination with EULEX.<\/p>\n","protected":false},"excerpt":{"rendered":"<p>The President of the Republic of Kosovo Vjosa Osmani received today at a meeting the head of EULEX Mr. Lars-Gunnar Wigemark, with whom she discussed the latest developments in the north of the country as well as the cooperation between the state and the international institutions. President Osmani reiterated the determination of the institutions of the Republic to the implementation of the law and order as well as ensure the proper proceeding and public safety in the entire territory of the country, in close cooperation with international partners. In this regard, President Osmani praised the continuous coordination with EULEX.<\/p>\n","protected":false},"author":1,"featured_media":10142,"comment_status":"open","ping_status":"closed","sticky":false,"template":"","format":"standard","meta":{"_eb_attr":"","footnotes":""},"categories":[111],"tags":[],"class_list":["post-66263","post","type-post","status-publish","format-standard","has-post-thumbnail","hentry","category-news"],"yoast_head":"<!-- This site is optimized with the Yoast SEO plugin v23.5 - https:\/\/yoast.com\/wordpress\/plugins\/seo\/ -->\n<title>President Osmani received at a meeting the head of EULEX Lars-Gunnar Wigemark - President of the Republic of Kosovo - DR. VJOSA OSMANI - SADRIU<\/title>\n<meta name=\"description\" content=\"President Osmani received at a meeting the head of EULEX Lars-Gunnar Wigemark - President of the Republic of Kosovo - DR. VJOSA OSMANI - SADRIU -\" \/>\n<meta name=\"robots\" content=\"index, follow, max-snippet:-1, max-image-preview:large, max-video-preview:-1\" \/>\n<link rel=\"canonical\" href=\"https:\/\/president-ksgov.net\/en\/president-osmani-received-at-a-meeting-the-head-of-eulex-lars-gunnar-wigemark\/\" \/>\n<meta property=\"og:locale\" content=\"en_US\" \/>\n<meta property=\"og:type\" content=\"article\" \/>\n<meta property=\"og:title\" content=\"President Osmani received at a meeting the head of EULEX Lars-Gunnar Wigemark - President of the Republic of Kosovo - DR. VJOSA OSMANI - SADRIU\" \/>\n<meta property=\"og:description\" content=\"President Osmani received at a meeting the head of EULEX Lars-Gunnar Wigemark - President of the Republic of Kosovo - DR. VJOSA OSMANI - SADRIU -\" \/>\n<meta property=\"og:url\" content=\"https:\/\/president-ksgov.net\/en\/president-osmani-received-at-a-meeting-the-head-of-eulex-lars-gunnar-wigemark\/\" \/>\n<meta property=\"og:site_name\" content=\"President of the Republic of Kosovo - DR. VJOSA OSMANI - SADRIU\" \/>\n<meta property=\"article:published_time\" content=\"2022-11-08T16:49:14+00:00\" \/>\n<meta property=\"article:modified_time\" content=\"2023-03-07T08:37:56+00:00\" \/>\n<meta property=\"og:image\" content=\"https:\/\/president-ksgov.net\/wp-content\/uploads\/08_11_2022_2301591__VXH9245_copy-scaled.jpg\" \/>\n\t<meta property=\"og:image:width\" content=\"2560\" \/>\n\t<meta property=\"og:image:height\" content=\"1706\" \/>\n\t<meta property=\"og:image:type\" content=\"image\/jpeg\" \/>\n<meta name=\"author\" content=\"admin\" \/>\n<meta name=\"twitter:card\" content=\"summary_large_image\" \/>\n<meta name=\"twitter:label1\" content=\"Written by\" \/>\n\t<meta name=\"twitter:data1\" content=\"admin\" \/>\n<script type=\"application\/ld+json\" class=\"yoast-schema-graph\">{\"@context\":\"https:\/\/schema.org\",\"@graph\":[{\"@type\":\"WebPage\",\"@id\":\"https:\/\/president-ksgov.net\/en\/president-osmani-received-at-a-meeting-the-head-of-eulex-lars-gunnar-wigemark\/\",\"url\":\"https:\/\/president-ksgov.net\/en\/president-osmani-received-at-a-meeting-the-head-of-eulex-lars-gunnar-wigemark\/\",\"name\":\"President Osmani received at a meeting the head of EULEX Lars-Gunnar Wigemark - President of the Republic of Kosovo - DR. VJOSA OSMANI - SADRIU\",\"isPartOf\":{\"@id\":\"https:\/\/president-ksgov.net\/#website\"},\"primaryImageOfPage\":{\"@id\":\"https:\/\/president-ksgov.net\/en\/president-osmani-received-at-a-meeting-the-head-of-eulex-lars-gunnar-wigemark\/#primaryimage\"},\"image\":{\"@id\":\"https:\/\/president-ksgov.net\/en\/president-osmani-received-at-a-meeting-the-head-of-eulex-lars-gunnar-wigemark\/#primaryimage\"},\"thumbnailUrl\":\"https:\/\/president-ksgov.net\/wp-content\/uploads\/08_11_2022_2301591__VXH9245_copy-scaled.jpg\",\"datePublished\":\"2022-11-08T16:49:14+00:00\",\"dateModified\":\"2023-03-07T08:37:56+00:00\",\"author\":{\"@id\":\"https:\/\/president-ksgov.net\/#\/schema\/person\/bb4337a5fb147cb2046d80548172cbee\"},\"description\":\"President Osmani received at a meeting the head of EULEX Lars-Gunnar Wigemark - President of the Republic of Kosovo - DR. VJOSA OSMANI - SADRIU -\",\"breadcrumb\":{\"@id\":\"https:\/\/president-ksgov.net\/en\/president-osmani-received-at-a-meeting-the-head-of-eulex-lars-gunnar-wigemark\/#breadcrumb\"},\"inLanguage\":\"en-US\",\"potentialAction\":[{\"@type\":\"ReadAction\",\"target\":[\"https:\/\/president-ksgov.net\/en\/president-osmani-received-at-a-meeting-the-head-of-eulex-lars-gunnar-wigemark\/\"]}]},{\"@type\":\"ImageObject\",\"inLanguage\":\"en-US\",\"@id\":\"https:\/\/president-ksgov.net\/en\/president-osmani-received-at-a-meeting-the-head-of-eulex-lars-gunnar-wigemark\/#primaryimage\",\"url\":\"https:\/\/president-ksgov.net\/wp-content\/uploads\/08_11_2022_2301591__VXH9245_copy-scaled.jpg\",\"contentUrl\":\"https:\/\/president-ksgov.net\/wp-content\/uploads\/08_11_2022_2301591__VXH9245_copy-scaled.jpg\",\"width\":2560,\"height\":1706},{\"@type\":\"BreadcrumbList\",\"@id\":\"https:\/\/president-ksgov.net\/en\/president-osmani-received-at-a-meeting-the-head-of-eulex-lars-gunnar-wigemark\/#breadcrumb\",\"itemListElement\":[{\"@type\":\"ListItem\",\"position\":1,\"name\":\"Home\",\"item\":\"https:\/\/president-ksgov.net\/en\/\"},{\"@type\":\"ListItem\",\"position\":2,\"name\":\"President Osmani received at a meeting the head of EULEX Lars-Gunnar Wigemark\"}]},{\"@type\":\"WebSite\",\"@id\":\"https:\/\/president-ksgov.net\/#website\",\"url\":\"https:\/\/president-ksgov.net\/\",\"name\":\"Presidente e Republik\u00ebs s\u00eb Kosov\u00ebs\",\"description\":\"Presidente e Republik\u00ebs s\u00eb Kosov\u00ebs\",\"alternateName\":\"DR. VJOSA OSMANI - SADRIU\",\"potentialAction\":[{\"@type\":\"SearchAction\",\"target\":{\"@type\":\"EntryPoint\",\"urlTemplate\":\"https:\/\/president-ksgov.net\/?s={search_term_string}\"},\"query-input\":{\"@type\":\"PropertyValueSpecification\",\"valueRequired\":true,\"valueName\":\"search_term_string\"}}],\"inLanguage\":\"en-US\"},{\"@type\":\"Person\",\"@id\":\"https:\/\/president-ksgov.net\/#\/schema\/person\/bb4337a5fb147cb2046d80548172cbee\",\"name\":\"admin\",\"image\":{\"@type\":\"ImageObject\",\"inLanguage\":\"en-US\",\"@id\":\"https:\/\/president-ksgov.net\/#\/schema\/person\/image\/\",\"url\":\"https:\/\/secure.gravatar.com\/avatar\/36156ca0fa3b8d9d25174f146e16beea0cf28f37adf1b9e19b6c9c279a7c9dd3?s=96&d=mm&r=g\",\"contentUrl\":\"https:\/\/secure.gravatar.com\/avatar\/36156ca0fa3b8d9d25174f146e16beea0cf28f37adf1b9e19b6c9c279a7c9dd3?s=96&d=mm&r=g\",\"caption\":\"admin\"},\"sameAs\":[\"https:\/\/president-ksgov.net\"]}]}<\/script>\n<!-- \/ Yoast SEO plugin. -->","yoast_head_json":{"title":"President Osmani received at a meeting the head of EULEX Lars-Gunnar Wigemark - President of the Republic of Kosovo - DR. VJOSA OSMANI - SADRIU","description":"President Osmani received at a meeting the head of EULEX Lars-Gunnar Wigemark - President of the Republic of Kosovo - DR. VJOSA OSMANI - SADRIU -","robots":{"index":"index","follow":"follow","max-snippet":"max-snippet:-1","max-image-preview":"max-image-preview:large","max-video-preview":"max-video-preview:-1"},"canonical":"https:\/\/president-ksgov.net\/en\/president-osmani-received-at-a-meeting-the-head-of-eulex-lars-gunnar-wigemark\/","og_locale":"en_US","og_type":"article","og_title":"President Osmani received at a meeting the head of EULEX Lars-Gunnar Wigemark - President of the Republic of Kosovo - DR. VJOSA OSMANI - SADRIU","og_description":"President Osmani received at a meeting the head of EULEX Lars-Gunnar Wigemark - President of the Republic of Kosovo - DR. VJOSA OSMANI - SADRIU -","og_url":"https:\/\/president-ksgov.net\/en\/president-osmani-received-at-a-meeting-the-head-of-eulex-lars-gunnar-wigemark\/","og_site_name":"President of the Republic of Kosovo - DR. VJOSA OSMANI - SADRIU","article_published_time":"2022-11-08T16:49:14+00:00","article_modified_time":"2023-03-07T08:37:56+00:00","og_image":[{"width":2560,"height":1706,"url":"https:\/\/president-ksgov.net\/wp-content\/uploads\/08_11_2022_2301591__VXH9245_copy-scaled.jpg","type":"image\/jpeg"}],"author":"admin","twitter_card":"summary_large_image","twitter_misc":{"Written by":"admin"},"schema":{"@context":"https:\/\/schema.org","@graph":[{"@type":"WebPage","@id":"https:\/\/president-ksgov.net\/en\/president-osmani-received-at-a-meeting-the-head-of-eulex-lars-gunnar-wigemark\/","url":"https:\/\/president-ksgov.net\/en\/president-osmani-received-at-a-meeting-the-head-of-eulex-lars-gunnar-wigemark\/","name":"President Osmani received at a meeting the head of EULEX Lars-Gunnar Wigemark - President of the Republic of Kosovo - DR. VJOSA OSMANI - SADRIU","isPartOf":{"@id":"https:\/\/president-ksgov.net\/#website"},"primaryImageOfPage":{"@id":"https:\/\/president-ksgov.net\/en\/president-osmani-received-at-a-meeting-the-head-of-eulex-lars-gunnar-wigemark\/#primaryimage"},"image":{"@id":"https:\/\/president-ksgov.net\/en\/president-osmani-received-at-a-meeting-the-head-of-eulex-lars-gunnar-wigemark\/#primaryimage"},"thumbnailUrl":"https:\/\/president-ksgov.net\/wp-content\/uploads\/08_11_2022_2301591__VXH9245_copy-scaled.jpg","datePublished":"2022-11-08T16:49:14+00:00","dateModified":"2023-03-07T08:37:56+00:00","author":{"@id":"https:\/\/president-ksgov.net\/#\/schema\/person\/bb4337a5fb147cb2046d80548172cbee"},"description":"President Osmani received at a meeting the head of EULEX Lars-Gunnar Wigemark - President of the Republic of Kosovo - DR. VJOSA OSMANI - SADRIU -","breadcrumb":{"@id":"https:\/\/president-ksgov.net\/en\/president-osmani-received-at-a-meeting-the-head-of-eulex-lars-gunnar-wigemark\/#breadcrumb"},"inLanguage":"en-US","potentialAction":[{"@type":"ReadAction","target":["https:\/\/president-ksgov.net\/en\/president-osmani-received-at-a-meeting-the-head-of-eulex-lars-gunnar-wigemark\/"]}]},{"@type":"ImageObject","inLanguage":"en-US","@id":"https:\/\/president-ksgov.net\/en\/president-osmani-received-at-a-meeting-the-head-of-eulex-lars-gunnar-wigemark\/#primaryimage","url":"https:\/\/president-ksgov.net\/wp-content\/uploads\/08_11_2022_2301591__VXH9245_copy-scaled.jpg","contentUrl":"https:\/\/president-ksgov.net\/wp-content\/uploads\/08_11_2022_2301591__VXH9245_copy-scaled.jpg","width":2560,"height":1706},{"@type":"BreadcrumbList","@id":"https:\/\/president-ksgov.net\/en\/president-osmani-received-at-a-meeting-the-head-of-eulex-lars-gunnar-wigemark\/#breadcrumb","itemListElement":[{"@type":"ListItem","position":1,"name":"Home","item":"https:\/\/president-ksgov.net\/en\/"},{"@type":"ListItem","position":2,"name":"President Osmani received at a meeting the head of EULEX Lars-Gunnar Wigemark"}]},{"@type":"WebSite","@id":"https:\/\/president-ksgov.net\/#website","url":"https:\/\/president-ksgov.net\/","name":"Presidente e Republik\u00ebs s\u00eb Kosov\u00ebs","description":"Presidente e Republik\u00ebs s\u00eb Kosov\u00ebs","alternateName":"DR. VJOSA OSMANI - SADRIU","potentialAction":[{"@type":"SearchAction","target":{"@type":"EntryPoint","urlTemplate":"https:\/\/president-ksgov.net\/?s={search_term_string}"},"query-input":{"@type":"PropertyValueSpecification","valueRequired":true,"valueName":"search_term_string"}}],"inLanguage":"en-US"},{"@type":"Person","@id":"https:\/\/president-ksgov.net\/#\/schema\/person\/bb4337a5fb147cb2046d80548172cbee","name":"admin","image":{"@type":"ImageObject","inLanguage":"en-US","@id":"https:\/\/president-ksgov.net\/#\/schema\/person\/image\/","url":"https:\/\/secure.gravatar.com\/avatar\/36156ca0fa3b8d9d25174f146e16beea0cf28f37adf1b9e19b6c9c279a7c9dd3?s=96&d=mm&r=g","contentUrl":"https:\/\/secure.gravatar.com\/avatar\/36156ca0fa3b8d9d25174f146e16beea0cf28f37adf1b9e19b6c9c279a7c9dd3?s=96&d=mm&r=g","caption":"admin"},"sameAs":["https:\/\/president-ksgov.net"]}]}},"_links":{"self":[{"href":"https:\/\/president-ksgov.net\/en\/wp-json\/wp\/v2\/posts\/66263","targetHints":{"allow":["GET"]}}],"collection":[{"href":"https:\/\/president-ksgov.net\/en\/wp-json\/wp\/v2\/posts"}],"about":[{"href":"https:\/\/president-ksgov.net\/en\/wp-json\/wp\/v2\/types\/post"}],"author":[{"embeddable":true,"href":"https:\/\/president-ksgov.net\/en\/wp-json\/wp\/v2\/users\/1"}],"replies":[{"embeddable":true,"href":"https:\/\/president-ksgov.net\/en\/wp-json\/wp\/v2\/comments?post=66263"}],"version-history":[{"count":0,"href":"https:\/\/president-ksgov.net\/en\/wp-json\/wp\/v2\/posts\/66263\/revisions"}],"wp:featuredmedia":[{"embeddable":true,"href":"https:\/\/president-ksgov.net\/en\/wp-json\/wp\/v2\/media\/10142"}],"wp:attachment":[{"href":"https:\/\/president-ksgov.net\/en\/wp-json\/wp\/v2\/media?parent=66263"}],"wp:term":[{"taxonomy":"category","embeddable":true,"href":"https:\/\/president-ksgov.net\/en\/wp-json\/wp\/v2\/categories?post=66263"},{"taxonomy":"post_tag","embeddable":true,"href":"https:\/\/president-ksgov.net\/en\/wp-json\/wp\/v2\/tags?post=66263"}],"curies":[{"name":"wp","href":"https:\/\/api.w.org\/{rel}","templated":true}]}}