{"id":66238,"date":"2022-11-18T11:18:32","date_gmt":"2022-11-18T10:18:32","guid":{"rendered":"https:\/\/dev.president-ksgov.net\/president-osmanis-address-at-the-100th-anniversary-of-the-founding-of-the-paneuropa-movement-in-vienna-2\/"},"modified":"2023-06-07T14:49:12","modified_gmt":"2023-06-07T12:49:12","slug":"president-osmanis-address-at-the-100th-anniversary-of-the-founding-of-the-paneuropa-movement-in-vienna-2","status":"publish","type":"post","link":"https:\/\/president-ksgov.net\/en\/president-osmanis-address-at-the-100th-anniversary-of-the-founding-of-the-paneuropa-movement-in-vienna-2\/","title":{"rendered":"President Osmani&#8217;s address at the 100th anniversary of the founding of the Paneuropa movement in Vienna"},"content":{"rendered":"<p>The President of the Republic of Kosovo Vjosa Osmani participated at the marking of the 100th anniversary of the establishment of the Paneuropa movement.<\/p>\n<p>&#8220;Paneuropa has supported the people of Kosovo during the most difficult times, in the 1990s, when Otto von Habsburg, a great friend of President Rugova and of our people, became one of the strongest champions advocating to protect human rights and freedoms in Kosovo,&#8221;, said President Osmani.<\/p>\n<p>President Osmani&#8217;s full post:<\/p>\n<p>On the 100th anniversary of the founding of the Paneuropa movement, I had the honor to address the oldest European movement for a politically and economically united Europe.<\/p>\n<p>Paneuropa has supported the people of Kosovo during the most difficult times, in the 1990s, when Otto von Habsburg, a great friend of President Rugova and our people, became one of the strongest champions advocating to protect human rights and freedoms in Kosovo.<\/p>\n<p>Even after a century of activity, Paneuropa continues to be a powerful platform for a united, free and peaceful Europe.<\/p>\n<p>The more we cultivate the values that this organization promotes, the more stability, democracy and peace there will be in Europe.<br \/>\nI emphasized to the Paneuropa friends that it is very important for Europe to show determination and stand united in the face of aggression, tyranny and autocracy.<\/p>\n<p><iframe style=\"border: none; overflow: hidden;\" src=\"https:\/\/www.facebook.com\/plugins\/video.php?height=314&amp;href=https%3A%2F%2Fwww.facebook.com%2FVjosaOsmaniMP%2Fvideos%2F655944162924301%2F&amp;show_text=false&amp;width=560&amp;t=0\" width=\"560\" height=\"560\" frameborder=\"0\" scrolling=\"no\" allowfullscreen=\"allowfullscreen\"><\/iframe><\/p>\n","protected":false},"excerpt":{"rendered":"<p>The President of the Republic of Kosovo Vjosa Osmani participated at the marking of the 100th anniversary of the establishment of the Paneuropa movement. &#8220;Paneuropa has supported the people of Kosovo during the most difficult times, in the 1990s, when Otto von Habsburg, a great friend of President Rugova and of our people, became one of the strongest champions advocating to protect human rights and freedoms in Kosovo,&#8221;, said President Osmani. President Osmani&#8217;s full post: On the 100th anniversary of the founding of the Paneuropa movement, I had the honor to address the oldest European movement for a politically and economically united Europe. Paneuropa has supported the people of Kosovo during the most difficult times, in the 1990s, when Otto von Habsburg, a great friend of President Rugova and our people, became one of the strongest champions advocating to protect human rights and freedoms in Kosovo. Even after a century of activity, Paneuropa continues to be a powerful platform for a united, free and peaceful Europe. The more we cultivate the values that this organization promotes, the more stability, democracy and peace there will be in Europe. I emphasized to the Paneuropa friends that it is very important for Europe to show determination and stand united in the face of aggression, tyranny and autocracy.<\/p>\n","protected":false},"author":1,"featured_media":86338,"comment_status":"open","ping_status":"closed","sticky":false,"template":"","format":"standard","meta":{"_eb_attr":"","footnotes":""},"categories":[105],"tags":[],"class_list":["post-66238","post","type-post","status-publish","format-standard","has-post-thumbnail","hentry","category-speeches"],"yoast_head":"<!-- This site is optimized with the Yoast SEO plugin v23.5 - https:\/\/yoast.com\/wordpress\/plugins\/seo\/ -->\n<title>President Osmani&#039;s address at the 100th anniversary of the founding of the Paneuropa movement in Vienna - President of the Republic of Kosovo - DR. VJOSA OSMANI - SADRIU<\/title>\n<meta name=\"description\" content=\"President Osmani&#039;s address at the 100th anniversary of the founding of the Paneuropa movement in Vienna - President of the Republic of Kosovo - DR. VJOSA OSMANI - SADRIU -\" \/>\n<meta name=\"robots\" content=\"index, follow, max-snippet:-1, max-image-preview:large, max-video-preview:-1\" \/>\n<link rel=\"canonical\" href=\"https:\/\/president-ksgov.net\/en\/president-osmanis-address-at-the-100th-anniversary-of-the-founding-of-the-paneuropa-movement-in-vienna-2\/\" \/>\n<meta property=\"og:locale\" content=\"en_US\" \/>\n<meta property=\"og:type\" content=\"article\" \/>\n<meta property=\"og:title\" content=\"President Osmani&#039;s address at the 100th anniversary of the founding of the Paneuropa movement in Vienna - President of the Republic of Kosovo - DR. VJOSA OSMANI - SADRIU\" \/>\n<meta property=\"og:description\" content=\"President Osmani&#039;s address at the 100th anniversary of the founding of the Paneuropa movement in Vienna - President of the Republic of Kosovo - DR. VJOSA OSMANI - SADRIU -\" \/>\n<meta property=\"og:url\" content=\"https:\/\/president-ksgov.net\/en\/president-osmanis-address-at-the-100th-anniversary-of-the-founding-of-the-paneuropa-movement-in-vienna-2\/\" \/>\n<meta property=\"og:site_name\" content=\"President of the Republic of Kosovo - DR. VJOSA OSMANI - SADRIU\" \/>\n<meta property=\"article:published_time\" content=\"2022-11-18T10:18:32+00:00\" \/>\n<meta property=\"article:modified_time\" content=\"2023-06-07T12:49:12+00:00\" \/>\n<meta property=\"og:image\" content=\"https:\/\/president-ksgov.net\/wp-content\/uploads\/Zyra-e-Presidentes-Featured-Image1-e1678970937938.png\" \/>\n\t<meta property=\"og:image:width\" content=\"1024\" \/>\n\t<meta property=\"og:image:height\" content=\"716\" \/>\n\t<meta property=\"og:image:type\" content=\"image\/png\" \/>\n<meta name=\"author\" content=\"admin\" \/>\n<meta name=\"twitter:card\" content=\"summary_large_image\" \/>\n<meta name=\"twitter:label1\" content=\"Written by\" \/>\n\t<meta name=\"twitter:data1\" content=\"admin\" \/>\n\t<meta name=\"twitter:label2\" content=\"Est. reading time\" \/>\n\t<meta name=\"twitter:data2\" content=\"1 minute\" \/>\n<script type=\"application\/ld+json\" class=\"yoast-schema-graph\">{\"@context\":\"https:\/\/schema.org\",\"@graph\":[{\"@type\":\"WebPage\",\"@id\":\"https:\/\/president-ksgov.net\/en\/president-osmanis-address-at-the-100th-anniversary-of-the-founding-of-the-paneuropa-movement-in-vienna-2\/\",\"url\":\"https:\/\/president-ksgov.net\/en\/president-osmanis-address-at-the-100th-anniversary-of-the-founding-of-the-paneuropa-movement-in-vienna-2\/\",\"name\":\"President Osmani's address at the 100th anniversary of the founding of the Paneuropa movement in Vienna - President of the Republic of Kosovo - DR. VJOSA OSMANI - SADRIU\",\"isPartOf\":{\"@id\":\"https:\/\/president-ksgov.net\/#website\"},\"primaryImageOfPage\":{\"@id\":\"https:\/\/president-ksgov.net\/en\/president-osmanis-address-at-the-100th-anniversary-of-the-founding-of-the-paneuropa-movement-in-vienna-2\/#primaryimage\"},\"image\":{\"@id\":\"https:\/\/president-ksgov.net\/en\/president-osmanis-address-at-the-100th-anniversary-of-the-founding-of-the-paneuropa-movement-in-vienna-2\/#primaryimage\"},\"thumbnailUrl\":\"https:\/\/president-ksgov.net\/wp-content\/uploads\/Zyra-e-Presidentes-Featured-Image1-e1678970937938.png\",\"datePublished\":\"2022-11-18T10:18:32+00:00\",\"dateModified\":\"2023-06-07T12:49:12+00:00\",\"author\":{\"@id\":\"https:\/\/president-ksgov.net\/#\/schema\/person\/bb4337a5fb147cb2046d80548172cbee\"},\"description\":\"President Osmani's address at the 100th anniversary of the founding of the Paneuropa movement in Vienna - President of the Republic of Kosovo - DR. VJOSA OSMANI - SADRIU -\",\"breadcrumb\":{\"@id\":\"https:\/\/president-ksgov.net\/en\/president-osmanis-address-at-the-100th-anniversary-of-the-founding-of-the-paneuropa-movement-in-vienna-2\/#breadcrumb\"},\"inLanguage\":\"en-US\",\"potentialAction\":[{\"@type\":\"ReadAction\",\"target\":[\"https:\/\/president-ksgov.net\/en\/president-osmanis-address-at-the-100th-anniversary-of-the-founding-of-the-paneuropa-movement-in-vienna-2\/\"]}]},{\"@type\":\"ImageObject\",\"inLanguage\":\"en-US\",\"@id\":\"https:\/\/president-ksgov.net\/en\/president-osmanis-address-at-the-100th-anniversary-of-the-founding-of-the-paneuropa-movement-in-vienna-2\/#primaryimage\",\"url\":\"https:\/\/president-ksgov.net\/wp-content\/uploads\/Zyra-e-Presidentes-Featured-Image1-e1678970937938.png\",\"contentUrl\":\"https:\/\/president-ksgov.net\/wp-content\/uploads\/Zyra-e-Presidentes-Featured-Image1-e1678970937938.png\",\"width\":1024,\"height\":716},{\"@type\":\"BreadcrumbList\",\"@id\":\"https:\/\/president-ksgov.net\/en\/president-osmanis-address-at-the-100th-anniversary-of-the-founding-of-the-paneuropa-movement-in-vienna-2\/#breadcrumb\",\"itemListElement\":[{\"@type\":\"ListItem\",\"position\":1,\"name\":\"Home\",\"item\":\"https:\/\/president-ksgov.net\/en\/\"},{\"@type\":\"ListItem\",\"position\":2,\"name\":\"President Osmani&#8217;s address at the 100th anniversary of the founding of the Paneuropa movement in Vienna\"}]},{\"@type\":\"WebSite\",\"@id\":\"https:\/\/president-ksgov.net\/#website\",\"url\":\"https:\/\/president-ksgov.net\/\",\"name\":\"Presidente e Republik\u00ebs s\u00eb Kosov\u00ebs\",\"description\":\"Presidente e Republik\u00ebs s\u00eb Kosov\u00ebs\",\"alternateName\":\"DR. VJOSA OSMANI - SADRIU\",\"potentialAction\":[{\"@type\":\"SearchAction\",\"target\":{\"@type\":\"EntryPoint\",\"urlTemplate\":\"https:\/\/president-ksgov.net\/?s={search_term_string}\"},\"query-input\":{\"@type\":\"PropertyValueSpecification\",\"valueRequired\":true,\"valueName\":\"search_term_string\"}}],\"inLanguage\":\"en-US\"},{\"@type\":\"Person\",\"@id\":\"https:\/\/president-ksgov.net\/#\/schema\/person\/bb4337a5fb147cb2046d80548172cbee\",\"name\":\"admin\",\"image\":{\"@type\":\"ImageObject\",\"inLanguage\":\"en-US\",\"@id\":\"https:\/\/president-ksgov.net\/#\/schema\/person\/image\/\",\"url\":\"https:\/\/secure.gravatar.com\/avatar\/36156ca0fa3b8d9d25174f146e16beea0cf28f37adf1b9e19b6c9c279a7c9dd3?s=96&d=mm&r=g\",\"contentUrl\":\"https:\/\/secure.gravatar.com\/avatar\/36156ca0fa3b8d9d25174f146e16beea0cf28f37adf1b9e19b6c9c279a7c9dd3?s=96&d=mm&r=g\",\"caption\":\"admin\"},\"sameAs\":[\"https:\/\/president-ksgov.net\"]}]}<\/script>\n<!-- \/ Yoast SEO plugin. -->","yoast_head_json":{"title":"President Osmani's address at the 100th anniversary of the founding of the Paneuropa movement in Vienna - President of the Republic of Kosovo - DR. VJOSA OSMANI - SADRIU","description":"President Osmani's address at the 100th anniversary of the founding of the Paneuropa movement in Vienna - President of the Republic of Kosovo - DR. VJOSA OSMANI - SADRIU -","robots":{"index":"index","follow":"follow","max-snippet":"max-snippet:-1","max-image-preview":"max-image-preview:large","max-video-preview":"max-video-preview:-1"},"canonical":"https:\/\/president-ksgov.net\/en\/president-osmanis-address-at-the-100th-anniversary-of-the-founding-of-the-paneuropa-movement-in-vienna-2\/","og_locale":"en_US","og_type":"article","og_title":"President Osmani's address at the 100th anniversary of the founding of the Paneuropa movement in Vienna - President of the Republic of Kosovo - DR. VJOSA OSMANI - SADRIU","og_description":"President Osmani's address at the 100th anniversary of the founding of the Paneuropa movement in Vienna - President of the Republic of Kosovo - DR. VJOSA OSMANI - SADRIU -","og_url":"https:\/\/president-ksgov.net\/en\/president-osmanis-address-at-the-100th-anniversary-of-the-founding-of-the-paneuropa-movement-in-vienna-2\/","og_site_name":"President of the Republic of Kosovo - DR. VJOSA OSMANI - SADRIU","article_published_time":"2022-11-18T10:18:32+00:00","article_modified_time":"2023-06-07T12:49:12+00:00","og_image":[{"width":1024,"height":716,"url":"https:\/\/president-ksgov.net\/wp-content\/uploads\/Zyra-e-Presidentes-Featured-Image1-e1678970937938.png","type":"image\/png"}],"author":"admin","twitter_card":"summary_large_image","twitter_misc":{"Written by":"admin","Est. reading time":"1 minute"},"schema":{"@context":"https:\/\/schema.org","@graph":[{"@type":"WebPage","@id":"https:\/\/president-ksgov.net\/en\/president-osmanis-address-at-the-100th-anniversary-of-the-founding-of-the-paneuropa-movement-in-vienna-2\/","url":"https:\/\/president-ksgov.net\/en\/president-osmanis-address-at-the-100th-anniversary-of-the-founding-of-the-paneuropa-movement-in-vienna-2\/","name":"President Osmani's address at the 100th anniversary of the founding of the Paneuropa movement in Vienna - President of the Republic of Kosovo - DR. VJOSA OSMANI - SADRIU","isPartOf":{"@id":"https:\/\/president-ksgov.net\/#website"},"primaryImageOfPage":{"@id":"https:\/\/president-ksgov.net\/en\/president-osmanis-address-at-the-100th-anniversary-of-the-founding-of-the-paneuropa-movement-in-vienna-2\/#primaryimage"},"image":{"@id":"https:\/\/president-ksgov.net\/en\/president-osmanis-address-at-the-100th-anniversary-of-the-founding-of-the-paneuropa-movement-in-vienna-2\/#primaryimage"},"thumbnailUrl":"https:\/\/president-ksgov.net\/wp-content\/uploads\/Zyra-e-Presidentes-Featured-Image1-e1678970937938.png","datePublished":"2022-11-18T10:18:32+00:00","dateModified":"2023-06-07T12:49:12+00:00","author":{"@id":"https:\/\/president-ksgov.net\/#\/schema\/person\/bb4337a5fb147cb2046d80548172cbee"},"description":"President Osmani's address at the 100th anniversary of the founding of the Paneuropa movement in Vienna - President of the Republic of Kosovo - DR. VJOSA OSMANI - SADRIU -","breadcrumb":{"@id":"https:\/\/president-ksgov.net\/en\/president-osmanis-address-at-the-100th-anniversary-of-the-founding-of-the-paneuropa-movement-in-vienna-2\/#breadcrumb"},"inLanguage":"en-US","potentialAction":[{"@type":"ReadAction","target":["https:\/\/president-ksgov.net\/en\/president-osmanis-address-at-the-100th-anniversary-of-the-founding-of-the-paneuropa-movement-in-vienna-2\/"]}]},{"@type":"ImageObject","inLanguage":"en-US","@id":"https:\/\/president-ksgov.net\/en\/president-osmanis-address-at-the-100th-anniversary-of-the-founding-of-the-paneuropa-movement-in-vienna-2\/#primaryimage","url":"https:\/\/president-ksgov.net\/wp-content\/uploads\/Zyra-e-Presidentes-Featured-Image1-e1678970937938.png","contentUrl":"https:\/\/president-ksgov.net\/wp-content\/uploads\/Zyra-e-Presidentes-Featured-Image1-e1678970937938.png","width":1024,"height":716},{"@type":"BreadcrumbList","@id":"https:\/\/president-ksgov.net\/en\/president-osmanis-address-at-the-100th-anniversary-of-the-founding-of-the-paneuropa-movement-in-vienna-2\/#breadcrumb","itemListElement":[{"@type":"ListItem","position":1,"name":"Home","item":"https:\/\/president-ksgov.net\/en\/"},{"@type":"ListItem","position":2,"name":"President Osmani&#8217;s address at the 100th anniversary of the founding of the Paneuropa movement in Vienna"}]},{"@type":"WebSite","@id":"https:\/\/president-ksgov.net\/#website","url":"https:\/\/president-ksgov.net\/","name":"Presidente e Republik\u00ebs s\u00eb Kosov\u00ebs","description":"Presidente e Republik\u00ebs s\u00eb Kosov\u00ebs","alternateName":"DR. VJOSA OSMANI - SADRIU","potentialAction":[{"@type":"SearchAction","target":{"@type":"EntryPoint","urlTemplate":"https:\/\/president-ksgov.net\/?s={search_term_string}"},"query-input":{"@type":"PropertyValueSpecification","valueRequired":true,"valueName":"search_term_string"}}],"inLanguage":"en-US"},{"@type":"Person","@id":"https:\/\/president-ksgov.net\/#\/schema\/person\/bb4337a5fb147cb2046d80548172cbee","name":"admin","image":{"@type":"ImageObject","inLanguage":"en-US","@id":"https:\/\/president-ksgov.net\/#\/schema\/person\/image\/","url":"https:\/\/secure.gravatar.com\/avatar\/36156ca0fa3b8d9d25174f146e16beea0cf28f37adf1b9e19b6c9c279a7c9dd3?s=96&d=mm&r=g","contentUrl":"https:\/\/secure.gravatar.com\/avatar\/36156ca0fa3b8d9d25174f146e16beea0cf28f37adf1b9e19b6c9c279a7c9dd3?s=96&d=mm&r=g","caption":"admin"},"sameAs":["https:\/\/president-ksgov.net"]}]}},"_links":{"self":[{"href":"https:\/\/president-ksgov.net\/en\/wp-json\/wp\/v2\/posts\/66238","targetHints":{"allow":["GET"]}}],"collection":[{"href":"https:\/\/president-ksgov.net\/en\/wp-json\/wp\/v2\/posts"}],"about":[{"href":"https:\/\/president-ksgov.net\/en\/wp-json\/wp\/v2\/types\/post"}],"author":[{"embeddable":true,"href":"https:\/\/president-ksgov.net\/en\/wp-json\/wp\/v2\/users\/1"}],"replies":[{"embeddable":true,"href":"https:\/\/president-ksgov.net\/en\/wp-json\/wp\/v2\/comments?post=66238"}],"version-history":[{"count":3,"href":"https:\/\/president-ksgov.net\/en\/wp-json\/wp\/v2\/posts\/66238\/revisions"}],"predecessor-version":[{"id":91950,"href":"https:\/\/president-ksgov.net\/en\/wp-json\/wp\/v2\/posts\/66238\/revisions\/91950"}],"wp:featuredmedia":[{"embeddable":true,"href":"https:\/\/president-ksgov.net\/en\/wp-json\/wp\/v2\/media\/86338"}],"wp:attachment":[{"href":"https:\/\/president-ksgov.net\/en\/wp-json\/wp\/v2\/media?parent=66238"}],"wp:term":[{"taxonomy":"category","embeddable":true,"href":"https:\/\/president-ksgov.net\/en\/wp-json\/wp\/v2\/categories?post=66238"},{"taxonomy":"post_tag","embeddable":true,"href":"https:\/\/president-ksgov.net\/en\/wp-json\/wp\/v2\/tags?post=66238"}],"curies":[{"name":"wp","href":"https:\/\/api.w.org\/{rel}","templated":true}]}}