{"id":66162,"date":"2022-12-12T16:37:14","date_gmt":"2022-12-12T16:37:14","guid":{"rendered":"https:\/\/dev.president-ksgov.net\/president-osmani-met-with-the-special-envoy-of-the-united-states-of-america-for-the-western-balkans-mr-gabriel-escobar\/"},"modified":"2023-03-07T08:35:25","modified_gmt":"2023-03-07T08:35:25","slug":"president-osmani-met-with-the-special-envoy-of-the-united-states-of-america-for-the-western-balkans-mr-gabriel-escobar","status":"publish","type":"post","link":"https:\/\/president-ksgov.net\/en\/president-osmani-met-with-the-special-envoy-of-the-united-states-of-america-for-the-western-balkans-mr-gabriel-escobar\/","title":{"rendered":"President Osmani met with the special envoy of the United States of America for the Western Balkans Mr. Gabriel Escobar"},"content":{"rendered":"<p>The President of the Republic of Kosovo Vjosa Osmani received the special envoy of the United States of America for the Western Balkans, Mr. Gabriel Escobar.<\/p>\n<p>President Osmani expressed her gratitude for the clear message the United States of America conveyed yesterday, regarding the recent developments in the north of the country and the request for the immediate removal of barricades and the cessation of threats and intimidation of local citizens, as well as attacks on Kosovo Police, officials of the electoral commission and of the EULEX mission in Kosovo.<\/p>\n<p>The latest developments in the country and in the region were discussed at the meeting. President Osmani emphasized the urgent need for the removal of the barricades in the north of the country, placed by illegal structures organized into criminal gangs and directed by Vucic.<\/p>\n<p>She potentiated that the attacks on the institutions of the Republic of Kosovo and international institutions are crimes for which the perpetrators of these attacks must urgently be brought to face justice.<\/p>\n<p>At the meeting with emissary Escobar, President Osmani emphasized that Kosovo continues to be a constructive party of the dialogue process and that Serbia&#039;s actions are an attempt to undermine the dialogue on mutual recognition.<\/p>\n<p>Ways to further advance the relations between the Republic of Kosovo and the USA, and in particular, the request made by President Osmani in June 2022 for the commencement of the strategic dialogue between the two states, as well as the integration of Kosovo into the Euro-Atlantic structures were also discussed at the meeting.<\/p>\n","protected":false},"excerpt":{"rendered":"<p>The President of the Republic of Kosovo Vjosa Osmani received the special envoy of the United States of America for the Western Balkans, Mr. Gabriel Escobar.<\/p>\n","protected":false},"author":1,"featured_media":9196,"comment_status":"open","ping_status":"closed","sticky":false,"template":"","format":"standard","meta":{"_eb_attr":"","footnotes":""},"categories":[111],"tags":[],"class_list":["post-66162","post","type-post","status-publish","format-standard","has-post-thumbnail","hentry","category-news"],"yoast_head":"<!-- This site is optimized with the Yoast SEO plugin v23.5 - https:\/\/yoast.com\/wordpress\/plugins\/seo\/ -->\n<title>President Osmani met with the special envoy of the United States of America for the Western Balkans Mr. Gabriel Escobar - President of the Republic of Kosovo - DR. VJOSA OSMANI - SADRIU<\/title>\n<meta name=\"description\" content=\"President Osmani met with the special envoy of the United States of America for the Western Balkans Mr. Gabriel Escobar - President of the Republic of Kosovo - DR. VJOSA OSMANI - SADRIU -\" \/>\n<meta name=\"robots\" content=\"index, follow, max-snippet:-1, max-image-preview:large, max-video-preview:-1\" \/>\n<link rel=\"canonical\" href=\"https:\/\/president-ksgov.net\/en\/president-osmani-met-with-the-special-envoy-of-the-united-states-of-america-for-the-western-balkans-mr-gabriel-escobar\/\" \/>\n<meta property=\"og:locale\" content=\"en_US\" \/>\n<meta property=\"og:type\" content=\"article\" \/>\n<meta property=\"og:title\" content=\"President Osmani met with the special envoy of the United States of America for the Western Balkans Mr. Gabriel Escobar - President of the Republic of Kosovo - DR. VJOSA OSMANI - SADRIU\" \/>\n<meta property=\"og:description\" content=\"President Osmani met with the special envoy of the United States of America for the Western Balkans Mr. Gabriel Escobar - President of the Republic of Kosovo - DR. VJOSA OSMANI - SADRIU -\" \/>\n<meta property=\"og:url\" content=\"https:\/\/president-ksgov.net\/en\/president-osmani-met-with-the-special-envoy-of-the-united-states-of-america-for-the-western-balkans-mr-gabriel-escobar\/\" \/>\n<meta property=\"og:site_name\" content=\"President of the Republic of Kosovo - DR. VJOSA OSMANI - SADRIU\" \/>\n<meta property=\"article:published_time\" content=\"2022-12-12T16:37:14+00:00\" \/>\n<meta property=\"article:modified_time\" content=\"2023-03-07T08:35:25+00:00\" \/>\n<meta property=\"og:image\" content=\"https:\/\/president-ksgov.net\/wp-content\/uploads\/2023\/03\/12_12_2022_217227_1-scaled.jpg\" \/>\n\t<meta property=\"og:image:width\" content=\"2560\" \/>\n\t<meta property=\"og:image:height\" content=\"1707\" \/>\n\t<meta property=\"og:image:type\" content=\"image\/jpeg\" \/>\n<meta name=\"author\" content=\"admin\" \/>\n<meta name=\"twitter:card\" content=\"summary_large_image\" \/>\n<meta name=\"twitter:label1\" content=\"Written by\" \/>\n\t<meta name=\"twitter:data1\" content=\"admin\" \/>\n\t<meta name=\"twitter:label2\" content=\"Est. reading time\" \/>\n\t<meta name=\"twitter:data2\" content=\"1 minute\" \/>\n<script type=\"application\/ld+json\" class=\"yoast-schema-graph\">{\"@context\":\"https:\/\/schema.org\",\"@graph\":[{\"@type\":\"WebPage\",\"@id\":\"https:\/\/president-ksgov.net\/en\/president-osmani-met-with-the-special-envoy-of-the-united-states-of-america-for-the-western-balkans-mr-gabriel-escobar\/\",\"url\":\"https:\/\/president-ksgov.net\/en\/president-osmani-met-with-the-special-envoy-of-the-united-states-of-america-for-the-western-balkans-mr-gabriel-escobar\/\",\"name\":\"President Osmani met with the special envoy of the United States of America for the Western Balkans Mr. Gabriel Escobar - President of the Republic of Kosovo - DR. VJOSA OSMANI - SADRIU\",\"isPartOf\":{\"@id\":\"https:\/\/president-ksgov.net\/#website\"},\"primaryImageOfPage\":{\"@id\":\"https:\/\/president-ksgov.net\/en\/president-osmani-met-with-the-special-envoy-of-the-united-states-of-america-for-the-western-balkans-mr-gabriel-escobar\/#primaryimage\"},\"image\":{\"@id\":\"https:\/\/president-ksgov.net\/en\/president-osmani-met-with-the-special-envoy-of-the-united-states-of-america-for-the-western-balkans-mr-gabriel-escobar\/#primaryimage\"},\"thumbnailUrl\":\"https:\/\/president-ksgov.net\/wp-content\/uploads\/2023\/03\/12_12_2022_217227_1-scaled.jpg\",\"datePublished\":\"2022-12-12T16:37:14+00:00\",\"dateModified\":\"2023-03-07T08:35:25+00:00\",\"author\":{\"@id\":\"https:\/\/president-ksgov.net\/#\/schema\/person\/bb4337a5fb147cb2046d80548172cbee\"},\"description\":\"President Osmani met with the special envoy of the United States of America for the Western Balkans Mr. Gabriel Escobar - President of the Republic of Kosovo - DR. VJOSA OSMANI - SADRIU -\",\"breadcrumb\":{\"@id\":\"https:\/\/president-ksgov.net\/en\/president-osmani-met-with-the-special-envoy-of-the-united-states-of-america-for-the-western-balkans-mr-gabriel-escobar\/#breadcrumb\"},\"inLanguage\":\"en-US\",\"potentialAction\":[{\"@type\":\"ReadAction\",\"target\":[\"https:\/\/president-ksgov.net\/en\/president-osmani-met-with-the-special-envoy-of-the-united-states-of-america-for-the-western-balkans-mr-gabriel-escobar\/\"]}]},{\"@type\":\"ImageObject\",\"inLanguage\":\"en-US\",\"@id\":\"https:\/\/president-ksgov.net\/en\/president-osmani-met-with-the-special-envoy-of-the-united-states-of-america-for-the-western-balkans-mr-gabriel-escobar\/#primaryimage\",\"url\":\"https:\/\/president-ksgov.net\/wp-content\/uploads\/2023\/03\/12_12_2022_217227_1-scaled.jpg\",\"contentUrl\":\"https:\/\/president-ksgov.net\/wp-content\/uploads\/2023\/03\/12_12_2022_217227_1-scaled.jpg\",\"width\":2560,\"height\":1707},{\"@type\":\"BreadcrumbList\",\"@id\":\"https:\/\/president-ksgov.net\/en\/president-osmani-met-with-the-special-envoy-of-the-united-states-of-america-for-the-western-balkans-mr-gabriel-escobar\/#breadcrumb\",\"itemListElement\":[{\"@type\":\"ListItem\",\"position\":1,\"name\":\"Home\",\"item\":\"https:\/\/president-ksgov.net\/en\/\"},{\"@type\":\"ListItem\",\"position\":2,\"name\":\"President Osmani met with the special envoy of the United States of America for the Western Balkans Mr. Gabriel Escobar\"}]},{\"@type\":\"WebSite\",\"@id\":\"https:\/\/president-ksgov.net\/#website\",\"url\":\"https:\/\/president-ksgov.net\/\",\"name\":\"Presidente e Republik\u00ebs s\u00eb Kosov\u00ebs\",\"description\":\"Presidente e Republik\u00ebs s\u00eb Kosov\u00ebs\",\"alternateName\":\"DR. VJOSA OSMANI - SADRIU\",\"potentialAction\":[{\"@type\":\"SearchAction\",\"target\":{\"@type\":\"EntryPoint\",\"urlTemplate\":\"https:\/\/president-ksgov.net\/?s={search_term_string}\"},\"query-input\":{\"@type\":\"PropertyValueSpecification\",\"valueRequired\":true,\"valueName\":\"search_term_string\"}}],\"inLanguage\":\"en-US\"},{\"@type\":\"Person\",\"@id\":\"https:\/\/president-ksgov.net\/#\/schema\/person\/bb4337a5fb147cb2046d80548172cbee\",\"name\":\"admin\",\"image\":{\"@type\":\"ImageObject\",\"inLanguage\":\"en-US\",\"@id\":\"https:\/\/president-ksgov.net\/#\/schema\/person\/image\/\",\"url\":\"https:\/\/secure.gravatar.com\/avatar\/36156ca0fa3b8d9d25174f146e16beea0cf28f37adf1b9e19b6c9c279a7c9dd3?s=96&d=mm&r=g\",\"contentUrl\":\"https:\/\/secure.gravatar.com\/avatar\/36156ca0fa3b8d9d25174f146e16beea0cf28f37adf1b9e19b6c9c279a7c9dd3?s=96&d=mm&r=g\",\"caption\":\"admin\"},\"sameAs\":[\"https:\/\/president-ksgov.net\"]}]}<\/script>\n<!-- \/ Yoast SEO plugin. -->","yoast_head_json":{"title":"President Osmani met with the special envoy of the United States of America for the Western Balkans Mr. Gabriel Escobar - President of the Republic of Kosovo - DR. VJOSA OSMANI - SADRIU","description":"President Osmani met with the special envoy of the United States of America for the Western Balkans Mr. Gabriel Escobar - President of the Republic of Kosovo - DR. VJOSA OSMANI - SADRIU -","robots":{"index":"index","follow":"follow","max-snippet":"max-snippet:-1","max-image-preview":"max-image-preview:large","max-video-preview":"max-video-preview:-1"},"canonical":"https:\/\/president-ksgov.net\/en\/president-osmani-met-with-the-special-envoy-of-the-united-states-of-america-for-the-western-balkans-mr-gabriel-escobar\/","og_locale":"en_US","og_type":"article","og_title":"President Osmani met with the special envoy of the United States of America for the Western Balkans Mr. Gabriel Escobar - President of the Republic of Kosovo - DR. VJOSA OSMANI - SADRIU","og_description":"President Osmani met with the special envoy of the United States of America for the Western Balkans Mr. Gabriel Escobar - President of the Republic of Kosovo - DR. VJOSA OSMANI - SADRIU -","og_url":"https:\/\/president-ksgov.net\/en\/president-osmani-met-with-the-special-envoy-of-the-united-states-of-america-for-the-western-balkans-mr-gabriel-escobar\/","og_site_name":"President of the Republic of Kosovo - DR. VJOSA OSMANI - SADRIU","article_published_time":"2022-12-12T16:37:14+00:00","article_modified_time":"2023-03-07T08:35:25+00:00","og_image":[{"width":2560,"height":1707,"url":"https:\/\/president-ksgov.net\/wp-content\/uploads\/2023\/03\/12_12_2022_217227_1-scaled.jpg","type":"image\/jpeg"}],"author":"admin","twitter_card":"summary_large_image","twitter_misc":{"Written by":"admin","Est. reading time":"1 minute"},"schema":{"@context":"https:\/\/schema.org","@graph":[{"@type":"WebPage","@id":"https:\/\/president-ksgov.net\/en\/president-osmani-met-with-the-special-envoy-of-the-united-states-of-america-for-the-western-balkans-mr-gabriel-escobar\/","url":"https:\/\/president-ksgov.net\/en\/president-osmani-met-with-the-special-envoy-of-the-united-states-of-america-for-the-western-balkans-mr-gabriel-escobar\/","name":"President Osmani met with the special envoy of the United States of America for the Western Balkans Mr. Gabriel Escobar - President of the Republic of Kosovo - DR. VJOSA OSMANI - SADRIU","isPartOf":{"@id":"https:\/\/president-ksgov.net\/#website"},"primaryImageOfPage":{"@id":"https:\/\/president-ksgov.net\/en\/president-osmani-met-with-the-special-envoy-of-the-united-states-of-america-for-the-western-balkans-mr-gabriel-escobar\/#primaryimage"},"image":{"@id":"https:\/\/president-ksgov.net\/en\/president-osmani-met-with-the-special-envoy-of-the-united-states-of-america-for-the-western-balkans-mr-gabriel-escobar\/#primaryimage"},"thumbnailUrl":"https:\/\/president-ksgov.net\/wp-content\/uploads\/2023\/03\/12_12_2022_217227_1-scaled.jpg","datePublished":"2022-12-12T16:37:14+00:00","dateModified":"2023-03-07T08:35:25+00:00","author":{"@id":"https:\/\/president-ksgov.net\/#\/schema\/person\/bb4337a5fb147cb2046d80548172cbee"},"description":"President Osmani met with the special envoy of the United States of America for the Western Balkans Mr. Gabriel Escobar - President of the Republic of Kosovo - DR. VJOSA OSMANI - SADRIU -","breadcrumb":{"@id":"https:\/\/president-ksgov.net\/en\/president-osmani-met-with-the-special-envoy-of-the-united-states-of-america-for-the-western-balkans-mr-gabriel-escobar\/#breadcrumb"},"inLanguage":"en-US","potentialAction":[{"@type":"ReadAction","target":["https:\/\/president-ksgov.net\/en\/president-osmani-met-with-the-special-envoy-of-the-united-states-of-america-for-the-western-balkans-mr-gabriel-escobar\/"]}]},{"@type":"ImageObject","inLanguage":"en-US","@id":"https:\/\/president-ksgov.net\/en\/president-osmani-met-with-the-special-envoy-of-the-united-states-of-america-for-the-western-balkans-mr-gabriel-escobar\/#primaryimage","url":"https:\/\/president-ksgov.net\/wp-content\/uploads\/2023\/03\/12_12_2022_217227_1-scaled.jpg","contentUrl":"https:\/\/president-ksgov.net\/wp-content\/uploads\/2023\/03\/12_12_2022_217227_1-scaled.jpg","width":2560,"height":1707},{"@type":"BreadcrumbList","@id":"https:\/\/president-ksgov.net\/en\/president-osmani-met-with-the-special-envoy-of-the-united-states-of-america-for-the-western-balkans-mr-gabriel-escobar\/#breadcrumb","itemListElement":[{"@type":"ListItem","position":1,"name":"Home","item":"https:\/\/president-ksgov.net\/en\/"},{"@type":"ListItem","position":2,"name":"President Osmani met with the special envoy of the United States of America for the Western Balkans Mr. Gabriel Escobar"}]},{"@type":"WebSite","@id":"https:\/\/president-ksgov.net\/#website","url":"https:\/\/president-ksgov.net\/","name":"Presidente e Republik\u00ebs s\u00eb Kosov\u00ebs","description":"Presidente e Republik\u00ebs s\u00eb Kosov\u00ebs","alternateName":"DR. VJOSA OSMANI - SADRIU","potentialAction":[{"@type":"SearchAction","target":{"@type":"EntryPoint","urlTemplate":"https:\/\/president-ksgov.net\/?s={search_term_string}"},"query-input":{"@type":"PropertyValueSpecification","valueRequired":true,"valueName":"search_term_string"}}],"inLanguage":"en-US"},{"@type":"Person","@id":"https:\/\/president-ksgov.net\/#\/schema\/person\/bb4337a5fb147cb2046d80548172cbee","name":"admin","image":{"@type":"ImageObject","inLanguage":"en-US","@id":"https:\/\/president-ksgov.net\/#\/schema\/person\/image\/","url":"https:\/\/secure.gravatar.com\/avatar\/36156ca0fa3b8d9d25174f146e16beea0cf28f37adf1b9e19b6c9c279a7c9dd3?s=96&d=mm&r=g","contentUrl":"https:\/\/secure.gravatar.com\/avatar\/36156ca0fa3b8d9d25174f146e16beea0cf28f37adf1b9e19b6c9c279a7c9dd3?s=96&d=mm&r=g","caption":"admin"},"sameAs":["https:\/\/president-ksgov.net"]}]}},"_links":{"self":[{"href":"https:\/\/president-ksgov.net\/en\/wp-json\/wp\/v2\/posts\/66162","targetHints":{"allow":["GET"]}}],"collection":[{"href":"https:\/\/president-ksgov.net\/en\/wp-json\/wp\/v2\/posts"}],"about":[{"href":"https:\/\/president-ksgov.net\/en\/wp-json\/wp\/v2\/types\/post"}],"author":[{"embeddable":true,"href":"https:\/\/president-ksgov.net\/en\/wp-json\/wp\/v2\/users\/1"}],"replies":[{"embeddable":true,"href":"https:\/\/president-ksgov.net\/en\/wp-json\/wp\/v2\/comments?post=66162"}],"version-history":[{"count":0,"href":"https:\/\/president-ksgov.net\/en\/wp-json\/wp\/v2\/posts\/66162\/revisions"}],"wp:featuredmedia":[{"embeddable":true,"href":"https:\/\/president-ksgov.net\/en\/wp-json\/wp\/v2\/media\/9196"}],"wp:attachment":[{"href":"https:\/\/president-ksgov.net\/en\/wp-json\/wp\/v2\/media?parent=66162"}],"wp:term":[{"taxonomy":"category","embeddable":true,"href":"https:\/\/president-ksgov.net\/en\/wp-json\/wp\/v2\/categories?post=66162"},{"taxonomy":"post_tag","embeddable":true,"href":"https:\/\/president-ksgov.net\/en\/wp-json\/wp\/v2\/tags?post=66162"}],"curies":[{"name":"wp","href":"https:\/\/api.w.org\/{rel}","templated":true}]}}