{"id":66109,"date":"2023-01-10T19:47:22","date_gmt":"2023-01-10T18:47:22","guid":{"rendered":"https:\/\/dev.president-ksgov.net\/president-osmani-received-the-representatives-of-the-central-commission-on-population-and-housing-census\/"},"modified":"2023-03-07T08:33:30","modified_gmt":"2023-03-07T08:33:30","slug":"president-osmani-received-the-representatives-of-the-central-commission-on-population-and-housing-census","status":"publish","type":"post","link":"https:\/\/president-ksgov.net\/en\/president-osmani-received-the-representatives-of-the-central-commission-on-population-and-housing-census\/","title":{"rendered":"President Osmani received the representatives of the Central Commission on Population and Housing Census"},"content":{"rendered":"<p>On the eve of the commencement of the population and housing census project in the Republic of Kosovo, President Vjosa Osmani received the representatives of the Central Commission for Population and Housing Census.<\/p>\n<p>The draft questionnaire prepared by the commission, which will be used for the population and housing census project in September and October of this year was presented at the meeting.<\/p>\n<p>On this occasion, President Osmani emphasized the importance of carrying out the registration and demanded that this project be carried out in accordance with the highest European standards. Furthermore, she also pointed out the importance of inclusiveness, as well as the suitability of the questionnaire with the relevant indicators for measuring the progress of the implementation of the Sustainable Development Goals. President Osmani estimated that the updated and comprehensive statistics contribute to the compilation of the best policies that address important socio-economic issues in the country.<\/p>\n<p>President Osmani confirmed the readiness for cooperation and full support of this project, as well as for other initiatives and projects carried out by the Kosovo Statistics Agency.<\/p>\n<p>\u00a0<\/p>\n","protected":false},"excerpt":{"rendered":"<p>On the eve of the commencement of the population and housing census project in the Republic of Kosovo, President Vjosa Osmani received the representatives of the Central Commission for Population and Housing Census.<\/p>\n","protected":false},"author":1,"featured_media":8656,"comment_status":"closed","ping_status":"closed","sticky":false,"template":"","format":"standard","meta":{"_eb_attr":"","footnotes":""},"categories":[111],"tags":[],"class_list":["post-66109","post","type-post","status-publish","format-standard","has-post-thumbnail","hentry","category-news"],"yoast_head":"<!-- This site is optimized with the Yoast SEO plugin v23.5 - https:\/\/yoast.com\/wordpress\/plugins\/seo\/ -->\n<title>President Osmani received the representatives of the Central Commission on Population and Housing Census - President of the Republic of Kosovo - DR. VJOSA OSMANI - SADRIU<\/title>\n<meta name=\"description\" content=\"President Osmani received the representatives of the Central Commission on Population and Housing Census - President of the Republic of Kosovo - DR. VJOSA OSMANI - SADRIU -\" \/>\n<meta name=\"robots\" content=\"index, follow, max-snippet:-1, max-image-preview:large, max-video-preview:-1\" \/>\n<link rel=\"canonical\" href=\"https:\/\/president-ksgov.net\/presidentja-osmani-priti-ne-takim-perfaqesuesit-e-komisionit-qendror-te-regjistrimit-te-popullsise-ekonomive-familjare-dhe-banesave\/\" \/>\n<meta property=\"og:locale\" content=\"en_US\" \/>\n<meta property=\"og:type\" content=\"article\" \/>\n<meta property=\"og:title\" content=\"President Osmani received the representatives of the Central Commission on Population and Housing Census - President of the Republic of Kosovo - DR. VJOSA OSMANI - SADRIU\" \/>\n<meta property=\"og:description\" content=\"President Osmani received the representatives of the Central Commission on Population and Housing Census - President of the Republic of Kosovo - DR. VJOSA OSMANI - SADRIU -\" \/>\n<meta property=\"og:url\" content=\"https:\/\/president-ksgov.net\/presidentja-osmani-priti-ne-takim-perfaqesuesit-e-komisionit-qendror-te-regjistrimit-te-popullsise-ekonomive-familjare-dhe-banesave\/\" \/>\n<meta property=\"og:site_name\" content=\"President of the Republic of Kosovo - DR. VJOSA OSMANI - SADRIU\" \/>\n<meta property=\"article:published_time\" content=\"2023-01-10T18:47:22+00:00\" \/>\n<meta property=\"article:modified_time\" content=\"2023-03-07T08:33:30+00:00\" \/>\n<meta property=\"og:image\" content=\"https:\/\/president-ksgov.net\/wp-content\/uploads\/2023\/03\/10_01_2023_4968201_DSC_7047-1.jpg\" \/>\n\t<meta property=\"og:image:width\" content=\"2048\" \/>\n\t<meta property=\"og:image:height\" content=\"1365\" \/>\n\t<meta property=\"og:image:type\" content=\"image\/jpeg\" \/>\n<meta name=\"author\" content=\"admin\" \/>\n<meta name=\"twitter:card\" content=\"summary_large_image\" \/>\n<meta name=\"twitter:label1\" content=\"Written by\" \/>\n\t<meta name=\"twitter:data1\" content=\"admin\" \/>\n\t<meta name=\"twitter:label2\" content=\"Est. reading time\" \/>\n\t<meta name=\"twitter:data2\" content=\"1 minute\" \/>\n<script type=\"application\/ld+json\" class=\"yoast-schema-graph\">{\"@context\":\"https:\/\/schema.org\",\"@graph\":[{\"@type\":\"WebPage\",\"@id\":\"https:\/\/president-ksgov.net\/presidentja-osmani-priti-ne-takim-perfaqesuesit-e-komisionit-qendror-te-regjistrimit-te-popullsise-ekonomive-familjare-dhe-banesave\/\",\"url\":\"https:\/\/president-ksgov.net\/presidentja-osmani-priti-ne-takim-perfaqesuesit-e-komisionit-qendror-te-regjistrimit-te-popullsise-ekonomive-familjare-dhe-banesave\/\",\"name\":\"President Osmani received the representatives of the Central Commission on Population and Housing Census - President of the Republic of Kosovo - DR. VJOSA OSMANI - SADRIU\",\"isPartOf\":{\"@id\":\"https:\/\/president-ksgov.net\/#website\"},\"primaryImageOfPage\":{\"@id\":\"https:\/\/president-ksgov.net\/presidentja-osmani-priti-ne-takim-perfaqesuesit-e-komisionit-qendror-te-regjistrimit-te-popullsise-ekonomive-familjare-dhe-banesave\/#primaryimage\"},\"image\":{\"@id\":\"https:\/\/president-ksgov.net\/presidentja-osmani-priti-ne-takim-perfaqesuesit-e-komisionit-qendror-te-regjistrimit-te-popullsise-ekonomive-familjare-dhe-banesave\/#primaryimage\"},\"thumbnailUrl\":\"https:\/\/president-ksgov.net\/wp-content\/uploads\/2023\/03\/10_01_2023_4968201_DSC_7047-1.jpg\",\"datePublished\":\"2023-01-10T18:47:22+00:00\",\"dateModified\":\"2023-03-07T08:33:30+00:00\",\"author\":{\"@id\":\"https:\/\/president-ksgov.net\/#\/schema\/person\/bb4337a5fb147cb2046d80548172cbee\"},\"description\":\"President Osmani received the representatives of the Central Commission on Population and Housing Census - President of the Republic of Kosovo - DR. VJOSA OSMANI - SADRIU -\",\"breadcrumb\":{\"@id\":\"https:\/\/president-ksgov.net\/presidentja-osmani-priti-ne-takim-perfaqesuesit-e-komisionit-qendror-te-regjistrimit-te-popullsise-ekonomive-familjare-dhe-banesave\/#breadcrumb\"},\"inLanguage\":\"en-US\",\"potentialAction\":[{\"@type\":\"ReadAction\",\"target\":[\"https:\/\/president-ksgov.net\/presidentja-osmani-priti-ne-takim-perfaqesuesit-e-komisionit-qendror-te-regjistrimit-te-popullsise-ekonomive-familjare-dhe-banesave\/\"]}]},{\"@type\":\"ImageObject\",\"inLanguage\":\"en-US\",\"@id\":\"https:\/\/president-ksgov.net\/presidentja-osmani-priti-ne-takim-perfaqesuesit-e-komisionit-qendror-te-regjistrimit-te-popullsise-ekonomive-familjare-dhe-banesave\/#primaryimage\",\"url\":\"https:\/\/president-ksgov.net\/wp-content\/uploads\/2023\/03\/10_01_2023_4968201_DSC_7047-1.jpg\",\"contentUrl\":\"https:\/\/president-ksgov.net\/wp-content\/uploads\/2023\/03\/10_01_2023_4968201_DSC_7047-1.jpg\",\"width\":2048,\"height\":1365},{\"@type\":\"BreadcrumbList\",\"@id\":\"https:\/\/president-ksgov.net\/presidentja-osmani-priti-ne-takim-perfaqesuesit-e-komisionit-qendror-te-regjistrimit-te-popullsise-ekonomive-familjare-dhe-banesave\/#breadcrumb\",\"itemListElement\":[{\"@type\":\"ListItem\",\"position\":1,\"name\":\"Home\",\"item\":\"https:\/\/president-ksgov.net\/en\/\"},{\"@type\":\"ListItem\",\"position\":2,\"name\":\"President Osmani received the representatives of the Central Commission on Population and Housing Census\"}]},{\"@type\":\"WebSite\",\"@id\":\"https:\/\/president-ksgov.net\/#website\",\"url\":\"https:\/\/president-ksgov.net\/\",\"name\":\"Presidente e Republik\u00ebs s\u00eb Kosov\u00ebs\",\"description\":\"Presidente e Republik\u00ebs s\u00eb Kosov\u00ebs\",\"alternateName\":\"DR. VJOSA OSMANI - SADRIU\",\"potentialAction\":[{\"@type\":\"SearchAction\",\"target\":{\"@type\":\"EntryPoint\",\"urlTemplate\":\"https:\/\/president-ksgov.net\/?s={search_term_string}\"},\"query-input\":{\"@type\":\"PropertyValueSpecification\",\"valueRequired\":true,\"valueName\":\"search_term_string\"}}],\"inLanguage\":\"en-US\"},{\"@type\":\"Person\",\"@id\":\"https:\/\/president-ksgov.net\/#\/schema\/person\/bb4337a5fb147cb2046d80548172cbee\",\"name\":\"admin\",\"image\":{\"@type\":\"ImageObject\",\"inLanguage\":\"en-US\",\"@id\":\"https:\/\/president-ksgov.net\/#\/schema\/person\/image\/\",\"url\":\"https:\/\/secure.gravatar.com\/avatar\/36156ca0fa3b8d9d25174f146e16beea0cf28f37adf1b9e19b6c9c279a7c9dd3?s=96&d=mm&r=g\",\"contentUrl\":\"https:\/\/secure.gravatar.com\/avatar\/36156ca0fa3b8d9d25174f146e16beea0cf28f37adf1b9e19b6c9c279a7c9dd3?s=96&d=mm&r=g\",\"caption\":\"admin\"},\"sameAs\":[\"https:\/\/president-ksgov.net\"]}]}<\/script>\n<!-- \/ Yoast SEO plugin. -->","yoast_head_json":{"title":"President Osmani received the representatives of the Central Commission on Population and Housing Census - President of the Republic of Kosovo - DR. VJOSA OSMANI - SADRIU","description":"President Osmani received the representatives of the Central Commission on Population and Housing Census - President of the Republic of Kosovo - DR. VJOSA OSMANI - SADRIU -","robots":{"index":"index","follow":"follow","max-snippet":"max-snippet:-1","max-image-preview":"max-image-preview:large","max-video-preview":"max-video-preview:-1"},"canonical":"https:\/\/president-ksgov.net\/presidentja-osmani-priti-ne-takim-perfaqesuesit-e-komisionit-qendror-te-regjistrimit-te-popullsise-ekonomive-familjare-dhe-banesave\/","og_locale":"en_US","og_type":"article","og_title":"President Osmani received the representatives of the Central Commission on Population and Housing Census - President of the Republic of Kosovo - DR. VJOSA OSMANI - SADRIU","og_description":"President Osmani received the representatives of the Central Commission on Population and Housing Census - President of the Republic of Kosovo - DR. VJOSA OSMANI - SADRIU -","og_url":"https:\/\/president-ksgov.net\/presidentja-osmani-priti-ne-takim-perfaqesuesit-e-komisionit-qendror-te-regjistrimit-te-popullsise-ekonomive-familjare-dhe-banesave\/","og_site_name":"President of the Republic of Kosovo - DR. VJOSA OSMANI - SADRIU","article_published_time":"2023-01-10T18:47:22+00:00","article_modified_time":"2023-03-07T08:33:30+00:00","og_image":[{"width":2048,"height":1365,"url":"https:\/\/president-ksgov.net\/wp-content\/uploads\/2023\/03\/10_01_2023_4968201_DSC_7047-1.jpg","type":"image\/jpeg"}],"author":"admin","twitter_card":"summary_large_image","twitter_misc":{"Written by":"admin","Est. reading time":"1 minute"},"schema":{"@context":"https:\/\/schema.org","@graph":[{"@type":"WebPage","@id":"https:\/\/president-ksgov.net\/presidentja-osmani-priti-ne-takim-perfaqesuesit-e-komisionit-qendror-te-regjistrimit-te-popullsise-ekonomive-familjare-dhe-banesave\/","url":"https:\/\/president-ksgov.net\/presidentja-osmani-priti-ne-takim-perfaqesuesit-e-komisionit-qendror-te-regjistrimit-te-popullsise-ekonomive-familjare-dhe-banesave\/","name":"President Osmani received the representatives of the Central Commission on Population and Housing Census - President of the Republic of Kosovo - DR. VJOSA OSMANI - SADRIU","isPartOf":{"@id":"https:\/\/president-ksgov.net\/#website"},"primaryImageOfPage":{"@id":"https:\/\/president-ksgov.net\/presidentja-osmani-priti-ne-takim-perfaqesuesit-e-komisionit-qendror-te-regjistrimit-te-popullsise-ekonomive-familjare-dhe-banesave\/#primaryimage"},"image":{"@id":"https:\/\/president-ksgov.net\/presidentja-osmani-priti-ne-takim-perfaqesuesit-e-komisionit-qendror-te-regjistrimit-te-popullsise-ekonomive-familjare-dhe-banesave\/#primaryimage"},"thumbnailUrl":"https:\/\/president-ksgov.net\/wp-content\/uploads\/2023\/03\/10_01_2023_4968201_DSC_7047-1.jpg","datePublished":"2023-01-10T18:47:22+00:00","dateModified":"2023-03-07T08:33:30+00:00","author":{"@id":"https:\/\/president-ksgov.net\/#\/schema\/person\/bb4337a5fb147cb2046d80548172cbee"},"description":"President Osmani received the representatives of the Central Commission on Population and Housing Census - President of the Republic of Kosovo - DR. VJOSA OSMANI - SADRIU -","breadcrumb":{"@id":"https:\/\/president-ksgov.net\/presidentja-osmani-priti-ne-takim-perfaqesuesit-e-komisionit-qendror-te-regjistrimit-te-popullsise-ekonomive-familjare-dhe-banesave\/#breadcrumb"},"inLanguage":"en-US","potentialAction":[{"@type":"ReadAction","target":["https:\/\/president-ksgov.net\/presidentja-osmani-priti-ne-takim-perfaqesuesit-e-komisionit-qendror-te-regjistrimit-te-popullsise-ekonomive-familjare-dhe-banesave\/"]}]},{"@type":"ImageObject","inLanguage":"en-US","@id":"https:\/\/president-ksgov.net\/presidentja-osmani-priti-ne-takim-perfaqesuesit-e-komisionit-qendror-te-regjistrimit-te-popullsise-ekonomive-familjare-dhe-banesave\/#primaryimage","url":"https:\/\/president-ksgov.net\/wp-content\/uploads\/2023\/03\/10_01_2023_4968201_DSC_7047-1.jpg","contentUrl":"https:\/\/president-ksgov.net\/wp-content\/uploads\/2023\/03\/10_01_2023_4968201_DSC_7047-1.jpg","width":2048,"height":1365},{"@type":"BreadcrumbList","@id":"https:\/\/president-ksgov.net\/presidentja-osmani-priti-ne-takim-perfaqesuesit-e-komisionit-qendror-te-regjistrimit-te-popullsise-ekonomive-familjare-dhe-banesave\/#breadcrumb","itemListElement":[{"@type":"ListItem","position":1,"name":"Home","item":"https:\/\/president-ksgov.net\/en\/"},{"@type":"ListItem","position":2,"name":"President Osmani received the representatives of the Central Commission on Population and Housing Census"}]},{"@type":"WebSite","@id":"https:\/\/president-ksgov.net\/#website","url":"https:\/\/president-ksgov.net\/","name":"Presidente e Republik\u00ebs s\u00eb Kosov\u00ebs","description":"Presidente e Republik\u00ebs s\u00eb Kosov\u00ebs","alternateName":"DR. VJOSA OSMANI - SADRIU","potentialAction":[{"@type":"SearchAction","target":{"@type":"EntryPoint","urlTemplate":"https:\/\/president-ksgov.net\/?s={search_term_string}"},"query-input":{"@type":"PropertyValueSpecification","valueRequired":true,"valueName":"search_term_string"}}],"inLanguage":"en-US"},{"@type":"Person","@id":"https:\/\/president-ksgov.net\/#\/schema\/person\/bb4337a5fb147cb2046d80548172cbee","name":"admin","image":{"@type":"ImageObject","inLanguage":"en-US","@id":"https:\/\/president-ksgov.net\/#\/schema\/person\/image\/","url":"https:\/\/secure.gravatar.com\/avatar\/36156ca0fa3b8d9d25174f146e16beea0cf28f37adf1b9e19b6c9c279a7c9dd3?s=96&d=mm&r=g","contentUrl":"https:\/\/secure.gravatar.com\/avatar\/36156ca0fa3b8d9d25174f146e16beea0cf28f37adf1b9e19b6c9c279a7c9dd3?s=96&d=mm&r=g","caption":"admin"},"sameAs":["https:\/\/president-ksgov.net"]}]}},"_links":{"self":[{"href":"https:\/\/president-ksgov.net\/en\/wp-json\/wp\/v2\/posts\/66109","targetHints":{"allow":["GET"]}}],"collection":[{"href":"https:\/\/president-ksgov.net\/en\/wp-json\/wp\/v2\/posts"}],"about":[{"href":"https:\/\/president-ksgov.net\/en\/wp-json\/wp\/v2\/types\/post"}],"author":[{"embeddable":true,"href":"https:\/\/president-ksgov.net\/en\/wp-json\/wp\/v2\/users\/1"}],"replies":[{"embeddable":true,"href":"https:\/\/president-ksgov.net\/en\/wp-json\/wp\/v2\/comments?post=66109"}],"version-history":[{"count":0,"href":"https:\/\/president-ksgov.net\/en\/wp-json\/wp\/v2\/posts\/66109\/revisions"}],"wp:featuredmedia":[{"embeddable":true,"href":"https:\/\/president-ksgov.net\/en\/wp-json\/wp\/v2\/media\/8656"}],"wp:attachment":[{"href":"https:\/\/president-ksgov.net\/en\/wp-json\/wp\/v2\/media?parent=66109"}],"wp:term":[{"taxonomy":"category","embeddable":true,"href":"https:\/\/president-ksgov.net\/en\/wp-json\/wp\/v2\/categories?post=66109"},{"taxonomy":"post_tag","embeddable":true,"href":"https:\/\/president-ksgov.net\/en\/wp-json\/wp\/v2\/tags?post=66109"}],"curies":[{"name":"wp","href":"https:\/\/api.w.org\/{rel}","templated":true}]}}