{"id":66096,"date":"2023-01-19T17:45:41","date_gmt":"2023-01-19T17:45:41","guid":{"rendered":"https:\/\/dev.president-ksgov.net\/president-osmani-held-a-farewell-meeting-with-the-ambassador-of-turkey-to-kosovo-cagri-sakar\/"},"modified":"2023-03-07T08:33:30","modified_gmt":"2023-03-07T08:33:30","slug":"president-osmani-held-a-farewell-meeting-with-the-ambassador-of-turkey-to-kosovo-cagri-sakar","status":"publish","type":"post","link":"https:\/\/president-ksgov.net\/en\/president-osmani-held-a-farewell-meeting-with-the-ambassador-of-turkey-to-kosovo-cagri-sakar\/","title":{"rendered":"President Osmani held a farewell meeting with the Ambassador of Turkey to Kosovo \u00c7a\u011fr\u0131 Sakar"},"content":{"rendered":"<p>The President of the Republic of Kosovo Vjosa Osmani, today held a farewell meeting today with the Ambassador of the Republic of Turkey to Kosovo, \u00c7a\u011fr\u0131 Sakar.<\/p>\n<p>On the occasion of the end of his mandate, President Osmani thanked Ambassador Sakar for his engagement in the continuous advancement of relations between the two countries. She praised the fruitful cooperation and the determination to the opening of new chapters of cooperation.<\/p>\n<p>President Osmani pointed out that both countries have excellent relations and expressed her full conviction that cooperation will continue in the same spirit, always creating new opportunities for cooperation in areas that are in the interest of the citizens of both countries.<\/p>\n<p>At the meeting, President Osmani also stated that Kosovo counts on Turkey&#8217;s support in important processes that are closely related to the advancement of Kosovo&#8217;s international position.<\/p>\n","protected":false},"excerpt":{"rendered":"<p>The President of the Republic of Kosovo Vjosa Osmani, today held a farewell meeting today with the Ambassador of the Republic of Turkey to Kosovo, \u00c7a\u011fr\u0131 Sakar.<\/p>\n","protected":false},"author":1,"featured_media":8532,"comment_status":"open","ping_status":"closed","sticky":false,"template":"","format":"standard","meta":{"_eb_attr":"","footnotes":""},"categories":[111],"tags":[],"class_list":["post-66096","post","type-post","status-publish","format-standard","has-post-thumbnail","hentry","category-news"],"yoast_head":"<!-- This site is optimized with the Yoast SEO plugin v23.5 - https:\/\/yoast.com\/wordpress\/plugins\/seo\/ -->\n<title>President Osmani held a farewell meeting with the Ambassador of Turkey to Kosovo \u00c7a\u011fr\u0131 Sakar - President of the Republic of Kosovo - DR. VJOSA OSMANI - SADRIU<\/title>\n<meta name=\"description\" content=\"President Osmani held a farewell meeting with the Ambassador of Turkey to Kosovo \u00c7a\u011fr\u0131 Sakar - President of the Republic of Kosovo - DR. VJOSA OSMANI - SADRIU -\" \/>\n<meta name=\"robots\" content=\"index, follow, max-snippet:-1, max-image-preview:large, max-video-preview:-1\" \/>\n<link rel=\"canonical\" href=\"https:\/\/president-ksgov.net\/presidentja-osmani-priti-ne-takim-lamtumires-ambasadorin-e-turqise-ne-kosove-cagri-sakar\/\" \/>\n<meta property=\"og:locale\" content=\"en_US\" \/>\n<meta property=\"og:type\" content=\"article\" \/>\n<meta property=\"og:title\" content=\"President Osmani held a farewell meeting with the Ambassador of Turkey to Kosovo \u00c7a\u011fr\u0131 Sakar - President of the Republic of Kosovo - DR. VJOSA OSMANI - SADRIU\" \/>\n<meta property=\"og:description\" content=\"President Osmani held a farewell meeting with the Ambassador of Turkey to Kosovo \u00c7a\u011fr\u0131 Sakar - President of the Republic of Kosovo - DR. VJOSA OSMANI - SADRIU -\" \/>\n<meta property=\"og:url\" content=\"https:\/\/president-ksgov.net\/presidentja-osmani-priti-ne-takim-lamtumires-ambasadorin-e-turqise-ne-kosove-cagri-sakar\/\" \/>\n<meta property=\"og:site_name\" content=\"President of the Republic of Kosovo - DR. VJOSA OSMANI - SADRIU\" \/>\n<meta property=\"article:published_time\" content=\"2023-01-19T17:45:41+00:00\" \/>\n<meta property=\"article:modified_time\" content=\"2023-03-07T08:33:30+00:00\" \/>\n<meta property=\"og:image\" content=\"https:\/\/president-ksgov.net\/wp-content\/uploads\/2023\/03\/DSC_8459_17_Janar-1-scaled.jpg\" \/>\n\t<meta property=\"og:image:width\" content=\"2560\" \/>\n\t<meta property=\"og:image:height\" content=\"1707\" \/>\n\t<meta property=\"og:image:type\" content=\"image\/jpeg\" \/>\n<meta name=\"author\" content=\"admin\" \/>\n<meta name=\"twitter:card\" content=\"summary_large_image\" \/>\n<meta name=\"twitter:label1\" content=\"Written by\" \/>\n\t<meta name=\"twitter:data1\" content=\"admin\" \/>\n\t<meta name=\"twitter:label2\" content=\"Est. reading time\" \/>\n\t<meta name=\"twitter:data2\" content=\"1 minute\" \/>\n<script type=\"application\/ld+json\" class=\"yoast-schema-graph\">{\"@context\":\"https:\/\/schema.org\",\"@graph\":[{\"@type\":\"WebPage\",\"@id\":\"https:\/\/president-ksgov.net\/presidentja-osmani-priti-ne-takim-lamtumires-ambasadorin-e-turqise-ne-kosove-cagri-sakar\/\",\"url\":\"https:\/\/president-ksgov.net\/presidentja-osmani-priti-ne-takim-lamtumires-ambasadorin-e-turqise-ne-kosove-cagri-sakar\/\",\"name\":\"President Osmani held a farewell meeting with the Ambassador of Turkey to Kosovo \u00c7a\u011fr\u0131 Sakar - President of the Republic of Kosovo - DR. VJOSA OSMANI - SADRIU\",\"isPartOf\":{\"@id\":\"https:\/\/president-ksgov.net\/#website\"},\"primaryImageOfPage\":{\"@id\":\"https:\/\/president-ksgov.net\/presidentja-osmani-priti-ne-takim-lamtumires-ambasadorin-e-turqise-ne-kosove-cagri-sakar\/#primaryimage\"},\"image\":{\"@id\":\"https:\/\/president-ksgov.net\/presidentja-osmani-priti-ne-takim-lamtumires-ambasadorin-e-turqise-ne-kosove-cagri-sakar\/#primaryimage\"},\"thumbnailUrl\":\"https:\/\/president-ksgov.net\/wp-content\/uploads\/2023\/03\/DSC_8459_17_Janar-1-scaled.jpg\",\"datePublished\":\"2023-01-19T17:45:41+00:00\",\"dateModified\":\"2023-03-07T08:33:30+00:00\",\"author\":{\"@id\":\"https:\/\/president-ksgov.net\/#\/schema\/person\/bb4337a5fb147cb2046d80548172cbee\"},\"description\":\"President Osmani held a farewell meeting with the Ambassador of Turkey to Kosovo \u00c7a\u011fr\u0131 Sakar - President of the Republic of Kosovo - DR. VJOSA OSMANI - SADRIU -\",\"breadcrumb\":{\"@id\":\"https:\/\/president-ksgov.net\/presidentja-osmani-priti-ne-takim-lamtumires-ambasadorin-e-turqise-ne-kosove-cagri-sakar\/#breadcrumb\"},\"inLanguage\":\"en-US\",\"potentialAction\":[{\"@type\":\"ReadAction\",\"target\":[\"https:\/\/president-ksgov.net\/presidentja-osmani-priti-ne-takim-lamtumires-ambasadorin-e-turqise-ne-kosove-cagri-sakar\/\"]}]},{\"@type\":\"ImageObject\",\"inLanguage\":\"en-US\",\"@id\":\"https:\/\/president-ksgov.net\/presidentja-osmani-priti-ne-takim-lamtumires-ambasadorin-e-turqise-ne-kosove-cagri-sakar\/#primaryimage\",\"url\":\"https:\/\/president-ksgov.net\/wp-content\/uploads\/2023\/03\/DSC_8459_17_Janar-1-scaled.jpg\",\"contentUrl\":\"https:\/\/president-ksgov.net\/wp-content\/uploads\/2023\/03\/DSC_8459_17_Janar-1-scaled.jpg\",\"width\":2560,\"height\":1707},{\"@type\":\"BreadcrumbList\",\"@id\":\"https:\/\/president-ksgov.net\/presidentja-osmani-priti-ne-takim-lamtumires-ambasadorin-e-turqise-ne-kosove-cagri-sakar\/#breadcrumb\",\"itemListElement\":[{\"@type\":\"ListItem\",\"position\":1,\"name\":\"Home\",\"item\":\"https:\/\/president-ksgov.net\/en\/\"},{\"@type\":\"ListItem\",\"position\":2,\"name\":\"President Osmani held a farewell meeting with the Ambassador of Turkey to Kosovo \u00c7a\u011fr\u0131 Sakar\"}]},{\"@type\":\"WebSite\",\"@id\":\"https:\/\/president-ksgov.net\/#website\",\"url\":\"https:\/\/president-ksgov.net\/\",\"name\":\"Presidente e Republik\u00ebs s\u00eb Kosov\u00ebs\",\"description\":\"Presidente e Republik\u00ebs s\u00eb Kosov\u00ebs\",\"alternateName\":\"DR. VJOSA OSMANI - SADRIU\",\"potentialAction\":[{\"@type\":\"SearchAction\",\"target\":{\"@type\":\"EntryPoint\",\"urlTemplate\":\"https:\/\/president-ksgov.net\/?s={search_term_string}\"},\"query-input\":{\"@type\":\"PropertyValueSpecification\",\"valueRequired\":true,\"valueName\":\"search_term_string\"}}],\"inLanguage\":\"en-US\"},{\"@type\":\"Person\",\"@id\":\"https:\/\/president-ksgov.net\/#\/schema\/person\/bb4337a5fb147cb2046d80548172cbee\",\"name\":\"admin\",\"image\":{\"@type\":\"ImageObject\",\"inLanguage\":\"en-US\",\"@id\":\"https:\/\/president-ksgov.net\/#\/schema\/person\/image\/\",\"url\":\"https:\/\/secure.gravatar.com\/avatar\/36156ca0fa3b8d9d25174f146e16beea0cf28f37adf1b9e19b6c9c279a7c9dd3?s=96&d=mm&r=g\",\"contentUrl\":\"https:\/\/secure.gravatar.com\/avatar\/36156ca0fa3b8d9d25174f146e16beea0cf28f37adf1b9e19b6c9c279a7c9dd3?s=96&d=mm&r=g\",\"caption\":\"admin\"},\"sameAs\":[\"https:\/\/president-ksgov.net\"]}]}<\/script>\n<!-- \/ Yoast SEO plugin. -->","yoast_head_json":{"title":"President Osmani held a farewell meeting with the Ambassador of Turkey to Kosovo \u00c7a\u011fr\u0131 Sakar - President of the Republic of Kosovo - DR. VJOSA OSMANI - SADRIU","description":"President Osmani held a farewell meeting with the Ambassador of Turkey to Kosovo \u00c7a\u011fr\u0131 Sakar - President of the Republic of Kosovo - DR. VJOSA OSMANI - SADRIU -","robots":{"index":"index","follow":"follow","max-snippet":"max-snippet:-1","max-image-preview":"max-image-preview:large","max-video-preview":"max-video-preview:-1"},"canonical":"https:\/\/president-ksgov.net\/presidentja-osmani-priti-ne-takim-lamtumires-ambasadorin-e-turqise-ne-kosove-cagri-sakar\/","og_locale":"en_US","og_type":"article","og_title":"President Osmani held a farewell meeting with the Ambassador of Turkey to Kosovo \u00c7a\u011fr\u0131 Sakar - President of the Republic of Kosovo - DR. VJOSA OSMANI - SADRIU","og_description":"President Osmani held a farewell meeting with the Ambassador of Turkey to Kosovo \u00c7a\u011fr\u0131 Sakar - President of the Republic of Kosovo - DR. VJOSA OSMANI - SADRIU -","og_url":"https:\/\/president-ksgov.net\/presidentja-osmani-priti-ne-takim-lamtumires-ambasadorin-e-turqise-ne-kosove-cagri-sakar\/","og_site_name":"President of the Republic of Kosovo - DR. VJOSA OSMANI - SADRIU","article_published_time":"2023-01-19T17:45:41+00:00","article_modified_time":"2023-03-07T08:33:30+00:00","og_image":[{"width":2560,"height":1707,"url":"https:\/\/president-ksgov.net\/wp-content\/uploads\/2023\/03\/DSC_8459_17_Janar-1-scaled.jpg","type":"image\/jpeg"}],"author":"admin","twitter_card":"summary_large_image","twitter_misc":{"Written by":"admin","Est. reading time":"1 minute"},"schema":{"@context":"https:\/\/schema.org","@graph":[{"@type":"WebPage","@id":"https:\/\/president-ksgov.net\/presidentja-osmani-priti-ne-takim-lamtumires-ambasadorin-e-turqise-ne-kosove-cagri-sakar\/","url":"https:\/\/president-ksgov.net\/presidentja-osmani-priti-ne-takim-lamtumires-ambasadorin-e-turqise-ne-kosove-cagri-sakar\/","name":"President Osmani held a farewell meeting with the Ambassador of Turkey to Kosovo \u00c7a\u011fr\u0131 Sakar - President of the Republic of Kosovo - DR. VJOSA OSMANI - SADRIU","isPartOf":{"@id":"https:\/\/president-ksgov.net\/#website"},"primaryImageOfPage":{"@id":"https:\/\/president-ksgov.net\/presidentja-osmani-priti-ne-takim-lamtumires-ambasadorin-e-turqise-ne-kosove-cagri-sakar\/#primaryimage"},"image":{"@id":"https:\/\/president-ksgov.net\/presidentja-osmani-priti-ne-takim-lamtumires-ambasadorin-e-turqise-ne-kosove-cagri-sakar\/#primaryimage"},"thumbnailUrl":"https:\/\/president-ksgov.net\/wp-content\/uploads\/2023\/03\/DSC_8459_17_Janar-1-scaled.jpg","datePublished":"2023-01-19T17:45:41+00:00","dateModified":"2023-03-07T08:33:30+00:00","author":{"@id":"https:\/\/president-ksgov.net\/#\/schema\/person\/bb4337a5fb147cb2046d80548172cbee"},"description":"President Osmani held a farewell meeting with the Ambassador of Turkey to Kosovo \u00c7a\u011fr\u0131 Sakar - President of the Republic of Kosovo - DR. VJOSA OSMANI - SADRIU -","breadcrumb":{"@id":"https:\/\/president-ksgov.net\/presidentja-osmani-priti-ne-takim-lamtumires-ambasadorin-e-turqise-ne-kosove-cagri-sakar\/#breadcrumb"},"inLanguage":"en-US","potentialAction":[{"@type":"ReadAction","target":["https:\/\/president-ksgov.net\/presidentja-osmani-priti-ne-takim-lamtumires-ambasadorin-e-turqise-ne-kosove-cagri-sakar\/"]}]},{"@type":"ImageObject","inLanguage":"en-US","@id":"https:\/\/president-ksgov.net\/presidentja-osmani-priti-ne-takim-lamtumires-ambasadorin-e-turqise-ne-kosove-cagri-sakar\/#primaryimage","url":"https:\/\/president-ksgov.net\/wp-content\/uploads\/2023\/03\/DSC_8459_17_Janar-1-scaled.jpg","contentUrl":"https:\/\/president-ksgov.net\/wp-content\/uploads\/2023\/03\/DSC_8459_17_Janar-1-scaled.jpg","width":2560,"height":1707},{"@type":"BreadcrumbList","@id":"https:\/\/president-ksgov.net\/presidentja-osmani-priti-ne-takim-lamtumires-ambasadorin-e-turqise-ne-kosove-cagri-sakar\/#breadcrumb","itemListElement":[{"@type":"ListItem","position":1,"name":"Home","item":"https:\/\/president-ksgov.net\/en\/"},{"@type":"ListItem","position":2,"name":"President Osmani held a farewell meeting with the Ambassador of Turkey to Kosovo \u00c7a\u011fr\u0131 Sakar"}]},{"@type":"WebSite","@id":"https:\/\/president-ksgov.net\/#website","url":"https:\/\/president-ksgov.net\/","name":"Presidente e Republik\u00ebs s\u00eb Kosov\u00ebs","description":"Presidente e Republik\u00ebs s\u00eb Kosov\u00ebs","alternateName":"DR. VJOSA OSMANI - SADRIU","potentialAction":[{"@type":"SearchAction","target":{"@type":"EntryPoint","urlTemplate":"https:\/\/president-ksgov.net\/?s={search_term_string}"},"query-input":{"@type":"PropertyValueSpecification","valueRequired":true,"valueName":"search_term_string"}}],"inLanguage":"en-US"},{"@type":"Person","@id":"https:\/\/president-ksgov.net\/#\/schema\/person\/bb4337a5fb147cb2046d80548172cbee","name":"admin","image":{"@type":"ImageObject","inLanguage":"en-US","@id":"https:\/\/president-ksgov.net\/#\/schema\/person\/image\/","url":"https:\/\/secure.gravatar.com\/avatar\/36156ca0fa3b8d9d25174f146e16beea0cf28f37adf1b9e19b6c9c279a7c9dd3?s=96&d=mm&r=g","contentUrl":"https:\/\/secure.gravatar.com\/avatar\/36156ca0fa3b8d9d25174f146e16beea0cf28f37adf1b9e19b6c9c279a7c9dd3?s=96&d=mm&r=g","caption":"admin"},"sameAs":["https:\/\/president-ksgov.net"]}]}},"_links":{"self":[{"href":"https:\/\/president-ksgov.net\/en\/wp-json\/wp\/v2\/posts\/66096","targetHints":{"allow":["GET"]}}],"collection":[{"href":"https:\/\/president-ksgov.net\/en\/wp-json\/wp\/v2\/posts"}],"about":[{"href":"https:\/\/president-ksgov.net\/en\/wp-json\/wp\/v2\/types\/post"}],"author":[{"embeddable":true,"href":"https:\/\/president-ksgov.net\/en\/wp-json\/wp\/v2\/users\/1"}],"replies":[{"embeddable":true,"href":"https:\/\/president-ksgov.net\/en\/wp-json\/wp\/v2\/comments?post=66096"}],"version-history":[{"count":0,"href":"https:\/\/president-ksgov.net\/en\/wp-json\/wp\/v2\/posts\/66096\/revisions"}],"wp:featuredmedia":[{"embeddable":true,"href":"https:\/\/president-ksgov.net\/en\/wp-json\/wp\/v2\/media\/8532"}],"wp:attachment":[{"href":"https:\/\/president-ksgov.net\/en\/wp-json\/wp\/v2\/media?parent=66096"}],"wp:term":[{"taxonomy":"category","embeddable":true,"href":"https:\/\/president-ksgov.net\/en\/wp-json\/wp\/v2\/categories?post=66096"},{"taxonomy":"post_tag","embeddable":true,"href":"https:\/\/president-ksgov.net\/en\/wp-json\/wp\/v2\/tags?post=66096"}],"curies":[{"name":"wp","href":"https:\/\/api.w.org\/{rel}","templated":true}]}}