{"id":66084,"date":"2023-01-26T15:20:01","date_gmt":"2023-01-26T15:20:01","guid":{"rendered":"https:\/\/dev.president-ksgov.net\/president-osmani-awarded-the-presidential-military-medal-to-the-commander-of-the-iowa-national-guard-major-general-benjamin-j-corre\/"},"modified":"2023-03-07T08:32:53","modified_gmt":"2023-03-07T08:32:53","slug":"president-osmani-awarded-the-presidential-military-medal-to-the-commander-of-the-iowa-national-guard-major-general-benjamin-j-corre","status":"publish","type":"post","link":"https:\/\/president-ksgov.net\/en\/president-osmani-awarded-the-presidential-military-medal-to-the-commander-of-the-iowa-national-guard-major-general-benjamin-j-corre\/","title":{"rendered":"President Osmani awarded the Presidential Military Medal to the Commander of the Iowa National Guard Major General Benjamin J. Corre"},"content":{"rendered":"<p>The President of the Republic of Kosovo Vjosa Osmani received today a US delegation led by Major General Benjamin J. Correl, Commander of the Iowa National Guard accompanied by the US Ambassador Jeffrey Hovenier and other senior defense officials.<\/p>\n<p>After thanking Major General Correl for his engagements in the field of bilateral cooperation between the KSF and the Iowa National Guard and his contribution to the defense of the Republic of Kosovo and its citizens, President Osmani decorated awarded him the Presidential Military Medal.<\/p>\n<p>President Osmani said that the Security Cooperation Program of the US Department of Defense, headed by the National Guard Bureau, respectively the State Partnership with Iowa, is essential for strategic relations with the United States of America. In this context, she appreciated the commitment of Major General Correl so far, expressing the hope that relations in the field of security between the two states will expand in the future.<\/p>\n<p>&#8220;Your results in the field of cooperation are visible and a result of this partnership with the Iowa National Guard. I thank the state of Iowa for the hundreds of men and women of the National Guard in uniform, who have served in Kosovo over the years as part of KFOR, as well as all those who are part of the partnership program,&#8221; said President Osmani.<\/p>\n<p>President Osmani emphasized that the Iowa National Guard has significantly contributed to the professionalization and international credibility of the Kosovo Security Force, jointly contributing in international missions with US troops.<\/p>\n<p>Meanwhile, Major General Correl said that he feels honoured by President Osmani&#8217;s award which, according to him, will serve as a precious evocation of the partnership with the army and the state of Kosovo. Major General Correl emphasized that he will continue to support Kosovo in whatever capacity he may be engaged in the future.<\/p>\n","protected":false},"excerpt":{"rendered":"<p>The President of the Republic of Kosovo Vjosa Osmani received today a US delegation led by Major General Benjamin J. Correl, Commander of the Iowa National Guard accompanied by the US Ambassador Jeffrey Hovenier and other senior defense officials.<\/p>\n","protected":false},"author":1,"featured_media":8345,"comment_status":"open","ping_status":"closed","sticky":false,"template":"","format":"standard","meta":{"_eb_attr":"","footnotes":""},"categories":[111],"tags":[],"class_list":["post-66084","post","type-post","status-publish","format-standard","has-post-thumbnail","hentry","category-news"],"yoast_head":"<!-- This site is optimized with the Yoast SEO plugin v23.5 - https:\/\/yoast.com\/wordpress\/plugins\/seo\/ -->\n<title>President Osmani awarded the Presidential Military Medal to the Commander of the Iowa National Guard Major General Benjamin J. Corre - President of the Republic of Kosovo - DR. VJOSA OSMANI - SADRIU<\/title>\n<meta name=\"description\" content=\"President Osmani awarded the Presidential Military Medal to the Commander of the Iowa National Guard Major General Benjamin J. Corre - President of the Republic of Kosovo - DR. VJOSA OSMANI - SADRIU -\" \/>\n<meta name=\"robots\" content=\"index, follow, max-snippet:-1, max-image-preview:large, max-video-preview:-1\" \/>\n<link rel=\"canonical\" href=\"https:\/\/president-ksgov.net\/presidentja-osmani-dekoroi-me-medaljen-presidenciale-ushtarake-komandantin-e-gardes-kombetare-te-iowa-s-gjeneralmajor-benjamin-j-correl\/\" \/>\n<meta property=\"og:locale\" content=\"en_US\" \/>\n<meta property=\"og:type\" content=\"article\" \/>\n<meta property=\"og:title\" content=\"President Osmani awarded the Presidential Military Medal to the Commander of the Iowa National Guard Major General Benjamin J. Corre - President of the Republic of Kosovo - DR. VJOSA OSMANI - SADRIU\" \/>\n<meta property=\"og:description\" content=\"President Osmani awarded the Presidential Military Medal to the Commander of the Iowa National Guard Major General Benjamin J. Corre - President of the Republic of Kosovo - DR. VJOSA OSMANI - SADRIU -\" \/>\n<meta property=\"og:url\" content=\"https:\/\/president-ksgov.net\/presidentja-osmani-dekoroi-me-medaljen-presidenciale-ushtarake-komandantin-e-gardes-kombetare-te-iowa-s-gjeneralmajor-benjamin-j-correl\/\" \/>\n<meta property=\"og:site_name\" content=\"President of the Republic of Kosovo - DR. VJOSA OSMANI - SADRIU\" \/>\n<meta property=\"article:published_time\" content=\"2023-01-26T15:20:01+00:00\" \/>\n<meta property=\"article:modified_time\" content=\"2023-03-07T08:32:53+00:00\" \/>\n<meta property=\"og:image\" content=\"https:\/\/president-ksgov.net\/wp-content\/uploads\/2023\/03\/Presidentja_Osmani_26_Janar_2023_1-1-scaled.jpg\" \/>\n\t<meta property=\"og:image:width\" content=\"2560\" \/>\n\t<meta property=\"og:image:height\" content=\"1707\" \/>\n\t<meta property=\"og:image:type\" content=\"image\/jpeg\" \/>\n<meta name=\"author\" content=\"admin\" \/>\n<meta name=\"twitter:card\" content=\"summary_large_image\" \/>\n<meta name=\"twitter:label1\" content=\"Written by\" \/>\n\t<meta name=\"twitter:data1\" content=\"admin\" \/>\n\t<meta name=\"twitter:label2\" content=\"Est. reading time\" \/>\n\t<meta name=\"twitter:data2\" content=\"2 minutes\" \/>\n<script type=\"application\/ld+json\" class=\"yoast-schema-graph\">{\"@context\":\"https:\/\/schema.org\",\"@graph\":[{\"@type\":\"WebPage\",\"@id\":\"https:\/\/president-ksgov.net\/presidentja-osmani-dekoroi-me-medaljen-presidenciale-ushtarake-komandantin-e-gardes-kombetare-te-iowa-s-gjeneralmajor-benjamin-j-correl\/\",\"url\":\"https:\/\/president-ksgov.net\/presidentja-osmani-dekoroi-me-medaljen-presidenciale-ushtarake-komandantin-e-gardes-kombetare-te-iowa-s-gjeneralmajor-benjamin-j-correl\/\",\"name\":\"President Osmani awarded the Presidential Military Medal to the Commander of the Iowa National Guard Major General Benjamin J. Corre - President of the Republic of Kosovo - DR. VJOSA OSMANI - SADRIU\",\"isPartOf\":{\"@id\":\"https:\/\/president-ksgov.net\/#website\"},\"primaryImageOfPage\":{\"@id\":\"https:\/\/president-ksgov.net\/presidentja-osmani-dekoroi-me-medaljen-presidenciale-ushtarake-komandantin-e-gardes-kombetare-te-iowa-s-gjeneralmajor-benjamin-j-correl\/#primaryimage\"},\"image\":{\"@id\":\"https:\/\/president-ksgov.net\/presidentja-osmani-dekoroi-me-medaljen-presidenciale-ushtarake-komandantin-e-gardes-kombetare-te-iowa-s-gjeneralmajor-benjamin-j-correl\/#primaryimage\"},\"thumbnailUrl\":\"https:\/\/president-ksgov.net\/wp-content\/uploads\/2023\/03\/Presidentja_Osmani_26_Janar_2023_1-1-scaled.jpg\",\"datePublished\":\"2023-01-26T15:20:01+00:00\",\"dateModified\":\"2023-03-07T08:32:53+00:00\",\"author\":{\"@id\":\"https:\/\/president-ksgov.net\/#\/schema\/person\/bb4337a5fb147cb2046d80548172cbee\"},\"description\":\"President Osmani awarded the Presidential Military Medal to the Commander of the Iowa National Guard Major General Benjamin J. Corre - President of the Republic of Kosovo - DR. VJOSA OSMANI - SADRIU -\",\"breadcrumb\":{\"@id\":\"https:\/\/president-ksgov.net\/presidentja-osmani-dekoroi-me-medaljen-presidenciale-ushtarake-komandantin-e-gardes-kombetare-te-iowa-s-gjeneralmajor-benjamin-j-correl\/#breadcrumb\"},\"inLanguage\":\"en-US\",\"potentialAction\":[{\"@type\":\"ReadAction\",\"target\":[\"https:\/\/president-ksgov.net\/presidentja-osmani-dekoroi-me-medaljen-presidenciale-ushtarake-komandantin-e-gardes-kombetare-te-iowa-s-gjeneralmajor-benjamin-j-correl\/\"]}]},{\"@type\":\"ImageObject\",\"inLanguage\":\"en-US\",\"@id\":\"https:\/\/president-ksgov.net\/presidentja-osmani-dekoroi-me-medaljen-presidenciale-ushtarake-komandantin-e-gardes-kombetare-te-iowa-s-gjeneralmajor-benjamin-j-correl\/#primaryimage\",\"url\":\"https:\/\/president-ksgov.net\/wp-content\/uploads\/2023\/03\/Presidentja_Osmani_26_Janar_2023_1-1-scaled.jpg\",\"contentUrl\":\"https:\/\/president-ksgov.net\/wp-content\/uploads\/2023\/03\/Presidentja_Osmani_26_Janar_2023_1-1-scaled.jpg\",\"width\":2560,\"height\":1707},{\"@type\":\"BreadcrumbList\",\"@id\":\"https:\/\/president-ksgov.net\/presidentja-osmani-dekoroi-me-medaljen-presidenciale-ushtarake-komandantin-e-gardes-kombetare-te-iowa-s-gjeneralmajor-benjamin-j-correl\/#breadcrumb\",\"itemListElement\":[{\"@type\":\"ListItem\",\"position\":1,\"name\":\"Home\",\"item\":\"https:\/\/president-ksgov.net\/en\/\"},{\"@type\":\"ListItem\",\"position\":2,\"name\":\"President Osmani awarded the Presidential Military Medal to the Commander of the Iowa National Guard Major General Benjamin J. Corre\"}]},{\"@type\":\"WebSite\",\"@id\":\"https:\/\/president-ksgov.net\/#website\",\"url\":\"https:\/\/president-ksgov.net\/\",\"name\":\"Presidente e Republik\u00ebs s\u00eb Kosov\u00ebs\",\"description\":\"Presidente e Republik\u00ebs s\u00eb Kosov\u00ebs\",\"alternateName\":\"DR. VJOSA OSMANI - SADRIU\",\"potentialAction\":[{\"@type\":\"SearchAction\",\"target\":{\"@type\":\"EntryPoint\",\"urlTemplate\":\"https:\/\/president-ksgov.net\/?s={search_term_string}\"},\"query-input\":{\"@type\":\"PropertyValueSpecification\",\"valueRequired\":true,\"valueName\":\"search_term_string\"}}],\"inLanguage\":\"en-US\"},{\"@type\":\"Person\",\"@id\":\"https:\/\/president-ksgov.net\/#\/schema\/person\/bb4337a5fb147cb2046d80548172cbee\",\"name\":\"admin\",\"image\":{\"@type\":\"ImageObject\",\"inLanguage\":\"en-US\",\"@id\":\"https:\/\/president-ksgov.net\/#\/schema\/person\/image\/\",\"url\":\"https:\/\/secure.gravatar.com\/avatar\/36156ca0fa3b8d9d25174f146e16beea0cf28f37adf1b9e19b6c9c279a7c9dd3?s=96&d=mm&r=g\",\"contentUrl\":\"https:\/\/secure.gravatar.com\/avatar\/36156ca0fa3b8d9d25174f146e16beea0cf28f37adf1b9e19b6c9c279a7c9dd3?s=96&d=mm&r=g\",\"caption\":\"admin\"},\"sameAs\":[\"https:\/\/president-ksgov.net\"]}]}<\/script>\n<!-- \/ Yoast SEO plugin. -->","yoast_head_json":{"title":"President Osmani awarded the Presidential Military Medal to the Commander of the Iowa National Guard Major General Benjamin J. Corre - President of the Republic of Kosovo - DR. VJOSA OSMANI - SADRIU","description":"President Osmani awarded the Presidential Military Medal to the Commander of the Iowa National Guard Major General Benjamin J. Corre - President of the Republic of Kosovo - DR. VJOSA OSMANI - SADRIU -","robots":{"index":"index","follow":"follow","max-snippet":"max-snippet:-1","max-image-preview":"max-image-preview:large","max-video-preview":"max-video-preview:-1"},"canonical":"https:\/\/president-ksgov.net\/presidentja-osmani-dekoroi-me-medaljen-presidenciale-ushtarake-komandantin-e-gardes-kombetare-te-iowa-s-gjeneralmajor-benjamin-j-correl\/","og_locale":"en_US","og_type":"article","og_title":"President Osmani awarded the Presidential Military Medal to the Commander of the Iowa National Guard Major General Benjamin J. Corre - President of the Republic of Kosovo - DR. VJOSA OSMANI - SADRIU","og_description":"President Osmani awarded the Presidential Military Medal to the Commander of the Iowa National Guard Major General Benjamin J. Corre - President of the Republic of Kosovo - DR. VJOSA OSMANI - SADRIU -","og_url":"https:\/\/president-ksgov.net\/presidentja-osmani-dekoroi-me-medaljen-presidenciale-ushtarake-komandantin-e-gardes-kombetare-te-iowa-s-gjeneralmajor-benjamin-j-correl\/","og_site_name":"President of the Republic of Kosovo - DR. VJOSA OSMANI - SADRIU","article_published_time":"2023-01-26T15:20:01+00:00","article_modified_time":"2023-03-07T08:32:53+00:00","og_image":[{"width":2560,"height":1707,"url":"https:\/\/president-ksgov.net\/wp-content\/uploads\/2023\/03\/Presidentja_Osmani_26_Janar_2023_1-1-scaled.jpg","type":"image\/jpeg"}],"author":"admin","twitter_card":"summary_large_image","twitter_misc":{"Written by":"admin","Est. reading time":"2 minutes"},"schema":{"@context":"https:\/\/schema.org","@graph":[{"@type":"WebPage","@id":"https:\/\/president-ksgov.net\/presidentja-osmani-dekoroi-me-medaljen-presidenciale-ushtarake-komandantin-e-gardes-kombetare-te-iowa-s-gjeneralmajor-benjamin-j-correl\/","url":"https:\/\/president-ksgov.net\/presidentja-osmani-dekoroi-me-medaljen-presidenciale-ushtarake-komandantin-e-gardes-kombetare-te-iowa-s-gjeneralmajor-benjamin-j-correl\/","name":"President Osmani awarded the Presidential Military Medal to the Commander of the Iowa National Guard Major General Benjamin J. Corre - President of the Republic of Kosovo - DR. VJOSA OSMANI - SADRIU","isPartOf":{"@id":"https:\/\/president-ksgov.net\/#website"},"primaryImageOfPage":{"@id":"https:\/\/president-ksgov.net\/presidentja-osmani-dekoroi-me-medaljen-presidenciale-ushtarake-komandantin-e-gardes-kombetare-te-iowa-s-gjeneralmajor-benjamin-j-correl\/#primaryimage"},"image":{"@id":"https:\/\/president-ksgov.net\/presidentja-osmani-dekoroi-me-medaljen-presidenciale-ushtarake-komandantin-e-gardes-kombetare-te-iowa-s-gjeneralmajor-benjamin-j-correl\/#primaryimage"},"thumbnailUrl":"https:\/\/president-ksgov.net\/wp-content\/uploads\/2023\/03\/Presidentja_Osmani_26_Janar_2023_1-1-scaled.jpg","datePublished":"2023-01-26T15:20:01+00:00","dateModified":"2023-03-07T08:32:53+00:00","author":{"@id":"https:\/\/president-ksgov.net\/#\/schema\/person\/bb4337a5fb147cb2046d80548172cbee"},"description":"President Osmani awarded the Presidential Military Medal to the Commander of the Iowa National Guard Major General Benjamin J. Corre - President of the Republic of Kosovo - DR. VJOSA OSMANI - SADRIU -","breadcrumb":{"@id":"https:\/\/president-ksgov.net\/presidentja-osmani-dekoroi-me-medaljen-presidenciale-ushtarake-komandantin-e-gardes-kombetare-te-iowa-s-gjeneralmajor-benjamin-j-correl\/#breadcrumb"},"inLanguage":"en-US","potentialAction":[{"@type":"ReadAction","target":["https:\/\/president-ksgov.net\/presidentja-osmani-dekoroi-me-medaljen-presidenciale-ushtarake-komandantin-e-gardes-kombetare-te-iowa-s-gjeneralmajor-benjamin-j-correl\/"]}]},{"@type":"ImageObject","inLanguage":"en-US","@id":"https:\/\/president-ksgov.net\/presidentja-osmani-dekoroi-me-medaljen-presidenciale-ushtarake-komandantin-e-gardes-kombetare-te-iowa-s-gjeneralmajor-benjamin-j-correl\/#primaryimage","url":"https:\/\/president-ksgov.net\/wp-content\/uploads\/2023\/03\/Presidentja_Osmani_26_Janar_2023_1-1-scaled.jpg","contentUrl":"https:\/\/president-ksgov.net\/wp-content\/uploads\/2023\/03\/Presidentja_Osmani_26_Janar_2023_1-1-scaled.jpg","width":2560,"height":1707},{"@type":"BreadcrumbList","@id":"https:\/\/president-ksgov.net\/presidentja-osmani-dekoroi-me-medaljen-presidenciale-ushtarake-komandantin-e-gardes-kombetare-te-iowa-s-gjeneralmajor-benjamin-j-correl\/#breadcrumb","itemListElement":[{"@type":"ListItem","position":1,"name":"Home","item":"https:\/\/president-ksgov.net\/en\/"},{"@type":"ListItem","position":2,"name":"President Osmani awarded the Presidential Military Medal to the Commander of the Iowa National Guard Major General Benjamin J. Corre"}]},{"@type":"WebSite","@id":"https:\/\/president-ksgov.net\/#website","url":"https:\/\/president-ksgov.net\/","name":"Presidente e Republik\u00ebs s\u00eb Kosov\u00ebs","description":"Presidente e Republik\u00ebs s\u00eb Kosov\u00ebs","alternateName":"DR. VJOSA OSMANI - SADRIU","potentialAction":[{"@type":"SearchAction","target":{"@type":"EntryPoint","urlTemplate":"https:\/\/president-ksgov.net\/?s={search_term_string}"},"query-input":{"@type":"PropertyValueSpecification","valueRequired":true,"valueName":"search_term_string"}}],"inLanguage":"en-US"},{"@type":"Person","@id":"https:\/\/president-ksgov.net\/#\/schema\/person\/bb4337a5fb147cb2046d80548172cbee","name":"admin","image":{"@type":"ImageObject","inLanguage":"en-US","@id":"https:\/\/president-ksgov.net\/#\/schema\/person\/image\/","url":"https:\/\/secure.gravatar.com\/avatar\/36156ca0fa3b8d9d25174f146e16beea0cf28f37adf1b9e19b6c9c279a7c9dd3?s=96&d=mm&r=g","contentUrl":"https:\/\/secure.gravatar.com\/avatar\/36156ca0fa3b8d9d25174f146e16beea0cf28f37adf1b9e19b6c9c279a7c9dd3?s=96&d=mm&r=g","caption":"admin"},"sameAs":["https:\/\/president-ksgov.net"]}]}},"_links":{"self":[{"href":"https:\/\/president-ksgov.net\/en\/wp-json\/wp\/v2\/posts\/66084","targetHints":{"allow":["GET"]}}],"collection":[{"href":"https:\/\/president-ksgov.net\/en\/wp-json\/wp\/v2\/posts"}],"about":[{"href":"https:\/\/president-ksgov.net\/en\/wp-json\/wp\/v2\/types\/post"}],"author":[{"embeddable":true,"href":"https:\/\/president-ksgov.net\/en\/wp-json\/wp\/v2\/users\/1"}],"replies":[{"embeddable":true,"href":"https:\/\/president-ksgov.net\/en\/wp-json\/wp\/v2\/comments?post=66084"}],"version-history":[{"count":0,"href":"https:\/\/president-ksgov.net\/en\/wp-json\/wp\/v2\/posts\/66084\/revisions"}],"wp:featuredmedia":[{"embeddable":true,"href":"https:\/\/president-ksgov.net\/en\/wp-json\/wp\/v2\/media\/8345"}],"wp:attachment":[{"href":"https:\/\/president-ksgov.net\/en\/wp-json\/wp\/v2\/media?parent=66084"}],"wp:term":[{"taxonomy":"category","embeddable":true,"href":"https:\/\/president-ksgov.net\/en\/wp-json\/wp\/v2\/categories?post=66084"},{"taxonomy":"post_tag","embeddable":true,"href":"https:\/\/president-ksgov.net\/en\/wp-json\/wp\/v2\/tags?post=66084"}],"curies":[{"name":"wp","href":"https:\/\/api.w.org\/{rel}","templated":true}]}}