{"id":66082,"date":"2023-01-27T13:06:48","date_gmt":"2023-01-27T13:06:48","guid":{"rendered":"https:\/\/dev.president-ksgov.net\/president-osmani-let-us-continue-to-stand-against-anti-semitism-hatred-and-racism-today-and-forever\/"},"modified":"2023-03-07T08:32:53","modified_gmt":"2023-03-07T08:32:53","slug":"president-osmani-let-us-continue-to-stand-against-anti-semitism-hatred-and-racism-today-and-forever","status":"publish","type":"post","link":"https:\/\/president-ksgov.net\/en\/president-osmani-let-us-continue-to-stand-against-anti-semitism-hatred-and-racism-today-and-forever\/","title":{"rendered":"President Osmani: Let us continue to stand against anti-Semitism, hatred and racism today and forever"},"content":{"rendered":"<p>The President of the Republic of Kosovo Vjosa Osmani on International Holocaust Remembrance Day, paid tribute at the memorial plaque honouring the Jews who disappeared in the Nazi camps during the Holocaust.<\/p>\n<p>President Osmani said that this day serves as a reminder of the atrocities committed during one of history&#8217;s darkest periods and as a call to action for all of us to remember and honour the victims of the Holocaust.<\/p>\n<p>&#8220;We must never forget the atrocities of the past and we must continue to stand against anti-Semitism, hatred and racism, today and forever,&#8221; said President Osmani.<\/p>\n<p>&#8220;It is important to remember the acts carried out by Albanians during the Holocaust, welcoming the Jewish refugees with open arms, thus demonstrating compassion and humanity. This serves as a reminder of the power of goodness against evil,&#8221; stated President Osmani.<\/p>\n","protected":false},"excerpt":{"rendered":"<p>The President of the Republic of Kosovo Vjosa Osmani on International Holocaust Remembrance Day, paid tribute at the memorial plaque honouring the Jews who disappeared in the Nazi camps during the Holocaust.<\/p>\n","protected":false},"author":1,"featured_media":8331,"comment_status":"open","ping_status":"closed","sticky":false,"template":"","format":"standard","meta":{"_eb_attr":"","footnotes":""},"categories":[111],"tags":[],"class_list":["post-66082","post","type-post","status-publish","format-standard","has-post-thumbnail","hentry","category-news"],"yoast_head":"<!-- This site is optimized with the Yoast SEO plugin v23.5 - https:\/\/yoast.com\/wordpress\/plugins\/seo\/ -->\n<title>President Osmani: Let us continue to stand against anti-Semitism, hatred and racism today and forever - President of the Republic of Kosovo - DR. VJOSA OSMANI - SADRIU<\/title>\n<meta name=\"description\" content=\"President Osmani: Let us continue to stand against anti-Semitism, hatred and racism today and forever - President of the Republic of Kosovo - DR. VJOSA OSMANI - SADRIU -\" \/>\n<meta name=\"robots\" content=\"index, follow, max-snippet:-1, max-image-preview:large, max-video-preview:-1\" \/>\n<link rel=\"canonical\" href=\"https:\/\/president-ksgov.net\/presidentja-osmani-te-vazhdojme-te-qendrojme-kunder-antisemitizmit-urrejtjes-dhe-racizmit-sot-dhe-cdo-dite\/\" \/>\n<meta property=\"og:locale\" content=\"en_US\" \/>\n<meta property=\"og:type\" content=\"article\" \/>\n<meta property=\"og:title\" content=\"President Osmani: Let us continue to stand against anti-Semitism, hatred and racism today and forever - President of the Republic of Kosovo - DR. VJOSA OSMANI - SADRIU\" \/>\n<meta property=\"og:description\" content=\"President Osmani: Let us continue to stand against anti-Semitism, hatred and racism today and forever - President of the Republic of Kosovo - DR. VJOSA OSMANI - SADRIU -\" \/>\n<meta property=\"og:url\" content=\"https:\/\/president-ksgov.net\/presidentja-osmani-te-vazhdojme-te-qendrojme-kunder-antisemitizmit-urrejtjes-dhe-racizmit-sot-dhe-cdo-dite\/\" \/>\n<meta property=\"og:site_name\" content=\"President of the Republic of Kosovo - DR. VJOSA OSMANI - SADRIU\" \/>\n<meta property=\"article:published_time\" content=\"2023-01-27T13:06:48+00:00\" \/>\n<meta property=\"article:modified_time\" content=\"2023-03-07T08:32:53+00:00\" \/>\n<meta property=\"og:image\" content=\"https:\/\/president-ksgov.net\/wp-content\/uploads\/2023\/03\/27_Janar_2023_FR_1-1-scaled.jpg\" \/>\n\t<meta property=\"og:image:width\" content=\"2560\" \/>\n\t<meta property=\"og:image:height\" content=\"1707\" \/>\n\t<meta property=\"og:image:type\" content=\"image\/jpeg\" \/>\n<meta name=\"author\" content=\"admin\" \/>\n<meta name=\"twitter:card\" content=\"summary_large_image\" \/>\n<meta name=\"twitter:label1\" content=\"Written by\" \/>\n\t<meta name=\"twitter:data1\" content=\"admin\" \/>\n\t<meta name=\"twitter:label2\" content=\"Est. reading time\" \/>\n\t<meta name=\"twitter:data2\" content=\"1 minute\" \/>\n<script type=\"application\/ld+json\" class=\"yoast-schema-graph\">{\"@context\":\"https:\/\/schema.org\",\"@graph\":[{\"@type\":\"WebPage\",\"@id\":\"https:\/\/president-ksgov.net\/presidentja-osmani-te-vazhdojme-te-qendrojme-kunder-antisemitizmit-urrejtjes-dhe-racizmit-sot-dhe-cdo-dite\/\",\"url\":\"https:\/\/president-ksgov.net\/presidentja-osmani-te-vazhdojme-te-qendrojme-kunder-antisemitizmit-urrejtjes-dhe-racizmit-sot-dhe-cdo-dite\/\",\"name\":\"President Osmani: Let us continue to stand against anti-Semitism, hatred and racism today and forever - President of the Republic of Kosovo - DR. VJOSA OSMANI - SADRIU\",\"isPartOf\":{\"@id\":\"https:\/\/president-ksgov.net\/#website\"},\"primaryImageOfPage\":{\"@id\":\"https:\/\/president-ksgov.net\/presidentja-osmani-te-vazhdojme-te-qendrojme-kunder-antisemitizmit-urrejtjes-dhe-racizmit-sot-dhe-cdo-dite\/#primaryimage\"},\"image\":{\"@id\":\"https:\/\/president-ksgov.net\/presidentja-osmani-te-vazhdojme-te-qendrojme-kunder-antisemitizmit-urrejtjes-dhe-racizmit-sot-dhe-cdo-dite\/#primaryimage\"},\"thumbnailUrl\":\"https:\/\/president-ksgov.net\/wp-content\/uploads\/2023\/03\/27_Janar_2023_FR_1-1-scaled.jpg\",\"datePublished\":\"2023-01-27T13:06:48+00:00\",\"dateModified\":\"2023-03-07T08:32:53+00:00\",\"author\":{\"@id\":\"https:\/\/president-ksgov.net\/#\/schema\/person\/bb4337a5fb147cb2046d80548172cbee\"},\"description\":\"President Osmani: Let us continue to stand against anti-Semitism, hatred and racism today and forever - President of the Republic of Kosovo - DR. VJOSA OSMANI - SADRIU -\",\"breadcrumb\":{\"@id\":\"https:\/\/president-ksgov.net\/presidentja-osmani-te-vazhdojme-te-qendrojme-kunder-antisemitizmit-urrejtjes-dhe-racizmit-sot-dhe-cdo-dite\/#breadcrumb\"},\"inLanguage\":\"en-US\",\"potentialAction\":[{\"@type\":\"ReadAction\",\"target\":[\"https:\/\/president-ksgov.net\/presidentja-osmani-te-vazhdojme-te-qendrojme-kunder-antisemitizmit-urrejtjes-dhe-racizmit-sot-dhe-cdo-dite\/\"]}]},{\"@type\":\"ImageObject\",\"inLanguage\":\"en-US\",\"@id\":\"https:\/\/president-ksgov.net\/presidentja-osmani-te-vazhdojme-te-qendrojme-kunder-antisemitizmit-urrejtjes-dhe-racizmit-sot-dhe-cdo-dite\/#primaryimage\",\"url\":\"https:\/\/president-ksgov.net\/wp-content\/uploads\/2023\/03\/27_Janar_2023_FR_1-1-scaled.jpg\",\"contentUrl\":\"https:\/\/president-ksgov.net\/wp-content\/uploads\/2023\/03\/27_Janar_2023_FR_1-1-scaled.jpg\",\"width\":2560,\"height\":1707},{\"@type\":\"BreadcrumbList\",\"@id\":\"https:\/\/president-ksgov.net\/presidentja-osmani-te-vazhdojme-te-qendrojme-kunder-antisemitizmit-urrejtjes-dhe-racizmit-sot-dhe-cdo-dite\/#breadcrumb\",\"itemListElement\":[{\"@type\":\"ListItem\",\"position\":1,\"name\":\"Home\",\"item\":\"https:\/\/president-ksgov.net\/en\/\"},{\"@type\":\"ListItem\",\"position\":2,\"name\":\"President Osmani: Let us continue to stand against anti-Semitism, hatred and racism today and forever\"}]},{\"@type\":\"WebSite\",\"@id\":\"https:\/\/president-ksgov.net\/#website\",\"url\":\"https:\/\/president-ksgov.net\/\",\"name\":\"Presidente e Republik\u00ebs s\u00eb Kosov\u00ebs\",\"description\":\"Presidente e Republik\u00ebs s\u00eb Kosov\u00ebs\",\"alternateName\":\"DR. VJOSA OSMANI - SADRIU\",\"potentialAction\":[{\"@type\":\"SearchAction\",\"target\":{\"@type\":\"EntryPoint\",\"urlTemplate\":\"https:\/\/president-ksgov.net\/?s={search_term_string}\"},\"query-input\":{\"@type\":\"PropertyValueSpecification\",\"valueRequired\":true,\"valueName\":\"search_term_string\"}}],\"inLanguage\":\"en-US\"},{\"@type\":\"Person\",\"@id\":\"https:\/\/president-ksgov.net\/#\/schema\/person\/bb4337a5fb147cb2046d80548172cbee\",\"name\":\"admin\",\"image\":{\"@type\":\"ImageObject\",\"inLanguage\":\"en-US\",\"@id\":\"https:\/\/president-ksgov.net\/#\/schema\/person\/image\/\",\"url\":\"https:\/\/secure.gravatar.com\/avatar\/36156ca0fa3b8d9d25174f146e16beea0cf28f37adf1b9e19b6c9c279a7c9dd3?s=96&d=mm&r=g\",\"contentUrl\":\"https:\/\/secure.gravatar.com\/avatar\/36156ca0fa3b8d9d25174f146e16beea0cf28f37adf1b9e19b6c9c279a7c9dd3?s=96&d=mm&r=g\",\"caption\":\"admin\"},\"sameAs\":[\"https:\/\/president-ksgov.net\"]}]}<\/script>\n<!-- \/ Yoast SEO plugin. -->","yoast_head_json":{"title":"President Osmani: Let us continue to stand against anti-Semitism, hatred and racism today and forever - President of the Republic of Kosovo - DR. VJOSA OSMANI - SADRIU","description":"President Osmani: Let us continue to stand against anti-Semitism, hatred and racism today and forever - President of the Republic of Kosovo - DR. VJOSA OSMANI - SADRIU -","robots":{"index":"index","follow":"follow","max-snippet":"max-snippet:-1","max-image-preview":"max-image-preview:large","max-video-preview":"max-video-preview:-1"},"canonical":"https:\/\/president-ksgov.net\/presidentja-osmani-te-vazhdojme-te-qendrojme-kunder-antisemitizmit-urrejtjes-dhe-racizmit-sot-dhe-cdo-dite\/","og_locale":"en_US","og_type":"article","og_title":"President Osmani: Let us continue to stand against anti-Semitism, hatred and racism today and forever - President of the Republic of Kosovo - DR. VJOSA OSMANI - SADRIU","og_description":"President Osmani: Let us continue to stand against anti-Semitism, hatred and racism today and forever - President of the Republic of Kosovo - DR. VJOSA OSMANI - SADRIU -","og_url":"https:\/\/president-ksgov.net\/presidentja-osmani-te-vazhdojme-te-qendrojme-kunder-antisemitizmit-urrejtjes-dhe-racizmit-sot-dhe-cdo-dite\/","og_site_name":"President of the Republic of Kosovo - DR. VJOSA OSMANI - SADRIU","article_published_time":"2023-01-27T13:06:48+00:00","article_modified_time":"2023-03-07T08:32:53+00:00","og_image":[{"width":2560,"height":1707,"url":"https:\/\/president-ksgov.net\/wp-content\/uploads\/2023\/03\/27_Janar_2023_FR_1-1-scaled.jpg","type":"image\/jpeg"}],"author":"admin","twitter_card":"summary_large_image","twitter_misc":{"Written by":"admin","Est. reading time":"1 minute"},"schema":{"@context":"https:\/\/schema.org","@graph":[{"@type":"WebPage","@id":"https:\/\/president-ksgov.net\/presidentja-osmani-te-vazhdojme-te-qendrojme-kunder-antisemitizmit-urrejtjes-dhe-racizmit-sot-dhe-cdo-dite\/","url":"https:\/\/president-ksgov.net\/presidentja-osmani-te-vazhdojme-te-qendrojme-kunder-antisemitizmit-urrejtjes-dhe-racizmit-sot-dhe-cdo-dite\/","name":"President Osmani: Let us continue to stand against anti-Semitism, hatred and racism today and forever - President of the Republic of Kosovo - DR. VJOSA OSMANI - SADRIU","isPartOf":{"@id":"https:\/\/president-ksgov.net\/#website"},"primaryImageOfPage":{"@id":"https:\/\/president-ksgov.net\/presidentja-osmani-te-vazhdojme-te-qendrojme-kunder-antisemitizmit-urrejtjes-dhe-racizmit-sot-dhe-cdo-dite\/#primaryimage"},"image":{"@id":"https:\/\/president-ksgov.net\/presidentja-osmani-te-vazhdojme-te-qendrojme-kunder-antisemitizmit-urrejtjes-dhe-racizmit-sot-dhe-cdo-dite\/#primaryimage"},"thumbnailUrl":"https:\/\/president-ksgov.net\/wp-content\/uploads\/2023\/03\/27_Janar_2023_FR_1-1-scaled.jpg","datePublished":"2023-01-27T13:06:48+00:00","dateModified":"2023-03-07T08:32:53+00:00","author":{"@id":"https:\/\/president-ksgov.net\/#\/schema\/person\/bb4337a5fb147cb2046d80548172cbee"},"description":"President Osmani: Let us continue to stand against anti-Semitism, hatred and racism today and forever - President of the Republic of Kosovo - DR. VJOSA OSMANI - SADRIU -","breadcrumb":{"@id":"https:\/\/president-ksgov.net\/presidentja-osmani-te-vazhdojme-te-qendrojme-kunder-antisemitizmit-urrejtjes-dhe-racizmit-sot-dhe-cdo-dite\/#breadcrumb"},"inLanguage":"en-US","potentialAction":[{"@type":"ReadAction","target":["https:\/\/president-ksgov.net\/presidentja-osmani-te-vazhdojme-te-qendrojme-kunder-antisemitizmit-urrejtjes-dhe-racizmit-sot-dhe-cdo-dite\/"]}]},{"@type":"ImageObject","inLanguage":"en-US","@id":"https:\/\/president-ksgov.net\/presidentja-osmani-te-vazhdojme-te-qendrojme-kunder-antisemitizmit-urrejtjes-dhe-racizmit-sot-dhe-cdo-dite\/#primaryimage","url":"https:\/\/president-ksgov.net\/wp-content\/uploads\/2023\/03\/27_Janar_2023_FR_1-1-scaled.jpg","contentUrl":"https:\/\/president-ksgov.net\/wp-content\/uploads\/2023\/03\/27_Janar_2023_FR_1-1-scaled.jpg","width":2560,"height":1707},{"@type":"BreadcrumbList","@id":"https:\/\/president-ksgov.net\/presidentja-osmani-te-vazhdojme-te-qendrojme-kunder-antisemitizmit-urrejtjes-dhe-racizmit-sot-dhe-cdo-dite\/#breadcrumb","itemListElement":[{"@type":"ListItem","position":1,"name":"Home","item":"https:\/\/president-ksgov.net\/en\/"},{"@type":"ListItem","position":2,"name":"President Osmani: Let us continue to stand against anti-Semitism, hatred and racism today and forever"}]},{"@type":"WebSite","@id":"https:\/\/president-ksgov.net\/#website","url":"https:\/\/president-ksgov.net\/","name":"Presidente e Republik\u00ebs s\u00eb Kosov\u00ebs","description":"Presidente e Republik\u00ebs s\u00eb Kosov\u00ebs","alternateName":"DR. VJOSA OSMANI - SADRIU","potentialAction":[{"@type":"SearchAction","target":{"@type":"EntryPoint","urlTemplate":"https:\/\/president-ksgov.net\/?s={search_term_string}"},"query-input":{"@type":"PropertyValueSpecification","valueRequired":true,"valueName":"search_term_string"}}],"inLanguage":"en-US"},{"@type":"Person","@id":"https:\/\/president-ksgov.net\/#\/schema\/person\/bb4337a5fb147cb2046d80548172cbee","name":"admin","image":{"@type":"ImageObject","inLanguage":"en-US","@id":"https:\/\/president-ksgov.net\/#\/schema\/person\/image\/","url":"https:\/\/secure.gravatar.com\/avatar\/36156ca0fa3b8d9d25174f146e16beea0cf28f37adf1b9e19b6c9c279a7c9dd3?s=96&d=mm&r=g","contentUrl":"https:\/\/secure.gravatar.com\/avatar\/36156ca0fa3b8d9d25174f146e16beea0cf28f37adf1b9e19b6c9c279a7c9dd3?s=96&d=mm&r=g","caption":"admin"},"sameAs":["https:\/\/president-ksgov.net"]}]}},"_links":{"self":[{"href":"https:\/\/president-ksgov.net\/en\/wp-json\/wp\/v2\/posts\/66082","targetHints":{"allow":["GET"]}}],"collection":[{"href":"https:\/\/president-ksgov.net\/en\/wp-json\/wp\/v2\/posts"}],"about":[{"href":"https:\/\/president-ksgov.net\/en\/wp-json\/wp\/v2\/types\/post"}],"author":[{"embeddable":true,"href":"https:\/\/president-ksgov.net\/en\/wp-json\/wp\/v2\/users\/1"}],"replies":[{"embeddable":true,"href":"https:\/\/president-ksgov.net\/en\/wp-json\/wp\/v2\/comments?post=66082"}],"version-history":[{"count":0,"href":"https:\/\/president-ksgov.net\/en\/wp-json\/wp\/v2\/posts\/66082\/revisions"}],"wp:featuredmedia":[{"embeddable":true,"href":"https:\/\/president-ksgov.net\/en\/wp-json\/wp\/v2\/media\/8331"}],"wp:attachment":[{"href":"https:\/\/president-ksgov.net\/en\/wp-json\/wp\/v2\/media?parent=66082"}],"wp:term":[{"taxonomy":"category","embeddable":true,"href":"https:\/\/president-ksgov.net\/en\/wp-json\/wp\/v2\/categories?post=66082"},{"taxonomy":"post_tag","embeddable":true,"href":"https:\/\/president-ksgov.net\/en\/wp-json\/wp\/v2\/tags?post=66082"}],"curies":[{"name":"wp","href":"https:\/\/api.w.org\/{rel}","templated":true}]}}