{"id":66072,"date":"2023-02-03T10:05:29","date_gmt":"2023-02-03T10:05:29","guid":{"rendered":"https:\/\/dev.president-ksgov.net\/president-osmani-was-received-in-a-meeting-by-the-speaker-of-the-assembly-of-iceland-birgir-armannsson\/"},"modified":"2023-03-07T08:32:53","modified_gmt":"2023-03-07T08:32:53","slug":"president-osmani-was-received-in-a-meeting-by-the-speaker-of-the-assembly-of-iceland-birgir-armannsson","status":"publish","type":"post","link":"https:\/\/president-ksgov.net\/en\/president-osmani-was-received-in-a-meeting-by-the-speaker-of-the-assembly-of-iceland-birgir-armannsson\/","title":{"rendered":"President Osmani was received in a meeting by the Speaker of the Assembly of Iceland, Birgir \u00c1rmannsson"},"content":{"rendered":"<p>Following the meetings with the President and the Prime Minister of Iceland, the President of the Republic of Kosovo, Vjosa Osmani, was also received in a meeting by the Speaker of the Assembly of Iceland, Birgir \u00c1rmannsson.<\/p>\n<p>In the meeting with the Speaker of the Assembly \u00c1rmannsson, President Osmani thanked Iceland for its support to Kosovo, highlighting the importance of extending it further in the international arena. In this spirit, the President expressed the commitment of Kosovo\u2019s institutions to deepen bilateral cooperation during the Council of Europe Icelandic Presidency, underlining the importance of protecting common values, at this crucial time for Europe.<\/p>\n<p>President Osmani and Assembly Speaker \u00c1rmannsson discussed the importance of inter-parliamentary cooperation as well.<\/p>\n<p>Furthermore, President Osmani also spoke about the latest developments in Kosovo. The President stated that the institutions of the Republic keep being committed to the rule of law and the advancement of democracy, as estimated in the latest international indices, where Kosovo made extraordinary progress.<\/p>\n<p>President Osmani also emphasized that Kosovo keeps being committed to close cooperation and coordination with international allies to contribute to sustainable peace and security. <\/p>\n<p>The Assembly Speaker \u00c1rmannsson thanked President Osmani for her visit and emphasized that Iceland is committed to further deepening the relations between our two peoples and countries.<\/p>\n","protected":false},"excerpt":{"rendered":"<p>Following the meetings with the President and the Prime Minister of Iceland, the President of the Republic of Kosovo, Vjosa Osmani, was also received in a meeting by the Speaker of the Assembly of Iceland, Birgir \u00c1rmannsson.<\/p>\n","protected":false},"author":1,"featured_media":8249,"comment_status":"open","ping_status":"closed","sticky":false,"template":"","format":"standard","meta":{"_eb_attr":"","footnotes":""},"categories":[111],"tags":[],"class_list":["post-66072","post","type-post","status-publish","format-standard","has-post-thumbnail","hentry","category-news"],"yoast_head":"<!-- This site is optimized with the Yoast SEO plugin v23.5 - https:\/\/yoast.com\/wordpress\/plugins\/seo\/ -->\n<title>President Osmani was received in a meeting by the Speaker of the Assembly of Iceland, Birgir \u00c1rmannsson - President of the Republic of Kosovo - DR. VJOSA OSMANI - SADRIU<\/title>\n<meta name=\"description\" content=\"President Osmani was received in a meeting by the Speaker of the Assembly of Iceland, Birgir \u00c1rmannsson - President of the Republic of Kosovo - DR. VJOSA OSMANI - SADRIU -\" \/>\n<meta name=\"robots\" content=\"index, follow, max-snippet:-1, max-image-preview:large, max-video-preview:-1\" \/>\n<link rel=\"canonical\" href=\"https:\/\/president-ksgov.net\/en\/president-osmani-was-received-in-a-meeting-by-the-speaker-of-the-assembly-of-iceland-birgir-armannsson\/\" \/>\n<meta property=\"og:locale\" content=\"en_US\" \/>\n<meta property=\"og:type\" content=\"article\" \/>\n<meta property=\"og:title\" content=\"President Osmani was received in a meeting by the Speaker of the Assembly of Iceland, Birgir \u00c1rmannsson - President of the Republic of Kosovo - DR. VJOSA OSMANI - SADRIU\" \/>\n<meta property=\"og:description\" content=\"President Osmani was received in a meeting by the Speaker of the Assembly of Iceland, Birgir \u00c1rmannsson - President of the Republic of Kosovo - DR. VJOSA OSMANI - SADRIU -\" \/>\n<meta property=\"og:url\" content=\"https:\/\/president-ksgov.net\/en\/president-osmani-was-received-in-a-meeting-by-the-speaker-of-the-assembly-of-iceland-birgir-armannsson\/\" \/>\n<meta property=\"og:site_name\" content=\"President of the Republic of Kosovo - DR. VJOSA OSMANI - SADRIU\" \/>\n<meta property=\"article:published_time\" content=\"2023-02-03T10:05:29+00:00\" \/>\n<meta property=\"article:modified_time\" content=\"2023-03-07T08:32:53+00:00\" \/>\n<meta property=\"og:image\" content=\"https:\/\/president-ksgov.net\/wp-content\/uploads\/2023\/03\/Presidentja_Osmani_Birgir_armannsson_1-1.jpg\" \/>\n\t<meta property=\"og:image:width\" content=\"1827\" \/>\n\t<meta property=\"og:image:height\" content=\"1217\" \/>\n\t<meta property=\"og:image:type\" content=\"image\/jpeg\" \/>\n<meta name=\"author\" content=\"admin\" \/>\n<meta name=\"twitter:card\" content=\"summary_large_image\" \/>\n<meta name=\"twitter:label1\" content=\"Written by\" \/>\n\t<meta name=\"twitter:data1\" content=\"admin\" \/>\n\t<meta name=\"twitter:label2\" content=\"Est. reading time\" \/>\n\t<meta name=\"twitter:data2\" content=\"1 minute\" \/>\n<script type=\"application\/ld+json\" class=\"yoast-schema-graph\">{\"@context\":\"https:\/\/schema.org\",\"@graph\":[{\"@type\":\"WebPage\",\"@id\":\"https:\/\/president-ksgov.net\/en\/president-osmani-was-received-in-a-meeting-by-the-speaker-of-the-assembly-of-iceland-birgir-armannsson\/\",\"url\":\"https:\/\/president-ksgov.net\/en\/president-osmani-was-received-in-a-meeting-by-the-speaker-of-the-assembly-of-iceland-birgir-armannsson\/\",\"name\":\"President Osmani was received in a meeting by the Speaker of the Assembly of Iceland, Birgir \u00c1rmannsson - President of the Republic of Kosovo - DR. VJOSA OSMANI - SADRIU\",\"isPartOf\":{\"@id\":\"https:\/\/president-ksgov.net\/#website\"},\"primaryImageOfPage\":{\"@id\":\"https:\/\/president-ksgov.net\/en\/president-osmani-was-received-in-a-meeting-by-the-speaker-of-the-assembly-of-iceland-birgir-armannsson\/#primaryimage\"},\"image\":{\"@id\":\"https:\/\/president-ksgov.net\/en\/president-osmani-was-received-in-a-meeting-by-the-speaker-of-the-assembly-of-iceland-birgir-armannsson\/#primaryimage\"},\"thumbnailUrl\":\"https:\/\/president-ksgov.net\/wp-content\/uploads\/2023\/03\/Presidentja_Osmani_Birgir_armannsson_1-1.jpg\",\"datePublished\":\"2023-02-03T10:05:29+00:00\",\"dateModified\":\"2023-03-07T08:32:53+00:00\",\"author\":{\"@id\":\"https:\/\/president-ksgov.net\/#\/schema\/person\/bb4337a5fb147cb2046d80548172cbee\"},\"description\":\"President Osmani was received in a meeting by the Speaker of the Assembly of Iceland, Birgir \u00c1rmannsson - President of the Republic of Kosovo - DR. VJOSA OSMANI - SADRIU -\",\"breadcrumb\":{\"@id\":\"https:\/\/president-ksgov.net\/en\/president-osmani-was-received-in-a-meeting-by-the-speaker-of-the-assembly-of-iceland-birgir-armannsson\/#breadcrumb\"},\"inLanguage\":\"en-US\",\"potentialAction\":[{\"@type\":\"ReadAction\",\"target\":[\"https:\/\/president-ksgov.net\/en\/president-osmani-was-received-in-a-meeting-by-the-speaker-of-the-assembly-of-iceland-birgir-armannsson\/\"]}]},{\"@type\":\"ImageObject\",\"inLanguage\":\"en-US\",\"@id\":\"https:\/\/president-ksgov.net\/en\/president-osmani-was-received-in-a-meeting-by-the-speaker-of-the-assembly-of-iceland-birgir-armannsson\/#primaryimage\",\"url\":\"https:\/\/president-ksgov.net\/wp-content\/uploads\/2023\/03\/Presidentja_Osmani_Birgir_armannsson_1-1.jpg\",\"contentUrl\":\"https:\/\/president-ksgov.net\/wp-content\/uploads\/2023\/03\/Presidentja_Osmani_Birgir_armannsson_1-1.jpg\",\"width\":1827,\"height\":1217},{\"@type\":\"BreadcrumbList\",\"@id\":\"https:\/\/president-ksgov.net\/en\/president-osmani-was-received-in-a-meeting-by-the-speaker-of-the-assembly-of-iceland-birgir-armannsson\/#breadcrumb\",\"itemListElement\":[{\"@type\":\"ListItem\",\"position\":1,\"name\":\"Home\",\"item\":\"https:\/\/president-ksgov.net\/en\/\"},{\"@type\":\"ListItem\",\"position\":2,\"name\":\"President Osmani was received in a meeting by the Speaker of the Assembly of Iceland, Birgir \u00c1rmannsson\"}]},{\"@type\":\"WebSite\",\"@id\":\"https:\/\/president-ksgov.net\/#website\",\"url\":\"https:\/\/president-ksgov.net\/\",\"name\":\"Presidente e Republik\u00ebs s\u00eb Kosov\u00ebs\",\"description\":\"Presidente e Republik\u00ebs s\u00eb Kosov\u00ebs\",\"alternateName\":\"DR. VJOSA OSMANI - SADRIU\",\"potentialAction\":[{\"@type\":\"SearchAction\",\"target\":{\"@type\":\"EntryPoint\",\"urlTemplate\":\"https:\/\/president-ksgov.net\/?s={search_term_string}\"},\"query-input\":{\"@type\":\"PropertyValueSpecification\",\"valueRequired\":true,\"valueName\":\"search_term_string\"}}],\"inLanguage\":\"en-US\"},{\"@type\":\"Person\",\"@id\":\"https:\/\/president-ksgov.net\/#\/schema\/person\/bb4337a5fb147cb2046d80548172cbee\",\"name\":\"admin\",\"image\":{\"@type\":\"ImageObject\",\"inLanguage\":\"en-US\",\"@id\":\"https:\/\/president-ksgov.net\/#\/schema\/person\/image\/\",\"url\":\"https:\/\/secure.gravatar.com\/avatar\/36156ca0fa3b8d9d25174f146e16beea0cf28f37adf1b9e19b6c9c279a7c9dd3?s=96&d=mm&r=g\",\"contentUrl\":\"https:\/\/secure.gravatar.com\/avatar\/36156ca0fa3b8d9d25174f146e16beea0cf28f37adf1b9e19b6c9c279a7c9dd3?s=96&d=mm&r=g\",\"caption\":\"admin\"},\"sameAs\":[\"https:\/\/president-ksgov.net\"]}]}<\/script>\n<!-- \/ Yoast SEO plugin. -->","yoast_head_json":{"title":"President Osmani was received in a meeting by the Speaker of the Assembly of Iceland, Birgir \u00c1rmannsson - President of the Republic of Kosovo - DR. VJOSA OSMANI - SADRIU","description":"President Osmani was received in a meeting by the Speaker of the Assembly of Iceland, Birgir \u00c1rmannsson - President of the Republic of Kosovo - DR. VJOSA OSMANI - SADRIU -","robots":{"index":"index","follow":"follow","max-snippet":"max-snippet:-1","max-image-preview":"max-image-preview:large","max-video-preview":"max-video-preview:-1"},"canonical":"https:\/\/president-ksgov.net\/en\/president-osmani-was-received-in-a-meeting-by-the-speaker-of-the-assembly-of-iceland-birgir-armannsson\/","og_locale":"en_US","og_type":"article","og_title":"President Osmani was received in a meeting by the Speaker of the Assembly of Iceland, Birgir \u00c1rmannsson - President of the Republic of Kosovo - DR. VJOSA OSMANI - SADRIU","og_description":"President Osmani was received in a meeting by the Speaker of the Assembly of Iceland, Birgir \u00c1rmannsson - President of the Republic of Kosovo - DR. VJOSA OSMANI - SADRIU -","og_url":"https:\/\/president-ksgov.net\/en\/president-osmani-was-received-in-a-meeting-by-the-speaker-of-the-assembly-of-iceland-birgir-armannsson\/","og_site_name":"President of the Republic of Kosovo - DR. VJOSA OSMANI - SADRIU","article_published_time":"2023-02-03T10:05:29+00:00","article_modified_time":"2023-03-07T08:32:53+00:00","og_image":[{"width":1827,"height":1217,"url":"https:\/\/president-ksgov.net\/wp-content\/uploads\/2023\/03\/Presidentja_Osmani_Birgir_armannsson_1-1.jpg","type":"image\/jpeg"}],"author":"admin","twitter_card":"summary_large_image","twitter_misc":{"Written by":"admin","Est. reading time":"1 minute"},"schema":{"@context":"https:\/\/schema.org","@graph":[{"@type":"WebPage","@id":"https:\/\/president-ksgov.net\/en\/president-osmani-was-received-in-a-meeting-by-the-speaker-of-the-assembly-of-iceland-birgir-armannsson\/","url":"https:\/\/president-ksgov.net\/en\/president-osmani-was-received-in-a-meeting-by-the-speaker-of-the-assembly-of-iceland-birgir-armannsson\/","name":"President Osmani was received in a meeting by the Speaker of the Assembly of Iceland, Birgir \u00c1rmannsson - President of the Republic of Kosovo - DR. VJOSA OSMANI - SADRIU","isPartOf":{"@id":"https:\/\/president-ksgov.net\/#website"},"primaryImageOfPage":{"@id":"https:\/\/president-ksgov.net\/en\/president-osmani-was-received-in-a-meeting-by-the-speaker-of-the-assembly-of-iceland-birgir-armannsson\/#primaryimage"},"image":{"@id":"https:\/\/president-ksgov.net\/en\/president-osmani-was-received-in-a-meeting-by-the-speaker-of-the-assembly-of-iceland-birgir-armannsson\/#primaryimage"},"thumbnailUrl":"https:\/\/president-ksgov.net\/wp-content\/uploads\/2023\/03\/Presidentja_Osmani_Birgir_armannsson_1-1.jpg","datePublished":"2023-02-03T10:05:29+00:00","dateModified":"2023-03-07T08:32:53+00:00","author":{"@id":"https:\/\/president-ksgov.net\/#\/schema\/person\/bb4337a5fb147cb2046d80548172cbee"},"description":"President Osmani was received in a meeting by the Speaker of the Assembly of Iceland, Birgir \u00c1rmannsson - President of the Republic of Kosovo - DR. VJOSA OSMANI - SADRIU -","breadcrumb":{"@id":"https:\/\/president-ksgov.net\/en\/president-osmani-was-received-in-a-meeting-by-the-speaker-of-the-assembly-of-iceland-birgir-armannsson\/#breadcrumb"},"inLanguage":"en-US","potentialAction":[{"@type":"ReadAction","target":["https:\/\/president-ksgov.net\/en\/president-osmani-was-received-in-a-meeting-by-the-speaker-of-the-assembly-of-iceland-birgir-armannsson\/"]}]},{"@type":"ImageObject","inLanguage":"en-US","@id":"https:\/\/president-ksgov.net\/en\/president-osmani-was-received-in-a-meeting-by-the-speaker-of-the-assembly-of-iceland-birgir-armannsson\/#primaryimage","url":"https:\/\/president-ksgov.net\/wp-content\/uploads\/2023\/03\/Presidentja_Osmani_Birgir_armannsson_1-1.jpg","contentUrl":"https:\/\/president-ksgov.net\/wp-content\/uploads\/2023\/03\/Presidentja_Osmani_Birgir_armannsson_1-1.jpg","width":1827,"height":1217},{"@type":"BreadcrumbList","@id":"https:\/\/president-ksgov.net\/en\/president-osmani-was-received-in-a-meeting-by-the-speaker-of-the-assembly-of-iceland-birgir-armannsson\/#breadcrumb","itemListElement":[{"@type":"ListItem","position":1,"name":"Home","item":"https:\/\/president-ksgov.net\/en\/"},{"@type":"ListItem","position":2,"name":"President Osmani was received in a meeting by the Speaker of the Assembly of Iceland, Birgir \u00c1rmannsson"}]},{"@type":"WebSite","@id":"https:\/\/president-ksgov.net\/#website","url":"https:\/\/president-ksgov.net\/","name":"Presidente e Republik\u00ebs s\u00eb Kosov\u00ebs","description":"Presidente e Republik\u00ebs s\u00eb Kosov\u00ebs","alternateName":"DR. VJOSA OSMANI - SADRIU","potentialAction":[{"@type":"SearchAction","target":{"@type":"EntryPoint","urlTemplate":"https:\/\/president-ksgov.net\/?s={search_term_string}"},"query-input":{"@type":"PropertyValueSpecification","valueRequired":true,"valueName":"search_term_string"}}],"inLanguage":"en-US"},{"@type":"Person","@id":"https:\/\/president-ksgov.net\/#\/schema\/person\/bb4337a5fb147cb2046d80548172cbee","name":"admin","image":{"@type":"ImageObject","inLanguage":"en-US","@id":"https:\/\/president-ksgov.net\/#\/schema\/person\/image\/","url":"https:\/\/secure.gravatar.com\/avatar\/36156ca0fa3b8d9d25174f146e16beea0cf28f37adf1b9e19b6c9c279a7c9dd3?s=96&d=mm&r=g","contentUrl":"https:\/\/secure.gravatar.com\/avatar\/36156ca0fa3b8d9d25174f146e16beea0cf28f37adf1b9e19b6c9c279a7c9dd3?s=96&d=mm&r=g","caption":"admin"},"sameAs":["https:\/\/president-ksgov.net"]}]}},"_links":{"self":[{"href":"https:\/\/president-ksgov.net\/en\/wp-json\/wp\/v2\/posts\/66072","targetHints":{"allow":["GET"]}}],"collection":[{"href":"https:\/\/president-ksgov.net\/en\/wp-json\/wp\/v2\/posts"}],"about":[{"href":"https:\/\/president-ksgov.net\/en\/wp-json\/wp\/v2\/types\/post"}],"author":[{"embeddable":true,"href":"https:\/\/president-ksgov.net\/en\/wp-json\/wp\/v2\/users\/1"}],"replies":[{"embeddable":true,"href":"https:\/\/president-ksgov.net\/en\/wp-json\/wp\/v2\/comments?post=66072"}],"version-history":[{"count":0,"href":"https:\/\/president-ksgov.net\/en\/wp-json\/wp\/v2\/posts\/66072\/revisions"}],"wp:featuredmedia":[{"embeddable":true,"href":"https:\/\/president-ksgov.net\/en\/wp-json\/wp\/v2\/media\/8249"}],"wp:attachment":[{"href":"https:\/\/president-ksgov.net\/en\/wp-json\/wp\/v2\/media?parent=66072"}],"wp:term":[{"taxonomy":"category","embeddable":true,"href":"https:\/\/president-ksgov.net\/en\/wp-json\/wp\/v2\/categories?post=66072"},{"taxonomy":"post_tag","embeddable":true,"href":"https:\/\/president-ksgov.net\/en\/wp-json\/wp\/v2\/tags?post=66072"}],"curies":[{"name":"wp","href":"https:\/\/api.w.org\/{rel}","templated":true}]}}