{"id":66071,"date":"2023-02-03T12:09:53","date_gmt":"2023-02-03T12:09:53","guid":{"rendered":"https:\/\/dev.president-ksgov.net\/president-osmani-met-with-the-foreign-minister-of-iceland-thordis-kolbrun-reykfjord-gylfadottir\/"},"modified":"2023-03-07T08:32:15","modified_gmt":"2023-03-07T08:32:15","slug":"president-osmani-met-with-the-foreign-minister-of-iceland-thordis-kolbrun-reykfjord-gylfadottir","status":"publish","type":"post","link":"https:\/\/president-ksgov.net\/en\/president-osmani-met-with-the-foreign-minister-of-iceland-thordis-kolbrun-reykfjord-gylfadottir\/","title":{"rendered":"President Osmani met with the Foreign Minister of Iceland, Th\u00f3rd\u00eds Kolbr\u00fan Reykfj\u00f6rd Gylfad\u00f3ttir"},"content":{"rendered":"<p>The President of the Republic of Kosovo, Vjosa Osmani, met during her stay in Iceland with the Minister of Foreign Affairs of Iceland, Th\u00f3rd\u00eds Kolbr\u00fan Reykfj\u00f6rd Gylfad\u00f3ttir.<\/p>\n<p>The readiness of our two countries to deepen interstate cooperation in foreign policy was reconfirmed in the meeting with Minister Reykfj\u00f6rd Gylfad\u00f3ttir.<\/p>\n<p>President Osmani expressed her willingness to enhance cooperation and contacts during the Council of Europe Icelandic Presidency, reiterating our country\u2019s steadfast commitment to promoting human rights, the rule of law and democracy. She mentioned the great importance of further advancement of Kosovo\u2019s membership in this organization for the Kosovo citizens, stating that Kosovo is the embodiment of the values represented by the Council of Europe.<\/p>\n<p>President Osmani and Minister Reykfj\u00f6rd Gylfad\u00f3ttir discussed, inter alia, the current situation in the region, Europe and beyond, as well as the need to stay united against anti-democratic actors that aim to destabilize and threaten our common freedom-loving values. President Osmani underlined the importance of advancing Kosovo\u2019s Euro-Atlantic path, mentioning the steps taken for alignment with the EU and NATO, as proof of the steadfast determination of the Kosovo people for this process.<\/p>\n","protected":false},"excerpt":{"rendered":"<p>The President of the Republic of Kosovo, Vjosa Osmani, met during her stay in Iceland with the Minister of Foreign Affairs of Iceland, Th\u00f3rd\u00eds Kolbr\u00fan Reykfj\u00f6rd Gylfad\u00f3ttir.<\/p>\n","protected":false},"author":1,"featured_media":8236,"comment_status":"open","ping_status":"closed","sticky":false,"template":"","format":"standard","meta":{"_eb_attr":"","footnotes":""},"categories":[111],"tags":[],"class_list":["post-66071","post","type-post","status-publish","format-standard","has-post-thumbnail","hentry","category-news"],"yoast_head":"<!-- This site is optimized with the Yoast SEO plugin v23.5 - https:\/\/yoast.com\/wordpress\/plugins\/seo\/ -->\n<title>President Osmani met with the Foreign Minister of Iceland, Th\u00f3rd\u00eds Kolbr\u00fan Reykfj\u00f6rd Gylfad\u00f3ttir - President of the Republic of Kosovo - DR. VJOSA OSMANI - SADRIU<\/title>\n<meta name=\"description\" content=\"President Osmani met with the Foreign Minister of Iceland, Th\u00f3rd\u00eds Kolbr\u00fan Reykfj\u00f6rd Gylfad\u00f3ttir - President of the Republic of Kosovo - DR. VJOSA OSMANI - SADRIU -\" \/>\n<meta name=\"robots\" content=\"index, follow, max-snippet:-1, max-image-preview:large, max-video-preview:-1\" \/>\n<link rel=\"canonical\" href=\"https:\/\/president-ksgov.net\/en\/president-osmani-met-with-the-foreign-minister-of-iceland-thordis-kolbrun-reykfjord-gylfadottir\/\" \/>\n<meta property=\"og:locale\" content=\"en_US\" \/>\n<meta property=\"og:type\" content=\"article\" \/>\n<meta property=\"og:title\" content=\"President Osmani met with the Foreign Minister of Iceland, Th\u00f3rd\u00eds Kolbr\u00fan Reykfj\u00f6rd Gylfad\u00f3ttir - President of the Republic of Kosovo - DR. VJOSA OSMANI - SADRIU\" \/>\n<meta property=\"og:description\" content=\"President Osmani met with the Foreign Minister of Iceland, Th\u00f3rd\u00eds Kolbr\u00fan Reykfj\u00f6rd Gylfad\u00f3ttir - President of the Republic of Kosovo - DR. VJOSA OSMANI - SADRIU -\" \/>\n<meta property=\"og:url\" content=\"https:\/\/president-ksgov.net\/en\/president-osmani-met-with-the-foreign-minister-of-iceland-thordis-kolbrun-reykfjord-gylfadottir\/\" \/>\n<meta property=\"og:site_name\" content=\"President of the Republic of Kosovo - DR. VJOSA OSMANI - SADRIU\" \/>\n<meta property=\"article:published_time\" content=\"2023-02-03T12:09:53+00:00\" \/>\n<meta property=\"article:modified_time\" content=\"2023-03-07T08:32:15+00:00\" \/>\n<meta property=\"og:image\" content=\"https:\/\/president-ksgov.net\/wp-content\/uploads\/2023\/03\/Presidentja_takoi_ministren_e_jashtme_islandes_1-1.jpg\" \/>\n\t<meta property=\"og:image:width\" content=\"2048\" \/>\n\t<meta property=\"og:image:height\" content=\"1365\" \/>\n\t<meta property=\"og:image:type\" content=\"image\/jpeg\" \/>\n<meta name=\"author\" content=\"admin\" \/>\n<meta name=\"twitter:card\" content=\"summary_large_image\" \/>\n<meta name=\"twitter:label1\" content=\"Written by\" \/>\n\t<meta name=\"twitter:data1\" content=\"admin\" \/>\n\t<meta name=\"twitter:label2\" content=\"Est. reading time\" \/>\n\t<meta name=\"twitter:data2\" content=\"1 minute\" \/>\n<script type=\"application\/ld+json\" class=\"yoast-schema-graph\">{\"@context\":\"https:\/\/schema.org\",\"@graph\":[{\"@type\":\"WebPage\",\"@id\":\"https:\/\/president-ksgov.net\/en\/president-osmani-met-with-the-foreign-minister-of-iceland-thordis-kolbrun-reykfjord-gylfadottir\/\",\"url\":\"https:\/\/president-ksgov.net\/en\/president-osmani-met-with-the-foreign-minister-of-iceland-thordis-kolbrun-reykfjord-gylfadottir\/\",\"name\":\"President Osmani met with the Foreign Minister of Iceland, Th\u00f3rd\u00eds Kolbr\u00fan Reykfj\u00f6rd Gylfad\u00f3ttir - President of the Republic of Kosovo - DR. VJOSA OSMANI - SADRIU\",\"isPartOf\":{\"@id\":\"https:\/\/president-ksgov.net\/#website\"},\"primaryImageOfPage\":{\"@id\":\"https:\/\/president-ksgov.net\/en\/president-osmani-met-with-the-foreign-minister-of-iceland-thordis-kolbrun-reykfjord-gylfadottir\/#primaryimage\"},\"image\":{\"@id\":\"https:\/\/president-ksgov.net\/en\/president-osmani-met-with-the-foreign-minister-of-iceland-thordis-kolbrun-reykfjord-gylfadottir\/#primaryimage\"},\"thumbnailUrl\":\"https:\/\/president-ksgov.net\/wp-content\/uploads\/2023\/03\/Presidentja_takoi_ministren_e_jashtme_islandes_1-1.jpg\",\"datePublished\":\"2023-02-03T12:09:53+00:00\",\"dateModified\":\"2023-03-07T08:32:15+00:00\",\"author\":{\"@id\":\"https:\/\/president-ksgov.net\/#\/schema\/person\/bb4337a5fb147cb2046d80548172cbee\"},\"description\":\"President Osmani met with the Foreign Minister of Iceland, Th\u00f3rd\u00eds Kolbr\u00fan Reykfj\u00f6rd Gylfad\u00f3ttir - President of the Republic of Kosovo - DR. VJOSA OSMANI - SADRIU -\",\"breadcrumb\":{\"@id\":\"https:\/\/president-ksgov.net\/en\/president-osmani-met-with-the-foreign-minister-of-iceland-thordis-kolbrun-reykfjord-gylfadottir\/#breadcrumb\"},\"inLanguage\":\"en-US\",\"potentialAction\":[{\"@type\":\"ReadAction\",\"target\":[\"https:\/\/president-ksgov.net\/en\/president-osmani-met-with-the-foreign-minister-of-iceland-thordis-kolbrun-reykfjord-gylfadottir\/\"]}]},{\"@type\":\"ImageObject\",\"inLanguage\":\"en-US\",\"@id\":\"https:\/\/president-ksgov.net\/en\/president-osmani-met-with-the-foreign-minister-of-iceland-thordis-kolbrun-reykfjord-gylfadottir\/#primaryimage\",\"url\":\"https:\/\/president-ksgov.net\/wp-content\/uploads\/2023\/03\/Presidentja_takoi_ministren_e_jashtme_islandes_1-1.jpg\",\"contentUrl\":\"https:\/\/president-ksgov.net\/wp-content\/uploads\/2023\/03\/Presidentja_takoi_ministren_e_jashtme_islandes_1-1.jpg\",\"width\":2048,\"height\":1365},{\"@type\":\"BreadcrumbList\",\"@id\":\"https:\/\/president-ksgov.net\/en\/president-osmani-met-with-the-foreign-minister-of-iceland-thordis-kolbrun-reykfjord-gylfadottir\/#breadcrumb\",\"itemListElement\":[{\"@type\":\"ListItem\",\"position\":1,\"name\":\"Home\",\"item\":\"https:\/\/president-ksgov.net\/en\/\"},{\"@type\":\"ListItem\",\"position\":2,\"name\":\"President Osmani met with the Foreign Minister of Iceland, Th\u00f3rd\u00eds Kolbr\u00fan Reykfj\u00f6rd Gylfad\u00f3ttir\"}]},{\"@type\":\"WebSite\",\"@id\":\"https:\/\/president-ksgov.net\/#website\",\"url\":\"https:\/\/president-ksgov.net\/\",\"name\":\"Presidente e Republik\u00ebs s\u00eb Kosov\u00ebs\",\"description\":\"Presidente e Republik\u00ebs s\u00eb Kosov\u00ebs\",\"alternateName\":\"DR. VJOSA OSMANI - SADRIU\",\"potentialAction\":[{\"@type\":\"SearchAction\",\"target\":{\"@type\":\"EntryPoint\",\"urlTemplate\":\"https:\/\/president-ksgov.net\/?s={search_term_string}\"},\"query-input\":{\"@type\":\"PropertyValueSpecification\",\"valueRequired\":true,\"valueName\":\"search_term_string\"}}],\"inLanguage\":\"en-US\"},{\"@type\":\"Person\",\"@id\":\"https:\/\/president-ksgov.net\/#\/schema\/person\/bb4337a5fb147cb2046d80548172cbee\",\"name\":\"admin\",\"image\":{\"@type\":\"ImageObject\",\"inLanguage\":\"en-US\",\"@id\":\"https:\/\/president-ksgov.net\/#\/schema\/person\/image\/\",\"url\":\"https:\/\/secure.gravatar.com\/avatar\/36156ca0fa3b8d9d25174f146e16beea0cf28f37adf1b9e19b6c9c279a7c9dd3?s=96&d=mm&r=g\",\"contentUrl\":\"https:\/\/secure.gravatar.com\/avatar\/36156ca0fa3b8d9d25174f146e16beea0cf28f37adf1b9e19b6c9c279a7c9dd3?s=96&d=mm&r=g\",\"caption\":\"admin\"},\"sameAs\":[\"https:\/\/president-ksgov.net\"]}]}<\/script>\n<!-- \/ Yoast SEO plugin. -->","yoast_head_json":{"title":"President Osmani met with the Foreign Minister of Iceland, Th\u00f3rd\u00eds Kolbr\u00fan Reykfj\u00f6rd Gylfad\u00f3ttir - President of the Republic of Kosovo - DR. VJOSA OSMANI - SADRIU","description":"President Osmani met with the Foreign Minister of Iceland, Th\u00f3rd\u00eds Kolbr\u00fan Reykfj\u00f6rd Gylfad\u00f3ttir - President of the Republic of Kosovo - DR. VJOSA OSMANI - SADRIU -","robots":{"index":"index","follow":"follow","max-snippet":"max-snippet:-1","max-image-preview":"max-image-preview:large","max-video-preview":"max-video-preview:-1"},"canonical":"https:\/\/president-ksgov.net\/en\/president-osmani-met-with-the-foreign-minister-of-iceland-thordis-kolbrun-reykfjord-gylfadottir\/","og_locale":"en_US","og_type":"article","og_title":"President Osmani met with the Foreign Minister of Iceland, Th\u00f3rd\u00eds Kolbr\u00fan Reykfj\u00f6rd Gylfad\u00f3ttir - President of the Republic of Kosovo - DR. VJOSA OSMANI - SADRIU","og_description":"President Osmani met with the Foreign Minister of Iceland, Th\u00f3rd\u00eds Kolbr\u00fan Reykfj\u00f6rd Gylfad\u00f3ttir - President of the Republic of Kosovo - DR. VJOSA OSMANI - SADRIU -","og_url":"https:\/\/president-ksgov.net\/en\/president-osmani-met-with-the-foreign-minister-of-iceland-thordis-kolbrun-reykfjord-gylfadottir\/","og_site_name":"President of the Republic of Kosovo - DR. VJOSA OSMANI - SADRIU","article_published_time":"2023-02-03T12:09:53+00:00","article_modified_time":"2023-03-07T08:32:15+00:00","og_image":[{"width":2048,"height":1365,"url":"https:\/\/president-ksgov.net\/wp-content\/uploads\/2023\/03\/Presidentja_takoi_ministren_e_jashtme_islandes_1-1.jpg","type":"image\/jpeg"}],"author":"admin","twitter_card":"summary_large_image","twitter_misc":{"Written by":"admin","Est. reading time":"1 minute"},"schema":{"@context":"https:\/\/schema.org","@graph":[{"@type":"WebPage","@id":"https:\/\/president-ksgov.net\/en\/president-osmani-met-with-the-foreign-minister-of-iceland-thordis-kolbrun-reykfjord-gylfadottir\/","url":"https:\/\/president-ksgov.net\/en\/president-osmani-met-with-the-foreign-minister-of-iceland-thordis-kolbrun-reykfjord-gylfadottir\/","name":"President Osmani met with the Foreign Minister of Iceland, Th\u00f3rd\u00eds Kolbr\u00fan Reykfj\u00f6rd Gylfad\u00f3ttir - President of the Republic of Kosovo - DR. VJOSA OSMANI - SADRIU","isPartOf":{"@id":"https:\/\/president-ksgov.net\/#website"},"primaryImageOfPage":{"@id":"https:\/\/president-ksgov.net\/en\/president-osmani-met-with-the-foreign-minister-of-iceland-thordis-kolbrun-reykfjord-gylfadottir\/#primaryimage"},"image":{"@id":"https:\/\/president-ksgov.net\/en\/president-osmani-met-with-the-foreign-minister-of-iceland-thordis-kolbrun-reykfjord-gylfadottir\/#primaryimage"},"thumbnailUrl":"https:\/\/president-ksgov.net\/wp-content\/uploads\/2023\/03\/Presidentja_takoi_ministren_e_jashtme_islandes_1-1.jpg","datePublished":"2023-02-03T12:09:53+00:00","dateModified":"2023-03-07T08:32:15+00:00","author":{"@id":"https:\/\/president-ksgov.net\/#\/schema\/person\/bb4337a5fb147cb2046d80548172cbee"},"description":"President Osmani met with the Foreign Minister of Iceland, Th\u00f3rd\u00eds Kolbr\u00fan Reykfj\u00f6rd Gylfad\u00f3ttir - President of the Republic of Kosovo - DR. VJOSA OSMANI - SADRIU -","breadcrumb":{"@id":"https:\/\/president-ksgov.net\/en\/president-osmani-met-with-the-foreign-minister-of-iceland-thordis-kolbrun-reykfjord-gylfadottir\/#breadcrumb"},"inLanguage":"en-US","potentialAction":[{"@type":"ReadAction","target":["https:\/\/president-ksgov.net\/en\/president-osmani-met-with-the-foreign-minister-of-iceland-thordis-kolbrun-reykfjord-gylfadottir\/"]}]},{"@type":"ImageObject","inLanguage":"en-US","@id":"https:\/\/president-ksgov.net\/en\/president-osmani-met-with-the-foreign-minister-of-iceland-thordis-kolbrun-reykfjord-gylfadottir\/#primaryimage","url":"https:\/\/president-ksgov.net\/wp-content\/uploads\/2023\/03\/Presidentja_takoi_ministren_e_jashtme_islandes_1-1.jpg","contentUrl":"https:\/\/president-ksgov.net\/wp-content\/uploads\/2023\/03\/Presidentja_takoi_ministren_e_jashtme_islandes_1-1.jpg","width":2048,"height":1365},{"@type":"BreadcrumbList","@id":"https:\/\/president-ksgov.net\/en\/president-osmani-met-with-the-foreign-minister-of-iceland-thordis-kolbrun-reykfjord-gylfadottir\/#breadcrumb","itemListElement":[{"@type":"ListItem","position":1,"name":"Home","item":"https:\/\/president-ksgov.net\/en\/"},{"@type":"ListItem","position":2,"name":"President Osmani met with the Foreign Minister of Iceland, Th\u00f3rd\u00eds Kolbr\u00fan Reykfj\u00f6rd Gylfad\u00f3ttir"}]},{"@type":"WebSite","@id":"https:\/\/president-ksgov.net\/#website","url":"https:\/\/president-ksgov.net\/","name":"Presidente e Republik\u00ebs s\u00eb Kosov\u00ebs","description":"Presidente e Republik\u00ebs s\u00eb Kosov\u00ebs","alternateName":"DR. VJOSA OSMANI - SADRIU","potentialAction":[{"@type":"SearchAction","target":{"@type":"EntryPoint","urlTemplate":"https:\/\/president-ksgov.net\/?s={search_term_string}"},"query-input":{"@type":"PropertyValueSpecification","valueRequired":true,"valueName":"search_term_string"}}],"inLanguage":"en-US"},{"@type":"Person","@id":"https:\/\/president-ksgov.net\/#\/schema\/person\/bb4337a5fb147cb2046d80548172cbee","name":"admin","image":{"@type":"ImageObject","inLanguage":"en-US","@id":"https:\/\/president-ksgov.net\/#\/schema\/person\/image\/","url":"https:\/\/secure.gravatar.com\/avatar\/36156ca0fa3b8d9d25174f146e16beea0cf28f37adf1b9e19b6c9c279a7c9dd3?s=96&d=mm&r=g","contentUrl":"https:\/\/secure.gravatar.com\/avatar\/36156ca0fa3b8d9d25174f146e16beea0cf28f37adf1b9e19b6c9c279a7c9dd3?s=96&d=mm&r=g","caption":"admin"},"sameAs":["https:\/\/president-ksgov.net"]}]}},"_links":{"self":[{"href":"https:\/\/president-ksgov.net\/en\/wp-json\/wp\/v2\/posts\/66071","targetHints":{"allow":["GET"]}}],"collection":[{"href":"https:\/\/president-ksgov.net\/en\/wp-json\/wp\/v2\/posts"}],"about":[{"href":"https:\/\/president-ksgov.net\/en\/wp-json\/wp\/v2\/types\/post"}],"author":[{"embeddable":true,"href":"https:\/\/president-ksgov.net\/en\/wp-json\/wp\/v2\/users\/1"}],"replies":[{"embeddable":true,"href":"https:\/\/president-ksgov.net\/en\/wp-json\/wp\/v2\/comments?post=66071"}],"version-history":[{"count":0,"href":"https:\/\/president-ksgov.net\/en\/wp-json\/wp\/v2\/posts\/66071\/revisions"}],"wp:featuredmedia":[{"embeddable":true,"href":"https:\/\/president-ksgov.net\/en\/wp-json\/wp\/v2\/media\/8236"}],"wp:attachment":[{"href":"https:\/\/president-ksgov.net\/en\/wp-json\/wp\/v2\/media?parent=66071"}],"wp:term":[{"taxonomy":"category","embeddable":true,"href":"https:\/\/president-ksgov.net\/en\/wp-json\/wp\/v2\/categories?post=66071"},{"taxonomy":"post_tag","embeddable":true,"href":"https:\/\/president-ksgov.net\/en\/wp-json\/wp\/v2\/tags?post=66071"}],"curies":[{"name":"wp","href":"https:\/\/api.w.org\/{rel}","templated":true}]}}