{"id":187600,"date":"2026-04-24T16:35:56","date_gmt":"2026-04-24T14:35:56","guid":{"rendered":"https:\/\/president-ksgov.net\/?p=187600"},"modified":"2026-04-27T09:49:54","modified_gmt":"2026-04-27T07:49:54","slug":"acting-president-haxhiu-today-the-constitutional-order-of-kosovo-spoke-which-sergeant-afrim-bunjaku-defended-to-the-end","status":"publish","type":"post","link":"https:\/\/president-ksgov.net\/en\/acting-president-haxhiu-today-the-constitutional-order-of-kosovo-spoke-which-sergeant-afrim-bunjaku-defended-to-the-end\/","title":{"rendered":"Acting President Haxhiu: today the constitutional order of Kosovo spoke, which Sergeant Afrim Bunjaku defended to the end"},"content":{"rendered":"<p>The Acting President of the Republic of Kosovo, Albulena Haxhiu, said that with the verdict announced today by the Basic Court in Prishtina, Blagoje Spasojevic and Vladimir Tolic were sentenced to life imprisonment, while Dusan Maksimovic was sentenced to 30 years in prison for the terrorist attack in Banjsk\u00eb.<\/p>\n<p>Acting President Haxhiu said that today the constitutional order of Kosovo spoke, which Sergeant Afrim Bunjaku defended to the end.<\/p>\n<p>\u201cThis decision is a demonstration that the attack on the Kosovo Police, on the constitutional order and on the security of our country will not remain unpunished,\u201d emphasized Acting President Haxhiu.<\/p>\n<p>She further said that justice for the terrorist attack in Banjsk\u00eb does not end here, adding that it will only be completed when all those responsible, including the terrorist Milan Radoicic, are brought to justice.<\/p>\n<p>Glory to the hero Afrim Bunjaku, said Acting President Haxhiu at the end.<\/p>\n","protected":false},"excerpt":{"rendered":"<p>The Acting President of the Republic of Kosovo, Albulena Haxhiu, said that with the verdict announced today by the Basic Court in Prishtina, Blagoje Spasojevic and Vladimir Tolic were sentenced to life imprisonment, while Dusan Maksimovic was sentenced to 30 years in prison for the terrorist attack in Banjsk\u00eb. Acting President Haxhiu said that today the constitutional order of Kosovo spoke, which Sergeant Afrim Bunjaku defended to the end. \u201cThis decision is a demonstration that the attack on the Kosovo Police, on the constitutional order and on the security of our country will not remain unpunished,\u201d emphasized Acting President Haxhiu. She further said that justice for the terrorist attack in Banjsk\u00eb does not end here, adding that it will only be completed when all those responsible, including the terrorist Milan Radoicic, are brought to justice. Glory to the hero Afrim Bunjaku, said Acting President Haxhiu at the end.<\/p>\n","protected":false},"author":18,"featured_media":153756,"comment_status":"closed","ping_status":"closed","sticky":false,"template":"","format":"standard","meta":{"_eb_attr":"","footnotes":""},"categories":[111],"tags":[],"class_list":["post-187600","post","type-post","status-publish","format-standard","has-post-thumbnail","hentry","category-news"],"yoast_head":"<!-- This site is optimized with the Yoast SEO plugin v23.5 - https:\/\/yoast.com\/wordpress\/plugins\/seo\/ -->\n<title>Acting President Haxhiu: today the constitutional order of Kosovo spoke, which Sergeant Afrim Bunjaku defended to the end - President of the Republic of Kosovo - DR. VJOSA OSMANI - SADRIU<\/title>\n<meta name=\"description\" content=\"Acting President Haxhiu: today the constitutional order of Kosovo spoke, which Sergeant Afrim Bunjaku defended to the end - President of the Republic of Kosovo - DR. VJOSA OSMANI - SADRIU - News\" \/>\n<meta name=\"robots\" content=\"index, follow, max-snippet:-1, max-image-preview:large, max-video-preview:-1\" \/>\n<link rel=\"canonical\" href=\"https:\/\/president-ksgov.net\/en\/acting-president-haxhiu-today-the-constitutional-order-of-kosovo-spoke-which-sergeant-afrim-bunjaku-defended-to-the-end\/\" \/>\n<meta property=\"og:locale\" content=\"en_US\" \/>\n<meta property=\"og:type\" content=\"article\" \/>\n<meta property=\"og:title\" content=\"Acting President Haxhiu: today the constitutional order of Kosovo spoke, which Sergeant Afrim Bunjaku defended to the end - President of the Republic of Kosovo - DR. VJOSA OSMANI - SADRIU\" \/>\n<meta property=\"og:description\" content=\"Acting President Haxhiu: today the constitutional order of Kosovo spoke, which Sergeant Afrim Bunjaku defended to the end - President of the Republic of Kosovo - DR. VJOSA OSMANI - SADRIU - News\" \/>\n<meta property=\"og:url\" content=\"https:\/\/president-ksgov.net\/en\/acting-president-haxhiu-today-the-constitutional-order-of-kosovo-spoke-which-sergeant-afrim-bunjaku-defended-to-the-end\/\" \/>\n<meta property=\"og:site_name\" content=\"President of the Republic of Kosovo - DR. VJOSA OSMANI - SADRIU\" \/>\n<meta property=\"article:published_time\" content=\"2026-04-24T14:35:56+00:00\" \/>\n<meta property=\"article:modified_time\" content=\"2026-04-27T07:49:54+00:00\" \/>\n<meta property=\"og:image\" content=\"https:\/\/president-ksgov.net\/wp-content\/uploads\/ZPRK-17.jpg\" \/>\n\t<meta property=\"og:image:width\" content=\"2000\" \/>\n\t<meta property=\"og:image:height\" content=\"1000\" \/>\n\t<meta property=\"og:image:type\" content=\"image\/jpeg\" \/>\n<meta name=\"author\" content=\"Aulon Maliqi\" \/>\n<meta name=\"twitter:card\" content=\"summary_large_image\" \/>\n<meta name=\"twitter:label1\" content=\"Written by\" \/>\n\t<meta name=\"twitter:data1\" content=\"Aulon Maliqi\" \/>\n\t<meta name=\"twitter:label2\" content=\"Est. reading time\" \/>\n\t<meta name=\"twitter:data2\" content=\"2 minutes\" \/>\n<script type=\"application\/ld+json\" class=\"yoast-schema-graph\">{\"@context\":\"https:\/\/schema.org\",\"@graph\":[{\"@type\":\"WebPage\",\"@id\":\"https:\/\/president-ksgov.net\/en\/acting-president-haxhiu-today-the-constitutional-order-of-kosovo-spoke-which-sergeant-afrim-bunjaku-defended-to-the-end\/\",\"url\":\"https:\/\/president-ksgov.net\/en\/acting-president-haxhiu-today-the-constitutional-order-of-kosovo-spoke-which-sergeant-afrim-bunjaku-defended-to-the-end\/\",\"name\":\"Acting President Haxhiu: today the constitutional order of Kosovo spoke, which Sergeant Afrim Bunjaku defended to the end - President of the Republic of Kosovo - DR. VJOSA OSMANI - SADRIU\",\"isPartOf\":{\"@id\":\"https:\/\/president-ksgov.net\/#website\"},\"primaryImageOfPage\":{\"@id\":\"https:\/\/president-ksgov.net\/en\/acting-president-haxhiu-today-the-constitutional-order-of-kosovo-spoke-which-sergeant-afrim-bunjaku-defended-to-the-end\/#primaryimage\"},\"image\":{\"@id\":\"https:\/\/president-ksgov.net\/en\/acting-president-haxhiu-today-the-constitutional-order-of-kosovo-spoke-which-sergeant-afrim-bunjaku-defended-to-the-end\/#primaryimage\"},\"thumbnailUrl\":\"https:\/\/president-ksgov.net\/wp-content\/uploads\/ZPRK-17.jpg\",\"datePublished\":\"2026-04-24T14:35:56+00:00\",\"dateModified\":\"2026-04-27T07:49:54+00:00\",\"author\":{\"@id\":\"https:\/\/president-ksgov.net\/#\/schema\/person\/639043365d5873f4c00b9dd2f548fe32\"},\"description\":\"Acting President Haxhiu: today the constitutional order of Kosovo spoke, which Sergeant Afrim Bunjaku defended to the end - President of the Republic of Kosovo - DR. VJOSA OSMANI - SADRIU - News\",\"breadcrumb\":{\"@id\":\"https:\/\/president-ksgov.net\/en\/acting-president-haxhiu-today-the-constitutional-order-of-kosovo-spoke-which-sergeant-afrim-bunjaku-defended-to-the-end\/#breadcrumb\"},\"inLanguage\":\"en-US\",\"potentialAction\":[{\"@type\":\"ReadAction\",\"target\":[\"https:\/\/president-ksgov.net\/en\/acting-president-haxhiu-today-the-constitutional-order-of-kosovo-spoke-which-sergeant-afrim-bunjaku-defended-to-the-end\/\"]}]},{\"@type\":\"ImageObject\",\"inLanguage\":\"en-US\",\"@id\":\"https:\/\/president-ksgov.net\/en\/acting-president-haxhiu-today-the-constitutional-order-of-kosovo-spoke-which-sergeant-afrim-bunjaku-defended-to-the-end\/#primaryimage\",\"url\":\"https:\/\/president-ksgov.net\/wp-content\/uploads\/ZPRK-17.jpg\",\"contentUrl\":\"https:\/\/president-ksgov.net\/wp-content\/uploads\/ZPRK-17.jpg\",\"width\":2000,\"height\":1000},{\"@type\":\"BreadcrumbList\",\"@id\":\"https:\/\/president-ksgov.net\/en\/acting-president-haxhiu-today-the-constitutional-order-of-kosovo-spoke-which-sergeant-afrim-bunjaku-defended-to-the-end\/#breadcrumb\",\"itemListElement\":[{\"@type\":\"ListItem\",\"position\":1,\"name\":\"Home\",\"item\":\"https:\/\/president-ksgov.net\/en\/\"},{\"@type\":\"ListItem\",\"position\":2,\"name\":\"Acting President Haxhiu: today the constitutional order of Kosovo spoke, which Sergeant Afrim Bunjaku defended to the end\"}]},{\"@type\":\"WebSite\",\"@id\":\"https:\/\/president-ksgov.net\/#website\",\"url\":\"https:\/\/president-ksgov.net\/\",\"name\":\"Presidente e Republik\u00ebs s\u00eb Kosov\u00ebs\",\"description\":\"Presidente e Republik\u00ebs s\u00eb Kosov\u00ebs\",\"alternateName\":\"DR. VJOSA OSMANI - SADRIU\",\"potentialAction\":[{\"@type\":\"SearchAction\",\"target\":{\"@type\":\"EntryPoint\",\"urlTemplate\":\"https:\/\/president-ksgov.net\/?s={search_term_string}\"},\"query-input\":{\"@type\":\"PropertyValueSpecification\",\"valueRequired\":true,\"valueName\":\"search_term_string\"}}],\"inLanguage\":\"en-US\"},{\"@type\":\"Person\",\"@id\":\"https:\/\/president-ksgov.net\/#\/schema\/person\/639043365d5873f4c00b9dd2f548fe32\",\"name\":\"Aulon Maliqi\",\"image\":{\"@type\":\"ImageObject\",\"inLanguage\":\"en-US\",\"@id\":\"https:\/\/president-ksgov.net\/#\/schema\/person\/image\/\",\"url\":\"https:\/\/secure.gravatar.com\/avatar\/25825420648e802b44e5fd098636053cf34adea3bcdf93520be287f818c2ce8b?s=96&d=mm&r=g\",\"contentUrl\":\"https:\/\/secure.gravatar.com\/avatar\/25825420648e802b44e5fd098636053cf34adea3bcdf93520be287f818c2ce8b?s=96&d=mm&r=g\",\"caption\":\"Aulon Maliqi\"}}]}<\/script>\n<!-- \/ Yoast SEO plugin. -->","yoast_head_json":{"title":"Acting President Haxhiu: today the constitutional order of Kosovo spoke, which Sergeant Afrim Bunjaku defended to the end - President of the Republic of Kosovo - DR. VJOSA OSMANI - SADRIU","description":"Acting President Haxhiu: today the constitutional order of Kosovo spoke, which Sergeant Afrim Bunjaku defended to the end - President of the Republic of Kosovo - DR. VJOSA OSMANI - SADRIU - News","robots":{"index":"index","follow":"follow","max-snippet":"max-snippet:-1","max-image-preview":"max-image-preview:large","max-video-preview":"max-video-preview:-1"},"canonical":"https:\/\/president-ksgov.net\/en\/acting-president-haxhiu-today-the-constitutional-order-of-kosovo-spoke-which-sergeant-afrim-bunjaku-defended-to-the-end\/","og_locale":"en_US","og_type":"article","og_title":"Acting President Haxhiu: today the constitutional order of Kosovo spoke, which Sergeant Afrim Bunjaku defended to the end - President of the Republic of Kosovo - DR. VJOSA OSMANI - SADRIU","og_description":"Acting President Haxhiu: today the constitutional order of Kosovo spoke, which Sergeant Afrim Bunjaku defended to the end - President of the Republic of Kosovo - DR. VJOSA OSMANI - SADRIU - News","og_url":"https:\/\/president-ksgov.net\/en\/acting-president-haxhiu-today-the-constitutional-order-of-kosovo-spoke-which-sergeant-afrim-bunjaku-defended-to-the-end\/","og_site_name":"President of the Republic of Kosovo - DR. VJOSA OSMANI - SADRIU","article_published_time":"2026-04-24T14:35:56+00:00","article_modified_time":"2026-04-27T07:49:54+00:00","og_image":[{"width":2000,"height":1000,"url":"https:\/\/president-ksgov.net\/wp-content\/uploads\/ZPRK-17.jpg","type":"image\/jpeg"}],"author":"Aulon Maliqi","twitter_card":"summary_large_image","twitter_misc":{"Written by":"Aulon Maliqi","Est. reading time":"2 minutes"},"schema":{"@context":"https:\/\/schema.org","@graph":[{"@type":"WebPage","@id":"https:\/\/president-ksgov.net\/en\/acting-president-haxhiu-today-the-constitutional-order-of-kosovo-spoke-which-sergeant-afrim-bunjaku-defended-to-the-end\/","url":"https:\/\/president-ksgov.net\/en\/acting-president-haxhiu-today-the-constitutional-order-of-kosovo-spoke-which-sergeant-afrim-bunjaku-defended-to-the-end\/","name":"Acting President Haxhiu: today the constitutional order of Kosovo spoke, which Sergeant Afrim Bunjaku defended to the end - President of the Republic of Kosovo - DR. VJOSA OSMANI - SADRIU","isPartOf":{"@id":"https:\/\/president-ksgov.net\/#website"},"primaryImageOfPage":{"@id":"https:\/\/president-ksgov.net\/en\/acting-president-haxhiu-today-the-constitutional-order-of-kosovo-spoke-which-sergeant-afrim-bunjaku-defended-to-the-end\/#primaryimage"},"image":{"@id":"https:\/\/president-ksgov.net\/en\/acting-president-haxhiu-today-the-constitutional-order-of-kosovo-spoke-which-sergeant-afrim-bunjaku-defended-to-the-end\/#primaryimage"},"thumbnailUrl":"https:\/\/president-ksgov.net\/wp-content\/uploads\/ZPRK-17.jpg","datePublished":"2026-04-24T14:35:56+00:00","dateModified":"2026-04-27T07:49:54+00:00","author":{"@id":"https:\/\/president-ksgov.net\/#\/schema\/person\/639043365d5873f4c00b9dd2f548fe32"},"description":"Acting President Haxhiu: today the constitutional order of Kosovo spoke, which Sergeant Afrim Bunjaku defended to the end - President of the Republic of Kosovo - DR. VJOSA OSMANI - SADRIU - News","breadcrumb":{"@id":"https:\/\/president-ksgov.net\/en\/acting-president-haxhiu-today-the-constitutional-order-of-kosovo-spoke-which-sergeant-afrim-bunjaku-defended-to-the-end\/#breadcrumb"},"inLanguage":"en-US","potentialAction":[{"@type":"ReadAction","target":["https:\/\/president-ksgov.net\/en\/acting-president-haxhiu-today-the-constitutional-order-of-kosovo-spoke-which-sergeant-afrim-bunjaku-defended-to-the-end\/"]}]},{"@type":"ImageObject","inLanguage":"en-US","@id":"https:\/\/president-ksgov.net\/en\/acting-president-haxhiu-today-the-constitutional-order-of-kosovo-spoke-which-sergeant-afrim-bunjaku-defended-to-the-end\/#primaryimage","url":"https:\/\/president-ksgov.net\/wp-content\/uploads\/ZPRK-17.jpg","contentUrl":"https:\/\/president-ksgov.net\/wp-content\/uploads\/ZPRK-17.jpg","width":2000,"height":1000},{"@type":"BreadcrumbList","@id":"https:\/\/president-ksgov.net\/en\/acting-president-haxhiu-today-the-constitutional-order-of-kosovo-spoke-which-sergeant-afrim-bunjaku-defended-to-the-end\/#breadcrumb","itemListElement":[{"@type":"ListItem","position":1,"name":"Home","item":"https:\/\/president-ksgov.net\/en\/"},{"@type":"ListItem","position":2,"name":"Acting President Haxhiu: today the constitutional order of Kosovo spoke, which Sergeant Afrim Bunjaku defended to the end"}]},{"@type":"WebSite","@id":"https:\/\/president-ksgov.net\/#website","url":"https:\/\/president-ksgov.net\/","name":"Presidente e Republik\u00ebs s\u00eb Kosov\u00ebs","description":"Presidente e Republik\u00ebs s\u00eb Kosov\u00ebs","alternateName":"DR. VJOSA OSMANI - SADRIU","potentialAction":[{"@type":"SearchAction","target":{"@type":"EntryPoint","urlTemplate":"https:\/\/president-ksgov.net\/?s={search_term_string}"},"query-input":{"@type":"PropertyValueSpecification","valueRequired":true,"valueName":"search_term_string"}}],"inLanguage":"en-US"},{"@type":"Person","@id":"https:\/\/president-ksgov.net\/#\/schema\/person\/639043365d5873f4c00b9dd2f548fe32","name":"Aulon Maliqi","image":{"@type":"ImageObject","inLanguage":"en-US","@id":"https:\/\/president-ksgov.net\/#\/schema\/person\/image\/","url":"https:\/\/secure.gravatar.com\/avatar\/25825420648e802b44e5fd098636053cf34adea3bcdf93520be287f818c2ce8b?s=96&d=mm&r=g","contentUrl":"https:\/\/secure.gravatar.com\/avatar\/25825420648e802b44e5fd098636053cf34adea3bcdf93520be287f818c2ce8b?s=96&d=mm&r=g","caption":"Aulon Maliqi"}}]}},"_links":{"self":[{"href":"https:\/\/president-ksgov.net\/en\/wp-json\/wp\/v2\/posts\/187600","targetHints":{"allow":["GET"]}}],"collection":[{"href":"https:\/\/president-ksgov.net\/en\/wp-json\/wp\/v2\/posts"}],"about":[{"href":"https:\/\/president-ksgov.net\/en\/wp-json\/wp\/v2\/types\/post"}],"author":[{"embeddable":true,"href":"https:\/\/president-ksgov.net\/en\/wp-json\/wp\/v2\/users\/18"}],"replies":[{"embeddable":true,"href":"https:\/\/president-ksgov.net\/en\/wp-json\/wp\/v2\/comments?post=187600"}],"version-history":[{"count":1,"href":"https:\/\/president-ksgov.net\/en\/wp-json\/wp\/v2\/posts\/187600\/revisions"}],"predecessor-version":[{"id":187601,"href":"https:\/\/president-ksgov.net\/en\/wp-json\/wp\/v2\/posts\/187600\/revisions\/187601"}],"wp:featuredmedia":[{"embeddable":true,"href":"https:\/\/president-ksgov.net\/en\/wp-json\/wp\/v2\/media\/153756"}],"wp:attachment":[{"href":"https:\/\/president-ksgov.net\/en\/wp-json\/wp\/v2\/media?parent=187600"}],"wp:term":[{"taxonomy":"category","embeddable":true,"href":"https:\/\/president-ksgov.net\/en\/wp-json\/wp\/v2\/categories?post=187600"},{"taxonomy":"post_tag","embeddable":true,"href":"https:\/\/president-ksgov.net\/en\/wp-json\/wp\/v2\/tags?post=187600"}],"curies":[{"name":"wp","href":"https:\/\/api.w.org\/{rel}","templated":true}]}}