{"id":186847,"date":"2026-04-09T21:35:15","date_gmt":"2026-04-09T19:35:15","guid":{"rendered":"https:\/\/president-ksgov.net\/?p=186847"},"modified":"2026-04-10T10:37:03","modified_gmt":"2026-04-10T08:37:03","slug":"acting-president-albulena-haxhius-interview-with-konfront-ktv","status":"publish","type":"post","link":"https:\/\/president-ksgov.net\/en\/acting-president-albulena-haxhius-interview-with-konfront-ktv\/","title":{"rendered":"Acting President Albulena Haxhiu&#8217;s interview with &#8220;Konfront&#8221;, KTV"},"content":{"rendered":"<p><iframe title=\"Intervist\u00eb me u.d. e presidentes s\u00eb Kosov\u00ebs, Albulena Haxhiu | KONFRONT | 09.04.2026\" src=\"https:\/\/www.youtube.com\/embed\/IEMLbcq0BXg\" width=\"1415\" height=\"796\" frameborder=\"0\" allowfullscreen=\"allowfullscreen\"><\/iframe><\/p>\n","protected":false},"excerpt":{"rendered":"","protected":false},"author":18,"featured_media":186828,"comment_status":"closed","ping_status":"closed","sticky":false,"template":"","format":"standard","meta":{"_eb_attr":"","footnotes":""},"categories":[103],"tags":[],"class_list":["post-186847","post","type-post","status-publish","format-standard","has-post-thumbnail","hentry","category-interviews"],"yoast_head":"<!-- This site is optimized with the Yoast SEO plugin v23.5 - https:\/\/yoast.com\/wordpress\/plugins\/seo\/ -->\n<title>Acting President Albulena Haxhiu&#039;s interview with &quot;Konfront&quot;, KTV - President of the Republic of Kosovo - DR. VJOSA OSMANI - SADRIU<\/title>\n<meta name=\"description\" content=\"Acting President Albulena Haxhiu&#039;s interview with &quot;Konfront&quot;, KTV - President of the Republic of Kosovo - DR. VJOSA OSMANI - SADRIU - Interviews\" \/>\n<meta name=\"robots\" content=\"index, follow, max-snippet:-1, max-image-preview:large, max-video-preview:-1\" \/>\n<link rel=\"canonical\" href=\"https:\/\/president-ksgov.net\/en\/acting-president-albulena-haxhius-interview-with-konfront-ktv\/\" \/>\n<meta property=\"og:locale\" content=\"en_US\" \/>\n<meta property=\"og:type\" content=\"article\" \/>\n<meta property=\"og:title\" content=\"Acting President Albulena Haxhiu&#039;s interview with &quot;Konfront&quot;, KTV - President of the Republic of Kosovo - DR. VJOSA OSMANI - SADRIU\" \/>\n<meta property=\"og:description\" content=\"Acting President Albulena Haxhiu&#039;s interview with &quot;Konfront&quot;, KTV - President of the Republic of Kosovo - DR. VJOSA OSMANI - SADRIU - Interviews\" \/>\n<meta property=\"og:url\" content=\"https:\/\/president-ksgov.net\/en\/acting-president-albulena-haxhius-interview-with-konfront-ktv\/\" \/>\n<meta property=\"og:site_name\" content=\"President of the Republic of Kosovo - DR. VJOSA OSMANI - SADRIU\" \/>\n<meta property=\"article:published_time\" content=\"2026-04-09T19:35:15+00:00\" \/>\n<meta property=\"article:modified_time\" content=\"2026-04-10T08:37:03+00:00\" \/>\n<meta property=\"og:image\" content=\"https:\/\/president-ksgov.net\/wp-content\/uploads\/4dbcab83-ab20-4fe8-b888-baa90aafd584.jpeg\" \/>\n\t<meta property=\"og:image:width\" content=\"1080\" \/>\n\t<meta property=\"og:image:height\" content=\"1080\" \/>\n\t<meta property=\"og:image:type\" content=\"image\/jpeg\" \/>\n<meta name=\"author\" content=\"Aulon Maliqi\" \/>\n<meta name=\"twitter:card\" content=\"summary_large_image\" \/>\n<meta name=\"twitter:label1\" content=\"Written by\" \/>\n\t<meta name=\"twitter:data1\" content=\"Aulon Maliqi\" \/>\n\t<meta name=\"twitter:label2\" content=\"Est. reading time\" \/>\n\t<meta name=\"twitter:data2\" content=\"1 minute\" \/>\n<script type=\"application\/ld+json\" class=\"yoast-schema-graph\">{\"@context\":\"https:\/\/schema.org\",\"@graph\":[{\"@type\":\"WebPage\",\"@id\":\"https:\/\/president-ksgov.net\/en\/acting-president-albulena-haxhius-interview-with-konfront-ktv\/\",\"url\":\"https:\/\/president-ksgov.net\/en\/acting-president-albulena-haxhius-interview-with-konfront-ktv\/\",\"name\":\"Acting President Albulena Haxhiu's interview with \\\"Konfront\\\", KTV - President of the Republic of Kosovo - DR. VJOSA OSMANI - SADRIU\",\"isPartOf\":{\"@id\":\"https:\/\/president-ksgov.net\/#website\"},\"primaryImageOfPage\":{\"@id\":\"https:\/\/president-ksgov.net\/en\/acting-president-albulena-haxhius-interview-with-konfront-ktv\/#primaryimage\"},\"image\":{\"@id\":\"https:\/\/president-ksgov.net\/en\/acting-president-albulena-haxhius-interview-with-konfront-ktv\/#primaryimage\"},\"thumbnailUrl\":\"https:\/\/president-ksgov.net\/wp-content\/uploads\/4dbcab83-ab20-4fe8-b888-baa90aafd584.jpeg\",\"datePublished\":\"2026-04-09T19:35:15+00:00\",\"dateModified\":\"2026-04-10T08:37:03+00:00\",\"author\":{\"@id\":\"https:\/\/president-ksgov.net\/#\/schema\/person\/639043365d5873f4c00b9dd2f548fe32\"},\"description\":\"Acting President Albulena Haxhiu's interview with \\\"Konfront\\\", KTV - President of the Republic of Kosovo - DR. VJOSA OSMANI - SADRIU - Interviews\",\"breadcrumb\":{\"@id\":\"https:\/\/president-ksgov.net\/en\/acting-president-albulena-haxhius-interview-with-konfront-ktv\/#breadcrumb\"},\"inLanguage\":\"en-US\",\"potentialAction\":[{\"@type\":\"ReadAction\",\"target\":[\"https:\/\/president-ksgov.net\/en\/acting-president-albulena-haxhius-interview-with-konfront-ktv\/\"]}]},{\"@type\":\"ImageObject\",\"inLanguage\":\"en-US\",\"@id\":\"https:\/\/president-ksgov.net\/en\/acting-president-albulena-haxhius-interview-with-konfront-ktv\/#primaryimage\",\"url\":\"https:\/\/president-ksgov.net\/wp-content\/uploads\/4dbcab83-ab20-4fe8-b888-baa90aafd584.jpeg\",\"contentUrl\":\"https:\/\/president-ksgov.net\/wp-content\/uploads\/4dbcab83-ab20-4fe8-b888-baa90aafd584.jpeg\",\"width\":1080,\"height\":1080},{\"@type\":\"BreadcrumbList\",\"@id\":\"https:\/\/president-ksgov.net\/en\/acting-president-albulena-haxhius-interview-with-konfront-ktv\/#breadcrumb\",\"itemListElement\":[{\"@type\":\"ListItem\",\"position\":1,\"name\":\"Home\",\"item\":\"https:\/\/president-ksgov.net\/en\/\"},{\"@type\":\"ListItem\",\"position\":2,\"name\":\"Acting President Albulena Haxhiu&#8217;s interview with &#8220;Konfront&#8221;, KTV\"}]},{\"@type\":\"WebSite\",\"@id\":\"https:\/\/president-ksgov.net\/#website\",\"url\":\"https:\/\/president-ksgov.net\/\",\"name\":\"Presidente e Republik\u00ebs s\u00eb Kosov\u00ebs\",\"description\":\"Presidente e Republik\u00ebs s\u00eb Kosov\u00ebs\",\"alternateName\":\"DR. VJOSA OSMANI - SADRIU\",\"potentialAction\":[{\"@type\":\"SearchAction\",\"target\":{\"@type\":\"EntryPoint\",\"urlTemplate\":\"https:\/\/president-ksgov.net\/?s={search_term_string}\"},\"query-input\":{\"@type\":\"PropertyValueSpecification\",\"valueRequired\":true,\"valueName\":\"search_term_string\"}}],\"inLanguage\":\"en-US\"},{\"@type\":\"Person\",\"@id\":\"https:\/\/president-ksgov.net\/#\/schema\/person\/639043365d5873f4c00b9dd2f548fe32\",\"name\":\"Aulon Maliqi\",\"image\":{\"@type\":\"ImageObject\",\"inLanguage\":\"en-US\",\"@id\":\"https:\/\/president-ksgov.net\/#\/schema\/person\/image\/\",\"url\":\"https:\/\/secure.gravatar.com\/avatar\/25825420648e802b44e5fd098636053cf34adea3bcdf93520be287f818c2ce8b?s=96&d=mm&r=g\",\"contentUrl\":\"https:\/\/secure.gravatar.com\/avatar\/25825420648e802b44e5fd098636053cf34adea3bcdf93520be287f818c2ce8b?s=96&d=mm&r=g\",\"caption\":\"Aulon Maliqi\"}}]}<\/script>\n<!-- \/ Yoast SEO plugin. -->","yoast_head_json":{"title":"Acting President Albulena Haxhiu's interview with \"Konfront\", KTV - President of the Republic of Kosovo - DR. VJOSA OSMANI - SADRIU","description":"Acting President Albulena Haxhiu's interview with \"Konfront\", KTV - President of the Republic of Kosovo - DR. VJOSA OSMANI - SADRIU - Interviews","robots":{"index":"index","follow":"follow","max-snippet":"max-snippet:-1","max-image-preview":"max-image-preview:large","max-video-preview":"max-video-preview:-1"},"canonical":"https:\/\/president-ksgov.net\/en\/acting-president-albulena-haxhius-interview-with-konfront-ktv\/","og_locale":"en_US","og_type":"article","og_title":"Acting President Albulena Haxhiu's interview with \"Konfront\", KTV - President of the Republic of Kosovo - DR. VJOSA OSMANI - SADRIU","og_description":"Acting President Albulena Haxhiu's interview with \"Konfront\", KTV - President of the Republic of Kosovo - DR. VJOSA OSMANI - SADRIU - Interviews","og_url":"https:\/\/president-ksgov.net\/en\/acting-president-albulena-haxhius-interview-with-konfront-ktv\/","og_site_name":"President of the Republic of Kosovo - DR. VJOSA OSMANI - SADRIU","article_published_time":"2026-04-09T19:35:15+00:00","article_modified_time":"2026-04-10T08:37:03+00:00","og_image":[{"width":1080,"height":1080,"url":"https:\/\/president-ksgov.net\/wp-content\/uploads\/4dbcab83-ab20-4fe8-b888-baa90aafd584.jpeg","type":"image\/jpeg"}],"author":"Aulon Maliqi","twitter_card":"summary_large_image","twitter_misc":{"Written by":"Aulon Maliqi","Est. reading time":"1 minute"},"schema":{"@context":"https:\/\/schema.org","@graph":[{"@type":"WebPage","@id":"https:\/\/president-ksgov.net\/en\/acting-president-albulena-haxhius-interview-with-konfront-ktv\/","url":"https:\/\/president-ksgov.net\/en\/acting-president-albulena-haxhius-interview-with-konfront-ktv\/","name":"Acting President Albulena Haxhiu's interview with \"Konfront\", KTV - President of the Republic of Kosovo - DR. VJOSA OSMANI - SADRIU","isPartOf":{"@id":"https:\/\/president-ksgov.net\/#website"},"primaryImageOfPage":{"@id":"https:\/\/president-ksgov.net\/en\/acting-president-albulena-haxhius-interview-with-konfront-ktv\/#primaryimage"},"image":{"@id":"https:\/\/president-ksgov.net\/en\/acting-president-albulena-haxhius-interview-with-konfront-ktv\/#primaryimage"},"thumbnailUrl":"https:\/\/president-ksgov.net\/wp-content\/uploads\/4dbcab83-ab20-4fe8-b888-baa90aafd584.jpeg","datePublished":"2026-04-09T19:35:15+00:00","dateModified":"2026-04-10T08:37:03+00:00","author":{"@id":"https:\/\/president-ksgov.net\/#\/schema\/person\/639043365d5873f4c00b9dd2f548fe32"},"description":"Acting President Albulena Haxhiu's interview with \"Konfront\", KTV - President of the Republic of Kosovo - DR. VJOSA OSMANI - SADRIU - Interviews","breadcrumb":{"@id":"https:\/\/president-ksgov.net\/en\/acting-president-albulena-haxhius-interview-with-konfront-ktv\/#breadcrumb"},"inLanguage":"en-US","potentialAction":[{"@type":"ReadAction","target":["https:\/\/president-ksgov.net\/en\/acting-president-albulena-haxhius-interview-with-konfront-ktv\/"]}]},{"@type":"ImageObject","inLanguage":"en-US","@id":"https:\/\/president-ksgov.net\/en\/acting-president-albulena-haxhius-interview-with-konfront-ktv\/#primaryimage","url":"https:\/\/president-ksgov.net\/wp-content\/uploads\/4dbcab83-ab20-4fe8-b888-baa90aafd584.jpeg","contentUrl":"https:\/\/president-ksgov.net\/wp-content\/uploads\/4dbcab83-ab20-4fe8-b888-baa90aafd584.jpeg","width":1080,"height":1080},{"@type":"BreadcrumbList","@id":"https:\/\/president-ksgov.net\/en\/acting-president-albulena-haxhius-interview-with-konfront-ktv\/#breadcrumb","itemListElement":[{"@type":"ListItem","position":1,"name":"Home","item":"https:\/\/president-ksgov.net\/en\/"},{"@type":"ListItem","position":2,"name":"Acting President Albulena Haxhiu&#8217;s interview with &#8220;Konfront&#8221;, KTV"}]},{"@type":"WebSite","@id":"https:\/\/president-ksgov.net\/#website","url":"https:\/\/president-ksgov.net\/","name":"Presidente e Republik\u00ebs s\u00eb Kosov\u00ebs","description":"Presidente e Republik\u00ebs s\u00eb Kosov\u00ebs","alternateName":"DR. VJOSA OSMANI - SADRIU","potentialAction":[{"@type":"SearchAction","target":{"@type":"EntryPoint","urlTemplate":"https:\/\/president-ksgov.net\/?s={search_term_string}"},"query-input":{"@type":"PropertyValueSpecification","valueRequired":true,"valueName":"search_term_string"}}],"inLanguage":"en-US"},{"@type":"Person","@id":"https:\/\/president-ksgov.net\/#\/schema\/person\/639043365d5873f4c00b9dd2f548fe32","name":"Aulon Maliqi","image":{"@type":"ImageObject","inLanguage":"en-US","@id":"https:\/\/president-ksgov.net\/#\/schema\/person\/image\/","url":"https:\/\/secure.gravatar.com\/avatar\/25825420648e802b44e5fd098636053cf34adea3bcdf93520be287f818c2ce8b?s=96&d=mm&r=g","contentUrl":"https:\/\/secure.gravatar.com\/avatar\/25825420648e802b44e5fd098636053cf34adea3bcdf93520be287f818c2ce8b?s=96&d=mm&r=g","caption":"Aulon Maliqi"}}]}},"_links":{"self":[{"href":"https:\/\/president-ksgov.net\/en\/wp-json\/wp\/v2\/posts\/186847","targetHints":{"allow":["GET"]}}],"collection":[{"href":"https:\/\/president-ksgov.net\/en\/wp-json\/wp\/v2\/posts"}],"about":[{"href":"https:\/\/president-ksgov.net\/en\/wp-json\/wp\/v2\/types\/post"}],"author":[{"embeddable":true,"href":"https:\/\/president-ksgov.net\/en\/wp-json\/wp\/v2\/users\/18"}],"replies":[{"embeddable":true,"href":"https:\/\/president-ksgov.net\/en\/wp-json\/wp\/v2\/comments?post=186847"}],"version-history":[{"count":1,"href":"https:\/\/president-ksgov.net\/en\/wp-json\/wp\/v2\/posts\/186847\/revisions"}],"predecessor-version":[{"id":186848,"href":"https:\/\/president-ksgov.net\/en\/wp-json\/wp\/v2\/posts\/186847\/revisions\/186848"}],"wp:featuredmedia":[{"embeddable":true,"href":"https:\/\/president-ksgov.net\/en\/wp-json\/wp\/v2\/media\/186828"}],"wp:attachment":[{"href":"https:\/\/president-ksgov.net\/en\/wp-json\/wp\/v2\/media?parent=186847"}],"wp:term":[{"taxonomy":"category","embeddable":true,"href":"https:\/\/president-ksgov.net\/en\/wp-json\/wp\/v2\/categories?post=186847"},{"taxonomy":"post_tag","embeddable":true,"href":"https:\/\/president-ksgov.net\/en\/wp-json\/wp\/v2\/tags?post=186847"}],"curies":[{"name":"wp","href":"https:\/\/api.w.org\/{rel}","templated":true}]}}