{"id":186689,"date":"2026-04-06T16:39:36","date_gmt":"2026-04-06T14:39:36","guid":{"rendered":"https:\/\/president-ksgov.net\/?p=186689"},"modified":"2026-04-08T09:12:33","modified_gmt":"2026-04-08T07:12:33","slug":"acting-president-albulena-haxhius-address-at-the-mass-dedicated-to-don-kelmend-spaqi","status":"publish","type":"post","link":"https:\/\/president-ksgov.net\/en\/acting-president-albulena-haxhius-address-at-the-mass-dedicated-to-don-kelmend-spaqi\/","title":{"rendered":"Acting President Albulena Haxhiu&#8217;s address at the Mass dedicated to Don Kelmend Spaqi"},"content":{"rendered":"<p>Today, on this Easter Monday, we are consigning to eternity a priest, as well as a figure who, during the most difficult moments of our history, became a protective wall to human life and dignity.<\/p>\n<p>His activity is evidence of a complete dedication to man, to faith and to the homeland.<\/p>\n<p>For 33 years of priesthood, Don Kelmendi served as a guide in times of uncertainty, support in times of fear and a steadfast voice of truth.<\/p>\n<p>He lived with the deep conviction that religion and homeland do not exclude each other, and he even witnessed how these two strengthen man&#8217;s resolve to serve the other. In this sense, his motto \u201cfor Faith, Homeland and Freedom\u201d was also a way of life.<\/p>\n<p>In the darkest days of our history, when violence and insecurity aimed to destroy not only life, but also trust in each other, Don Kelmendi stood with the people.<\/p>\n<p>In Gllogjan, Pej\u00eb, in the spring of 1999, he opened the doors of the  \u201cShna Ndou\u201d church, or as it is popularly known, the Church of Hope, where he sheltered hundreds of citizens who were forcibly expelled by Serbian paramilitary and military forces. There, Don Kelmendi, with the help of the nuns, treated wounded people and assisted young mothers in caring for their babies. On April 4th, 1999, Serbian paramilitary and police forces interrupted his mass, and at gunpoint, asked him to separate the Catholic community from the Muslim one. And he replied that there are neither Catholics or Muslims here, but only defenseless civilians. Dom Kelmendi courageously articulated a fundamental truth: that prior to being different, we are human and we belong to the same country.<\/p>\n<p>This stance was not a spontaneous act. It was the result of a character molded by national values, built on faith and ethics that do not negotiate with fear. He came from a family that had known persecution. But this did not make him retreat. On the contrary, it made him clearer in his attitudes and more steadfast in his actions.<\/p>\n<p>Equally significant was the way in which himself and the nuns in his parish put coexistence into practice, using the church bells to announce iftar and suhoor for Muslim believers, at war time.<\/p>\n<p>In this spirit, he gave the clear message that human dignity and interfaith respect are stronger than any attempt at division. And division was precisely the goal of the Milosevic regime.<\/p>\n<p>Don Kelmendi was a simple man in behavior, but great in his acts. Close to people, attentive to their needs, always ready to give, without asking for anything in return.<\/p>\n<p>His departure from this life, precisely on Holy Thursday, on the day of the establishment of the priesthood, gives a special symbolism to this departure. His life ended exactly where the call had begun: in service.<\/p>\n<p>Today we are consigning to eternity a priest and patriot who put his life in the service of others, a man who left behind a brilliant example, which will not fade with time.<\/p>\n<p>On behalf of the institutions of the Republic of Kosovo, I express the highest institutional gratitude for his life and work.<br \/>\nDon Kelmendi left us this legacy to which we owe a responsibility: to preserve and pass on the values that he embodied because such figures are honored only by passing on the values they leave behind.<\/p>\n<p>My deepest condolences to the Spaqi family, to the Catholic Church and to all those who knew and loved him.<\/p>\n<p>May the memory of Don Kelmend Spaqi be eternal.<\/p>\n","protected":false},"excerpt":{"rendered":"<p>Today, on this Easter Monday, we are consigning to eternity a priest, as well as a figure who, during the most difficult moments of our history, became a protective wall to human life and dignity. His activity is evidence of a complete dedication to man, to faith and to the homeland. For 33 years of priesthood, Don Kelmendi served as a guide in times of uncertainty, support in times of fear and a steadfast voice of truth. He lived with the deep conviction that religion and homeland do not exclude each other, and he even witnessed how these two strengthen man&#8217;s resolve to serve the other. In this sense, his motto \u201cfor Faith, Homeland and Freedom\u201d was also a way of life. In the darkest days of our history, when violence and insecurity aimed to destroy not only life, but also trust in each other, Don Kelmendi stood with the people. In Gllogjan, Pej\u00eb, in the spring of 1999, he opened the doors of the \u201cShna Ndou\u201d church, or as it is popularly known, the Church of Hope, where he sheltered hundreds of citizens who were forcibly expelled by Serbian paramilitary and military forces. There, Don Kelmendi, with the help of the nuns, treated wounded people and assisted young mothers in caring for their babies. On April 4th, 1999, Serbian paramilitary and police forces interrupted his mass, and at gunpoint, asked him to separate the Catholic community from the Muslim one. And he replied that there are neither Catholics or Muslims here, but only defenseless civilians. Dom Kelmendi courageously articulated a fundamental truth: that prior to being different, we are human and we belong to the same country. This stance was not a spontaneous act. It was the result of a character molded by national values, built on faith and ethics that do not negotiate with fear. He came from a family that had known persecution. But this did not make him retreat. On the contrary, it made him clearer in his attitudes and more steadfast in his actions. Equally significant was the way in which himself and the nuns in his parish put coexistence into practice, using the church bells to announce iftar and suhoor for Muslim believers, at war time. In this spirit, he gave the clear message that human dignity and interfaith respect are stronger than any attempt at division. And division was precisely the goal of the Milosevic regime. Don Kelmendi was a simple man in behavior, but great in his acts. Close to people, attentive to their needs, always ready to give, without asking for anything in return. His departure from this life, precisely on Holy Thursday, on the day of the establishment of the priesthood, gives a special symbolism to this departure. His life ended exactly where the call had begun: in service. Today we are consigning to eternity a priest and patriot who put his life in the service of others, a man who left behind a brilliant example, which will not fade with time. On behalf of the institutions of the Republic of Kosovo, I express the highest institutional gratitude for his life and work. Don Kelmendi left us this legacy to which we owe a responsibility: to preserve and pass on the values that he embodied because such figures are honored only by passing on the values they leave behind. My deepest condolences to the Spaqi family, to the Catholic Church and to all those who knew and loved him. May the memory of Don Kelmend Spaqi be eternal.<\/p>\n","protected":false},"author":18,"featured_media":186598,"comment_status":"closed","ping_status":"closed","sticky":false,"template":"","format":"standard","meta":{"_eb_attr":"","footnotes":""},"categories":[111],"tags":[],"class_list":["post-186689","post","type-post","status-publish","format-standard","has-post-thumbnail","hentry","category-news"],"yoast_head":"<!-- This site is optimized with the Yoast SEO plugin v23.5 - https:\/\/yoast.com\/wordpress\/plugins\/seo\/ -->\n<title>Acting President Albulena Haxhiu&#039;s address at the Mass dedicated to Don Kelmend Spaqi - President of the Republic of Kosovo - DR. VJOSA OSMANI - SADRIU<\/title>\n<meta name=\"description\" content=\"Acting President Albulena Haxhiu&#039;s address at the Mass dedicated to Don Kelmend Spaqi - President of the Republic of Kosovo - DR. VJOSA OSMANI - SADRIU - News\" \/>\n<meta name=\"robots\" content=\"index, follow, max-snippet:-1, max-image-preview:large, max-video-preview:-1\" \/>\n<link rel=\"canonical\" href=\"https:\/\/president-ksgov.net\/en\/acting-president-albulena-haxhius-address-at-the-mass-dedicated-to-don-kelmend-spaqi\/\" \/>\n<meta property=\"og:locale\" content=\"en_US\" \/>\n<meta property=\"og:type\" content=\"article\" \/>\n<meta property=\"og:title\" content=\"Acting President Albulena Haxhiu&#039;s address at the Mass dedicated to Don Kelmend Spaqi - President of the Republic of Kosovo - DR. VJOSA OSMANI - SADRIU\" \/>\n<meta property=\"og:description\" content=\"Acting President Albulena Haxhiu&#039;s address at the Mass dedicated to Don Kelmend Spaqi - President of the Republic of Kosovo - DR. VJOSA OSMANI - SADRIU - News\" \/>\n<meta property=\"og:url\" content=\"https:\/\/president-ksgov.net\/en\/acting-president-albulena-haxhius-address-at-the-mass-dedicated-to-don-kelmend-spaqi\/\" \/>\n<meta property=\"og:site_name\" content=\"President of the Republic of Kosovo - DR. VJOSA OSMANI - SADRIU\" \/>\n<meta property=\"article:published_time\" content=\"2026-04-06T14:39:36+00:00\" \/>\n<meta property=\"article:modified_time\" content=\"2026-04-08T07:12:33+00:00\" \/>\n<meta property=\"og:image\" content=\"https:\/\/president-ksgov.net\/wp-content\/uploads\/Fjala-e-U.D.-Presidentes-Albulena-Haxhiu-mbajtur-ne-meshen-kushtuar-Don-Kelmend-Spaqit-1.jpg\" \/>\n\t<meta property=\"og:image:width\" content=\"1600\" \/>\n\t<meta property=\"og:image:height\" content=\"1066\" \/>\n\t<meta property=\"og:image:type\" content=\"image\/jpeg\" \/>\n<meta name=\"author\" content=\"Aulon Maliqi\" \/>\n<meta name=\"twitter:card\" content=\"summary_large_image\" \/>\n<meta name=\"twitter:label1\" content=\"Written by\" \/>\n\t<meta name=\"twitter:data1\" content=\"Aulon Maliqi\" \/>\n\t<meta name=\"twitter:label2\" content=\"Est. reading time\" \/>\n\t<meta name=\"twitter:data2\" content=\"1 minute\" \/>\n<script type=\"application\/ld+json\" class=\"yoast-schema-graph\">{\"@context\":\"https:\/\/schema.org\",\"@graph\":[{\"@type\":\"WebPage\",\"@id\":\"https:\/\/president-ksgov.net\/en\/acting-president-albulena-haxhius-address-at-the-mass-dedicated-to-don-kelmend-spaqi\/\",\"url\":\"https:\/\/president-ksgov.net\/en\/acting-president-albulena-haxhius-address-at-the-mass-dedicated-to-don-kelmend-spaqi\/\",\"name\":\"Acting President Albulena Haxhiu's address at the Mass dedicated to Don Kelmend Spaqi - President of the Republic of Kosovo - DR. VJOSA OSMANI - SADRIU\",\"isPartOf\":{\"@id\":\"https:\/\/president-ksgov.net\/#website\"},\"primaryImageOfPage\":{\"@id\":\"https:\/\/president-ksgov.net\/en\/acting-president-albulena-haxhius-address-at-the-mass-dedicated-to-don-kelmend-spaqi\/#primaryimage\"},\"image\":{\"@id\":\"https:\/\/president-ksgov.net\/en\/acting-president-albulena-haxhius-address-at-the-mass-dedicated-to-don-kelmend-spaqi\/#primaryimage\"},\"thumbnailUrl\":\"https:\/\/president-ksgov.net\/wp-content\/uploads\/Fjala-e-U.D.-Presidentes-Albulena-Haxhiu-mbajtur-ne-meshen-kushtuar-Don-Kelmend-Spaqit-1.jpg\",\"datePublished\":\"2026-04-06T14:39:36+00:00\",\"dateModified\":\"2026-04-08T07:12:33+00:00\",\"author\":{\"@id\":\"https:\/\/president-ksgov.net\/#\/schema\/person\/639043365d5873f4c00b9dd2f548fe32\"},\"description\":\"Acting President Albulena Haxhiu's address at the Mass dedicated to Don Kelmend Spaqi - President of the Republic of Kosovo - DR. VJOSA OSMANI - SADRIU - News\",\"breadcrumb\":{\"@id\":\"https:\/\/president-ksgov.net\/en\/acting-president-albulena-haxhius-address-at-the-mass-dedicated-to-don-kelmend-spaqi\/#breadcrumb\"},\"inLanguage\":\"en-US\",\"potentialAction\":[{\"@type\":\"ReadAction\",\"target\":[\"https:\/\/president-ksgov.net\/en\/acting-president-albulena-haxhius-address-at-the-mass-dedicated-to-don-kelmend-spaqi\/\"]}]},{\"@type\":\"ImageObject\",\"inLanguage\":\"en-US\",\"@id\":\"https:\/\/president-ksgov.net\/en\/acting-president-albulena-haxhius-address-at-the-mass-dedicated-to-don-kelmend-spaqi\/#primaryimage\",\"url\":\"https:\/\/president-ksgov.net\/wp-content\/uploads\/Fjala-e-U.D.-Presidentes-Albulena-Haxhiu-mbajtur-ne-meshen-kushtuar-Don-Kelmend-Spaqit-1.jpg\",\"contentUrl\":\"https:\/\/president-ksgov.net\/wp-content\/uploads\/Fjala-e-U.D.-Presidentes-Albulena-Haxhiu-mbajtur-ne-meshen-kushtuar-Don-Kelmend-Spaqit-1.jpg\",\"width\":1600,\"height\":1066},{\"@type\":\"BreadcrumbList\",\"@id\":\"https:\/\/president-ksgov.net\/en\/acting-president-albulena-haxhius-address-at-the-mass-dedicated-to-don-kelmend-spaqi\/#breadcrumb\",\"itemListElement\":[{\"@type\":\"ListItem\",\"position\":1,\"name\":\"Home\",\"item\":\"https:\/\/president-ksgov.net\/en\/\"},{\"@type\":\"ListItem\",\"position\":2,\"name\":\"Acting President Albulena Haxhiu&#8217;s address at the Mass dedicated to Don Kelmend Spaqi\"}]},{\"@type\":\"WebSite\",\"@id\":\"https:\/\/president-ksgov.net\/#website\",\"url\":\"https:\/\/president-ksgov.net\/\",\"name\":\"Presidente e Republik\u00ebs s\u00eb Kosov\u00ebs\",\"description\":\"Presidente e Republik\u00ebs s\u00eb Kosov\u00ebs\",\"alternateName\":\"DR. VJOSA OSMANI - SADRIU\",\"potentialAction\":[{\"@type\":\"SearchAction\",\"target\":{\"@type\":\"EntryPoint\",\"urlTemplate\":\"https:\/\/president-ksgov.net\/?s={search_term_string}\"},\"query-input\":{\"@type\":\"PropertyValueSpecification\",\"valueRequired\":true,\"valueName\":\"search_term_string\"}}],\"inLanguage\":\"en-US\"},{\"@type\":\"Person\",\"@id\":\"https:\/\/president-ksgov.net\/#\/schema\/person\/639043365d5873f4c00b9dd2f548fe32\",\"name\":\"Aulon Maliqi\",\"image\":{\"@type\":\"ImageObject\",\"inLanguage\":\"en-US\",\"@id\":\"https:\/\/president-ksgov.net\/#\/schema\/person\/image\/\",\"url\":\"https:\/\/secure.gravatar.com\/avatar\/25825420648e802b44e5fd098636053cf34adea3bcdf93520be287f818c2ce8b?s=96&d=mm&r=g\",\"contentUrl\":\"https:\/\/secure.gravatar.com\/avatar\/25825420648e802b44e5fd098636053cf34adea3bcdf93520be287f818c2ce8b?s=96&d=mm&r=g\",\"caption\":\"Aulon Maliqi\"}}]}<\/script>\n<!-- \/ Yoast SEO plugin. -->","yoast_head_json":{"title":"Acting President Albulena Haxhiu's address at the Mass dedicated to Don Kelmend Spaqi - President of the Republic of Kosovo - DR. VJOSA OSMANI - SADRIU","description":"Acting President Albulena Haxhiu's address at the Mass dedicated to Don Kelmend Spaqi - President of the Republic of Kosovo - DR. VJOSA OSMANI - SADRIU - News","robots":{"index":"index","follow":"follow","max-snippet":"max-snippet:-1","max-image-preview":"max-image-preview:large","max-video-preview":"max-video-preview:-1"},"canonical":"https:\/\/president-ksgov.net\/en\/acting-president-albulena-haxhius-address-at-the-mass-dedicated-to-don-kelmend-spaqi\/","og_locale":"en_US","og_type":"article","og_title":"Acting President Albulena Haxhiu's address at the Mass dedicated to Don Kelmend Spaqi - President of the Republic of Kosovo - DR. VJOSA OSMANI - SADRIU","og_description":"Acting President Albulena Haxhiu's address at the Mass dedicated to Don Kelmend Spaqi - President of the Republic of Kosovo - DR. VJOSA OSMANI - SADRIU - News","og_url":"https:\/\/president-ksgov.net\/en\/acting-president-albulena-haxhius-address-at-the-mass-dedicated-to-don-kelmend-spaqi\/","og_site_name":"President of the Republic of Kosovo - DR. VJOSA OSMANI - SADRIU","article_published_time":"2026-04-06T14:39:36+00:00","article_modified_time":"2026-04-08T07:12:33+00:00","og_image":[{"width":1600,"height":1066,"url":"https:\/\/president-ksgov.net\/wp-content\/uploads\/Fjala-e-U.D.-Presidentes-Albulena-Haxhiu-mbajtur-ne-meshen-kushtuar-Don-Kelmend-Spaqit-1.jpg","type":"image\/jpeg"}],"author":"Aulon Maliqi","twitter_card":"summary_large_image","twitter_misc":{"Written by":"Aulon Maliqi","Est. reading time":"1 minute"},"schema":{"@context":"https:\/\/schema.org","@graph":[{"@type":"WebPage","@id":"https:\/\/president-ksgov.net\/en\/acting-president-albulena-haxhius-address-at-the-mass-dedicated-to-don-kelmend-spaqi\/","url":"https:\/\/president-ksgov.net\/en\/acting-president-albulena-haxhius-address-at-the-mass-dedicated-to-don-kelmend-spaqi\/","name":"Acting President Albulena Haxhiu's address at the Mass dedicated to Don Kelmend Spaqi - President of the Republic of Kosovo - DR. VJOSA OSMANI - SADRIU","isPartOf":{"@id":"https:\/\/president-ksgov.net\/#website"},"primaryImageOfPage":{"@id":"https:\/\/president-ksgov.net\/en\/acting-president-albulena-haxhius-address-at-the-mass-dedicated-to-don-kelmend-spaqi\/#primaryimage"},"image":{"@id":"https:\/\/president-ksgov.net\/en\/acting-president-albulena-haxhius-address-at-the-mass-dedicated-to-don-kelmend-spaqi\/#primaryimage"},"thumbnailUrl":"https:\/\/president-ksgov.net\/wp-content\/uploads\/Fjala-e-U.D.-Presidentes-Albulena-Haxhiu-mbajtur-ne-meshen-kushtuar-Don-Kelmend-Spaqit-1.jpg","datePublished":"2026-04-06T14:39:36+00:00","dateModified":"2026-04-08T07:12:33+00:00","author":{"@id":"https:\/\/president-ksgov.net\/#\/schema\/person\/639043365d5873f4c00b9dd2f548fe32"},"description":"Acting President Albulena Haxhiu's address at the Mass dedicated to Don Kelmend Spaqi - President of the Republic of Kosovo - DR. VJOSA OSMANI - SADRIU - News","breadcrumb":{"@id":"https:\/\/president-ksgov.net\/en\/acting-president-albulena-haxhius-address-at-the-mass-dedicated-to-don-kelmend-spaqi\/#breadcrumb"},"inLanguage":"en-US","potentialAction":[{"@type":"ReadAction","target":["https:\/\/president-ksgov.net\/en\/acting-president-albulena-haxhius-address-at-the-mass-dedicated-to-don-kelmend-spaqi\/"]}]},{"@type":"ImageObject","inLanguage":"en-US","@id":"https:\/\/president-ksgov.net\/en\/acting-president-albulena-haxhius-address-at-the-mass-dedicated-to-don-kelmend-spaqi\/#primaryimage","url":"https:\/\/president-ksgov.net\/wp-content\/uploads\/Fjala-e-U.D.-Presidentes-Albulena-Haxhiu-mbajtur-ne-meshen-kushtuar-Don-Kelmend-Spaqit-1.jpg","contentUrl":"https:\/\/president-ksgov.net\/wp-content\/uploads\/Fjala-e-U.D.-Presidentes-Albulena-Haxhiu-mbajtur-ne-meshen-kushtuar-Don-Kelmend-Spaqit-1.jpg","width":1600,"height":1066},{"@type":"BreadcrumbList","@id":"https:\/\/president-ksgov.net\/en\/acting-president-albulena-haxhius-address-at-the-mass-dedicated-to-don-kelmend-spaqi\/#breadcrumb","itemListElement":[{"@type":"ListItem","position":1,"name":"Home","item":"https:\/\/president-ksgov.net\/en\/"},{"@type":"ListItem","position":2,"name":"Acting President Albulena Haxhiu&#8217;s address at the Mass dedicated to Don Kelmend Spaqi"}]},{"@type":"WebSite","@id":"https:\/\/president-ksgov.net\/#website","url":"https:\/\/president-ksgov.net\/","name":"Presidente e Republik\u00ebs s\u00eb Kosov\u00ebs","description":"Presidente e Republik\u00ebs s\u00eb Kosov\u00ebs","alternateName":"DR. VJOSA OSMANI - SADRIU","potentialAction":[{"@type":"SearchAction","target":{"@type":"EntryPoint","urlTemplate":"https:\/\/president-ksgov.net\/?s={search_term_string}"},"query-input":{"@type":"PropertyValueSpecification","valueRequired":true,"valueName":"search_term_string"}}],"inLanguage":"en-US"},{"@type":"Person","@id":"https:\/\/president-ksgov.net\/#\/schema\/person\/639043365d5873f4c00b9dd2f548fe32","name":"Aulon Maliqi","image":{"@type":"ImageObject","inLanguage":"en-US","@id":"https:\/\/president-ksgov.net\/#\/schema\/person\/image\/","url":"https:\/\/secure.gravatar.com\/avatar\/25825420648e802b44e5fd098636053cf34adea3bcdf93520be287f818c2ce8b?s=96&d=mm&r=g","contentUrl":"https:\/\/secure.gravatar.com\/avatar\/25825420648e802b44e5fd098636053cf34adea3bcdf93520be287f818c2ce8b?s=96&d=mm&r=g","caption":"Aulon Maliqi"}}]}},"_links":{"self":[{"href":"https:\/\/president-ksgov.net\/en\/wp-json\/wp\/v2\/posts\/186689","targetHints":{"allow":["GET"]}}],"collection":[{"href":"https:\/\/president-ksgov.net\/en\/wp-json\/wp\/v2\/posts"}],"about":[{"href":"https:\/\/president-ksgov.net\/en\/wp-json\/wp\/v2\/types\/post"}],"author":[{"embeddable":true,"href":"https:\/\/president-ksgov.net\/en\/wp-json\/wp\/v2\/users\/18"}],"replies":[{"embeddable":true,"href":"https:\/\/president-ksgov.net\/en\/wp-json\/wp\/v2\/comments?post=186689"}],"version-history":[{"count":1,"href":"https:\/\/president-ksgov.net\/en\/wp-json\/wp\/v2\/posts\/186689\/revisions"}],"predecessor-version":[{"id":186690,"href":"https:\/\/president-ksgov.net\/en\/wp-json\/wp\/v2\/posts\/186689\/revisions\/186690"}],"wp:featuredmedia":[{"embeddable":true,"href":"https:\/\/president-ksgov.net\/en\/wp-json\/wp\/v2\/media\/186598"}],"wp:attachment":[{"href":"https:\/\/president-ksgov.net\/en\/wp-json\/wp\/v2\/media?parent=186689"}],"wp:term":[{"taxonomy":"category","embeddable":true,"href":"https:\/\/president-ksgov.net\/en\/wp-json\/wp\/v2\/categories?post=186689"},{"taxonomy":"post_tag","embeddable":true,"href":"https:\/\/president-ksgov.net\/en\/wp-json\/wp\/v2\/tags?post=186689"}],"curies":[{"name":"wp","href":"https:\/\/api.w.org\/{rel}","templated":true}]}}