{"id":184102,"date":"2026-02-23T10:07:40","date_gmt":"2026-02-23T09:07:40","guid":{"rendered":"https:\/\/president-ksgov.net\/?p=184102"},"modified":"2026-02-23T11:27:54","modified_gmt":"2026-02-23T10:27:54","slug":"president-osmani-in-every-international-interview-with-a-clear-goal-protection-of-kosovo-and-strengthening-of-the-voice-of-our-people","status":"publish","type":"post","link":"https:\/\/president-ksgov.net\/en\/president-osmani-in-every-international-interview-with-a-clear-goal-protection-of-kosovo-and-strengthening-of-the-voice-of-our-people\/","title":{"rendered":"President Osmani: In every international interview, with a clear goal, protection of Kosovo and strengthening of the voice of our people!"},"content":{"rendered":"<p><iframe src=\"https:\/\/www.facebook.com\/plugins\/video.php?height=200&#038;href=https%3A%2F%2Fwww.facebook.com%2Freel%2F1606959043777767%2F&#038;show_text=false&#038;width=267&#038;t=0\" width=\"267\" height=\"476\" style=\"border:none;overflow:hidden\" scrolling=\"no\" frameborder=\"0\" allowfullscreen=\"true\" allow=\"autoplay; clipboard-write; encrypted-media; picture-in-picture; web-share\" allowFullScreen=\"true\"><\/iframe><\/p>\n","protected":false},"excerpt":{"rendered":"","protected":false},"author":18,"featured_media":184061,"comment_status":"closed","ping_status":"closed","sticky":false,"template":"","format":"standard","meta":{"_eb_attr":"","footnotes":""},"categories":[103],"tags":[],"class_list":["post-184102","post","type-post","status-publish","format-standard","has-post-thumbnail","hentry","category-interviews"],"yoast_head":"<!-- This site is optimized with the Yoast SEO plugin v23.5 - https:\/\/yoast.com\/wordpress\/plugins\/seo\/ -->\n<title>President Osmani: In every international interview, with a clear goal, protection of Kosovo and strengthening of the voice of our people! - President of the Republic of Kosovo - DR. VJOSA OSMANI - SADRIU<\/title>\n<meta name=\"description\" content=\"President Osmani: In every international interview, with a clear goal, protection of Kosovo and strengthening of the voice of our people! - President of the Republic of Kosovo - DR. VJOSA OSMANI - SADRIU - Interviews\" \/>\n<meta name=\"robots\" content=\"index, follow, max-snippet:-1, max-image-preview:large, max-video-preview:-1\" \/>\n<link rel=\"canonical\" href=\"https:\/\/president-ksgov.net\/en\/president-osmani-in-every-international-interview-with-a-clear-goal-protection-of-kosovo-and-strengthening-of-the-voice-of-our-people\/\" \/>\n<meta property=\"og:locale\" content=\"en_US\" \/>\n<meta property=\"og:type\" content=\"article\" \/>\n<meta property=\"og:title\" content=\"President Osmani: In every international interview, with a clear goal, protection of Kosovo and strengthening of the voice of our people! - President of the Republic of Kosovo - DR. VJOSA OSMANI - SADRIU\" \/>\n<meta property=\"og:description\" content=\"President Osmani: In every international interview, with a clear goal, protection of Kosovo and strengthening of the voice of our people! - President of the Republic of Kosovo - DR. VJOSA OSMANI - SADRIU - Interviews\" \/>\n<meta property=\"og:url\" content=\"https:\/\/president-ksgov.net\/en\/president-osmani-in-every-international-interview-with-a-clear-goal-protection-of-kosovo-and-strengthening-of-the-voice-of-our-people\/\" \/>\n<meta property=\"og:site_name\" content=\"President of the Republic of Kosovo - DR. VJOSA OSMANI - SADRIU\" \/>\n<meta property=\"article:published_time\" content=\"2026-02-23T09:07:40+00:00\" \/>\n<meta property=\"article:modified_time\" content=\"2026-02-23T10:27:54+00:00\" \/>\n<meta property=\"og:image\" content=\"https:\/\/president-ksgov.net\/wp-content\/uploads\/INTERVISTA-OSMANI-23.02.26-scaled.jpeg\" \/>\n\t<meta property=\"og:image:width\" content=\"2560\" \/>\n\t<meta property=\"og:image:height\" content=\"1812\" \/>\n\t<meta property=\"og:image:type\" content=\"image\/jpeg\" \/>\n<meta name=\"author\" content=\"Aulon Maliqi\" \/>\n<meta name=\"twitter:card\" content=\"summary_large_image\" \/>\n<meta name=\"twitter:label1\" content=\"Written by\" \/>\n\t<meta name=\"twitter:data1\" content=\"Aulon Maliqi\" \/>\n\t<meta name=\"twitter:label2\" content=\"Est. reading time\" \/>\n\t<meta name=\"twitter:data2\" content=\"1 minute\" \/>\n<script type=\"application\/ld+json\" class=\"yoast-schema-graph\">{\"@context\":\"https:\/\/schema.org\",\"@graph\":[{\"@type\":\"WebPage\",\"@id\":\"https:\/\/president-ksgov.net\/en\/president-osmani-in-every-international-interview-with-a-clear-goal-protection-of-kosovo-and-strengthening-of-the-voice-of-our-people\/\",\"url\":\"https:\/\/president-ksgov.net\/en\/president-osmani-in-every-international-interview-with-a-clear-goal-protection-of-kosovo-and-strengthening-of-the-voice-of-our-people\/\",\"name\":\"President Osmani: In every international interview, with a clear goal, protection of Kosovo and strengthening of the voice of our people! - President of the Republic of Kosovo - DR. VJOSA OSMANI - SADRIU\",\"isPartOf\":{\"@id\":\"https:\/\/president-ksgov.net\/#website\"},\"primaryImageOfPage\":{\"@id\":\"https:\/\/president-ksgov.net\/en\/president-osmani-in-every-international-interview-with-a-clear-goal-protection-of-kosovo-and-strengthening-of-the-voice-of-our-people\/#primaryimage\"},\"image\":{\"@id\":\"https:\/\/president-ksgov.net\/en\/president-osmani-in-every-international-interview-with-a-clear-goal-protection-of-kosovo-and-strengthening-of-the-voice-of-our-people\/#primaryimage\"},\"thumbnailUrl\":\"https:\/\/president-ksgov.net\/wp-content\/uploads\/INTERVISTA-OSMANI-23.02.26-scaled.jpeg\",\"datePublished\":\"2026-02-23T09:07:40+00:00\",\"dateModified\":\"2026-02-23T10:27:54+00:00\",\"author\":{\"@id\":\"https:\/\/president-ksgov.net\/#\/schema\/person\/639043365d5873f4c00b9dd2f548fe32\"},\"description\":\"President Osmani: In every international interview, with a clear goal, protection of Kosovo and strengthening of the voice of our people! - President of the Republic of Kosovo - DR. VJOSA OSMANI - SADRIU - Interviews\",\"breadcrumb\":{\"@id\":\"https:\/\/president-ksgov.net\/en\/president-osmani-in-every-international-interview-with-a-clear-goal-protection-of-kosovo-and-strengthening-of-the-voice-of-our-people\/#breadcrumb\"},\"inLanguage\":\"en-US\",\"potentialAction\":[{\"@type\":\"ReadAction\",\"target\":[\"https:\/\/president-ksgov.net\/en\/president-osmani-in-every-international-interview-with-a-clear-goal-protection-of-kosovo-and-strengthening-of-the-voice-of-our-people\/\"]}]},{\"@type\":\"ImageObject\",\"inLanguage\":\"en-US\",\"@id\":\"https:\/\/president-ksgov.net\/en\/president-osmani-in-every-international-interview-with-a-clear-goal-protection-of-kosovo-and-strengthening-of-the-voice-of-our-people\/#primaryimage\",\"url\":\"https:\/\/president-ksgov.net\/wp-content\/uploads\/INTERVISTA-OSMANI-23.02.26-scaled.jpeg\",\"contentUrl\":\"https:\/\/president-ksgov.net\/wp-content\/uploads\/INTERVISTA-OSMANI-23.02.26-scaled.jpeg\",\"width\":2560,\"height\":1812},{\"@type\":\"BreadcrumbList\",\"@id\":\"https:\/\/president-ksgov.net\/en\/president-osmani-in-every-international-interview-with-a-clear-goal-protection-of-kosovo-and-strengthening-of-the-voice-of-our-people\/#breadcrumb\",\"itemListElement\":[{\"@type\":\"ListItem\",\"position\":1,\"name\":\"Home\",\"item\":\"https:\/\/president-ksgov.net\/en\/\"},{\"@type\":\"ListItem\",\"position\":2,\"name\":\"President Osmani: In every international interview, with a clear goal, protection of Kosovo and strengthening of the voice of our people!\"}]},{\"@type\":\"WebSite\",\"@id\":\"https:\/\/president-ksgov.net\/#website\",\"url\":\"https:\/\/president-ksgov.net\/\",\"name\":\"Presidente e Republik\u00ebs s\u00eb Kosov\u00ebs\",\"description\":\"Presidente e Republik\u00ebs s\u00eb Kosov\u00ebs\",\"alternateName\":\"DR. VJOSA OSMANI - SADRIU\",\"potentialAction\":[{\"@type\":\"SearchAction\",\"target\":{\"@type\":\"EntryPoint\",\"urlTemplate\":\"https:\/\/president-ksgov.net\/?s={search_term_string}\"},\"query-input\":{\"@type\":\"PropertyValueSpecification\",\"valueRequired\":true,\"valueName\":\"search_term_string\"}}],\"inLanguage\":\"en-US\"},{\"@type\":\"Person\",\"@id\":\"https:\/\/president-ksgov.net\/#\/schema\/person\/639043365d5873f4c00b9dd2f548fe32\",\"name\":\"Aulon Maliqi\",\"image\":{\"@type\":\"ImageObject\",\"inLanguage\":\"en-US\",\"@id\":\"https:\/\/president-ksgov.net\/#\/schema\/person\/image\/\",\"url\":\"https:\/\/secure.gravatar.com\/avatar\/25825420648e802b44e5fd098636053cf34adea3bcdf93520be287f818c2ce8b?s=96&d=mm&r=g\",\"contentUrl\":\"https:\/\/secure.gravatar.com\/avatar\/25825420648e802b44e5fd098636053cf34adea3bcdf93520be287f818c2ce8b?s=96&d=mm&r=g\",\"caption\":\"Aulon Maliqi\"}}]}<\/script>\n<!-- \/ Yoast SEO plugin. -->","yoast_head_json":{"title":"President Osmani: In every international interview, with a clear goal, protection of Kosovo and strengthening of the voice of our people! - President of the Republic of Kosovo - DR. VJOSA OSMANI - SADRIU","description":"President Osmani: In every international interview, with a clear goal, protection of Kosovo and strengthening of the voice of our people! - President of the Republic of Kosovo - DR. VJOSA OSMANI - SADRIU - Interviews","robots":{"index":"index","follow":"follow","max-snippet":"max-snippet:-1","max-image-preview":"max-image-preview:large","max-video-preview":"max-video-preview:-1"},"canonical":"https:\/\/president-ksgov.net\/en\/president-osmani-in-every-international-interview-with-a-clear-goal-protection-of-kosovo-and-strengthening-of-the-voice-of-our-people\/","og_locale":"en_US","og_type":"article","og_title":"President Osmani: In every international interview, with a clear goal, protection of Kosovo and strengthening of the voice of our people! - President of the Republic of Kosovo - DR. VJOSA OSMANI - SADRIU","og_description":"President Osmani: In every international interview, with a clear goal, protection of Kosovo and strengthening of the voice of our people! - President of the Republic of Kosovo - DR. VJOSA OSMANI - SADRIU - Interviews","og_url":"https:\/\/president-ksgov.net\/en\/president-osmani-in-every-international-interview-with-a-clear-goal-protection-of-kosovo-and-strengthening-of-the-voice-of-our-people\/","og_site_name":"President of the Republic of Kosovo - DR. VJOSA OSMANI - SADRIU","article_published_time":"2026-02-23T09:07:40+00:00","article_modified_time":"2026-02-23T10:27:54+00:00","og_image":[{"width":2560,"height":1812,"url":"https:\/\/president-ksgov.net\/wp-content\/uploads\/INTERVISTA-OSMANI-23.02.26-scaled.jpeg","type":"image\/jpeg"}],"author":"Aulon Maliqi","twitter_card":"summary_large_image","twitter_misc":{"Written by":"Aulon Maliqi","Est. reading time":"1 minute"},"schema":{"@context":"https:\/\/schema.org","@graph":[{"@type":"WebPage","@id":"https:\/\/president-ksgov.net\/en\/president-osmani-in-every-international-interview-with-a-clear-goal-protection-of-kosovo-and-strengthening-of-the-voice-of-our-people\/","url":"https:\/\/president-ksgov.net\/en\/president-osmani-in-every-international-interview-with-a-clear-goal-protection-of-kosovo-and-strengthening-of-the-voice-of-our-people\/","name":"President Osmani: In every international interview, with a clear goal, protection of Kosovo and strengthening of the voice of our people! - President of the Republic of Kosovo - DR. VJOSA OSMANI - SADRIU","isPartOf":{"@id":"https:\/\/president-ksgov.net\/#website"},"primaryImageOfPage":{"@id":"https:\/\/president-ksgov.net\/en\/president-osmani-in-every-international-interview-with-a-clear-goal-protection-of-kosovo-and-strengthening-of-the-voice-of-our-people\/#primaryimage"},"image":{"@id":"https:\/\/president-ksgov.net\/en\/president-osmani-in-every-international-interview-with-a-clear-goal-protection-of-kosovo-and-strengthening-of-the-voice-of-our-people\/#primaryimage"},"thumbnailUrl":"https:\/\/president-ksgov.net\/wp-content\/uploads\/INTERVISTA-OSMANI-23.02.26-scaled.jpeg","datePublished":"2026-02-23T09:07:40+00:00","dateModified":"2026-02-23T10:27:54+00:00","author":{"@id":"https:\/\/president-ksgov.net\/#\/schema\/person\/639043365d5873f4c00b9dd2f548fe32"},"description":"President Osmani: In every international interview, with a clear goal, protection of Kosovo and strengthening of the voice of our people! - President of the Republic of Kosovo - DR. VJOSA OSMANI - SADRIU - Interviews","breadcrumb":{"@id":"https:\/\/president-ksgov.net\/en\/president-osmani-in-every-international-interview-with-a-clear-goal-protection-of-kosovo-and-strengthening-of-the-voice-of-our-people\/#breadcrumb"},"inLanguage":"en-US","potentialAction":[{"@type":"ReadAction","target":["https:\/\/president-ksgov.net\/en\/president-osmani-in-every-international-interview-with-a-clear-goal-protection-of-kosovo-and-strengthening-of-the-voice-of-our-people\/"]}]},{"@type":"ImageObject","inLanguage":"en-US","@id":"https:\/\/president-ksgov.net\/en\/president-osmani-in-every-international-interview-with-a-clear-goal-protection-of-kosovo-and-strengthening-of-the-voice-of-our-people\/#primaryimage","url":"https:\/\/president-ksgov.net\/wp-content\/uploads\/INTERVISTA-OSMANI-23.02.26-scaled.jpeg","contentUrl":"https:\/\/president-ksgov.net\/wp-content\/uploads\/INTERVISTA-OSMANI-23.02.26-scaled.jpeg","width":2560,"height":1812},{"@type":"BreadcrumbList","@id":"https:\/\/president-ksgov.net\/en\/president-osmani-in-every-international-interview-with-a-clear-goal-protection-of-kosovo-and-strengthening-of-the-voice-of-our-people\/#breadcrumb","itemListElement":[{"@type":"ListItem","position":1,"name":"Home","item":"https:\/\/president-ksgov.net\/en\/"},{"@type":"ListItem","position":2,"name":"President Osmani: In every international interview, with a clear goal, protection of Kosovo and strengthening of the voice of our people!"}]},{"@type":"WebSite","@id":"https:\/\/president-ksgov.net\/#website","url":"https:\/\/president-ksgov.net\/","name":"Presidente e Republik\u00ebs s\u00eb Kosov\u00ebs","description":"Presidente e Republik\u00ebs s\u00eb Kosov\u00ebs","alternateName":"DR. VJOSA OSMANI - SADRIU","potentialAction":[{"@type":"SearchAction","target":{"@type":"EntryPoint","urlTemplate":"https:\/\/president-ksgov.net\/?s={search_term_string}"},"query-input":{"@type":"PropertyValueSpecification","valueRequired":true,"valueName":"search_term_string"}}],"inLanguage":"en-US"},{"@type":"Person","@id":"https:\/\/president-ksgov.net\/#\/schema\/person\/639043365d5873f4c00b9dd2f548fe32","name":"Aulon Maliqi","image":{"@type":"ImageObject","inLanguage":"en-US","@id":"https:\/\/president-ksgov.net\/#\/schema\/person\/image\/","url":"https:\/\/secure.gravatar.com\/avatar\/25825420648e802b44e5fd098636053cf34adea3bcdf93520be287f818c2ce8b?s=96&d=mm&r=g","contentUrl":"https:\/\/secure.gravatar.com\/avatar\/25825420648e802b44e5fd098636053cf34adea3bcdf93520be287f818c2ce8b?s=96&d=mm&r=g","caption":"Aulon Maliqi"}}]}},"_links":{"self":[{"href":"https:\/\/president-ksgov.net\/en\/wp-json\/wp\/v2\/posts\/184102","targetHints":{"allow":["GET"]}}],"collection":[{"href":"https:\/\/president-ksgov.net\/en\/wp-json\/wp\/v2\/posts"}],"about":[{"href":"https:\/\/president-ksgov.net\/en\/wp-json\/wp\/v2\/types\/post"}],"author":[{"embeddable":true,"href":"https:\/\/president-ksgov.net\/en\/wp-json\/wp\/v2\/users\/18"}],"replies":[{"embeddable":true,"href":"https:\/\/president-ksgov.net\/en\/wp-json\/wp\/v2\/comments?post=184102"}],"version-history":[{"count":1,"href":"https:\/\/president-ksgov.net\/en\/wp-json\/wp\/v2\/posts\/184102\/revisions"}],"predecessor-version":[{"id":184103,"href":"https:\/\/president-ksgov.net\/en\/wp-json\/wp\/v2\/posts\/184102\/revisions\/184103"}],"wp:featuredmedia":[{"embeddable":true,"href":"https:\/\/president-ksgov.net\/en\/wp-json\/wp\/v2\/media\/184061"}],"wp:attachment":[{"href":"https:\/\/president-ksgov.net\/en\/wp-json\/wp\/v2\/media?parent=184102"}],"wp:term":[{"taxonomy":"category","embeddable":true,"href":"https:\/\/president-ksgov.net\/en\/wp-json\/wp\/v2\/categories?post=184102"},{"taxonomy":"post_tag","embeddable":true,"href":"https:\/\/president-ksgov.net\/en\/wp-json\/wp\/v2\/tags?post=184102"}],"curies":[{"name":"wp","href":"https:\/\/api.w.org\/{rel}","templated":true}]}}