{"id":184045,"date":"2026-02-21T19:23:39","date_gmt":"2026-02-21T18:23:39","guid":{"rendered":"https:\/\/president-ksgov.net\/?p=184045"},"modified":"2026-02-21T21:21:46","modified_gmt":"2026-02-21T20:21:46","slug":"summary-of-president-osmanis-visit-to-washington-d-c","status":"publish","type":"post","link":"https:\/\/president-ksgov.net\/en\/summary-of-president-osmanis-visit-to-washington-d-c\/","title":{"rendered":"Summary of President Osmani\u2019s visit to Washington, D.C."},"content":{"rendered":"<p>The President of the Republic of Kosovo, Vjosa Osmani, participated in the inaugural meeting of the Board of Peace at the invitation of the President of the United States of America, Donald J. Trump. As a co-founding state alongside the United States, the Republic of Kosovo was elevated in the international arena and affirmed as a state in the service of global peace and security.<\/p>\n<p>\ud83c\uddfa\ud83c\uddf8 During the inaugural meeting of the Peace Board, President Osmani had the opportunity to discuss with the President of the United States of America, Donald J. Trump, and many of his cabinet officials.<\/p>\n<p>\ud83c\uddfa\ud83c\uddf8 During her stay in Washington, D.C., Madam President was received by the US Secretary of State, Marco Rubio, with whom she discussed concrete steps in bilateral cooperation, with a focus on further strengthening the Kosovo-US strategic partnership, advancing Kosovo\u2019s integration into NATO, and the vital importance of cooperation in defense and economy.<\/p>\n<p>\ud83c\uddfa\ud83c\uddf8 President Osmani also met with the Senior Official of the US Department of State, Brendan Hanrahan. On this occasion, she also met with the Senior Director for Europe and Russia at the National Security Council and the Special Advisor to President Trump, Charles McLaughlin, and the Deputy Assistant Secretary of State, Daniel J. Lawton.<br \/>\nIn the framework of the inaugural meeting of the Board of Peace, Madam President held talks with numerous world leaders, including:<\/p>\n<p>\ud83c\uddfa\ud83c\uddf8 President of the United States of America, Donald J. Trump<br \/>\n\ud83c\udde7\ud83c\udded Emir of Bahrain, H.M. Hamad bin Isa Al Khalifa<br \/>\n\ud83c\uddf5\ud83c\uddfe President of Paraguay, Santiago Pe\u00f1a<br \/>\n\ud83c\udde6\ud83c\uddff President of Azerbaijan, Ilham Aliyev<br \/>\n\ud83c\uddee\ud83c\udde9 President of Indonesia, Prabowo Subianto<br \/>\n\ud83c\uddf0\ud83c\uddff President of Kazakhstan, Kassym-Jomart Tokayev<br \/>\n\ud83c\uddfa\ud83c\uddff President of Uzbekistan, Shavkat Mirziyoyev<br \/>\n\ud83c\uddf7\ud83c\uddf4 President of Romania, Nicu\u0219or Dan<br \/>\n\ud83c\udde6\ud83c\uddf1 Prime Minister of Albania, Edi Rama<br \/>\n\ud83c\uddf6\ud83c\udde6 Prime Minister of Qatar, Mohammed bin Abdulrahman Al Thani<br \/>\n\ud83c\uddf5\ud83c\uddf0 Prime Minister of Pakistan, Shehbaz Sharif<br \/>\n\ud83c\udded\ud83c\uddfa Prime Minister of Hungary, Viktor Orb\u00e1n<br \/>\n\ud83c\udde6\ud83c\uddf2 Prime Minister of Armenia, Nikol Pashinyan<br \/>\n\ud83c\uddee\ud83c\uddf9 Deputy Prime Minister and Minister of Foreign Affairs of Italy, Antonio Tajani<br \/>\n\ud83c\udde6\ud83c\uddea Minister of Foreign Affairs of the United Arab Emirates, Sheikh Abdullah bin Zayed Al Nahyan<br \/>\n\ud83c\uddef\ud83c\uddf4 Deputy Prime Minister and Minister of Foreign Affairs of Jordan, Ayman Safadi<br \/>\n\ud83c\uddf9\ud83c\uddf7 Minister of Foreign Affairs of Turkey, Hakan Fidan<br \/>\n\ud83c\uddf8\ud83c\uddfb El Salvador&#8217;s Minister of Foreign Affairs, Alexandra Hill Tinoco<br \/>\n\ud83c\uddf8\ud83c\udde6 Saudi Arabia&#8217;s Minister of State for Foreign Affairs, Adel al-Jubeir<br \/>\n\ud83c\uddfa\ud83c\uddf8 US Ambassador to the United Nations, Mike Waltz<br \/>\n\ud83c\uddfa\ud83c\uddf8 President Trump&#8217;s Special Envoy, Steve Witkoff<br \/>\n\ud83c\uddfa\ud83c\uddf8 President Trump&#8217;s Special Envoy, Jared Kushner<br \/>\nHigh Representative<br \/>\n\ud83c\uddec\ud83c\udde7 Former UK Prime Minister and member of the Executive Board of the Board of Peace, Tony Blair<br \/>\n\ud83c\udf0d High Representative for Gaza, Nikolay Mladenov<br \/>\n\ud83c\udf0d FIFA President Gianni Infantino<\/p>\n","protected":false},"excerpt":{"rendered":"<p>The President of the Republic of Kosovo, Vjosa Osmani, participated in the inaugural meeting of the Board of Peace at the invitation of the President of the United States of America, Donald J. Trump. As a co-founding state alongside the United States, the Republic of Kosovo was elevated in the international arena and affirmed as a state in the service of global peace and security. \ud83c\uddfa\ud83c\uddf8 During the inaugural meeting of the Peace Board, President Osmani had the opportunity to discuss with the President of the United States of America, Donald J. Trump, and many of his cabinet officials. \ud83c\uddfa\ud83c\uddf8 During her stay in Washington, D.C., Madam President was received by the US Secretary of State, Marco Rubio, with whom she discussed concrete steps in bilateral cooperation, with a focus on further strengthening the Kosovo-US strategic partnership, advancing Kosovo\u2019s integration into NATO, and the vital importance of cooperation in defense and economy. \ud83c\uddfa\ud83c\uddf8 President Osmani also met with the Senior Official of the US Department of State, Brendan Hanrahan. On this occasion, she also met with the Senior Director for Europe and Russia at the National Security Council and the Special Advisor to President Trump, Charles McLaughlin, and the Deputy Assistant Secretary of State, Daniel J. Lawton. In the framework of the inaugural meeting of the Board of Peace, Madam President held talks with numerous world leaders, including: \ud83c\uddfa\ud83c\uddf8 President of the United States of America, Donald J. Trump \ud83c\udde7\ud83c\udded Emir of Bahrain, H.M. Hamad bin Isa Al Khalifa \ud83c\uddf5\ud83c\uddfe President of Paraguay, Santiago Pe\u00f1a \ud83c\udde6\ud83c\uddff President of Azerbaijan, Ilham Aliyev \ud83c\uddee\ud83c\udde9 President of Indonesia, Prabowo Subianto \ud83c\uddf0\ud83c\uddff President of Kazakhstan, Kassym-Jomart Tokayev \ud83c\uddfa\ud83c\uddff President of Uzbekistan, Shavkat Mirziyoyev \ud83c\uddf7\ud83c\uddf4 President of Romania, Nicu\u0219or Dan \ud83c\udde6\ud83c\uddf1 Prime Minister of Albania, Edi Rama \ud83c\uddf6\ud83c\udde6 Prime Minister of Qatar, Mohammed bin Abdulrahman Al Thani \ud83c\uddf5\ud83c\uddf0 Prime Minister of Pakistan, Shehbaz Sharif \ud83c\udded\ud83c\uddfa Prime Minister of Hungary, Viktor Orb\u00e1n \ud83c\udde6\ud83c\uddf2 Prime Minister of Armenia, Nikol Pashinyan \ud83c\uddee\ud83c\uddf9 Deputy Prime Minister and Minister of Foreign Affairs of Italy, Antonio Tajani \ud83c\udde6\ud83c\uddea Minister of Foreign Affairs of the United Arab Emirates, Sheikh Abdullah bin Zayed Al Nahyan \ud83c\uddef\ud83c\uddf4 Deputy Prime Minister and Minister of Foreign Affairs of Jordan, Ayman Safadi \ud83c\uddf9\ud83c\uddf7 Minister of Foreign Affairs of Turkey, Hakan Fidan \ud83c\uddf8\ud83c\uddfb El Salvador&#8217;s Minister of Foreign Affairs, Alexandra Hill Tinoco \ud83c\uddf8\ud83c\udde6 Saudi Arabia&#8217;s Minister of State for Foreign Affairs, Adel al-Jubeir \ud83c\uddfa\ud83c\uddf8 US Ambassador to the United Nations, Mike Waltz \ud83c\uddfa\ud83c\uddf8 President Trump&#8217;s Special Envoy, Steve Witkoff \ud83c\uddfa\ud83c\uddf8 President Trump&#8217;s Special Envoy, Jared Kushner High Representative \ud83c\uddec\ud83c\udde7 Former UK Prime Minister and member of the Executive Board of the Board of Peace, Tony Blair \ud83c\udf0d High Representative for Gaza, Nikolay Mladenov \ud83c\udf0d FIFA President Gianni Infantino<\/p>\n","protected":false},"author":18,"featured_media":183925,"comment_status":"closed","ping_status":"closed","sticky":false,"template":"","format":"standard","meta":{"_eb_attr":"","footnotes":""},"categories":[113,111],"tags":[],"class_list":["post-184045","post","type-post","status-publish","format-standard","has-post-thumbnail","hentry","category-international-visits","category-news"],"yoast_head":"<!-- This site is optimized with the Yoast SEO plugin v23.5 - https:\/\/yoast.com\/wordpress\/plugins\/seo\/ -->\n<title>Summary of President Osmani\u2019s visit to Washington, D.C. - President of the Republic of Kosovo - DR. VJOSA OSMANI - SADRIU<\/title>\n<meta name=\"description\" content=\"Summary of President Osmani\u2019s visit to Washington, D.C. - President of the Republic of Kosovo - DR. VJOSA OSMANI - SADRIU -\" \/>\n<meta name=\"robots\" content=\"index, follow, max-snippet:-1, max-image-preview:large, max-video-preview:-1\" \/>\n<link rel=\"canonical\" href=\"https:\/\/president-ksgov.net\/sr\/?p=184069\" \/>\n<meta property=\"og:locale\" content=\"en_US\" \/>\n<meta property=\"og:type\" content=\"article\" \/>\n<meta property=\"og:title\" content=\"Summary of President Osmani\u2019s visit to Washington, D.C. - President of the Republic of Kosovo - DR. VJOSA OSMANI - SADRIU\" \/>\n<meta property=\"og:description\" content=\"Summary of President Osmani\u2019s visit to Washington, D.C. - President of the Republic of Kosovo - DR. VJOSA OSMANI - SADRIU -\" \/>\n<meta property=\"og:url\" content=\"https:\/\/president-ksgov.net\/sr\/?p=184069\" \/>\n<meta property=\"og:site_name\" content=\"President of the Republic of Kosovo - DR. VJOSA OSMANI - SADRIU\" \/>\n<meta property=\"article:published_time\" content=\"2026-02-21T18:23:39+00:00\" \/>\n<meta property=\"article:modified_time\" content=\"2026-02-21T20:21:46+00:00\" \/>\n<meta property=\"og:image\" content=\"https:\/\/president-ksgov.net\/wp-content\/uploads\/PERMBLEDHJA-1-21.02.26.jpg\" \/>\n\t<meta property=\"og:image:width\" content=\"2048\" \/>\n\t<meta property=\"og:image:height\" content=\"1536\" \/>\n\t<meta property=\"og:image:type\" content=\"image\/jpeg\" \/>\n<meta name=\"author\" content=\"Aulon Maliqi\" \/>\n<meta name=\"twitter:card\" content=\"summary_large_image\" \/>\n<meta name=\"twitter:label1\" content=\"Written by\" \/>\n\t<meta name=\"twitter:data1\" content=\"Aulon Maliqi\" \/>\n\t<meta name=\"twitter:label2\" content=\"Est. reading time\" \/>\n\t<meta name=\"twitter:data2\" content=\"3 minutes\" \/>\n<script type=\"application\/ld+json\" class=\"yoast-schema-graph\">{\"@context\":\"https:\/\/schema.org\",\"@graph\":[{\"@type\":\"WebPage\",\"@id\":\"https:\/\/president-ksgov.net\/sr\/?p=184069\",\"url\":\"https:\/\/president-ksgov.net\/sr\/?p=184069\",\"name\":\"Summary of President Osmani\u2019s visit to Washington, D.C. - President of the Republic of Kosovo - DR. VJOSA OSMANI - SADRIU\",\"isPartOf\":{\"@id\":\"https:\/\/president-ksgov.net\/#website\"},\"primaryImageOfPage\":{\"@id\":\"https:\/\/president-ksgov.net\/sr\/?p=184069#primaryimage\"},\"image\":{\"@id\":\"https:\/\/president-ksgov.net\/sr\/?p=184069#primaryimage\"},\"thumbnailUrl\":\"https:\/\/president-ksgov.net\/wp-content\/uploads\/PERMBLEDHJA-1-21.02.26.jpg\",\"datePublished\":\"2026-02-21T18:23:39+00:00\",\"dateModified\":\"2026-02-21T20:21:46+00:00\",\"author\":{\"@id\":\"https:\/\/president-ksgov.net\/#\/schema\/person\/639043365d5873f4c00b9dd2f548fe32\"},\"description\":\"Summary of President Osmani\u2019s visit to Washington, D.C. - President of the Republic of Kosovo - DR. VJOSA OSMANI - SADRIU -\",\"breadcrumb\":{\"@id\":\"https:\/\/president-ksgov.net\/sr\/?p=184069#breadcrumb\"},\"inLanguage\":\"en-US\",\"potentialAction\":[{\"@type\":\"ReadAction\",\"target\":[\"https:\/\/president-ksgov.net\/sr\/?p=184069\"]}]},{\"@type\":\"ImageObject\",\"inLanguage\":\"en-US\",\"@id\":\"https:\/\/president-ksgov.net\/sr\/?p=184069#primaryimage\",\"url\":\"https:\/\/president-ksgov.net\/wp-content\/uploads\/PERMBLEDHJA-1-21.02.26.jpg\",\"contentUrl\":\"https:\/\/president-ksgov.net\/wp-content\/uploads\/PERMBLEDHJA-1-21.02.26.jpg\",\"width\":2048,\"height\":1536},{\"@type\":\"BreadcrumbList\",\"@id\":\"https:\/\/president-ksgov.net\/sr\/?p=184069#breadcrumb\",\"itemListElement\":[{\"@type\":\"ListItem\",\"position\":1,\"name\":\"Home\",\"item\":\"https:\/\/president-ksgov.net\/en\/\"},{\"@type\":\"ListItem\",\"position\":2,\"name\":\"Summary of President Osmani\u2019s visit to Washington, D.C.\"}]},{\"@type\":\"WebSite\",\"@id\":\"https:\/\/president-ksgov.net\/#website\",\"url\":\"https:\/\/president-ksgov.net\/\",\"name\":\"Presidente e Republik\u00ebs s\u00eb Kosov\u00ebs\",\"description\":\"Presidente e Republik\u00ebs s\u00eb Kosov\u00ebs\",\"alternateName\":\"DR. VJOSA OSMANI - SADRIU\",\"potentialAction\":[{\"@type\":\"SearchAction\",\"target\":{\"@type\":\"EntryPoint\",\"urlTemplate\":\"https:\/\/president-ksgov.net\/?s={search_term_string}\"},\"query-input\":{\"@type\":\"PropertyValueSpecification\",\"valueRequired\":true,\"valueName\":\"search_term_string\"}}],\"inLanguage\":\"en-US\"},{\"@type\":\"Person\",\"@id\":\"https:\/\/president-ksgov.net\/#\/schema\/person\/639043365d5873f4c00b9dd2f548fe32\",\"name\":\"Aulon Maliqi\",\"image\":{\"@type\":\"ImageObject\",\"inLanguage\":\"en-US\",\"@id\":\"https:\/\/president-ksgov.net\/#\/schema\/person\/image\/\",\"url\":\"https:\/\/secure.gravatar.com\/avatar\/25825420648e802b44e5fd098636053cf34adea3bcdf93520be287f818c2ce8b?s=96&d=mm&r=g\",\"contentUrl\":\"https:\/\/secure.gravatar.com\/avatar\/25825420648e802b44e5fd098636053cf34adea3bcdf93520be287f818c2ce8b?s=96&d=mm&r=g\",\"caption\":\"Aulon Maliqi\"}}]}<\/script>\n<!-- \/ Yoast SEO plugin. -->","yoast_head_json":{"title":"Summary of President Osmani\u2019s visit to Washington, D.C. - President of the Republic of Kosovo - DR. VJOSA OSMANI - SADRIU","description":"Summary of President Osmani\u2019s visit to Washington, D.C. - President of the Republic of Kosovo - DR. VJOSA OSMANI - SADRIU -","robots":{"index":"index","follow":"follow","max-snippet":"max-snippet:-1","max-image-preview":"max-image-preview:large","max-video-preview":"max-video-preview:-1"},"canonical":"https:\/\/president-ksgov.net\/sr\/?p=184069","og_locale":"en_US","og_type":"article","og_title":"Summary of President Osmani\u2019s visit to Washington, D.C. - President of the Republic of Kosovo - DR. VJOSA OSMANI - SADRIU","og_description":"Summary of President Osmani\u2019s visit to Washington, D.C. - President of the Republic of Kosovo - DR. VJOSA OSMANI - SADRIU -","og_url":"https:\/\/president-ksgov.net\/sr\/?p=184069","og_site_name":"President of the Republic of Kosovo - DR. VJOSA OSMANI - SADRIU","article_published_time":"2026-02-21T18:23:39+00:00","article_modified_time":"2026-02-21T20:21:46+00:00","og_image":[{"width":2048,"height":1536,"url":"https:\/\/president-ksgov.net\/wp-content\/uploads\/PERMBLEDHJA-1-21.02.26.jpg","type":"image\/jpeg"}],"author":"Aulon Maliqi","twitter_card":"summary_large_image","twitter_misc":{"Written by":"Aulon Maliqi","Est. reading time":"3 minutes"},"schema":{"@context":"https:\/\/schema.org","@graph":[{"@type":"WebPage","@id":"https:\/\/president-ksgov.net\/sr\/?p=184069","url":"https:\/\/president-ksgov.net\/sr\/?p=184069","name":"Summary of President Osmani\u2019s visit to Washington, D.C. - President of the Republic of Kosovo - DR. VJOSA OSMANI - SADRIU","isPartOf":{"@id":"https:\/\/president-ksgov.net\/#website"},"primaryImageOfPage":{"@id":"https:\/\/president-ksgov.net\/sr\/?p=184069#primaryimage"},"image":{"@id":"https:\/\/president-ksgov.net\/sr\/?p=184069#primaryimage"},"thumbnailUrl":"https:\/\/president-ksgov.net\/wp-content\/uploads\/PERMBLEDHJA-1-21.02.26.jpg","datePublished":"2026-02-21T18:23:39+00:00","dateModified":"2026-02-21T20:21:46+00:00","author":{"@id":"https:\/\/president-ksgov.net\/#\/schema\/person\/639043365d5873f4c00b9dd2f548fe32"},"description":"Summary of President Osmani\u2019s visit to Washington, D.C. - President of the Republic of Kosovo - DR. VJOSA OSMANI - SADRIU -","breadcrumb":{"@id":"https:\/\/president-ksgov.net\/sr\/?p=184069#breadcrumb"},"inLanguage":"en-US","potentialAction":[{"@type":"ReadAction","target":["https:\/\/president-ksgov.net\/sr\/?p=184069"]}]},{"@type":"ImageObject","inLanguage":"en-US","@id":"https:\/\/president-ksgov.net\/sr\/?p=184069#primaryimage","url":"https:\/\/president-ksgov.net\/wp-content\/uploads\/PERMBLEDHJA-1-21.02.26.jpg","contentUrl":"https:\/\/president-ksgov.net\/wp-content\/uploads\/PERMBLEDHJA-1-21.02.26.jpg","width":2048,"height":1536},{"@type":"BreadcrumbList","@id":"https:\/\/president-ksgov.net\/sr\/?p=184069#breadcrumb","itemListElement":[{"@type":"ListItem","position":1,"name":"Home","item":"https:\/\/president-ksgov.net\/en\/"},{"@type":"ListItem","position":2,"name":"Summary of President Osmani\u2019s visit to Washington, D.C."}]},{"@type":"WebSite","@id":"https:\/\/president-ksgov.net\/#website","url":"https:\/\/president-ksgov.net\/","name":"Presidente e Republik\u00ebs s\u00eb Kosov\u00ebs","description":"Presidente e Republik\u00ebs s\u00eb Kosov\u00ebs","alternateName":"DR. VJOSA OSMANI - SADRIU","potentialAction":[{"@type":"SearchAction","target":{"@type":"EntryPoint","urlTemplate":"https:\/\/president-ksgov.net\/?s={search_term_string}"},"query-input":{"@type":"PropertyValueSpecification","valueRequired":true,"valueName":"search_term_string"}}],"inLanguage":"en-US"},{"@type":"Person","@id":"https:\/\/president-ksgov.net\/#\/schema\/person\/639043365d5873f4c00b9dd2f548fe32","name":"Aulon Maliqi","image":{"@type":"ImageObject","inLanguage":"en-US","@id":"https:\/\/president-ksgov.net\/#\/schema\/person\/image\/","url":"https:\/\/secure.gravatar.com\/avatar\/25825420648e802b44e5fd098636053cf34adea3bcdf93520be287f818c2ce8b?s=96&d=mm&r=g","contentUrl":"https:\/\/secure.gravatar.com\/avatar\/25825420648e802b44e5fd098636053cf34adea3bcdf93520be287f818c2ce8b?s=96&d=mm&r=g","caption":"Aulon Maliqi"}}]}},"_links":{"self":[{"href":"https:\/\/president-ksgov.net\/en\/wp-json\/wp\/v2\/posts\/184045","targetHints":{"allow":["GET"]}}],"collection":[{"href":"https:\/\/president-ksgov.net\/en\/wp-json\/wp\/v2\/posts"}],"about":[{"href":"https:\/\/president-ksgov.net\/en\/wp-json\/wp\/v2\/types\/post"}],"author":[{"embeddable":true,"href":"https:\/\/president-ksgov.net\/en\/wp-json\/wp\/v2\/users\/18"}],"replies":[{"embeddable":true,"href":"https:\/\/president-ksgov.net\/en\/wp-json\/wp\/v2\/comments?post=184045"}],"version-history":[{"count":1,"href":"https:\/\/president-ksgov.net\/en\/wp-json\/wp\/v2\/posts\/184045\/revisions"}],"predecessor-version":[{"id":184046,"href":"https:\/\/president-ksgov.net\/en\/wp-json\/wp\/v2\/posts\/184045\/revisions\/184046"}],"wp:featuredmedia":[{"embeddable":true,"href":"https:\/\/president-ksgov.net\/en\/wp-json\/wp\/v2\/media\/183925"}],"wp:attachment":[{"href":"https:\/\/president-ksgov.net\/en\/wp-json\/wp\/v2\/media?parent=184045"}],"wp:term":[{"taxonomy":"category","embeddable":true,"href":"https:\/\/president-ksgov.net\/en\/wp-json\/wp\/v2\/categories?post=184045"},{"taxonomy":"post_tag","embeddable":true,"href":"https:\/\/president-ksgov.net\/en\/wp-json\/wp\/v2\/tags?post=184045"}],"curies":[{"name":"wp","href":"https:\/\/api.w.org\/{rel}","templated":true}]}}