{"id":183247,"date":"2026-02-18T12:27:52","date_gmt":"2026-02-18T11:27:52","guid":{"rendered":"https:\/\/president-ksgov.net\/?p=183247"},"modified":"2026-02-18T14:01:13","modified_gmt":"2026-02-18T13:01:13","slug":"president-faye-congratulates-president-osmani-on-kosovos-independence-day","status":"publish","type":"post","link":"https:\/\/president-ksgov.net\/en\/president-faye-congratulates-president-osmani-on-kosovos-independence-day\/","title":{"rendered":"President Faye congratulates President Osmani on Kosovo&#8217;s Independence Day"},"content":{"rendered":"<p>The President of the Republic of Kosovo, Vjosa Osmani, has received a congratulatory message from the President of the Republic of Senegal, Bassirou Diomaye Faye, on the occasion of Kosovo&#8217;s Independence Day.<\/p>\n<p>In his message, President Faye conveyed his warmest congratulations to President Osmani and the citizens of Kosovo.<\/p>\n<p>He also expressed his readiness to further deepen the friendly relations and cooperation between our countries. \ud83c\uddfd\ud83c\uddf0 \ud83c\uddf8\ud83c\uddf3<\/p>\n<p><img fetchpriority=\"high\" decoding=\"async\" class=\"aligncenter wp-image-183192 size-large\" src=\"https:\/\/president-ksgov.net\/wp-content\/uploads\/IMG_7454-725x1024.jpeg\" alt=\"\" width=\"725\" height=\"1024\" srcset=\"https:\/\/president-ksgov.net\/wp-content\/uploads\/IMG_7454-725x1024.jpeg 725w, https:\/\/president-ksgov.net\/wp-content\/uploads\/IMG_7454-212x300.jpeg 212w, https:\/\/president-ksgov.net\/wp-content\/uploads\/IMG_7454-106x150.jpeg 106w, https:\/\/president-ksgov.net\/wp-content\/uploads\/IMG_7454-768x1085.jpeg 768w, https:\/\/president-ksgov.net\/wp-content\/uploads\/IMG_7454-1088x1536.jpeg 1088w, https:\/\/president-ksgov.net\/wp-content\/uploads\/IMG_7454-319x450.jpeg 319w, https:\/\/president-ksgov.net\/wp-content\/uploads\/IMG_7454.jpeg 1450w\" sizes=\"(max-width: 725px) 100vw, 725px\" \/><img decoding=\"async\" class=\"aligncenter wp-image-183197 size-full\" src=\"https:\/\/president-ksgov.net\/wp-content\/uploads\/IMG_7455.jpeg\" alt=\"\" width=\"571\" height=\"816\" srcset=\"https:\/\/president-ksgov.net\/wp-content\/uploads\/IMG_7455.jpeg 571w, https:\/\/president-ksgov.net\/wp-content\/uploads\/IMG_7455-210x300.jpeg 210w, https:\/\/president-ksgov.net\/wp-content\/uploads\/IMG_7455-105x150.jpeg 105w, https:\/\/president-ksgov.net\/wp-content\/uploads\/IMG_7455-315x450.jpeg 315w\" sizes=\"(max-width: 571px) 100vw, 571px\" \/><\/p>\n","protected":false},"excerpt":{"rendered":"<p>The President of the Republic of Kosovo, Vjosa Osmani, has received a congratulatory message from the President of the Republic of Senegal, Bassirou Diomaye Faye, on the occasion of Kosovo&#8217;s Independence Day. In his message, President Faye conveyed his warmest congratulations to President Osmani and the citizens of Kosovo. He also expressed his readiness to further deepen the friendly relations and cooperation between our countries. \ud83c\uddfd\ud83c\uddf0 \ud83c\uddf8\ud83c\uddf3<\/p>\n","protected":false},"author":18,"featured_media":183193,"comment_status":"closed","ping_status":"closed","sticky":false,"template":"","format":"standard","meta":{"_eb_attr":"","footnotes":""},"categories":[111],"tags":[],"class_list":["post-183247","post","type-post","status-publish","format-standard","has-post-thumbnail","hentry","category-news"],"yoast_head":"<!-- This site is optimized with the Yoast SEO plugin v23.5 - https:\/\/yoast.com\/wordpress\/plugins\/seo\/ -->\n<title>President Faye congratulates President Osmani on Kosovo&#039;s Independence Day - President of the Republic of Kosovo - DR. VJOSA OSMANI - SADRIU<\/title>\n<meta name=\"description\" content=\"President Faye congratulates President Osmani on Kosovo&#039;s Independence Day - President of the Republic of Kosovo - DR. VJOSA OSMANI - SADRIU -\" \/>\n<meta name=\"robots\" content=\"index, follow, max-snippet:-1, max-image-preview:large, max-video-preview:-1\" \/>\n<link rel=\"canonical\" href=\"https:\/\/president-ksgov.net\/sr\/?p=183268\" \/>\n<meta property=\"og:locale\" content=\"en_US\" \/>\n<meta property=\"og:type\" content=\"article\" \/>\n<meta property=\"og:title\" content=\"President Faye congratulates President Osmani on Kosovo&#039;s Independence Day - President of the Republic of Kosovo - DR. VJOSA OSMANI - SADRIU\" \/>\n<meta property=\"og:description\" content=\"President Faye congratulates President Osmani on Kosovo&#039;s Independence Day - President of the Republic of Kosovo - DR. VJOSA OSMANI - SADRIU -\" \/>\n<meta property=\"og:url\" content=\"https:\/\/president-ksgov.net\/sr\/?p=183268\" \/>\n<meta property=\"og:site_name\" content=\"President of the Republic of Kosovo - DR. VJOSA OSMANI - SADRIU\" \/>\n<meta property=\"article:published_time\" content=\"2026-02-18T11:27:52+00:00\" \/>\n<meta property=\"article:modified_time\" content=\"2026-02-18T13:01:13+00:00\" \/>\n<meta property=\"og:image\" content=\"https:\/\/president-ksgov.net\/wp-content\/uploads\/IMG_7454.jpeg\" \/>\n\t<meta property=\"og:image:width\" content=\"1450\" \/>\n\t<meta property=\"og:image:height\" content=\"2048\" \/>\n\t<meta property=\"og:image:type\" content=\"image\/jpeg\" \/>\n<meta name=\"author\" content=\"Aulon Maliqi\" \/>\n<meta name=\"twitter:card\" content=\"summary_large_image\" \/>\n<meta name=\"twitter:label1\" content=\"Written by\" \/>\n\t<meta name=\"twitter:data1\" content=\"Aulon Maliqi\" \/>\n\t<meta name=\"twitter:label2\" content=\"Est. reading time\" \/>\n\t<meta name=\"twitter:data2\" content=\"1 minute\" \/>\n<script type=\"application\/ld+json\" class=\"yoast-schema-graph\">{\"@context\":\"https:\/\/schema.org\",\"@graph\":[{\"@type\":\"WebPage\",\"@id\":\"https:\/\/president-ksgov.net\/sr\/?p=183268\",\"url\":\"https:\/\/president-ksgov.net\/sr\/?p=183268\",\"name\":\"President Faye congratulates President Osmani on Kosovo's Independence Day - President of the Republic of Kosovo - DR. VJOSA OSMANI - SADRIU\",\"isPartOf\":{\"@id\":\"https:\/\/president-ksgov.net\/#website\"},\"primaryImageOfPage\":{\"@id\":\"https:\/\/president-ksgov.net\/sr\/?p=183268#primaryimage\"},\"image\":{\"@id\":\"https:\/\/president-ksgov.net\/sr\/?p=183268#primaryimage\"},\"thumbnailUrl\":\"https:\/\/president-ksgov.net\/wp-content\/uploads\/IMG_7454.jpeg\",\"datePublished\":\"2026-02-18T11:27:52+00:00\",\"dateModified\":\"2026-02-18T13:01:13+00:00\",\"author\":{\"@id\":\"https:\/\/president-ksgov.net\/#\/schema\/person\/639043365d5873f4c00b9dd2f548fe32\"},\"description\":\"President Faye congratulates President Osmani on Kosovo's Independence Day - President of the Republic of Kosovo - DR. VJOSA OSMANI - SADRIU -\",\"breadcrumb\":{\"@id\":\"https:\/\/president-ksgov.net\/sr\/?p=183268#breadcrumb\"},\"inLanguage\":\"en-US\",\"potentialAction\":[{\"@type\":\"ReadAction\",\"target\":[\"https:\/\/president-ksgov.net\/sr\/?p=183268\"]}]},{\"@type\":\"ImageObject\",\"inLanguage\":\"en-US\",\"@id\":\"https:\/\/president-ksgov.net\/sr\/?p=183268#primaryimage\",\"url\":\"https:\/\/president-ksgov.net\/wp-content\/uploads\/IMG_7454.jpeg\",\"contentUrl\":\"https:\/\/president-ksgov.net\/wp-content\/uploads\/IMG_7454.jpeg\",\"width\":1450,\"height\":2048},{\"@type\":\"BreadcrumbList\",\"@id\":\"https:\/\/president-ksgov.net\/sr\/?p=183268#breadcrumb\",\"itemListElement\":[{\"@type\":\"ListItem\",\"position\":1,\"name\":\"Home\",\"item\":\"https:\/\/president-ksgov.net\/en\/\"},{\"@type\":\"ListItem\",\"position\":2,\"name\":\"President Faye congratulates President Osmani on Kosovo&#8217;s Independence Day\"}]},{\"@type\":\"WebSite\",\"@id\":\"https:\/\/president-ksgov.net\/#website\",\"url\":\"https:\/\/president-ksgov.net\/\",\"name\":\"Presidente e Republik\u00ebs s\u00eb Kosov\u00ebs\",\"description\":\"Presidente e Republik\u00ebs s\u00eb Kosov\u00ebs\",\"alternateName\":\"DR. VJOSA OSMANI - SADRIU\",\"potentialAction\":[{\"@type\":\"SearchAction\",\"target\":{\"@type\":\"EntryPoint\",\"urlTemplate\":\"https:\/\/president-ksgov.net\/?s={search_term_string}\"},\"query-input\":{\"@type\":\"PropertyValueSpecification\",\"valueRequired\":true,\"valueName\":\"search_term_string\"}}],\"inLanguage\":\"en-US\"},{\"@type\":\"Person\",\"@id\":\"https:\/\/president-ksgov.net\/#\/schema\/person\/639043365d5873f4c00b9dd2f548fe32\",\"name\":\"Aulon Maliqi\",\"image\":{\"@type\":\"ImageObject\",\"inLanguage\":\"en-US\",\"@id\":\"https:\/\/president-ksgov.net\/#\/schema\/person\/image\/\",\"url\":\"https:\/\/secure.gravatar.com\/avatar\/25825420648e802b44e5fd098636053cf34adea3bcdf93520be287f818c2ce8b?s=96&d=mm&r=g\",\"contentUrl\":\"https:\/\/secure.gravatar.com\/avatar\/25825420648e802b44e5fd098636053cf34adea3bcdf93520be287f818c2ce8b?s=96&d=mm&r=g\",\"caption\":\"Aulon Maliqi\"}}]}<\/script>\n<!-- \/ Yoast SEO plugin. -->","yoast_head_json":{"title":"President Faye congratulates President Osmani on Kosovo's Independence Day - President of the Republic of Kosovo - DR. VJOSA OSMANI - SADRIU","description":"President Faye congratulates President Osmani on Kosovo's Independence Day - President of the Republic of Kosovo - DR. VJOSA OSMANI - SADRIU -","robots":{"index":"index","follow":"follow","max-snippet":"max-snippet:-1","max-image-preview":"max-image-preview:large","max-video-preview":"max-video-preview:-1"},"canonical":"https:\/\/president-ksgov.net\/sr\/?p=183268","og_locale":"en_US","og_type":"article","og_title":"President Faye congratulates President Osmani on Kosovo's Independence Day - President of the Republic of Kosovo - DR. VJOSA OSMANI - SADRIU","og_description":"President Faye congratulates President Osmani on Kosovo's Independence Day - President of the Republic of Kosovo - DR. VJOSA OSMANI - SADRIU -","og_url":"https:\/\/president-ksgov.net\/sr\/?p=183268","og_site_name":"President of the Republic of Kosovo - DR. VJOSA OSMANI - SADRIU","article_published_time":"2026-02-18T11:27:52+00:00","article_modified_time":"2026-02-18T13:01:13+00:00","og_image":[{"width":1450,"height":2048,"url":"https:\/\/president-ksgov.net\/wp-content\/uploads\/IMG_7454.jpeg","type":"image\/jpeg"}],"author":"Aulon Maliqi","twitter_card":"summary_large_image","twitter_misc":{"Written by":"Aulon Maliqi","Est. reading time":"1 minute"},"schema":{"@context":"https:\/\/schema.org","@graph":[{"@type":"WebPage","@id":"https:\/\/president-ksgov.net\/sr\/?p=183268","url":"https:\/\/president-ksgov.net\/sr\/?p=183268","name":"President Faye congratulates President Osmani on Kosovo's Independence Day - President of the Republic of Kosovo - DR. VJOSA OSMANI - SADRIU","isPartOf":{"@id":"https:\/\/president-ksgov.net\/#website"},"primaryImageOfPage":{"@id":"https:\/\/president-ksgov.net\/sr\/?p=183268#primaryimage"},"image":{"@id":"https:\/\/president-ksgov.net\/sr\/?p=183268#primaryimage"},"thumbnailUrl":"https:\/\/president-ksgov.net\/wp-content\/uploads\/IMG_7454.jpeg","datePublished":"2026-02-18T11:27:52+00:00","dateModified":"2026-02-18T13:01:13+00:00","author":{"@id":"https:\/\/president-ksgov.net\/#\/schema\/person\/639043365d5873f4c00b9dd2f548fe32"},"description":"President Faye congratulates President Osmani on Kosovo's Independence Day - President of the Republic of Kosovo - DR. VJOSA OSMANI - SADRIU -","breadcrumb":{"@id":"https:\/\/president-ksgov.net\/sr\/?p=183268#breadcrumb"},"inLanguage":"en-US","potentialAction":[{"@type":"ReadAction","target":["https:\/\/president-ksgov.net\/sr\/?p=183268"]}]},{"@type":"ImageObject","inLanguage":"en-US","@id":"https:\/\/president-ksgov.net\/sr\/?p=183268#primaryimage","url":"https:\/\/president-ksgov.net\/wp-content\/uploads\/IMG_7454.jpeg","contentUrl":"https:\/\/president-ksgov.net\/wp-content\/uploads\/IMG_7454.jpeg","width":1450,"height":2048},{"@type":"BreadcrumbList","@id":"https:\/\/president-ksgov.net\/sr\/?p=183268#breadcrumb","itemListElement":[{"@type":"ListItem","position":1,"name":"Home","item":"https:\/\/president-ksgov.net\/en\/"},{"@type":"ListItem","position":2,"name":"President Faye congratulates President Osmani on Kosovo&#8217;s Independence Day"}]},{"@type":"WebSite","@id":"https:\/\/president-ksgov.net\/#website","url":"https:\/\/president-ksgov.net\/","name":"Presidente e Republik\u00ebs s\u00eb Kosov\u00ebs","description":"Presidente e Republik\u00ebs s\u00eb Kosov\u00ebs","alternateName":"DR. VJOSA OSMANI - SADRIU","potentialAction":[{"@type":"SearchAction","target":{"@type":"EntryPoint","urlTemplate":"https:\/\/president-ksgov.net\/?s={search_term_string}"},"query-input":{"@type":"PropertyValueSpecification","valueRequired":true,"valueName":"search_term_string"}}],"inLanguage":"en-US"},{"@type":"Person","@id":"https:\/\/president-ksgov.net\/#\/schema\/person\/639043365d5873f4c00b9dd2f548fe32","name":"Aulon Maliqi","image":{"@type":"ImageObject","inLanguage":"en-US","@id":"https:\/\/president-ksgov.net\/#\/schema\/person\/image\/","url":"https:\/\/secure.gravatar.com\/avatar\/25825420648e802b44e5fd098636053cf34adea3bcdf93520be287f818c2ce8b?s=96&d=mm&r=g","contentUrl":"https:\/\/secure.gravatar.com\/avatar\/25825420648e802b44e5fd098636053cf34adea3bcdf93520be287f818c2ce8b?s=96&d=mm&r=g","caption":"Aulon Maliqi"}}]}},"_links":{"self":[{"href":"https:\/\/president-ksgov.net\/en\/wp-json\/wp\/v2\/posts\/183247","targetHints":{"allow":["GET"]}}],"collection":[{"href":"https:\/\/president-ksgov.net\/en\/wp-json\/wp\/v2\/posts"}],"about":[{"href":"https:\/\/president-ksgov.net\/en\/wp-json\/wp\/v2\/types\/post"}],"author":[{"embeddable":true,"href":"https:\/\/president-ksgov.net\/en\/wp-json\/wp\/v2\/users\/18"}],"replies":[{"embeddable":true,"href":"https:\/\/president-ksgov.net\/en\/wp-json\/wp\/v2\/comments?post=183247"}],"version-history":[{"count":1,"href":"https:\/\/president-ksgov.net\/en\/wp-json\/wp\/v2\/posts\/183247\/revisions"}],"predecessor-version":[{"id":183248,"href":"https:\/\/president-ksgov.net\/en\/wp-json\/wp\/v2\/posts\/183247\/revisions\/183248"}],"wp:featuredmedia":[{"embeddable":true,"href":"https:\/\/president-ksgov.net\/en\/wp-json\/wp\/v2\/media\/183193"}],"wp:attachment":[{"href":"https:\/\/president-ksgov.net\/en\/wp-json\/wp\/v2\/media?parent=183247"}],"wp:term":[{"taxonomy":"category","embeddable":true,"href":"https:\/\/president-ksgov.net\/en\/wp-json\/wp\/v2\/categories?post=183247"},{"taxonomy":"post_tag","embeddable":true,"href":"https:\/\/president-ksgov.net\/en\/wp-json\/wp\/v2\/tags?post=183247"}],"curies":[{"name":"wp","href":"https:\/\/api.w.org\/{rel}","templated":true}]}}