{"id":183235,"date":"2026-02-18T09:57:08","date_gmt":"2026-02-18T08:57:08","guid":{"rendered":"https:\/\/president-ksgov.net\/?p=183235"},"modified":"2026-02-18T13:44:08","modified_gmt":"2026-02-18T12:44:08","slug":"president-of-finland-alexander-stubb-congratulates-president-osmani-on-kosovos-independence-day","status":"publish","type":"post","link":"https:\/\/president-ksgov.net\/en\/president-of-finland-alexander-stubb-congratulates-president-osmani-on-kosovos-independence-day\/","title":{"rendered":"President of Finland, Alexander Stubb, congratulates President Osmani on Kosovo&#8217;s Independence Day"},"content":{"rendered":"<p>The President of the Republic of Finland, Alexander Stubb, has conveyed his congratulations to the President of the Republic of Kosovo, Vjosa Osmani and its citizens, on the occasion of Independence Day, expressing his wishes for continued prosperity and well-being for the Republic of Kosovo.<\/p>\n<p>In his message, President Stubb expressed his appreciation for President Osmani&#8217;s visit to Helsinki last year, and reaffirmed his commitment to further strengthening bilateral relations between Finland and Kosovo.<\/p>\n<p>Kiitos, herra presidentti! \ud83c\uddfd\ud83c\uddf0\ud83c\uddeb\ud83c\uddee<\/p>\n<p><img fetchpriority=\"high\" decoding=\"async\" class=\"aligncenter wp-image-183152 size-large\" src=\"https:\/\/president-ksgov.net\/wp-content\/uploads\/PRESIDENTI-FINLANDES-URIMI-1-724x1024.jpg\" alt=\"\" width=\"724\" height=\"1024\" srcset=\"https:\/\/president-ksgov.net\/wp-content\/uploads\/PRESIDENTI-FINLANDES-URIMI-1-724x1024.jpg 724w, https:\/\/president-ksgov.net\/wp-content\/uploads\/PRESIDENTI-FINLANDES-URIMI-1-212x300.jpg 212w, https:\/\/president-ksgov.net\/wp-content\/uploads\/PRESIDENTI-FINLANDES-URIMI-1-106x150.jpg 106w, https:\/\/president-ksgov.net\/wp-content\/uploads\/PRESIDENTI-FINLANDES-URIMI-1-768x1086.jpg 768w, https:\/\/president-ksgov.net\/wp-content\/uploads\/PRESIDENTI-FINLANDES-URIMI-1-1086x1536.jpg 1086w, https:\/\/president-ksgov.net\/wp-content\/uploads\/PRESIDENTI-FINLANDES-URIMI-1-318x450.jpg 318w, https:\/\/president-ksgov.net\/wp-content\/uploads\/PRESIDENTI-FINLANDES-URIMI-1.jpg 1448w\" sizes=\"(max-width: 724px) 100vw, 724px\" \/><\/p>\n","protected":false},"excerpt":{"rendered":"<p>The President of the Republic of Finland, Alexander Stubb, has conveyed his congratulations to the President of the Republic of Kosovo, Vjosa Osmani and its citizens, on the occasion of Independence Day, expressing his wishes for continued prosperity and well-being for the Republic of Kosovo. In his message, President Stubb expressed his appreciation for President Osmani&#8217;s visit to Helsinki last year, and reaffirmed his commitment to further strengthening bilateral relations between Finland and Kosovo. Kiitos, herra presidentti! \ud83c\uddfd\ud83c\uddf0\ud83c\uddeb\ud83c\uddee<\/p>\n","protected":false},"author":18,"featured_media":183153,"comment_status":"closed","ping_status":"closed","sticky":false,"template":"","format":"standard","meta":{"_eb_attr":"","footnotes":""},"categories":[111],"tags":[],"class_list":["post-183235","post","type-post","status-publish","format-standard","has-post-thumbnail","hentry","category-news"],"yoast_head":"<!-- This site is optimized with the Yoast SEO plugin v23.5 - https:\/\/yoast.com\/wordpress\/plugins\/seo\/ -->\n<title>President of Finland, Alexander Stubb, congratulates President Osmani on Kosovo&#039;s Independence Day - President of the Republic of Kosovo - DR. VJOSA OSMANI - SADRIU<\/title>\n<meta name=\"description\" content=\"President of Finland, Alexander Stubb, congratulates President Osmani on Kosovo&#039;s Independence Day - President of the Republic of Kosovo - DR. VJOSA OSMANI - SADRIU - News\" \/>\n<meta name=\"robots\" content=\"index, follow, max-snippet:-1, max-image-preview:large, max-video-preview:-1\" \/>\n<link rel=\"canonical\" href=\"https:\/\/president-ksgov.net\/en\/president-of-finland-alexander-stubb-congratulates-president-osmani-on-kosovos-independence-day\/\" \/>\n<meta property=\"og:locale\" content=\"en_US\" \/>\n<meta property=\"og:type\" content=\"article\" \/>\n<meta property=\"og:title\" content=\"President of Finland, Alexander Stubb, congratulates President Osmani on Kosovo&#039;s Independence Day - President of the Republic of Kosovo - DR. VJOSA OSMANI - SADRIU\" \/>\n<meta property=\"og:description\" content=\"President of Finland, Alexander Stubb, congratulates President Osmani on Kosovo&#039;s Independence Day - President of the Republic of Kosovo - DR. VJOSA OSMANI - SADRIU - News\" \/>\n<meta property=\"og:url\" content=\"https:\/\/president-ksgov.net\/en\/president-of-finland-alexander-stubb-congratulates-president-osmani-on-kosovos-independence-day\/\" \/>\n<meta property=\"og:site_name\" content=\"President of the Republic of Kosovo - DR. VJOSA OSMANI - SADRIU\" \/>\n<meta property=\"article:published_time\" content=\"2026-02-18T08:57:08+00:00\" \/>\n<meta property=\"article:modified_time\" content=\"2026-02-18T12:44:08+00:00\" \/>\n<meta property=\"og:image\" content=\"https:\/\/president-ksgov.net\/wp-content\/uploads\/PRESIDENTI-FINLANDES-URIMI-1.jpg\" \/>\n\t<meta property=\"og:image:width\" content=\"1448\" \/>\n\t<meta property=\"og:image:height\" content=\"2048\" \/>\n\t<meta property=\"og:image:type\" content=\"image\/jpeg\" \/>\n<meta name=\"author\" content=\"Aulon Maliqi\" \/>\n<meta name=\"twitter:card\" content=\"summary_large_image\" \/>\n<meta name=\"twitter:label1\" content=\"Written by\" \/>\n\t<meta name=\"twitter:data1\" content=\"Aulon Maliqi\" \/>\n\t<meta name=\"twitter:label2\" content=\"Est. reading time\" \/>\n\t<meta name=\"twitter:data2\" content=\"1 minute\" \/>\n<script type=\"application\/ld+json\" class=\"yoast-schema-graph\">{\"@context\":\"https:\/\/schema.org\",\"@graph\":[{\"@type\":\"WebPage\",\"@id\":\"https:\/\/president-ksgov.net\/en\/president-of-finland-alexander-stubb-congratulates-president-osmani-on-kosovos-independence-day\/\",\"url\":\"https:\/\/president-ksgov.net\/en\/president-of-finland-alexander-stubb-congratulates-president-osmani-on-kosovos-independence-day\/\",\"name\":\"President of Finland, Alexander Stubb, congratulates President Osmani on Kosovo's Independence Day - President of the Republic of Kosovo - DR. VJOSA OSMANI - SADRIU\",\"isPartOf\":{\"@id\":\"https:\/\/president-ksgov.net\/#website\"},\"primaryImageOfPage\":{\"@id\":\"https:\/\/president-ksgov.net\/en\/president-of-finland-alexander-stubb-congratulates-president-osmani-on-kosovos-independence-day\/#primaryimage\"},\"image\":{\"@id\":\"https:\/\/president-ksgov.net\/en\/president-of-finland-alexander-stubb-congratulates-president-osmani-on-kosovos-independence-day\/#primaryimage\"},\"thumbnailUrl\":\"https:\/\/president-ksgov.net\/wp-content\/uploads\/PRESIDENTI-FINLANDES-URIMI-1.jpg\",\"datePublished\":\"2026-02-18T08:57:08+00:00\",\"dateModified\":\"2026-02-18T12:44:08+00:00\",\"author\":{\"@id\":\"https:\/\/president-ksgov.net\/#\/schema\/person\/639043365d5873f4c00b9dd2f548fe32\"},\"description\":\"President of Finland, Alexander Stubb, congratulates President Osmani on Kosovo's Independence Day - President of the Republic of Kosovo - DR. VJOSA OSMANI - SADRIU - News\",\"breadcrumb\":{\"@id\":\"https:\/\/president-ksgov.net\/en\/president-of-finland-alexander-stubb-congratulates-president-osmani-on-kosovos-independence-day\/#breadcrumb\"},\"inLanguage\":\"en-US\",\"potentialAction\":[{\"@type\":\"ReadAction\",\"target\":[\"https:\/\/president-ksgov.net\/en\/president-of-finland-alexander-stubb-congratulates-president-osmani-on-kosovos-independence-day\/\"]}]},{\"@type\":\"ImageObject\",\"inLanguage\":\"en-US\",\"@id\":\"https:\/\/president-ksgov.net\/en\/president-of-finland-alexander-stubb-congratulates-president-osmani-on-kosovos-independence-day\/#primaryimage\",\"url\":\"https:\/\/president-ksgov.net\/wp-content\/uploads\/PRESIDENTI-FINLANDES-URIMI-1.jpg\",\"contentUrl\":\"https:\/\/president-ksgov.net\/wp-content\/uploads\/PRESIDENTI-FINLANDES-URIMI-1.jpg\",\"width\":1448,\"height\":2048},{\"@type\":\"BreadcrumbList\",\"@id\":\"https:\/\/president-ksgov.net\/en\/president-of-finland-alexander-stubb-congratulates-president-osmani-on-kosovos-independence-day\/#breadcrumb\",\"itemListElement\":[{\"@type\":\"ListItem\",\"position\":1,\"name\":\"Home\",\"item\":\"https:\/\/president-ksgov.net\/en\/\"},{\"@type\":\"ListItem\",\"position\":2,\"name\":\"President of Finland, Alexander Stubb, congratulates President Osmani on Kosovo&#8217;s Independence Day\"}]},{\"@type\":\"WebSite\",\"@id\":\"https:\/\/president-ksgov.net\/#website\",\"url\":\"https:\/\/president-ksgov.net\/\",\"name\":\"Presidente e Republik\u00ebs s\u00eb Kosov\u00ebs\",\"description\":\"Presidente e Republik\u00ebs s\u00eb Kosov\u00ebs\",\"alternateName\":\"DR. VJOSA OSMANI - SADRIU\",\"potentialAction\":[{\"@type\":\"SearchAction\",\"target\":{\"@type\":\"EntryPoint\",\"urlTemplate\":\"https:\/\/president-ksgov.net\/?s={search_term_string}\"},\"query-input\":{\"@type\":\"PropertyValueSpecification\",\"valueRequired\":true,\"valueName\":\"search_term_string\"}}],\"inLanguage\":\"en-US\"},{\"@type\":\"Person\",\"@id\":\"https:\/\/president-ksgov.net\/#\/schema\/person\/639043365d5873f4c00b9dd2f548fe32\",\"name\":\"Aulon Maliqi\",\"image\":{\"@type\":\"ImageObject\",\"inLanguage\":\"en-US\",\"@id\":\"https:\/\/president-ksgov.net\/#\/schema\/person\/image\/\",\"url\":\"https:\/\/secure.gravatar.com\/avatar\/25825420648e802b44e5fd098636053cf34adea3bcdf93520be287f818c2ce8b?s=96&d=mm&r=g\",\"contentUrl\":\"https:\/\/secure.gravatar.com\/avatar\/25825420648e802b44e5fd098636053cf34adea3bcdf93520be287f818c2ce8b?s=96&d=mm&r=g\",\"caption\":\"Aulon Maliqi\"}}]}<\/script>\n<!-- \/ Yoast SEO plugin. -->","yoast_head_json":{"title":"President of Finland, Alexander Stubb, congratulates President Osmani on Kosovo's Independence Day - President of the Republic of Kosovo - DR. VJOSA OSMANI - SADRIU","description":"President of Finland, Alexander Stubb, congratulates President Osmani on Kosovo's Independence Day - President of the Republic of Kosovo - DR. VJOSA OSMANI - SADRIU - News","robots":{"index":"index","follow":"follow","max-snippet":"max-snippet:-1","max-image-preview":"max-image-preview:large","max-video-preview":"max-video-preview:-1"},"canonical":"https:\/\/president-ksgov.net\/en\/president-of-finland-alexander-stubb-congratulates-president-osmani-on-kosovos-independence-day\/","og_locale":"en_US","og_type":"article","og_title":"President of Finland, Alexander Stubb, congratulates President Osmani on Kosovo's Independence Day - President of the Republic of Kosovo - DR. VJOSA OSMANI - SADRIU","og_description":"President of Finland, Alexander Stubb, congratulates President Osmani on Kosovo's Independence Day - President of the Republic of Kosovo - DR. VJOSA OSMANI - SADRIU - News","og_url":"https:\/\/president-ksgov.net\/en\/president-of-finland-alexander-stubb-congratulates-president-osmani-on-kosovos-independence-day\/","og_site_name":"President of the Republic of Kosovo - DR. VJOSA OSMANI - SADRIU","article_published_time":"2026-02-18T08:57:08+00:00","article_modified_time":"2026-02-18T12:44:08+00:00","og_image":[{"width":1448,"height":2048,"url":"https:\/\/president-ksgov.net\/wp-content\/uploads\/PRESIDENTI-FINLANDES-URIMI-1.jpg","type":"image\/jpeg"}],"author":"Aulon Maliqi","twitter_card":"summary_large_image","twitter_misc":{"Written by":"Aulon Maliqi","Est. reading time":"1 minute"},"schema":{"@context":"https:\/\/schema.org","@graph":[{"@type":"WebPage","@id":"https:\/\/president-ksgov.net\/en\/president-of-finland-alexander-stubb-congratulates-president-osmani-on-kosovos-independence-day\/","url":"https:\/\/president-ksgov.net\/en\/president-of-finland-alexander-stubb-congratulates-president-osmani-on-kosovos-independence-day\/","name":"President of Finland, Alexander Stubb, congratulates President Osmani on Kosovo's Independence Day - President of the Republic of Kosovo - DR. VJOSA OSMANI - SADRIU","isPartOf":{"@id":"https:\/\/president-ksgov.net\/#website"},"primaryImageOfPage":{"@id":"https:\/\/president-ksgov.net\/en\/president-of-finland-alexander-stubb-congratulates-president-osmani-on-kosovos-independence-day\/#primaryimage"},"image":{"@id":"https:\/\/president-ksgov.net\/en\/president-of-finland-alexander-stubb-congratulates-president-osmani-on-kosovos-independence-day\/#primaryimage"},"thumbnailUrl":"https:\/\/president-ksgov.net\/wp-content\/uploads\/PRESIDENTI-FINLANDES-URIMI-1.jpg","datePublished":"2026-02-18T08:57:08+00:00","dateModified":"2026-02-18T12:44:08+00:00","author":{"@id":"https:\/\/president-ksgov.net\/#\/schema\/person\/639043365d5873f4c00b9dd2f548fe32"},"description":"President of Finland, Alexander Stubb, congratulates President Osmani on Kosovo's Independence Day - President of the Republic of Kosovo - DR. VJOSA OSMANI - SADRIU - News","breadcrumb":{"@id":"https:\/\/president-ksgov.net\/en\/president-of-finland-alexander-stubb-congratulates-president-osmani-on-kosovos-independence-day\/#breadcrumb"},"inLanguage":"en-US","potentialAction":[{"@type":"ReadAction","target":["https:\/\/president-ksgov.net\/en\/president-of-finland-alexander-stubb-congratulates-president-osmani-on-kosovos-independence-day\/"]}]},{"@type":"ImageObject","inLanguage":"en-US","@id":"https:\/\/president-ksgov.net\/en\/president-of-finland-alexander-stubb-congratulates-president-osmani-on-kosovos-independence-day\/#primaryimage","url":"https:\/\/president-ksgov.net\/wp-content\/uploads\/PRESIDENTI-FINLANDES-URIMI-1.jpg","contentUrl":"https:\/\/president-ksgov.net\/wp-content\/uploads\/PRESIDENTI-FINLANDES-URIMI-1.jpg","width":1448,"height":2048},{"@type":"BreadcrumbList","@id":"https:\/\/president-ksgov.net\/en\/president-of-finland-alexander-stubb-congratulates-president-osmani-on-kosovos-independence-day\/#breadcrumb","itemListElement":[{"@type":"ListItem","position":1,"name":"Home","item":"https:\/\/president-ksgov.net\/en\/"},{"@type":"ListItem","position":2,"name":"President of Finland, Alexander Stubb, congratulates President Osmani on Kosovo&#8217;s Independence Day"}]},{"@type":"WebSite","@id":"https:\/\/president-ksgov.net\/#website","url":"https:\/\/president-ksgov.net\/","name":"Presidente e Republik\u00ebs s\u00eb Kosov\u00ebs","description":"Presidente e Republik\u00ebs s\u00eb Kosov\u00ebs","alternateName":"DR. VJOSA OSMANI - SADRIU","potentialAction":[{"@type":"SearchAction","target":{"@type":"EntryPoint","urlTemplate":"https:\/\/president-ksgov.net\/?s={search_term_string}"},"query-input":{"@type":"PropertyValueSpecification","valueRequired":true,"valueName":"search_term_string"}}],"inLanguage":"en-US"},{"@type":"Person","@id":"https:\/\/president-ksgov.net\/#\/schema\/person\/639043365d5873f4c00b9dd2f548fe32","name":"Aulon Maliqi","image":{"@type":"ImageObject","inLanguage":"en-US","@id":"https:\/\/president-ksgov.net\/#\/schema\/person\/image\/","url":"https:\/\/secure.gravatar.com\/avatar\/25825420648e802b44e5fd098636053cf34adea3bcdf93520be287f818c2ce8b?s=96&d=mm&r=g","contentUrl":"https:\/\/secure.gravatar.com\/avatar\/25825420648e802b44e5fd098636053cf34adea3bcdf93520be287f818c2ce8b?s=96&d=mm&r=g","caption":"Aulon Maliqi"}}]}},"_links":{"self":[{"href":"https:\/\/president-ksgov.net\/en\/wp-json\/wp\/v2\/posts\/183235","targetHints":{"allow":["GET"]}}],"collection":[{"href":"https:\/\/president-ksgov.net\/en\/wp-json\/wp\/v2\/posts"}],"about":[{"href":"https:\/\/president-ksgov.net\/en\/wp-json\/wp\/v2\/types\/post"}],"author":[{"embeddable":true,"href":"https:\/\/president-ksgov.net\/en\/wp-json\/wp\/v2\/users\/18"}],"replies":[{"embeddable":true,"href":"https:\/\/president-ksgov.net\/en\/wp-json\/wp\/v2\/comments?post=183235"}],"version-history":[{"count":1,"href":"https:\/\/president-ksgov.net\/en\/wp-json\/wp\/v2\/posts\/183235\/revisions"}],"predecessor-version":[{"id":183236,"href":"https:\/\/president-ksgov.net\/en\/wp-json\/wp\/v2\/posts\/183235\/revisions\/183236"}],"wp:featuredmedia":[{"embeddable":true,"href":"https:\/\/president-ksgov.net\/en\/wp-json\/wp\/v2\/media\/183153"}],"wp:attachment":[{"href":"https:\/\/president-ksgov.net\/en\/wp-json\/wp\/v2\/media?parent=183235"}],"wp:term":[{"taxonomy":"category","embeddable":true,"href":"https:\/\/president-ksgov.net\/en\/wp-json\/wp\/v2\/categories?post=183235"},{"taxonomy":"post_tag","embeddable":true,"href":"https:\/\/president-ksgov.net\/en\/wp-json\/wp\/v2\/tags?post=183235"}],"curies":[{"name":"wp","href":"https:\/\/api.w.org\/{rel}","templated":true}]}}