{"id":183141,"date":"2026-02-17T21:43:48","date_gmt":"2026-02-17T20:43:48","guid":{"rendered":"https:\/\/president-ksgov.net\/?p=183141"},"modified":"2026-02-18T09:47:05","modified_gmt":"2026-02-18T08:47:05","slug":"president-pavel-congratulates-president-osmani-on-the-18th-anniversary-of-kosovos-independence","status":"publish","type":"post","link":"https:\/\/president-ksgov.net\/en\/president-pavel-congratulates-president-osmani-on-the-18th-anniversary-of-kosovos-independence\/","title":{"rendered":"President Pavel congratulates President Osmani on the 18th anniversary of Kosovo\u2019s Independence"},"content":{"rendered":"<p>The President of the Republic of Kosovo, Vjosa Osmani, has received a congratulatory letter from the President of the Czech Republic, Petr Pavel, on the occasion of Kosovo\u2019s Independence.<\/p>\n<p>In his message, the President of the Czech Republic congratulated President Osmani and the citizens of Kosovo, appreciating the friendly relations and consolidated partnership between the two countries. He expressed confidence that cooperation will continue to develop and deepen in a positive direction, contributing to regional stability and prosperity.<\/p>\n<p>The President of the Czech Republic reaffirmed his country\u2019s support for the advancement of Kosovo\u2019s European and Euro-Atlantic integration.<\/p>\n<p>Thank you, Mr. President! \ud83c\udde8\ud83c\uddff<br \/>\n<img fetchpriority=\"high\" decoding=\"async\" class=\"aligncenter wp-image-182976 size-large\" src=\"https:\/\/president-ksgov.net\/wp-content\/uploads\/URIMI-QEKIA-1-17.02.26-724x1024.jpg\" alt=\"\" width=\"724\" height=\"1024\" srcset=\"https:\/\/president-ksgov.net\/wp-content\/uploads\/URIMI-QEKIA-1-17.02.26-724x1024.jpg 724w, https:\/\/president-ksgov.net\/wp-content\/uploads\/URIMI-QEKIA-1-17.02.26-212x300.jpg 212w, https:\/\/president-ksgov.net\/wp-content\/uploads\/URIMI-QEKIA-1-17.02.26-106x150.jpg 106w, https:\/\/president-ksgov.net\/wp-content\/uploads\/URIMI-QEKIA-1-17.02.26-768x1086.jpg 768w, https:\/\/president-ksgov.net\/wp-content\/uploads\/URIMI-QEKIA-1-17.02.26-1086x1536.jpg 1086w, https:\/\/president-ksgov.net\/wp-content\/uploads\/URIMI-QEKIA-1-17.02.26-318x450.jpg 318w, https:\/\/president-ksgov.net\/wp-content\/uploads\/URIMI-QEKIA-1-17.02.26.jpg 1448w\" sizes=\"(max-width: 724px) 100vw, 724px\" \/> <img decoding=\"async\" class=\"aligncenter wp-image-182980 size-large\" src=\"https:\/\/president-ksgov.net\/wp-content\/uploads\/URIMI-QEKIA-2-17.02.26-724x1024.jpg\" alt=\"\" width=\"724\" height=\"1024\" srcset=\"https:\/\/president-ksgov.net\/wp-content\/uploads\/URIMI-QEKIA-2-17.02.26-724x1024.jpg 724w, https:\/\/president-ksgov.net\/wp-content\/uploads\/URIMI-QEKIA-2-17.02.26-212x300.jpg 212w, https:\/\/president-ksgov.net\/wp-content\/uploads\/URIMI-QEKIA-2-17.02.26-106x150.jpg 106w, https:\/\/president-ksgov.net\/wp-content\/uploads\/URIMI-QEKIA-2-17.02.26-768x1086.jpg 768w, https:\/\/president-ksgov.net\/wp-content\/uploads\/URIMI-QEKIA-2-17.02.26-1086x1536.jpg 1086w, https:\/\/president-ksgov.net\/wp-content\/uploads\/URIMI-QEKIA-2-17.02.26-318x450.jpg 318w, https:\/\/president-ksgov.net\/wp-content\/uploads\/URIMI-QEKIA-2-17.02.26.jpg 1448w\" sizes=\"(max-width: 724px) 100vw, 724px\" \/><\/p>\n","protected":false},"excerpt":{"rendered":"<p>The President of the Republic of Kosovo, Vjosa Osmani, has received a congratulatory letter from the President of the Czech Republic, Petr Pavel, on the occasion of Kosovo\u2019s Independence. In his message, the President of the Czech Republic congratulated President Osmani and the citizens of Kosovo, appreciating the friendly relations and consolidated partnership between the two countries. He expressed confidence that cooperation will continue to develop and deepen in a positive direction, contributing to regional stability and prosperity. The President of the Czech Republic reaffirmed his country\u2019s support for the advancement of Kosovo\u2019s European and Euro-Atlantic integration. Thank you, Mr. President! \ud83c\udde8\ud83c\uddff<\/p>\n","protected":false},"author":18,"featured_media":182977,"comment_status":"closed","ping_status":"closed","sticky":false,"template":"","format":"standard","meta":{"_eb_attr":"","footnotes":""},"categories":[111],"tags":[],"class_list":["post-183141","post","type-post","status-publish","format-standard","has-post-thumbnail","hentry","category-news"],"yoast_head":"<!-- This site is optimized with the Yoast SEO plugin v23.5 - https:\/\/yoast.com\/wordpress\/plugins\/seo\/ -->\n<title>President Pavel congratulates President Osmani on the 18th anniversary of Kosovo\u2019s Independence - President of the Republic of Kosovo - DR. VJOSA OSMANI - SADRIU<\/title>\n<meta name=\"description\" content=\"President Pavel congratulates President Osmani on the 18th anniversary of Kosovo\u2019s Independence - President of the Republic of Kosovo - DR. VJOSA OSMANI - SADRIU - News\" \/>\n<meta name=\"robots\" content=\"index, follow, max-snippet:-1, max-image-preview:large, max-video-preview:-1\" \/>\n<link rel=\"canonical\" href=\"https:\/\/president-ksgov.net\/en\/president-pavel-congratulates-president-osmani-on-the-18th-anniversary-of-kosovos-independence\/\" \/>\n<meta property=\"og:locale\" content=\"en_US\" \/>\n<meta property=\"og:type\" content=\"article\" \/>\n<meta property=\"og:title\" content=\"President Pavel congratulates President Osmani on the 18th anniversary of Kosovo\u2019s Independence - President of the Republic of Kosovo - DR. VJOSA OSMANI - SADRIU\" \/>\n<meta property=\"og:description\" content=\"President Pavel congratulates President Osmani on the 18th anniversary of Kosovo\u2019s Independence - President of the Republic of Kosovo - DR. VJOSA OSMANI - SADRIU - News\" \/>\n<meta property=\"og:url\" content=\"https:\/\/president-ksgov.net\/en\/president-pavel-congratulates-president-osmani-on-the-18th-anniversary-of-kosovos-independence\/\" \/>\n<meta property=\"og:site_name\" content=\"President of the Republic of Kosovo - DR. VJOSA OSMANI - SADRIU\" \/>\n<meta property=\"article:published_time\" content=\"2026-02-17T20:43:48+00:00\" \/>\n<meta property=\"article:modified_time\" content=\"2026-02-18T08:47:05+00:00\" \/>\n<meta property=\"og:image\" content=\"https:\/\/president-ksgov.net\/wp-content\/uploads\/URIMI-QEKIA-1-17.02.26.jpg\" \/>\n\t<meta property=\"og:image:width\" content=\"1448\" \/>\n\t<meta property=\"og:image:height\" content=\"2048\" \/>\n\t<meta property=\"og:image:type\" content=\"image\/jpeg\" \/>\n<meta name=\"author\" content=\"Aulon Maliqi\" \/>\n<meta name=\"twitter:card\" content=\"summary_large_image\" \/>\n<meta name=\"twitter:label1\" content=\"Written by\" \/>\n\t<meta name=\"twitter:data1\" content=\"Aulon Maliqi\" \/>\n\t<meta name=\"twitter:label2\" content=\"Est. reading time\" \/>\n\t<meta name=\"twitter:data2\" content=\"2 minutes\" \/>\n<script type=\"application\/ld+json\" class=\"yoast-schema-graph\">{\"@context\":\"https:\/\/schema.org\",\"@graph\":[{\"@type\":\"WebPage\",\"@id\":\"https:\/\/president-ksgov.net\/en\/president-pavel-congratulates-president-osmani-on-the-18th-anniversary-of-kosovos-independence\/\",\"url\":\"https:\/\/president-ksgov.net\/en\/president-pavel-congratulates-president-osmani-on-the-18th-anniversary-of-kosovos-independence\/\",\"name\":\"President Pavel congratulates President Osmani on the 18th anniversary of Kosovo\u2019s Independence - President of the Republic of Kosovo - DR. VJOSA OSMANI - SADRIU\",\"isPartOf\":{\"@id\":\"https:\/\/president-ksgov.net\/#website\"},\"primaryImageOfPage\":{\"@id\":\"https:\/\/president-ksgov.net\/en\/president-pavel-congratulates-president-osmani-on-the-18th-anniversary-of-kosovos-independence\/#primaryimage\"},\"image\":{\"@id\":\"https:\/\/president-ksgov.net\/en\/president-pavel-congratulates-president-osmani-on-the-18th-anniversary-of-kosovos-independence\/#primaryimage\"},\"thumbnailUrl\":\"https:\/\/president-ksgov.net\/wp-content\/uploads\/URIMI-QEKIA-1-17.02.26.jpg\",\"datePublished\":\"2026-02-17T20:43:48+00:00\",\"dateModified\":\"2026-02-18T08:47:05+00:00\",\"author\":{\"@id\":\"https:\/\/president-ksgov.net\/#\/schema\/person\/639043365d5873f4c00b9dd2f548fe32\"},\"description\":\"President Pavel congratulates President Osmani on the 18th anniversary of Kosovo\u2019s Independence - President of the Republic of Kosovo - DR. VJOSA OSMANI - SADRIU - News\",\"breadcrumb\":{\"@id\":\"https:\/\/president-ksgov.net\/en\/president-pavel-congratulates-president-osmani-on-the-18th-anniversary-of-kosovos-independence\/#breadcrumb\"},\"inLanguage\":\"en-US\",\"potentialAction\":[{\"@type\":\"ReadAction\",\"target\":[\"https:\/\/president-ksgov.net\/en\/president-pavel-congratulates-president-osmani-on-the-18th-anniversary-of-kosovos-independence\/\"]}]},{\"@type\":\"ImageObject\",\"inLanguage\":\"en-US\",\"@id\":\"https:\/\/president-ksgov.net\/en\/president-pavel-congratulates-president-osmani-on-the-18th-anniversary-of-kosovos-independence\/#primaryimage\",\"url\":\"https:\/\/president-ksgov.net\/wp-content\/uploads\/URIMI-QEKIA-1-17.02.26.jpg\",\"contentUrl\":\"https:\/\/president-ksgov.net\/wp-content\/uploads\/URIMI-QEKIA-1-17.02.26.jpg\",\"width\":1448,\"height\":2048},{\"@type\":\"BreadcrumbList\",\"@id\":\"https:\/\/president-ksgov.net\/en\/president-pavel-congratulates-president-osmani-on-the-18th-anniversary-of-kosovos-independence\/#breadcrumb\",\"itemListElement\":[{\"@type\":\"ListItem\",\"position\":1,\"name\":\"Home\",\"item\":\"https:\/\/president-ksgov.net\/en\/\"},{\"@type\":\"ListItem\",\"position\":2,\"name\":\"President Pavel congratulates President Osmani on the 18th anniversary of Kosovo\u2019s Independence\"}]},{\"@type\":\"WebSite\",\"@id\":\"https:\/\/president-ksgov.net\/#website\",\"url\":\"https:\/\/president-ksgov.net\/\",\"name\":\"Presidente e Republik\u00ebs s\u00eb Kosov\u00ebs\",\"description\":\"Presidente e Republik\u00ebs s\u00eb Kosov\u00ebs\",\"alternateName\":\"DR. VJOSA OSMANI - SADRIU\",\"potentialAction\":[{\"@type\":\"SearchAction\",\"target\":{\"@type\":\"EntryPoint\",\"urlTemplate\":\"https:\/\/president-ksgov.net\/?s={search_term_string}\"},\"query-input\":{\"@type\":\"PropertyValueSpecification\",\"valueRequired\":true,\"valueName\":\"search_term_string\"}}],\"inLanguage\":\"en-US\"},{\"@type\":\"Person\",\"@id\":\"https:\/\/president-ksgov.net\/#\/schema\/person\/639043365d5873f4c00b9dd2f548fe32\",\"name\":\"Aulon Maliqi\",\"image\":{\"@type\":\"ImageObject\",\"inLanguage\":\"en-US\",\"@id\":\"https:\/\/president-ksgov.net\/#\/schema\/person\/image\/\",\"url\":\"https:\/\/secure.gravatar.com\/avatar\/25825420648e802b44e5fd098636053cf34adea3bcdf93520be287f818c2ce8b?s=96&d=mm&r=g\",\"contentUrl\":\"https:\/\/secure.gravatar.com\/avatar\/25825420648e802b44e5fd098636053cf34adea3bcdf93520be287f818c2ce8b?s=96&d=mm&r=g\",\"caption\":\"Aulon Maliqi\"}}]}<\/script>\n<!-- \/ Yoast SEO plugin. -->","yoast_head_json":{"title":"President Pavel congratulates President Osmani on the 18th anniversary of Kosovo\u2019s Independence - President of the Republic of Kosovo - DR. VJOSA OSMANI - SADRIU","description":"President Pavel congratulates President Osmani on the 18th anniversary of Kosovo\u2019s Independence - President of the Republic of Kosovo - DR. VJOSA OSMANI - SADRIU - News","robots":{"index":"index","follow":"follow","max-snippet":"max-snippet:-1","max-image-preview":"max-image-preview:large","max-video-preview":"max-video-preview:-1"},"canonical":"https:\/\/president-ksgov.net\/en\/president-pavel-congratulates-president-osmani-on-the-18th-anniversary-of-kosovos-independence\/","og_locale":"en_US","og_type":"article","og_title":"President Pavel congratulates President Osmani on the 18th anniversary of Kosovo\u2019s Independence - President of the Republic of Kosovo - DR. VJOSA OSMANI - SADRIU","og_description":"President Pavel congratulates President Osmani on the 18th anniversary of Kosovo\u2019s Independence - President of the Republic of Kosovo - DR. VJOSA OSMANI - SADRIU - News","og_url":"https:\/\/president-ksgov.net\/en\/president-pavel-congratulates-president-osmani-on-the-18th-anniversary-of-kosovos-independence\/","og_site_name":"President of the Republic of Kosovo - DR. VJOSA OSMANI - SADRIU","article_published_time":"2026-02-17T20:43:48+00:00","article_modified_time":"2026-02-18T08:47:05+00:00","og_image":[{"width":1448,"height":2048,"url":"https:\/\/president-ksgov.net\/wp-content\/uploads\/URIMI-QEKIA-1-17.02.26.jpg","type":"image\/jpeg"}],"author":"Aulon Maliqi","twitter_card":"summary_large_image","twitter_misc":{"Written by":"Aulon Maliqi","Est. reading time":"2 minutes"},"schema":{"@context":"https:\/\/schema.org","@graph":[{"@type":"WebPage","@id":"https:\/\/president-ksgov.net\/en\/president-pavel-congratulates-president-osmani-on-the-18th-anniversary-of-kosovos-independence\/","url":"https:\/\/president-ksgov.net\/en\/president-pavel-congratulates-president-osmani-on-the-18th-anniversary-of-kosovos-independence\/","name":"President Pavel congratulates President Osmani on the 18th anniversary of Kosovo\u2019s Independence - President of the Republic of Kosovo - DR. VJOSA OSMANI - SADRIU","isPartOf":{"@id":"https:\/\/president-ksgov.net\/#website"},"primaryImageOfPage":{"@id":"https:\/\/president-ksgov.net\/en\/president-pavel-congratulates-president-osmani-on-the-18th-anniversary-of-kosovos-independence\/#primaryimage"},"image":{"@id":"https:\/\/president-ksgov.net\/en\/president-pavel-congratulates-president-osmani-on-the-18th-anniversary-of-kosovos-independence\/#primaryimage"},"thumbnailUrl":"https:\/\/president-ksgov.net\/wp-content\/uploads\/URIMI-QEKIA-1-17.02.26.jpg","datePublished":"2026-02-17T20:43:48+00:00","dateModified":"2026-02-18T08:47:05+00:00","author":{"@id":"https:\/\/president-ksgov.net\/#\/schema\/person\/639043365d5873f4c00b9dd2f548fe32"},"description":"President Pavel congratulates President Osmani on the 18th anniversary of Kosovo\u2019s Independence - President of the Republic of Kosovo - DR. VJOSA OSMANI - SADRIU - News","breadcrumb":{"@id":"https:\/\/president-ksgov.net\/en\/president-pavel-congratulates-president-osmani-on-the-18th-anniversary-of-kosovos-independence\/#breadcrumb"},"inLanguage":"en-US","potentialAction":[{"@type":"ReadAction","target":["https:\/\/president-ksgov.net\/en\/president-pavel-congratulates-president-osmani-on-the-18th-anniversary-of-kosovos-independence\/"]}]},{"@type":"ImageObject","inLanguage":"en-US","@id":"https:\/\/president-ksgov.net\/en\/president-pavel-congratulates-president-osmani-on-the-18th-anniversary-of-kosovos-independence\/#primaryimage","url":"https:\/\/president-ksgov.net\/wp-content\/uploads\/URIMI-QEKIA-1-17.02.26.jpg","contentUrl":"https:\/\/president-ksgov.net\/wp-content\/uploads\/URIMI-QEKIA-1-17.02.26.jpg","width":1448,"height":2048},{"@type":"BreadcrumbList","@id":"https:\/\/president-ksgov.net\/en\/president-pavel-congratulates-president-osmani-on-the-18th-anniversary-of-kosovos-independence\/#breadcrumb","itemListElement":[{"@type":"ListItem","position":1,"name":"Home","item":"https:\/\/president-ksgov.net\/en\/"},{"@type":"ListItem","position":2,"name":"President Pavel congratulates President Osmani on the 18th anniversary of Kosovo\u2019s Independence"}]},{"@type":"WebSite","@id":"https:\/\/president-ksgov.net\/#website","url":"https:\/\/president-ksgov.net\/","name":"Presidente e Republik\u00ebs s\u00eb Kosov\u00ebs","description":"Presidente e Republik\u00ebs s\u00eb Kosov\u00ebs","alternateName":"DR. VJOSA OSMANI - SADRIU","potentialAction":[{"@type":"SearchAction","target":{"@type":"EntryPoint","urlTemplate":"https:\/\/president-ksgov.net\/?s={search_term_string}"},"query-input":{"@type":"PropertyValueSpecification","valueRequired":true,"valueName":"search_term_string"}}],"inLanguage":"en-US"},{"@type":"Person","@id":"https:\/\/president-ksgov.net\/#\/schema\/person\/639043365d5873f4c00b9dd2f548fe32","name":"Aulon Maliqi","image":{"@type":"ImageObject","inLanguage":"en-US","@id":"https:\/\/president-ksgov.net\/#\/schema\/person\/image\/","url":"https:\/\/secure.gravatar.com\/avatar\/25825420648e802b44e5fd098636053cf34adea3bcdf93520be287f818c2ce8b?s=96&d=mm&r=g","contentUrl":"https:\/\/secure.gravatar.com\/avatar\/25825420648e802b44e5fd098636053cf34adea3bcdf93520be287f818c2ce8b?s=96&d=mm&r=g","caption":"Aulon Maliqi"}}]}},"_links":{"self":[{"href":"https:\/\/president-ksgov.net\/en\/wp-json\/wp\/v2\/posts\/183141","targetHints":{"allow":["GET"]}}],"collection":[{"href":"https:\/\/president-ksgov.net\/en\/wp-json\/wp\/v2\/posts"}],"about":[{"href":"https:\/\/president-ksgov.net\/en\/wp-json\/wp\/v2\/types\/post"}],"author":[{"embeddable":true,"href":"https:\/\/president-ksgov.net\/en\/wp-json\/wp\/v2\/users\/18"}],"replies":[{"embeddable":true,"href":"https:\/\/president-ksgov.net\/en\/wp-json\/wp\/v2\/comments?post=183141"}],"version-history":[{"count":1,"href":"https:\/\/president-ksgov.net\/en\/wp-json\/wp\/v2\/posts\/183141\/revisions"}],"predecessor-version":[{"id":183142,"href":"https:\/\/president-ksgov.net\/en\/wp-json\/wp\/v2\/posts\/183141\/revisions\/183142"}],"wp:featuredmedia":[{"embeddable":true,"href":"https:\/\/president-ksgov.net\/en\/wp-json\/wp\/v2\/media\/182977"}],"wp:attachment":[{"href":"https:\/\/president-ksgov.net\/en\/wp-json\/wp\/v2\/media?parent=183141"}],"wp:term":[{"taxonomy":"category","embeddable":true,"href":"https:\/\/president-ksgov.net\/en\/wp-json\/wp\/v2\/categories?post=183141"},{"taxonomy":"post_tag","embeddable":true,"href":"https:\/\/president-ksgov.net\/en\/wp-json\/wp\/v2\/tags?post=183141"}],"curies":[{"name":"wp","href":"https:\/\/api.w.org\/{rel}","templated":true}]}}