{"id":181062,"date":"2026-01-28T20:13:51","date_gmt":"2026-01-28T19:13:51","guid":{"rendered":"https:\/\/president-ksgov.net\/?p=181062"},"modified":"2026-01-29T09:49:34","modified_gmt":"2026-01-29T08:49:34","slug":"president-osmani-handed-over-the-flag-of-the-republic-of-kosovo-to-our-skiers-who-will-represent-the-country-at-the-milan-cortina-2026-winter-olympic-games","status":"publish","type":"post","link":"https:\/\/president-ksgov.net\/en\/president-osmani-handed-over-the-flag-of-the-republic-of-kosovo-to-our-skiers-who-will-represent-the-country-at-the-milan-cortina-2026-winter-olympic-games\/","title":{"rendered":"President Osmani handed over the flag of the Republic of Kosovo to our skiers, who will represent the country at the Milan\u2013Cortina 2026 Winter Olympic Games"},"content":{"rendered":"<p>The President of the Republic of Kosovo, Vjosa Osmani, handed over today the flag of the Republic of Kosovo to our skiers, who will represent our country at the Milan\u2013Cortina 2026 Winter Olympic Games.<\/p>\n<p>President Osmani wrote:<\/p>\n<p>Today I handed over the flag of the Republic of Kosovo to our skiers, Kiana Kryeziu and Drin Kokaj, who will represent our country with dignity at the Milan\u2013Cortina 2026 Winter Olympic Games, with confidence, dedication and pride for our country.<\/p>\n<p>Good luck and may you raise the flag of the Republic high! \ud83c\uddfd\ud83c\uddf0<\/p>\n","protected":false},"excerpt":{"rendered":"<p>The President of the Republic of Kosovo, Vjosa Osmani, handed over today the flag of the Republic of Kosovo to our skiers, who will represent our country at the Milan\u2013Cortina 2026 Winter Olympic Games. President Osmani wrote: Today I handed over the flag of the Republic of Kosovo to our skiers, Kiana Kryeziu and Drin Kokaj, who will represent our country with dignity at the Milan\u2013Cortina 2026 Winter Olympic Games, with confidence, dedication and pride for our country. Good luck and may you raise the flag of the Republic high! \ud83c\uddfd\ud83c\uddf0<\/p>\n","protected":false},"author":18,"featured_media":181035,"comment_status":"closed","ping_status":"closed","sticky":false,"template":"","format":"standard","meta":{"_eb_attr":"","footnotes":""},"categories":[111],"tags":[],"class_list":["post-181062","post","type-post","status-publish","format-standard","has-post-thumbnail","hentry","category-news"],"yoast_head":"<!-- This site is optimized with the Yoast SEO plugin v23.5 - https:\/\/yoast.com\/wordpress\/plugins\/seo\/ -->\n<title>President Osmani handed over the flag of the Republic of Kosovo to our skiers, who will represent the country at the Milan\u2013Cortina 2026 Winter Olympic Games - President of the Republic of Kosovo - DR. VJOSA OSMANI - SADRIU<\/title>\n<meta name=\"description\" content=\"President Osmani handed over the flag of the Republic of Kosovo to our skiers, who will represent the country at the Milan\u2013Cortina 2026 Winter Olympic Games - President of the Republic of Kosovo - DR. VJOSA OSMANI - SADRIU - News\" \/>\n<meta name=\"robots\" content=\"index, follow, max-snippet:-1, max-image-preview:large, max-video-preview:-1\" \/>\n<link rel=\"canonical\" href=\"https:\/\/president-ksgov.net\/en\/president-osmani-handed-over-the-flag-of-the-republic-of-kosovo-to-our-skiers-who-will-represent-the-country-at-the-milan-cortina-2026-winter-olympic-games\/\" \/>\n<meta property=\"og:locale\" content=\"en_US\" \/>\n<meta property=\"og:type\" content=\"article\" \/>\n<meta property=\"og:title\" content=\"President Osmani handed over the flag of the Republic of Kosovo to our skiers, who will represent the country at the Milan\u2013Cortina 2026 Winter Olympic Games - President of the Republic of Kosovo - DR. VJOSA OSMANI - SADRIU\" \/>\n<meta property=\"og:description\" content=\"President Osmani handed over the flag of the Republic of Kosovo to our skiers, who will represent the country at the Milan\u2013Cortina 2026 Winter Olympic Games - President of the Republic of Kosovo - DR. VJOSA OSMANI - SADRIU - News\" \/>\n<meta property=\"og:url\" content=\"https:\/\/president-ksgov.net\/en\/president-osmani-handed-over-the-flag-of-the-republic-of-kosovo-to-our-skiers-who-will-represent-the-country-at-the-milan-cortina-2026-winter-olympic-games\/\" \/>\n<meta property=\"og:site_name\" content=\"President of the Republic of Kosovo - DR. VJOSA OSMANI - SADRIU\" \/>\n<meta property=\"article:published_time\" content=\"2026-01-28T19:13:51+00:00\" \/>\n<meta property=\"article:modified_time\" content=\"2026-01-29T08:49:34+00:00\" \/>\n<meta property=\"og:image\" content=\"https:\/\/president-ksgov.net\/wp-content\/uploads\/Dorezimi-i-flamurit-28.01.26-1.jpeg\" \/>\n\t<meta property=\"og:image:width\" content=\"1600\" \/>\n\t<meta property=\"og:image:height\" content=\"1120\" \/>\n\t<meta property=\"og:image:type\" content=\"image\/jpeg\" \/>\n<meta name=\"author\" content=\"Aulon Maliqi\" \/>\n<meta name=\"twitter:card\" content=\"summary_large_image\" \/>\n<meta name=\"twitter:label1\" content=\"Written by\" \/>\n\t<meta name=\"twitter:data1\" content=\"Aulon Maliqi\" \/>\n\t<meta name=\"twitter:label2\" content=\"Est. reading time\" \/>\n\t<meta name=\"twitter:data2\" content=\"1 minute\" \/>\n<script type=\"application\/ld+json\" class=\"yoast-schema-graph\">{\"@context\":\"https:\/\/schema.org\",\"@graph\":[{\"@type\":\"WebPage\",\"@id\":\"https:\/\/president-ksgov.net\/en\/president-osmani-handed-over-the-flag-of-the-republic-of-kosovo-to-our-skiers-who-will-represent-the-country-at-the-milan-cortina-2026-winter-olympic-games\/\",\"url\":\"https:\/\/president-ksgov.net\/en\/president-osmani-handed-over-the-flag-of-the-republic-of-kosovo-to-our-skiers-who-will-represent-the-country-at-the-milan-cortina-2026-winter-olympic-games\/\",\"name\":\"President Osmani handed over the flag of the Republic of Kosovo to our skiers, who will represent the country at the Milan\u2013Cortina 2026 Winter Olympic Games - President of the Republic of Kosovo - DR. VJOSA OSMANI - SADRIU\",\"isPartOf\":{\"@id\":\"https:\/\/president-ksgov.net\/#website\"},\"primaryImageOfPage\":{\"@id\":\"https:\/\/president-ksgov.net\/en\/president-osmani-handed-over-the-flag-of-the-republic-of-kosovo-to-our-skiers-who-will-represent-the-country-at-the-milan-cortina-2026-winter-olympic-games\/#primaryimage\"},\"image\":{\"@id\":\"https:\/\/president-ksgov.net\/en\/president-osmani-handed-over-the-flag-of-the-republic-of-kosovo-to-our-skiers-who-will-represent-the-country-at-the-milan-cortina-2026-winter-olympic-games\/#primaryimage\"},\"thumbnailUrl\":\"https:\/\/president-ksgov.net\/wp-content\/uploads\/Dorezimi-i-flamurit-28.01.26-1.jpeg\",\"datePublished\":\"2026-01-28T19:13:51+00:00\",\"dateModified\":\"2026-01-29T08:49:34+00:00\",\"author\":{\"@id\":\"https:\/\/president-ksgov.net\/#\/schema\/person\/639043365d5873f4c00b9dd2f548fe32\"},\"description\":\"President Osmani handed over the flag of the Republic of Kosovo to our skiers, who will represent the country at the Milan\u2013Cortina 2026 Winter Olympic Games - President of the Republic of Kosovo - DR. VJOSA OSMANI - SADRIU - News\",\"breadcrumb\":{\"@id\":\"https:\/\/president-ksgov.net\/en\/president-osmani-handed-over-the-flag-of-the-republic-of-kosovo-to-our-skiers-who-will-represent-the-country-at-the-milan-cortina-2026-winter-olympic-games\/#breadcrumb\"},\"inLanguage\":\"en-US\",\"potentialAction\":[{\"@type\":\"ReadAction\",\"target\":[\"https:\/\/president-ksgov.net\/en\/president-osmani-handed-over-the-flag-of-the-republic-of-kosovo-to-our-skiers-who-will-represent-the-country-at-the-milan-cortina-2026-winter-olympic-games\/\"]}]},{\"@type\":\"ImageObject\",\"inLanguage\":\"en-US\",\"@id\":\"https:\/\/president-ksgov.net\/en\/president-osmani-handed-over-the-flag-of-the-republic-of-kosovo-to-our-skiers-who-will-represent-the-country-at-the-milan-cortina-2026-winter-olympic-games\/#primaryimage\",\"url\":\"https:\/\/president-ksgov.net\/wp-content\/uploads\/Dorezimi-i-flamurit-28.01.26-1.jpeg\",\"contentUrl\":\"https:\/\/president-ksgov.net\/wp-content\/uploads\/Dorezimi-i-flamurit-28.01.26-1.jpeg\",\"width\":1600,\"height\":1120},{\"@type\":\"BreadcrumbList\",\"@id\":\"https:\/\/president-ksgov.net\/en\/president-osmani-handed-over-the-flag-of-the-republic-of-kosovo-to-our-skiers-who-will-represent-the-country-at-the-milan-cortina-2026-winter-olympic-games\/#breadcrumb\",\"itemListElement\":[{\"@type\":\"ListItem\",\"position\":1,\"name\":\"Home\",\"item\":\"https:\/\/president-ksgov.net\/en\/\"},{\"@type\":\"ListItem\",\"position\":2,\"name\":\"President Osmani handed over the flag of the Republic of Kosovo to our skiers, who will represent the country at the Milan\u2013Cortina 2026 Winter Olympic Games\"}]},{\"@type\":\"WebSite\",\"@id\":\"https:\/\/president-ksgov.net\/#website\",\"url\":\"https:\/\/president-ksgov.net\/\",\"name\":\"Presidente e Republik\u00ebs s\u00eb Kosov\u00ebs\",\"description\":\"Presidente e Republik\u00ebs s\u00eb Kosov\u00ebs\",\"alternateName\":\"DR. VJOSA OSMANI - SADRIU\",\"potentialAction\":[{\"@type\":\"SearchAction\",\"target\":{\"@type\":\"EntryPoint\",\"urlTemplate\":\"https:\/\/president-ksgov.net\/?s={search_term_string}\"},\"query-input\":{\"@type\":\"PropertyValueSpecification\",\"valueRequired\":true,\"valueName\":\"search_term_string\"}}],\"inLanguage\":\"en-US\"},{\"@type\":\"Person\",\"@id\":\"https:\/\/president-ksgov.net\/#\/schema\/person\/639043365d5873f4c00b9dd2f548fe32\",\"name\":\"Aulon Maliqi\",\"image\":{\"@type\":\"ImageObject\",\"inLanguage\":\"en-US\",\"@id\":\"https:\/\/president-ksgov.net\/#\/schema\/person\/image\/\",\"url\":\"https:\/\/secure.gravatar.com\/avatar\/25825420648e802b44e5fd098636053cf34adea3bcdf93520be287f818c2ce8b?s=96&d=mm&r=g\",\"contentUrl\":\"https:\/\/secure.gravatar.com\/avatar\/25825420648e802b44e5fd098636053cf34adea3bcdf93520be287f818c2ce8b?s=96&d=mm&r=g\",\"caption\":\"Aulon Maliqi\"}}]}<\/script>\n<!-- \/ Yoast SEO plugin. -->","yoast_head_json":{"title":"President Osmani handed over the flag of the Republic of Kosovo to our skiers, who will represent the country at the Milan\u2013Cortina 2026 Winter Olympic Games - President of the Republic of Kosovo - DR. VJOSA OSMANI - SADRIU","description":"President Osmani handed over the flag of the Republic of Kosovo to our skiers, who will represent the country at the Milan\u2013Cortina 2026 Winter Olympic Games - President of the Republic of Kosovo - DR. VJOSA OSMANI - SADRIU - News","robots":{"index":"index","follow":"follow","max-snippet":"max-snippet:-1","max-image-preview":"max-image-preview:large","max-video-preview":"max-video-preview:-1"},"canonical":"https:\/\/president-ksgov.net\/en\/president-osmani-handed-over-the-flag-of-the-republic-of-kosovo-to-our-skiers-who-will-represent-the-country-at-the-milan-cortina-2026-winter-olympic-games\/","og_locale":"en_US","og_type":"article","og_title":"President Osmani handed over the flag of the Republic of Kosovo to our skiers, who will represent the country at the Milan\u2013Cortina 2026 Winter Olympic Games - President of the Republic of Kosovo - DR. VJOSA OSMANI - SADRIU","og_description":"President Osmani handed over the flag of the Republic of Kosovo to our skiers, who will represent the country at the Milan\u2013Cortina 2026 Winter Olympic Games - President of the Republic of Kosovo - DR. VJOSA OSMANI - SADRIU - News","og_url":"https:\/\/president-ksgov.net\/en\/president-osmani-handed-over-the-flag-of-the-republic-of-kosovo-to-our-skiers-who-will-represent-the-country-at-the-milan-cortina-2026-winter-olympic-games\/","og_site_name":"President of the Republic of Kosovo - DR. VJOSA OSMANI - SADRIU","article_published_time":"2026-01-28T19:13:51+00:00","article_modified_time":"2026-01-29T08:49:34+00:00","og_image":[{"width":1600,"height":1120,"url":"https:\/\/president-ksgov.net\/wp-content\/uploads\/Dorezimi-i-flamurit-28.01.26-1.jpeg","type":"image\/jpeg"}],"author":"Aulon Maliqi","twitter_card":"summary_large_image","twitter_misc":{"Written by":"Aulon Maliqi","Est. reading time":"1 minute"},"schema":{"@context":"https:\/\/schema.org","@graph":[{"@type":"WebPage","@id":"https:\/\/president-ksgov.net\/en\/president-osmani-handed-over-the-flag-of-the-republic-of-kosovo-to-our-skiers-who-will-represent-the-country-at-the-milan-cortina-2026-winter-olympic-games\/","url":"https:\/\/president-ksgov.net\/en\/president-osmani-handed-over-the-flag-of-the-republic-of-kosovo-to-our-skiers-who-will-represent-the-country-at-the-milan-cortina-2026-winter-olympic-games\/","name":"President Osmani handed over the flag of the Republic of Kosovo to our skiers, who will represent the country at the Milan\u2013Cortina 2026 Winter Olympic Games - President of the Republic of Kosovo - DR. VJOSA OSMANI - SADRIU","isPartOf":{"@id":"https:\/\/president-ksgov.net\/#website"},"primaryImageOfPage":{"@id":"https:\/\/president-ksgov.net\/en\/president-osmani-handed-over-the-flag-of-the-republic-of-kosovo-to-our-skiers-who-will-represent-the-country-at-the-milan-cortina-2026-winter-olympic-games\/#primaryimage"},"image":{"@id":"https:\/\/president-ksgov.net\/en\/president-osmani-handed-over-the-flag-of-the-republic-of-kosovo-to-our-skiers-who-will-represent-the-country-at-the-milan-cortina-2026-winter-olympic-games\/#primaryimage"},"thumbnailUrl":"https:\/\/president-ksgov.net\/wp-content\/uploads\/Dorezimi-i-flamurit-28.01.26-1.jpeg","datePublished":"2026-01-28T19:13:51+00:00","dateModified":"2026-01-29T08:49:34+00:00","author":{"@id":"https:\/\/president-ksgov.net\/#\/schema\/person\/639043365d5873f4c00b9dd2f548fe32"},"description":"President Osmani handed over the flag of the Republic of Kosovo to our skiers, who will represent the country at the Milan\u2013Cortina 2026 Winter Olympic Games - President of the Republic of Kosovo - DR. VJOSA OSMANI - SADRIU - News","breadcrumb":{"@id":"https:\/\/president-ksgov.net\/en\/president-osmani-handed-over-the-flag-of-the-republic-of-kosovo-to-our-skiers-who-will-represent-the-country-at-the-milan-cortina-2026-winter-olympic-games\/#breadcrumb"},"inLanguage":"en-US","potentialAction":[{"@type":"ReadAction","target":["https:\/\/president-ksgov.net\/en\/president-osmani-handed-over-the-flag-of-the-republic-of-kosovo-to-our-skiers-who-will-represent-the-country-at-the-milan-cortina-2026-winter-olympic-games\/"]}]},{"@type":"ImageObject","inLanguage":"en-US","@id":"https:\/\/president-ksgov.net\/en\/president-osmani-handed-over-the-flag-of-the-republic-of-kosovo-to-our-skiers-who-will-represent-the-country-at-the-milan-cortina-2026-winter-olympic-games\/#primaryimage","url":"https:\/\/president-ksgov.net\/wp-content\/uploads\/Dorezimi-i-flamurit-28.01.26-1.jpeg","contentUrl":"https:\/\/president-ksgov.net\/wp-content\/uploads\/Dorezimi-i-flamurit-28.01.26-1.jpeg","width":1600,"height":1120},{"@type":"BreadcrumbList","@id":"https:\/\/president-ksgov.net\/en\/president-osmani-handed-over-the-flag-of-the-republic-of-kosovo-to-our-skiers-who-will-represent-the-country-at-the-milan-cortina-2026-winter-olympic-games\/#breadcrumb","itemListElement":[{"@type":"ListItem","position":1,"name":"Home","item":"https:\/\/president-ksgov.net\/en\/"},{"@type":"ListItem","position":2,"name":"President Osmani handed over the flag of the Republic of Kosovo to our skiers, who will represent the country at the Milan\u2013Cortina 2026 Winter Olympic Games"}]},{"@type":"WebSite","@id":"https:\/\/president-ksgov.net\/#website","url":"https:\/\/president-ksgov.net\/","name":"Presidente e Republik\u00ebs s\u00eb Kosov\u00ebs","description":"Presidente e Republik\u00ebs s\u00eb Kosov\u00ebs","alternateName":"DR. VJOSA OSMANI - SADRIU","potentialAction":[{"@type":"SearchAction","target":{"@type":"EntryPoint","urlTemplate":"https:\/\/president-ksgov.net\/?s={search_term_string}"},"query-input":{"@type":"PropertyValueSpecification","valueRequired":true,"valueName":"search_term_string"}}],"inLanguage":"en-US"},{"@type":"Person","@id":"https:\/\/president-ksgov.net\/#\/schema\/person\/639043365d5873f4c00b9dd2f548fe32","name":"Aulon Maliqi","image":{"@type":"ImageObject","inLanguage":"en-US","@id":"https:\/\/president-ksgov.net\/#\/schema\/person\/image\/","url":"https:\/\/secure.gravatar.com\/avatar\/25825420648e802b44e5fd098636053cf34adea3bcdf93520be287f818c2ce8b?s=96&d=mm&r=g","contentUrl":"https:\/\/secure.gravatar.com\/avatar\/25825420648e802b44e5fd098636053cf34adea3bcdf93520be287f818c2ce8b?s=96&d=mm&r=g","caption":"Aulon Maliqi"}}]}},"_links":{"self":[{"href":"https:\/\/president-ksgov.net\/en\/wp-json\/wp\/v2\/posts\/181062","targetHints":{"allow":["GET"]}}],"collection":[{"href":"https:\/\/president-ksgov.net\/en\/wp-json\/wp\/v2\/posts"}],"about":[{"href":"https:\/\/president-ksgov.net\/en\/wp-json\/wp\/v2\/types\/post"}],"author":[{"embeddable":true,"href":"https:\/\/president-ksgov.net\/en\/wp-json\/wp\/v2\/users\/18"}],"replies":[{"embeddable":true,"href":"https:\/\/president-ksgov.net\/en\/wp-json\/wp\/v2\/comments?post=181062"}],"version-history":[{"count":1,"href":"https:\/\/president-ksgov.net\/en\/wp-json\/wp\/v2\/posts\/181062\/revisions"}],"predecessor-version":[{"id":181063,"href":"https:\/\/president-ksgov.net\/en\/wp-json\/wp\/v2\/posts\/181062\/revisions\/181063"}],"wp:featuredmedia":[{"embeddable":true,"href":"https:\/\/president-ksgov.net\/en\/wp-json\/wp\/v2\/media\/181035"}],"wp:attachment":[{"href":"https:\/\/president-ksgov.net\/en\/wp-json\/wp\/v2\/media?parent=181062"}],"wp:term":[{"taxonomy":"category","embeddable":true,"href":"https:\/\/president-ksgov.net\/en\/wp-json\/wp\/v2\/categories?post=181062"},{"taxonomy":"post_tag","embeddable":true,"href":"https:\/\/president-ksgov.net\/en\/wp-json\/wp\/v2\/tags?post=181062"}],"curies":[{"name":"wp","href":"https:\/\/api.w.org\/{rel}","templated":true}]}}