{"id":177447,"date":"2025-11-28T12:54:39","date_gmt":"2025-11-28T11:54:39","guid":{"rendered":"https:\/\/president-ksgov.net\/?p=177447"},"modified":"2025-12-05T08:59:04","modified_gmt":"2025-12-05T07:59:04","slug":"president-113-years-ago-the-flag-that-unites-the-hearts-of-all-albanians-everywhere-was-raised-in-vlora","status":"publish","type":"post","link":"https:\/\/president-ksgov.net\/en\/president-113-years-ago-the-flag-that-unites-the-hearts-of-all-albanians-everywhere-was-raised-in-vlora\/","title":{"rendered":"President: 113 years ago, the flag that unites the hearts of all Albanians everywhere was raised in Vlora"},"content":{"rendered":"<p><!--StartFragment --><\/p>\n<p class=\"pf0\"><span class=\"cf0\">The President of the Republic of Kosovo, Vjosa Osmani, together with President Bajram <\/span><span class=\"cf0\">Begaj<\/span><span class=\"cf0\">, the Speaker of the Parliament Niko <\/span><span class=\"cf0\">Peleshi<\/span><span class=\"cf0\">, and Prime Minister Edi Rama, participated in the ceremony marking the 113th anniversary of Albania&#8217;s Independence, which was held in Vlora.<\/span><\/p>\n<p class=\"pf0\"><span class=\"cf0\">President Osmani wrote:<\/span><\/p>\n<p class=\"pf0\"><span class=\"cf0\">113 years ago, in Vlora, the flag that unites the hearts of all Albanians everywhere was raised.<\/span><\/p>\n<p class=\"pf0\"><span class=\"cf0\">Today, when we raise this red and black flag again, we <\/span><span class=\"cf0\">honour<\/span><span class=\"cf0\"> not only the Independence Day of Albania, but also the sacrifice of the entire nation, from Vlora to Pristina, from Shkodra to Skopje, Mitrovica, Presheva and Ulcinj, in exile and wherever the Albanian heart beats.<\/span><\/p>\n<p class=\"pf0\"><span class=\"cf0\">This flag is our common history, the symbol that united us in our most difficult days and today leads us towards a European future.<\/span><\/p>\n<p class=\"pf0\"><span class=\"cf0\">Happy 113th Anniversary of Independence!<\/span><\/p>\n<p class=\"pf0\"><span class=\"cf0\">Long live the red and black flag!<\/span><\/p>\n<p class=\"pf0\"><span class=\"cf0\">Long live the Albanian nation!<\/span><\/p>\n<p class=\"pf0\">\n<p><!--EndFragment --><\/p>\n","protected":false},"excerpt":{"rendered":"<p>The President of the Republic of Kosovo, Vjosa Osmani, together with President Bajram Begaj, the Speaker of the Parliament Niko Peleshi, and Prime Minister Edi Rama, participated in the ceremony marking the 113th anniversary of Albania&#8217;s Independence, which was held in Vlora. President Osmani wrote: 113 years ago, in Vlora, the flag that unites the hearts of all Albanians everywhere was raised. Today, when we raise this red and black flag again, we honour not only the Independence Day of Albania, but also the sacrifice of the entire nation, from Vlora to Pristina, from Shkodra to Skopje, Mitrovica, Presheva and Ulcinj, in exile and wherever the Albanian heart beats. This flag is our common history, the symbol that united us in our most difficult days and today leads us towards a European future. Happy 113th Anniversary of Independence! Long live the red and black flag! Long live the Albanian nation!<\/p>\n","protected":false},"author":9,"featured_media":176926,"comment_status":"closed","ping_status":"closed","sticky":false,"template":"","format":"standard","meta":{"_eb_attr":"","footnotes":""},"categories":[113,111],"tags":[],"class_list":["post-177447","post","type-post","status-publish","format-standard","has-post-thumbnail","hentry","category-international-visits","category-news"],"yoast_head":"<!-- This site is optimized with the Yoast SEO plugin v23.5 - https:\/\/yoast.com\/wordpress\/plugins\/seo\/ -->\n<title>President: 113 years ago, the flag that unites the hearts of all Albanians everywhere was raised in Vlora - President of the Republic of Kosovo - DR. VJOSA OSMANI - SADRIU<\/title>\n<meta name=\"description\" content=\"President: 113 years ago, the flag that unites the hearts of all Albanians everywhere was raised in Vlora - President of the Republic of Kosovo - DR. VJOSA OSMANI - SADRIU - News\" \/>\n<meta name=\"robots\" content=\"index, follow, max-snippet:-1, max-image-preview:large, max-video-preview:-1\" \/>\n<link rel=\"canonical\" href=\"https:\/\/president-ksgov.net\/en\/president-113-years-ago-the-flag-that-unites-the-hearts-of-all-albanians-everywhere-was-raised-in-vlora\/\" \/>\n<meta property=\"og:locale\" content=\"en_US\" \/>\n<meta property=\"og:type\" content=\"article\" \/>\n<meta property=\"og:title\" content=\"President: 113 years ago, the flag that unites the hearts of all Albanians everywhere was raised in Vlora - President of the Republic of Kosovo - DR. VJOSA OSMANI - SADRIU\" \/>\n<meta property=\"og:description\" content=\"President: 113 years ago, the flag that unites the hearts of all Albanians everywhere was raised in Vlora - President of the Republic of Kosovo - DR. VJOSA OSMANI - SADRIU - News\" \/>\n<meta property=\"og:url\" content=\"https:\/\/president-ksgov.net\/en\/president-113-years-ago-the-flag-that-unites-the-hearts-of-all-albanians-everywhere-was-raised-in-vlora\/\" \/>\n<meta property=\"og:site_name\" content=\"President of the Republic of Kosovo - DR. VJOSA OSMANI - SADRIU\" \/>\n<meta property=\"article:published_time\" content=\"2025-11-28T11:54:39+00:00\" \/>\n<meta property=\"article:modified_time\" content=\"2025-12-05T07:59:04+00:00\" \/>\n<meta property=\"og:image\" content=\"https:\/\/president-ksgov.net\/wp-content\/uploads\/Presidentja-113-vjet-me-pare-ne-Vlore-u-ngrit-flamuri-qe-bashkon-zemrat-e-gjithe-shqiptareve-kudo-qe-jane-1.jpg\" \/>\n\t<meta property=\"og:image:width\" content=\"1808\" \/>\n\t<meta property=\"og:image:height\" content=\"1706\" \/>\n\t<meta property=\"og:image:type\" content=\"image\/jpeg\" \/>\n<meta name=\"author\" content=\"Florent Rrahmani\" \/>\n<meta name=\"twitter:card\" content=\"summary_large_image\" \/>\n<meta name=\"twitter:label1\" content=\"Written by\" \/>\n\t<meta name=\"twitter:data1\" content=\"Florent Rrahmani\" \/>\n\t<meta name=\"twitter:label2\" content=\"Est. reading time\" \/>\n\t<meta name=\"twitter:data2\" content=\"2 minutes\" \/>\n<script type=\"application\/ld+json\" class=\"yoast-schema-graph\">{\"@context\":\"https:\/\/schema.org\",\"@graph\":[{\"@type\":\"WebPage\",\"@id\":\"https:\/\/president-ksgov.net\/en\/president-113-years-ago-the-flag-that-unites-the-hearts-of-all-albanians-everywhere-was-raised-in-vlora\/\",\"url\":\"https:\/\/president-ksgov.net\/en\/president-113-years-ago-the-flag-that-unites-the-hearts-of-all-albanians-everywhere-was-raised-in-vlora\/\",\"name\":\"President: 113 years ago, the flag that unites the hearts of all Albanians everywhere was raised in Vlora - President of the Republic of Kosovo - DR. VJOSA OSMANI - SADRIU\",\"isPartOf\":{\"@id\":\"https:\/\/president-ksgov.net\/#website\"},\"primaryImageOfPage\":{\"@id\":\"https:\/\/president-ksgov.net\/en\/president-113-years-ago-the-flag-that-unites-the-hearts-of-all-albanians-everywhere-was-raised-in-vlora\/#primaryimage\"},\"image\":{\"@id\":\"https:\/\/president-ksgov.net\/en\/president-113-years-ago-the-flag-that-unites-the-hearts-of-all-albanians-everywhere-was-raised-in-vlora\/#primaryimage\"},\"thumbnailUrl\":\"https:\/\/president-ksgov.net\/wp-content\/uploads\/Presidentja-113-vjet-me-pare-ne-Vlore-u-ngrit-flamuri-qe-bashkon-zemrat-e-gjithe-shqiptareve-kudo-qe-jane-1.jpg\",\"datePublished\":\"2025-11-28T11:54:39+00:00\",\"dateModified\":\"2025-12-05T07:59:04+00:00\",\"author\":{\"@id\":\"https:\/\/president-ksgov.net\/#\/schema\/person\/7c46f744a99d3f1616b92658282aa934\"},\"description\":\"President: 113 years ago, the flag that unites the hearts of all Albanians everywhere was raised in Vlora - President of the Republic of Kosovo - DR. VJOSA OSMANI - SADRIU - News\",\"breadcrumb\":{\"@id\":\"https:\/\/president-ksgov.net\/en\/president-113-years-ago-the-flag-that-unites-the-hearts-of-all-albanians-everywhere-was-raised-in-vlora\/#breadcrumb\"},\"inLanguage\":\"en-US\",\"potentialAction\":[{\"@type\":\"ReadAction\",\"target\":[\"https:\/\/president-ksgov.net\/en\/president-113-years-ago-the-flag-that-unites-the-hearts-of-all-albanians-everywhere-was-raised-in-vlora\/\"]}]},{\"@type\":\"ImageObject\",\"inLanguage\":\"en-US\",\"@id\":\"https:\/\/president-ksgov.net\/en\/president-113-years-ago-the-flag-that-unites-the-hearts-of-all-albanians-everywhere-was-raised-in-vlora\/#primaryimage\",\"url\":\"https:\/\/president-ksgov.net\/wp-content\/uploads\/Presidentja-113-vjet-me-pare-ne-Vlore-u-ngrit-flamuri-qe-bashkon-zemrat-e-gjithe-shqiptareve-kudo-qe-jane-1.jpg\",\"contentUrl\":\"https:\/\/president-ksgov.net\/wp-content\/uploads\/Presidentja-113-vjet-me-pare-ne-Vlore-u-ngrit-flamuri-qe-bashkon-zemrat-e-gjithe-shqiptareve-kudo-qe-jane-1.jpg\",\"width\":1808,\"height\":1706},{\"@type\":\"BreadcrumbList\",\"@id\":\"https:\/\/president-ksgov.net\/en\/president-113-years-ago-the-flag-that-unites-the-hearts-of-all-albanians-everywhere-was-raised-in-vlora\/#breadcrumb\",\"itemListElement\":[{\"@type\":\"ListItem\",\"position\":1,\"name\":\"Home\",\"item\":\"https:\/\/president-ksgov.net\/en\/\"},{\"@type\":\"ListItem\",\"position\":2,\"name\":\"President: 113 years ago, the flag that unites the hearts of all Albanians everywhere was raised in Vlora\"}]},{\"@type\":\"WebSite\",\"@id\":\"https:\/\/president-ksgov.net\/#website\",\"url\":\"https:\/\/president-ksgov.net\/\",\"name\":\"Presidente e Republik\u00ebs s\u00eb Kosov\u00ebs\",\"description\":\"Presidente e Republik\u00ebs s\u00eb Kosov\u00ebs\",\"alternateName\":\"DR. VJOSA OSMANI - SADRIU\",\"potentialAction\":[{\"@type\":\"SearchAction\",\"target\":{\"@type\":\"EntryPoint\",\"urlTemplate\":\"https:\/\/president-ksgov.net\/?s={search_term_string}\"},\"query-input\":{\"@type\":\"PropertyValueSpecification\",\"valueRequired\":true,\"valueName\":\"search_term_string\"}}],\"inLanguage\":\"en-US\"},{\"@type\":\"Person\",\"@id\":\"https:\/\/president-ksgov.net\/#\/schema\/person\/7c46f744a99d3f1616b92658282aa934\",\"name\":\"Florent Rrahmani\",\"image\":{\"@type\":\"ImageObject\",\"inLanguage\":\"en-US\",\"@id\":\"https:\/\/president-ksgov.net\/#\/schema\/person\/image\/\",\"url\":\"https:\/\/secure.gravatar.com\/avatar\/2545924aa250de68ac8368367a79b663e59571cd131611f54c89b0613a94e230?s=96&d=mm&r=g\",\"contentUrl\":\"https:\/\/secure.gravatar.com\/avatar\/2545924aa250de68ac8368367a79b663e59571cd131611f54c89b0613a94e230?s=96&d=mm&r=g\",\"caption\":\"Florent Rrahmani\"}}]}<\/script>\n<!-- \/ Yoast SEO plugin. -->","yoast_head_json":{"title":"President: 113 years ago, the flag that unites the hearts of all Albanians everywhere was raised in Vlora - President of the Republic of Kosovo - DR. VJOSA OSMANI - SADRIU","description":"President: 113 years ago, the flag that unites the hearts of all Albanians everywhere was raised in Vlora - President of the Republic of Kosovo - DR. VJOSA OSMANI - SADRIU - News","robots":{"index":"index","follow":"follow","max-snippet":"max-snippet:-1","max-image-preview":"max-image-preview:large","max-video-preview":"max-video-preview:-1"},"canonical":"https:\/\/president-ksgov.net\/en\/president-113-years-ago-the-flag-that-unites-the-hearts-of-all-albanians-everywhere-was-raised-in-vlora\/","og_locale":"en_US","og_type":"article","og_title":"President: 113 years ago, the flag that unites the hearts of all Albanians everywhere was raised in Vlora - President of the Republic of Kosovo - DR. VJOSA OSMANI - SADRIU","og_description":"President: 113 years ago, the flag that unites the hearts of all Albanians everywhere was raised in Vlora - President of the Republic of Kosovo - DR. VJOSA OSMANI - SADRIU - News","og_url":"https:\/\/president-ksgov.net\/en\/president-113-years-ago-the-flag-that-unites-the-hearts-of-all-albanians-everywhere-was-raised-in-vlora\/","og_site_name":"President of the Republic of Kosovo - DR. VJOSA OSMANI - SADRIU","article_published_time":"2025-11-28T11:54:39+00:00","article_modified_time":"2025-12-05T07:59:04+00:00","og_image":[{"width":1808,"height":1706,"url":"https:\/\/president-ksgov.net\/wp-content\/uploads\/Presidentja-113-vjet-me-pare-ne-Vlore-u-ngrit-flamuri-qe-bashkon-zemrat-e-gjithe-shqiptareve-kudo-qe-jane-1.jpg","type":"image\/jpeg"}],"author":"Florent Rrahmani","twitter_card":"summary_large_image","twitter_misc":{"Written by":"Florent Rrahmani","Est. reading time":"2 minutes"},"schema":{"@context":"https:\/\/schema.org","@graph":[{"@type":"WebPage","@id":"https:\/\/president-ksgov.net\/en\/president-113-years-ago-the-flag-that-unites-the-hearts-of-all-albanians-everywhere-was-raised-in-vlora\/","url":"https:\/\/president-ksgov.net\/en\/president-113-years-ago-the-flag-that-unites-the-hearts-of-all-albanians-everywhere-was-raised-in-vlora\/","name":"President: 113 years ago, the flag that unites the hearts of all Albanians everywhere was raised in Vlora - President of the Republic of Kosovo - DR. VJOSA OSMANI - SADRIU","isPartOf":{"@id":"https:\/\/president-ksgov.net\/#website"},"primaryImageOfPage":{"@id":"https:\/\/president-ksgov.net\/en\/president-113-years-ago-the-flag-that-unites-the-hearts-of-all-albanians-everywhere-was-raised-in-vlora\/#primaryimage"},"image":{"@id":"https:\/\/president-ksgov.net\/en\/president-113-years-ago-the-flag-that-unites-the-hearts-of-all-albanians-everywhere-was-raised-in-vlora\/#primaryimage"},"thumbnailUrl":"https:\/\/president-ksgov.net\/wp-content\/uploads\/Presidentja-113-vjet-me-pare-ne-Vlore-u-ngrit-flamuri-qe-bashkon-zemrat-e-gjithe-shqiptareve-kudo-qe-jane-1.jpg","datePublished":"2025-11-28T11:54:39+00:00","dateModified":"2025-12-05T07:59:04+00:00","author":{"@id":"https:\/\/president-ksgov.net\/#\/schema\/person\/7c46f744a99d3f1616b92658282aa934"},"description":"President: 113 years ago, the flag that unites the hearts of all Albanians everywhere was raised in Vlora - President of the Republic of Kosovo - DR. VJOSA OSMANI - SADRIU - News","breadcrumb":{"@id":"https:\/\/president-ksgov.net\/en\/president-113-years-ago-the-flag-that-unites-the-hearts-of-all-albanians-everywhere-was-raised-in-vlora\/#breadcrumb"},"inLanguage":"en-US","potentialAction":[{"@type":"ReadAction","target":["https:\/\/president-ksgov.net\/en\/president-113-years-ago-the-flag-that-unites-the-hearts-of-all-albanians-everywhere-was-raised-in-vlora\/"]}]},{"@type":"ImageObject","inLanguage":"en-US","@id":"https:\/\/president-ksgov.net\/en\/president-113-years-ago-the-flag-that-unites-the-hearts-of-all-albanians-everywhere-was-raised-in-vlora\/#primaryimage","url":"https:\/\/president-ksgov.net\/wp-content\/uploads\/Presidentja-113-vjet-me-pare-ne-Vlore-u-ngrit-flamuri-qe-bashkon-zemrat-e-gjithe-shqiptareve-kudo-qe-jane-1.jpg","contentUrl":"https:\/\/president-ksgov.net\/wp-content\/uploads\/Presidentja-113-vjet-me-pare-ne-Vlore-u-ngrit-flamuri-qe-bashkon-zemrat-e-gjithe-shqiptareve-kudo-qe-jane-1.jpg","width":1808,"height":1706},{"@type":"BreadcrumbList","@id":"https:\/\/president-ksgov.net\/en\/president-113-years-ago-the-flag-that-unites-the-hearts-of-all-albanians-everywhere-was-raised-in-vlora\/#breadcrumb","itemListElement":[{"@type":"ListItem","position":1,"name":"Home","item":"https:\/\/president-ksgov.net\/en\/"},{"@type":"ListItem","position":2,"name":"President: 113 years ago, the flag that unites the hearts of all Albanians everywhere was raised in Vlora"}]},{"@type":"WebSite","@id":"https:\/\/president-ksgov.net\/#website","url":"https:\/\/president-ksgov.net\/","name":"Presidente e Republik\u00ebs s\u00eb Kosov\u00ebs","description":"Presidente e Republik\u00ebs s\u00eb Kosov\u00ebs","alternateName":"DR. VJOSA OSMANI - SADRIU","potentialAction":[{"@type":"SearchAction","target":{"@type":"EntryPoint","urlTemplate":"https:\/\/president-ksgov.net\/?s={search_term_string}"},"query-input":{"@type":"PropertyValueSpecification","valueRequired":true,"valueName":"search_term_string"}}],"inLanguage":"en-US"},{"@type":"Person","@id":"https:\/\/president-ksgov.net\/#\/schema\/person\/7c46f744a99d3f1616b92658282aa934","name":"Florent Rrahmani","image":{"@type":"ImageObject","inLanguage":"en-US","@id":"https:\/\/president-ksgov.net\/#\/schema\/person\/image\/","url":"https:\/\/secure.gravatar.com\/avatar\/2545924aa250de68ac8368367a79b663e59571cd131611f54c89b0613a94e230?s=96&d=mm&r=g","contentUrl":"https:\/\/secure.gravatar.com\/avatar\/2545924aa250de68ac8368367a79b663e59571cd131611f54c89b0613a94e230?s=96&d=mm&r=g","caption":"Florent Rrahmani"}}]}},"_links":{"self":[{"href":"https:\/\/president-ksgov.net\/en\/wp-json\/wp\/v2\/posts\/177447","targetHints":{"allow":["GET"]}}],"collection":[{"href":"https:\/\/president-ksgov.net\/en\/wp-json\/wp\/v2\/posts"}],"about":[{"href":"https:\/\/president-ksgov.net\/en\/wp-json\/wp\/v2\/types\/post"}],"author":[{"embeddable":true,"href":"https:\/\/president-ksgov.net\/en\/wp-json\/wp\/v2\/users\/9"}],"replies":[{"embeddable":true,"href":"https:\/\/president-ksgov.net\/en\/wp-json\/wp\/v2\/comments?post=177447"}],"version-history":[{"count":1,"href":"https:\/\/president-ksgov.net\/en\/wp-json\/wp\/v2\/posts\/177447\/revisions"}],"predecessor-version":[{"id":177448,"href":"https:\/\/president-ksgov.net\/en\/wp-json\/wp\/v2\/posts\/177447\/revisions\/177448"}],"wp:featuredmedia":[{"embeddable":true,"href":"https:\/\/president-ksgov.net\/en\/wp-json\/wp\/v2\/media\/176926"}],"wp:attachment":[{"href":"https:\/\/president-ksgov.net\/en\/wp-json\/wp\/v2\/media?parent=177447"}],"wp:term":[{"taxonomy":"category","embeddable":true,"href":"https:\/\/president-ksgov.net\/en\/wp-json\/wp\/v2\/categories?post=177447"},{"taxonomy":"post_tag","embeddable":true,"href":"https:\/\/president-ksgov.net\/en\/wp-json\/wp\/v2\/tags?post=177447"}],"curies":[{"name":"wp","href":"https:\/\/api.w.org\/{rel}","templated":true}]}}