{"id":177426,"date":"2025-12-03T11:59:01","date_gmt":"2025-12-03T10:59:01","guid":{"rendered":"https:\/\/president-ksgov.net\/?p=177426"},"modified":"2025-12-05T08:27:35","modified_gmt":"2025-12-05T07:27:35","slug":"president-osmani-awards-the-activists-for-the-rights-of-persons-with-special-needs-on-their-international-day","status":"publish","type":"post","link":"https:\/\/president-ksgov.net\/en\/president-osmani-awards-the-activists-for-the-rights-of-persons-with-special-needs-on-their-international-day\/","title":{"rendered":"President Osmani awards the activists for the Rights of Persons with Special Needs on Their International Day"},"content":{"rendered":"<p>On the International Day of Persons with Disabilities, the President of the Republic of Kosovo, Vjosa Osmani, has reached a decision to award the Presidential Medal of Merit to a group of activists who, through their tireless commitment, have contributed in an extraordinary manner to the empowerment, protection of the rights and dignified inclusion of this category in our society.<\/p>\n<p>This year&#8217;s awardees are: Halit Ferizi (post mortem), Agim Vatovci (post mortem), Sabrije Zeqa (post mortem), Merita Voca (post mortem), Mexhid Foniqi (post mortem) and Hiljminijeta Apuk.<\/p>\n<p>These activists, through their public advocacy, field work and continuous protection of the rights of persons with special needs, have influenced the increase in social awareness, the advancement of public policies and inclusion. Their contribution is an example of civic commitment and values, which President Osmani constantly affirms.<\/p>\n<p>The medals awarded will be bestowed at a special awards ceremony to be held at the end of December 2025.<\/p>\n","protected":false},"excerpt":{"rendered":"<p>On the International Day of Persons with Disabilities, the President of the Republic of Kosovo, Vjosa Osmani, has reached a decision to award the Presidential Medal of Merit to a group of activists who, through their tireless commitment, have contributed in an extraordinary manner to the empowerment, protection of the rights and dignified inclusion of this category in our society. This year&#8217;s awardees are: Halit Ferizi (post mortem), Agim Vatovci (post mortem), Sabrije Zeqa (post mortem), Merita Voca (post mortem), Mexhid Foniqi (post mortem) and Hiljminijeta Apuk. These activists, through their public advocacy, field work and continuous protection of the rights of persons with special needs, have influenced the increase in social awareness, the advancement of public policies and inclusion. Their contribution is an example of civic commitment and values, which President Osmani constantly affirms. The medals awarded will be bestowed at a special awards ceremony to be held at the end of December 2025.<\/p>\n","protected":false},"author":9,"featured_media":153756,"comment_status":"closed","ping_status":"closed","sticky":false,"template":"","format":"standard","meta":{"_eb_attr":"","footnotes":""},"categories":[111],"tags":[],"class_list":["post-177426","post","type-post","status-publish","format-standard","has-post-thumbnail","hentry","category-news"],"yoast_head":"<!-- This site is optimized with the Yoast SEO plugin v23.5 - https:\/\/yoast.com\/wordpress\/plugins\/seo\/ -->\n<title>President Osmani awards the activists for the Rights of Persons with Special Needs on Their International Day - President of the Republic of Kosovo - DR. VJOSA OSMANI - SADRIU<\/title>\n<meta name=\"description\" content=\"President Osmani awards the activists for the Rights of Persons with Special Needs on Their International Day - President of the Republic of Kosovo - DR. VJOSA OSMANI - SADRIU - News\" \/>\n<meta name=\"robots\" content=\"index, follow, max-snippet:-1, max-image-preview:large, max-video-preview:-1\" \/>\n<link rel=\"canonical\" href=\"https:\/\/president-ksgov.net\/en\/president-osmani-awards-the-activists-for-the-rights-of-persons-with-special-needs-on-their-international-day\/\" \/>\n<meta property=\"og:locale\" content=\"en_US\" \/>\n<meta property=\"og:type\" content=\"article\" \/>\n<meta property=\"og:title\" content=\"President Osmani awards the activists for the Rights of Persons with Special Needs on Their International Day - President of the Republic of Kosovo - DR. VJOSA OSMANI - SADRIU\" \/>\n<meta property=\"og:description\" content=\"President Osmani awards the activists for the Rights of Persons with Special Needs on Their International Day - President of the Republic of Kosovo - DR. VJOSA OSMANI - SADRIU - News\" \/>\n<meta property=\"og:url\" content=\"https:\/\/president-ksgov.net\/en\/president-osmani-awards-the-activists-for-the-rights-of-persons-with-special-needs-on-their-international-day\/\" \/>\n<meta property=\"og:site_name\" content=\"President of the Republic of Kosovo - DR. VJOSA OSMANI - SADRIU\" \/>\n<meta property=\"article:published_time\" content=\"2025-12-03T10:59:01+00:00\" \/>\n<meta property=\"article:modified_time\" content=\"2025-12-05T07:27:35+00:00\" \/>\n<meta property=\"og:image\" content=\"https:\/\/president-ksgov.net\/wp-content\/uploads\/ZPRK-17.jpg\" \/>\n\t<meta property=\"og:image:width\" content=\"2000\" \/>\n\t<meta property=\"og:image:height\" content=\"1000\" \/>\n\t<meta property=\"og:image:type\" content=\"image\/jpeg\" \/>\n<meta name=\"author\" content=\"Florent Rrahmani\" \/>\n<meta name=\"twitter:card\" content=\"summary_large_image\" \/>\n<meta name=\"twitter:label1\" content=\"Written by\" \/>\n\t<meta name=\"twitter:data1\" content=\"Florent Rrahmani\" \/>\n\t<meta name=\"twitter:label2\" content=\"Est. reading time\" \/>\n\t<meta name=\"twitter:data2\" content=\"2 minutes\" \/>\n<script type=\"application\/ld+json\" class=\"yoast-schema-graph\">{\"@context\":\"https:\/\/schema.org\",\"@graph\":[{\"@type\":\"WebPage\",\"@id\":\"https:\/\/president-ksgov.net\/en\/president-osmani-awards-the-activists-for-the-rights-of-persons-with-special-needs-on-their-international-day\/\",\"url\":\"https:\/\/president-ksgov.net\/en\/president-osmani-awards-the-activists-for-the-rights-of-persons-with-special-needs-on-their-international-day\/\",\"name\":\"President Osmani awards the activists for the Rights of Persons with Special Needs on Their International Day - President of the Republic of Kosovo - DR. VJOSA OSMANI - SADRIU\",\"isPartOf\":{\"@id\":\"https:\/\/president-ksgov.net\/#website\"},\"primaryImageOfPage\":{\"@id\":\"https:\/\/president-ksgov.net\/en\/president-osmani-awards-the-activists-for-the-rights-of-persons-with-special-needs-on-their-international-day\/#primaryimage\"},\"image\":{\"@id\":\"https:\/\/president-ksgov.net\/en\/president-osmani-awards-the-activists-for-the-rights-of-persons-with-special-needs-on-their-international-day\/#primaryimage\"},\"thumbnailUrl\":\"https:\/\/president-ksgov.net\/wp-content\/uploads\/ZPRK-17.jpg\",\"datePublished\":\"2025-12-03T10:59:01+00:00\",\"dateModified\":\"2025-12-05T07:27:35+00:00\",\"author\":{\"@id\":\"https:\/\/president-ksgov.net\/#\/schema\/person\/7c46f744a99d3f1616b92658282aa934\"},\"description\":\"President Osmani awards the activists for the Rights of Persons with Special Needs on Their International Day - President of the Republic of Kosovo - DR. VJOSA OSMANI - SADRIU - News\",\"breadcrumb\":{\"@id\":\"https:\/\/president-ksgov.net\/en\/president-osmani-awards-the-activists-for-the-rights-of-persons-with-special-needs-on-their-international-day\/#breadcrumb\"},\"inLanguage\":\"en-US\",\"potentialAction\":[{\"@type\":\"ReadAction\",\"target\":[\"https:\/\/president-ksgov.net\/en\/president-osmani-awards-the-activists-for-the-rights-of-persons-with-special-needs-on-their-international-day\/\"]}]},{\"@type\":\"ImageObject\",\"inLanguage\":\"en-US\",\"@id\":\"https:\/\/president-ksgov.net\/en\/president-osmani-awards-the-activists-for-the-rights-of-persons-with-special-needs-on-their-international-day\/#primaryimage\",\"url\":\"https:\/\/president-ksgov.net\/wp-content\/uploads\/ZPRK-17.jpg\",\"contentUrl\":\"https:\/\/president-ksgov.net\/wp-content\/uploads\/ZPRK-17.jpg\",\"width\":2000,\"height\":1000},{\"@type\":\"BreadcrumbList\",\"@id\":\"https:\/\/president-ksgov.net\/en\/president-osmani-awards-the-activists-for-the-rights-of-persons-with-special-needs-on-their-international-day\/#breadcrumb\",\"itemListElement\":[{\"@type\":\"ListItem\",\"position\":1,\"name\":\"Home\",\"item\":\"https:\/\/president-ksgov.net\/en\/\"},{\"@type\":\"ListItem\",\"position\":2,\"name\":\"President Osmani awards the activists for the Rights of Persons with Special Needs on Their International Day\"}]},{\"@type\":\"WebSite\",\"@id\":\"https:\/\/president-ksgov.net\/#website\",\"url\":\"https:\/\/president-ksgov.net\/\",\"name\":\"Presidente e Republik\u00ebs s\u00eb Kosov\u00ebs\",\"description\":\"Presidente e Republik\u00ebs s\u00eb Kosov\u00ebs\",\"alternateName\":\"DR. VJOSA OSMANI - SADRIU\",\"potentialAction\":[{\"@type\":\"SearchAction\",\"target\":{\"@type\":\"EntryPoint\",\"urlTemplate\":\"https:\/\/president-ksgov.net\/?s={search_term_string}\"},\"query-input\":{\"@type\":\"PropertyValueSpecification\",\"valueRequired\":true,\"valueName\":\"search_term_string\"}}],\"inLanguage\":\"en-US\"},{\"@type\":\"Person\",\"@id\":\"https:\/\/president-ksgov.net\/#\/schema\/person\/7c46f744a99d3f1616b92658282aa934\",\"name\":\"Florent Rrahmani\",\"image\":{\"@type\":\"ImageObject\",\"inLanguage\":\"en-US\",\"@id\":\"https:\/\/president-ksgov.net\/#\/schema\/person\/image\/\",\"url\":\"https:\/\/secure.gravatar.com\/avatar\/2545924aa250de68ac8368367a79b663e59571cd131611f54c89b0613a94e230?s=96&d=mm&r=g\",\"contentUrl\":\"https:\/\/secure.gravatar.com\/avatar\/2545924aa250de68ac8368367a79b663e59571cd131611f54c89b0613a94e230?s=96&d=mm&r=g\",\"caption\":\"Florent Rrahmani\"}}]}<\/script>\n<!-- \/ Yoast SEO plugin. -->","yoast_head_json":{"title":"President Osmani awards the activists for the Rights of Persons with Special Needs on Their International Day - President of the Republic of Kosovo - DR. VJOSA OSMANI - SADRIU","description":"President Osmani awards the activists for the Rights of Persons with Special Needs on Their International Day - President of the Republic of Kosovo - DR. VJOSA OSMANI - SADRIU - News","robots":{"index":"index","follow":"follow","max-snippet":"max-snippet:-1","max-image-preview":"max-image-preview:large","max-video-preview":"max-video-preview:-1"},"canonical":"https:\/\/president-ksgov.net\/en\/president-osmani-awards-the-activists-for-the-rights-of-persons-with-special-needs-on-their-international-day\/","og_locale":"en_US","og_type":"article","og_title":"President Osmani awards the activists for the Rights of Persons with Special Needs on Their International Day - President of the Republic of Kosovo - DR. VJOSA OSMANI - SADRIU","og_description":"President Osmani awards the activists for the Rights of Persons with Special Needs on Their International Day - President of the Republic of Kosovo - DR. VJOSA OSMANI - SADRIU - News","og_url":"https:\/\/president-ksgov.net\/en\/president-osmani-awards-the-activists-for-the-rights-of-persons-with-special-needs-on-their-international-day\/","og_site_name":"President of the Republic of Kosovo - DR. VJOSA OSMANI - SADRIU","article_published_time":"2025-12-03T10:59:01+00:00","article_modified_time":"2025-12-05T07:27:35+00:00","og_image":[{"width":2000,"height":1000,"url":"https:\/\/president-ksgov.net\/wp-content\/uploads\/ZPRK-17.jpg","type":"image\/jpeg"}],"author":"Florent Rrahmani","twitter_card":"summary_large_image","twitter_misc":{"Written by":"Florent Rrahmani","Est. reading time":"2 minutes"},"schema":{"@context":"https:\/\/schema.org","@graph":[{"@type":"WebPage","@id":"https:\/\/president-ksgov.net\/en\/president-osmani-awards-the-activists-for-the-rights-of-persons-with-special-needs-on-their-international-day\/","url":"https:\/\/president-ksgov.net\/en\/president-osmani-awards-the-activists-for-the-rights-of-persons-with-special-needs-on-their-international-day\/","name":"President Osmani awards the activists for the Rights of Persons with Special Needs on Their International Day - President of the Republic of Kosovo - DR. VJOSA OSMANI - SADRIU","isPartOf":{"@id":"https:\/\/president-ksgov.net\/#website"},"primaryImageOfPage":{"@id":"https:\/\/president-ksgov.net\/en\/president-osmani-awards-the-activists-for-the-rights-of-persons-with-special-needs-on-their-international-day\/#primaryimage"},"image":{"@id":"https:\/\/president-ksgov.net\/en\/president-osmani-awards-the-activists-for-the-rights-of-persons-with-special-needs-on-their-international-day\/#primaryimage"},"thumbnailUrl":"https:\/\/president-ksgov.net\/wp-content\/uploads\/ZPRK-17.jpg","datePublished":"2025-12-03T10:59:01+00:00","dateModified":"2025-12-05T07:27:35+00:00","author":{"@id":"https:\/\/president-ksgov.net\/#\/schema\/person\/7c46f744a99d3f1616b92658282aa934"},"description":"President Osmani awards the activists for the Rights of Persons with Special Needs on Their International Day - President of the Republic of Kosovo - DR. VJOSA OSMANI - SADRIU - News","breadcrumb":{"@id":"https:\/\/president-ksgov.net\/en\/president-osmani-awards-the-activists-for-the-rights-of-persons-with-special-needs-on-their-international-day\/#breadcrumb"},"inLanguage":"en-US","potentialAction":[{"@type":"ReadAction","target":["https:\/\/president-ksgov.net\/en\/president-osmani-awards-the-activists-for-the-rights-of-persons-with-special-needs-on-their-international-day\/"]}]},{"@type":"ImageObject","inLanguage":"en-US","@id":"https:\/\/president-ksgov.net\/en\/president-osmani-awards-the-activists-for-the-rights-of-persons-with-special-needs-on-their-international-day\/#primaryimage","url":"https:\/\/president-ksgov.net\/wp-content\/uploads\/ZPRK-17.jpg","contentUrl":"https:\/\/president-ksgov.net\/wp-content\/uploads\/ZPRK-17.jpg","width":2000,"height":1000},{"@type":"BreadcrumbList","@id":"https:\/\/president-ksgov.net\/en\/president-osmani-awards-the-activists-for-the-rights-of-persons-with-special-needs-on-their-international-day\/#breadcrumb","itemListElement":[{"@type":"ListItem","position":1,"name":"Home","item":"https:\/\/president-ksgov.net\/en\/"},{"@type":"ListItem","position":2,"name":"President Osmani awards the activists for the Rights of Persons with Special Needs on Their International Day"}]},{"@type":"WebSite","@id":"https:\/\/president-ksgov.net\/#website","url":"https:\/\/president-ksgov.net\/","name":"Presidente e Republik\u00ebs s\u00eb Kosov\u00ebs","description":"Presidente e Republik\u00ebs s\u00eb Kosov\u00ebs","alternateName":"DR. VJOSA OSMANI - SADRIU","potentialAction":[{"@type":"SearchAction","target":{"@type":"EntryPoint","urlTemplate":"https:\/\/president-ksgov.net\/?s={search_term_string}"},"query-input":{"@type":"PropertyValueSpecification","valueRequired":true,"valueName":"search_term_string"}}],"inLanguage":"en-US"},{"@type":"Person","@id":"https:\/\/president-ksgov.net\/#\/schema\/person\/7c46f744a99d3f1616b92658282aa934","name":"Florent Rrahmani","image":{"@type":"ImageObject","inLanguage":"en-US","@id":"https:\/\/president-ksgov.net\/#\/schema\/person\/image\/","url":"https:\/\/secure.gravatar.com\/avatar\/2545924aa250de68ac8368367a79b663e59571cd131611f54c89b0613a94e230?s=96&d=mm&r=g","contentUrl":"https:\/\/secure.gravatar.com\/avatar\/2545924aa250de68ac8368367a79b663e59571cd131611f54c89b0613a94e230?s=96&d=mm&r=g","caption":"Florent Rrahmani"}}]}},"_links":{"self":[{"href":"https:\/\/president-ksgov.net\/en\/wp-json\/wp\/v2\/posts\/177426","targetHints":{"allow":["GET"]}}],"collection":[{"href":"https:\/\/president-ksgov.net\/en\/wp-json\/wp\/v2\/posts"}],"about":[{"href":"https:\/\/president-ksgov.net\/en\/wp-json\/wp\/v2\/types\/post"}],"author":[{"embeddable":true,"href":"https:\/\/president-ksgov.net\/en\/wp-json\/wp\/v2\/users\/9"}],"replies":[{"embeddable":true,"href":"https:\/\/president-ksgov.net\/en\/wp-json\/wp\/v2\/comments?post=177426"}],"version-history":[{"count":1,"href":"https:\/\/president-ksgov.net\/en\/wp-json\/wp\/v2\/posts\/177426\/revisions"}],"predecessor-version":[{"id":177427,"href":"https:\/\/president-ksgov.net\/en\/wp-json\/wp\/v2\/posts\/177426\/revisions\/177427"}],"wp:featuredmedia":[{"embeddable":true,"href":"https:\/\/president-ksgov.net\/en\/wp-json\/wp\/v2\/media\/153756"}],"wp:attachment":[{"href":"https:\/\/president-ksgov.net\/en\/wp-json\/wp\/v2\/media?parent=177426"}],"wp:term":[{"taxonomy":"category","embeddable":true,"href":"https:\/\/president-ksgov.net\/en\/wp-json\/wp\/v2\/categories?post=177426"},{"taxonomy":"post_tag","embeddable":true,"href":"https:\/\/president-ksgov.net\/en\/wp-json\/wp\/v2\/tags?post=177426"}],"curies":[{"name":"wp","href":"https:\/\/api.w.org\/{rel}","templated":true}]}}