{"id":173445,"date":"2025-10-08T09:01:07","date_gmt":"2025-10-08T07:01:07","guid":{"rendered":"https:\/\/president-ksgov.net\/?p=173445"},"modified":"2025-10-09T08:52:27","modified_gmt":"2025-10-09T06:52:27","slug":"president-vjosa-osmani-received-the-new-kfor-commander-major-general-ozkan-ulutas","status":"publish","type":"post","link":"https:\/\/president-ksgov.net\/en\/president-vjosa-osmani-received-the-new-kfor-commander-major-general-ozkan-ulutas\/","title":{"rendered":"President Vjosa Osmani received the new KFOR Commander, Major General \u00d6zkan Uluta\u015f"},"content":{"rendered":"<p>Following the assumption of the duty of the KFOR Commander, the President of the Republic of Kosovo Vjosa Osmani received Major General \u00d6zkan Uluta\u015f yesterday.<\/p>\n<p>On this occasion, President Osmani congratulated him on his new task as the KFOR Commander and on his return to Kosovo, expressing full confidence in the continuation of close cooperation in order to fulfil the joint goals for peace and security in Kosovo and in the region. In this spirit, she reiterated her gratitude for the engagement and dedication of all military personnel serving within KFOR.<\/p>\n<p>Discussing developments in the field of security, as well as threats coming from Serbia, including threats with a special focus on the use of drones, Madam President emphasized the importance of KFOR coordination and cooperation with our security institutions in order to prevent Serbia&#8217;s destabilizing tactics.<\/p>\n","protected":false},"excerpt":{"rendered":"<p>Following the assumption of the duty of the KFOR Commander, the President of the Republic of Kosovo Vjosa Osmani received Major General \u00d6zkan Uluta\u015f yesterday. On this occasion, President Osmani congratulated him on his new task as the KFOR Commander and on his return to Kosovo, expressing full confidence in the continuation of close cooperation in order to fulfil the joint goals for peace and security in Kosovo and in the region. In this spirit, she reiterated her gratitude for the engagement and dedication of all military personnel serving within KFOR. Discussing developments in the field of security, as well as threats coming from Serbia, including threats with a special focus on the use of drones, Madam President emphasized the importance of KFOR coordination and cooperation with our security institutions in order to prevent Serbia&#8217;s destabilizing tactics.<\/p>\n","protected":false},"author":9,"featured_media":173395,"comment_status":"closed","ping_status":"closed","sticky":false,"template":"","format":"standard","meta":{"_eb_attr":"","footnotes":""},"categories":[111],"tags":[],"class_list":["post-173445","post","type-post","status-publish","format-standard","has-post-thumbnail","hentry","category-news"],"yoast_head":"<!-- This site is optimized with the Yoast SEO plugin v23.5 - https:\/\/yoast.com\/wordpress\/plugins\/seo\/ -->\n<title>President Vjosa Osmani received the new KFOR Commander, Major General \u00d6zkan Uluta\u015f - President of the Republic of Kosovo - DR. VJOSA OSMANI - SADRIU<\/title>\n<meta name=\"description\" content=\"President Vjosa Osmani received the new KFOR Commander, Major General \u00d6zkan Uluta\u015f - President of the Republic of Kosovo - DR. VJOSA OSMANI - SADRIU -\" \/>\n<meta name=\"robots\" content=\"index, follow, max-snippet:-1, max-image-preview:large, max-video-preview:-1\" \/>\n<link rel=\"canonical\" href=\"https:\/\/president-ksgov.net\/sr\/?p=173447\" \/>\n<meta property=\"og:locale\" content=\"en_US\" \/>\n<meta property=\"og:type\" content=\"article\" \/>\n<meta property=\"og:title\" content=\"President Vjosa Osmani received the new KFOR Commander, Major General \u00d6zkan Uluta\u015f - President of the Republic of Kosovo - DR. VJOSA OSMANI - SADRIU\" \/>\n<meta property=\"og:description\" content=\"President Vjosa Osmani received the new KFOR Commander, Major General \u00d6zkan Uluta\u015f - President of the Republic of Kosovo - DR. VJOSA OSMANI - SADRIU -\" \/>\n<meta property=\"og:url\" content=\"https:\/\/president-ksgov.net\/sr\/?p=173447\" \/>\n<meta property=\"og:site_name\" content=\"President of the Republic of Kosovo - DR. VJOSA OSMANI - SADRIU\" \/>\n<meta property=\"article:published_time\" content=\"2025-10-08T07:01:07+00:00\" \/>\n<meta property=\"article:modified_time\" content=\"2025-10-09T06:52:27+00:00\" \/>\n<meta property=\"og:image\" content=\"https:\/\/president-ksgov.net\/wp-content\/uploads\/Presidentja-Vjosa-Osmani-priti-ne-takim-komandantin-e-ri-te-KFOR-it-gjeneralmajor-Ozkan-Ulutas-1.jpg\" \/>\n\t<meta property=\"og:image:width\" content=\"766\" \/>\n\t<meta property=\"og:image:height\" content=\"669\" \/>\n\t<meta property=\"og:image:type\" content=\"image\/jpeg\" \/>\n<meta name=\"author\" content=\"Florent Rrahmani\" \/>\n<meta name=\"twitter:card\" content=\"summary_large_image\" \/>\n<meta name=\"twitter:label1\" content=\"Written by\" \/>\n\t<meta name=\"twitter:data1\" content=\"Florent Rrahmani\" \/>\n\t<meta name=\"twitter:label2\" content=\"Est. reading time\" \/>\n\t<meta name=\"twitter:data2\" content=\"1 minute\" \/>\n<script type=\"application\/ld+json\" class=\"yoast-schema-graph\">{\"@context\":\"https:\/\/schema.org\",\"@graph\":[{\"@type\":\"WebPage\",\"@id\":\"https:\/\/president-ksgov.net\/sr\/?p=173447\",\"url\":\"https:\/\/president-ksgov.net\/sr\/?p=173447\",\"name\":\"President Vjosa Osmani received the new KFOR Commander, Major General \u00d6zkan Uluta\u015f - President of the Republic of Kosovo - DR. VJOSA OSMANI - SADRIU\",\"isPartOf\":{\"@id\":\"https:\/\/president-ksgov.net\/#website\"},\"primaryImageOfPage\":{\"@id\":\"https:\/\/president-ksgov.net\/sr\/?p=173447#primaryimage\"},\"image\":{\"@id\":\"https:\/\/president-ksgov.net\/sr\/?p=173447#primaryimage\"},\"thumbnailUrl\":\"https:\/\/president-ksgov.net\/wp-content\/uploads\/Presidentja-Vjosa-Osmani-priti-ne-takim-komandantin-e-ri-te-KFOR-it-gjeneralmajor-Ozkan-Ulutas-1.jpg\",\"datePublished\":\"2025-10-08T07:01:07+00:00\",\"dateModified\":\"2025-10-09T06:52:27+00:00\",\"author\":{\"@id\":\"https:\/\/president-ksgov.net\/#\/schema\/person\/7c46f744a99d3f1616b92658282aa934\"},\"description\":\"President Vjosa Osmani received the new KFOR Commander, Major General \u00d6zkan Uluta\u015f - President of the Republic of Kosovo - DR. VJOSA OSMANI - SADRIU -\",\"breadcrumb\":{\"@id\":\"https:\/\/president-ksgov.net\/sr\/?p=173447#breadcrumb\"},\"inLanguage\":\"en-US\",\"potentialAction\":[{\"@type\":\"ReadAction\",\"target\":[\"https:\/\/president-ksgov.net\/sr\/?p=173447\"]}]},{\"@type\":\"ImageObject\",\"inLanguage\":\"en-US\",\"@id\":\"https:\/\/president-ksgov.net\/sr\/?p=173447#primaryimage\",\"url\":\"https:\/\/president-ksgov.net\/wp-content\/uploads\/Presidentja-Vjosa-Osmani-priti-ne-takim-komandantin-e-ri-te-KFOR-it-gjeneralmajor-Ozkan-Ulutas-1.jpg\",\"contentUrl\":\"https:\/\/president-ksgov.net\/wp-content\/uploads\/Presidentja-Vjosa-Osmani-priti-ne-takim-komandantin-e-ri-te-KFOR-it-gjeneralmajor-Ozkan-Ulutas-1.jpg\",\"width\":766,\"height\":669},{\"@type\":\"BreadcrumbList\",\"@id\":\"https:\/\/president-ksgov.net\/sr\/?p=173447#breadcrumb\",\"itemListElement\":[{\"@type\":\"ListItem\",\"position\":1,\"name\":\"Home\",\"item\":\"https:\/\/president-ksgov.net\/en\/\"},{\"@type\":\"ListItem\",\"position\":2,\"name\":\"President Vjosa Osmani received the new KFOR Commander, Major General \u00d6zkan Uluta\u015f\"}]},{\"@type\":\"WebSite\",\"@id\":\"https:\/\/president-ksgov.net\/#website\",\"url\":\"https:\/\/president-ksgov.net\/\",\"name\":\"Presidente e Republik\u00ebs s\u00eb Kosov\u00ebs\",\"description\":\"Presidente e Republik\u00ebs s\u00eb Kosov\u00ebs\",\"alternateName\":\"DR. VJOSA OSMANI - SADRIU\",\"potentialAction\":[{\"@type\":\"SearchAction\",\"target\":{\"@type\":\"EntryPoint\",\"urlTemplate\":\"https:\/\/president-ksgov.net\/?s={search_term_string}\"},\"query-input\":{\"@type\":\"PropertyValueSpecification\",\"valueRequired\":true,\"valueName\":\"search_term_string\"}}],\"inLanguage\":\"en-US\"},{\"@type\":\"Person\",\"@id\":\"https:\/\/president-ksgov.net\/#\/schema\/person\/7c46f744a99d3f1616b92658282aa934\",\"name\":\"Florent Rrahmani\",\"image\":{\"@type\":\"ImageObject\",\"inLanguage\":\"en-US\",\"@id\":\"https:\/\/president-ksgov.net\/#\/schema\/person\/image\/\",\"url\":\"https:\/\/secure.gravatar.com\/avatar\/2545924aa250de68ac8368367a79b663e59571cd131611f54c89b0613a94e230?s=96&d=mm&r=g\",\"contentUrl\":\"https:\/\/secure.gravatar.com\/avatar\/2545924aa250de68ac8368367a79b663e59571cd131611f54c89b0613a94e230?s=96&d=mm&r=g\",\"caption\":\"Florent Rrahmani\"}}]}<\/script>\n<!-- \/ Yoast SEO plugin. -->","yoast_head_json":{"title":"President Vjosa Osmani received the new KFOR Commander, Major General \u00d6zkan Uluta\u015f - President of the Republic of Kosovo - DR. VJOSA OSMANI - SADRIU","description":"President Vjosa Osmani received the new KFOR Commander, Major General \u00d6zkan Uluta\u015f - President of the Republic of Kosovo - DR. VJOSA OSMANI - SADRIU -","robots":{"index":"index","follow":"follow","max-snippet":"max-snippet:-1","max-image-preview":"max-image-preview:large","max-video-preview":"max-video-preview:-1"},"canonical":"https:\/\/president-ksgov.net\/sr\/?p=173447","og_locale":"en_US","og_type":"article","og_title":"President Vjosa Osmani received the new KFOR Commander, Major General \u00d6zkan Uluta\u015f - President of the Republic of Kosovo - DR. VJOSA OSMANI - SADRIU","og_description":"President Vjosa Osmani received the new KFOR Commander, Major General \u00d6zkan Uluta\u015f - President of the Republic of Kosovo - DR. VJOSA OSMANI - SADRIU -","og_url":"https:\/\/president-ksgov.net\/sr\/?p=173447","og_site_name":"President of the Republic of Kosovo - DR. VJOSA OSMANI - SADRIU","article_published_time":"2025-10-08T07:01:07+00:00","article_modified_time":"2025-10-09T06:52:27+00:00","og_image":[{"width":766,"height":669,"url":"https:\/\/president-ksgov.net\/wp-content\/uploads\/Presidentja-Vjosa-Osmani-priti-ne-takim-komandantin-e-ri-te-KFOR-it-gjeneralmajor-Ozkan-Ulutas-1.jpg","type":"image\/jpeg"}],"author":"Florent Rrahmani","twitter_card":"summary_large_image","twitter_misc":{"Written by":"Florent Rrahmani","Est. reading time":"1 minute"},"schema":{"@context":"https:\/\/schema.org","@graph":[{"@type":"WebPage","@id":"https:\/\/president-ksgov.net\/sr\/?p=173447","url":"https:\/\/president-ksgov.net\/sr\/?p=173447","name":"President Vjosa Osmani received the new KFOR Commander, Major General \u00d6zkan Uluta\u015f - President of the Republic of Kosovo - DR. VJOSA OSMANI - SADRIU","isPartOf":{"@id":"https:\/\/president-ksgov.net\/#website"},"primaryImageOfPage":{"@id":"https:\/\/president-ksgov.net\/sr\/?p=173447#primaryimage"},"image":{"@id":"https:\/\/president-ksgov.net\/sr\/?p=173447#primaryimage"},"thumbnailUrl":"https:\/\/president-ksgov.net\/wp-content\/uploads\/Presidentja-Vjosa-Osmani-priti-ne-takim-komandantin-e-ri-te-KFOR-it-gjeneralmajor-Ozkan-Ulutas-1.jpg","datePublished":"2025-10-08T07:01:07+00:00","dateModified":"2025-10-09T06:52:27+00:00","author":{"@id":"https:\/\/president-ksgov.net\/#\/schema\/person\/7c46f744a99d3f1616b92658282aa934"},"description":"President Vjosa Osmani received the new KFOR Commander, Major General \u00d6zkan Uluta\u015f - President of the Republic of Kosovo - DR. VJOSA OSMANI - SADRIU -","breadcrumb":{"@id":"https:\/\/president-ksgov.net\/sr\/?p=173447#breadcrumb"},"inLanguage":"en-US","potentialAction":[{"@type":"ReadAction","target":["https:\/\/president-ksgov.net\/sr\/?p=173447"]}]},{"@type":"ImageObject","inLanguage":"en-US","@id":"https:\/\/president-ksgov.net\/sr\/?p=173447#primaryimage","url":"https:\/\/president-ksgov.net\/wp-content\/uploads\/Presidentja-Vjosa-Osmani-priti-ne-takim-komandantin-e-ri-te-KFOR-it-gjeneralmajor-Ozkan-Ulutas-1.jpg","contentUrl":"https:\/\/president-ksgov.net\/wp-content\/uploads\/Presidentja-Vjosa-Osmani-priti-ne-takim-komandantin-e-ri-te-KFOR-it-gjeneralmajor-Ozkan-Ulutas-1.jpg","width":766,"height":669},{"@type":"BreadcrumbList","@id":"https:\/\/president-ksgov.net\/sr\/?p=173447#breadcrumb","itemListElement":[{"@type":"ListItem","position":1,"name":"Home","item":"https:\/\/president-ksgov.net\/en\/"},{"@type":"ListItem","position":2,"name":"President Vjosa Osmani received the new KFOR Commander, Major General \u00d6zkan Uluta\u015f"}]},{"@type":"WebSite","@id":"https:\/\/president-ksgov.net\/#website","url":"https:\/\/president-ksgov.net\/","name":"Presidente e Republik\u00ebs s\u00eb Kosov\u00ebs","description":"Presidente e Republik\u00ebs s\u00eb Kosov\u00ebs","alternateName":"DR. VJOSA OSMANI - SADRIU","potentialAction":[{"@type":"SearchAction","target":{"@type":"EntryPoint","urlTemplate":"https:\/\/president-ksgov.net\/?s={search_term_string}"},"query-input":{"@type":"PropertyValueSpecification","valueRequired":true,"valueName":"search_term_string"}}],"inLanguage":"en-US"},{"@type":"Person","@id":"https:\/\/president-ksgov.net\/#\/schema\/person\/7c46f744a99d3f1616b92658282aa934","name":"Florent Rrahmani","image":{"@type":"ImageObject","inLanguage":"en-US","@id":"https:\/\/president-ksgov.net\/#\/schema\/person\/image\/","url":"https:\/\/secure.gravatar.com\/avatar\/2545924aa250de68ac8368367a79b663e59571cd131611f54c89b0613a94e230?s=96&d=mm&r=g","contentUrl":"https:\/\/secure.gravatar.com\/avatar\/2545924aa250de68ac8368367a79b663e59571cd131611f54c89b0613a94e230?s=96&d=mm&r=g","caption":"Florent Rrahmani"}}]}},"_links":{"self":[{"href":"https:\/\/president-ksgov.net\/en\/wp-json\/wp\/v2\/posts\/173445","targetHints":{"allow":["GET"]}}],"collection":[{"href":"https:\/\/president-ksgov.net\/en\/wp-json\/wp\/v2\/posts"}],"about":[{"href":"https:\/\/president-ksgov.net\/en\/wp-json\/wp\/v2\/types\/post"}],"author":[{"embeddable":true,"href":"https:\/\/president-ksgov.net\/en\/wp-json\/wp\/v2\/users\/9"}],"replies":[{"embeddable":true,"href":"https:\/\/president-ksgov.net\/en\/wp-json\/wp\/v2\/comments?post=173445"}],"version-history":[{"count":1,"href":"https:\/\/president-ksgov.net\/en\/wp-json\/wp\/v2\/posts\/173445\/revisions"}],"predecessor-version":[{"id":173446,"href":"https:\/\/president-ksgov.net\/en\/wp-json\/wp\/v2\/posts\/173445\/revisions\/173446"}],"wp:featuredmedia":[{"embeddable":true,"href":"https:\/\/president-ksgov.net\/en\/wp-json\/wp\/v2\/media\/173395"}],"wp:attachment":[{"href":"https:\/\/president-ksgov.net\/en\/wp-json\/wp\/v2\/media?parent=173445"}],"wp:term":[{"taxonomy":"category","embeddable":true,"href":"https:\/\/president-ksgov.net\/en\/wp-json\/wp\/v2\/categories?post=173445"},{"taxonomy":"post_tag","embeddable":true,"href":"https:\/\/president-ksgov.net\/en\/wp-json\/wp\/v2\/tags?post=173445"}],"curies":[{"name":"wp","href":"https:\/\/api.w.org\/{rel}","templated":true}]}}