{"id":173026,"date":"2025-09-30T18:09:27","date_gmt":"2025-09-30T16:09:27","guid":{"rendered":"https:\/\/president-ksgov.net\/?p=173026"},"modified":"2025-10-01T08:44:45","modified_gmt":"2025-10-01T06:44:45","slug":"summary-of-president-vjosa-osmanis-visit-to-the-united-states","status":"publish","type":"post","link":"https:\/\/president-ksgov.net\/en\/summary-of-president-vjosa-osmanis-visit-to-the-united-states\/","title":{"rendered":"Summary of President Vjosa Osmani\u2019s visit to the United States"},"content":{"rendered":"<p>During her visit to the United States, President Osmani held a series of bilateral meetings, participated in discussions with partners, and attended numerous multilateral activities as part of the United Nations High-Level Week. She also met with our diaspora in the US and visited the US Army War College.<\/p>\n<p>Aiming to further deepen bilateral relations with the United States of America, Madam President had substantive talks with:<\/p>\n<p>US President Donald J. Trump<\/p>\n<p>US Secretary of State Marco Rubio<\/p>\n<p>Deputy Secretary of State Christopher Landau<\/p>\n<p>US Secretary of Commerce, Howard Lutnick<\/p>\n<p>Chairman of the House Foreign Affairs Committee in the US Congress, Congressman Brian Mast<\/p>\n<p>Senior US State Department official, Brendan Hanrahan<\/p>\n<p>Senator Richard Blumenthal<\/p>\n<p>Congressman Keith Self<\/p>\n<p>Congressman Joe Wilson<\/p>\n<p>Madam President also held bilateral meetings with:<\/p>\n<p>President of Finland, Alexander Stubb<\/p>\n<p>President of Guinea-Bissau, Umaro Sissoco Embal\u00f3<\/p>\n<p>President of Senegal, Bassirou Diomaye Faye<\/p>\n<p>Prime Minister of the Bahamas, Philip Davis<\/p>\n<p>Prime Minister of Bangladesh, Muhammad Yunus<\/p>\n<p>EU High Representative, Ms. Kaja Kallas<\/p>\n<p>NATO Assistant Secretary General, Ambassador Boris Ruge<\/p>\n<p>Arab League Secretary General, Ahmed Aboul Gheit<\/p>\n<p>Secretary for Relations with States of the Holy See, Archbishop Paul Gallagher<\/p>\n<p>At the same time, talks were also held during multilateral activities in New York with:<\/p>\n<p>President of Turkey, Recep Tayyip Erdo\u011fan<\/p>\n<p>President of Albania, Bajram Begaj<\/p>\n<p>President of the Swiss Confederation, Karin Keller-Sutter<\/p>\n<p>President of Slovenia, Nata\u0161a Pirc Musar<\/p>\n<p>President of Portugal, Marcelo Rebelo de Sousa<\/p>\n<p>President of Kenya, William Ruto<\/p>\n<p>President of the Council of the EU, Ant\u00f3nio Costa<\/p>\n<p>President of Poland, Karol Tadeusz Nawrocki<\/p>\n<p>President of Micronesia, Wesley Simina<\/p>\n<p>President of the Dominican Republic, Luis Abinader<\/p>\n<p>President of Madagascar, Andry Rajoelina<\/p>\n<p>President of Suriname, Jennifer Geerlings-Simons<\/p>\n<p>President of Kiribati, Taneti Maamau<\/p>\n<p>Crown Prince of Kuwait, H. T. Sabah Al-Khalid Al-Sabah<\/p>\n<p>President of Azerbaijan, Ilham Aliyev<\/p>\n<p>President of Uzbekistan, Shavkat Mirziyoyev<\/p>\n<p>Prime Minister of Canada, Mark Carney<\/p>\n<p>Prime Minister of Japan, Ishiba Shigeru<\/p>\n<p>Prime Minister of Australia, Anthony Albanese<\/p>\n<p>Prime Minister of Ireland, Miche\u00e1l Martin<\/p>\n<p>Prime Minister of Belize, John Antonio Brice\u00f1o<\/p>\n<p>Prime Minister of Solomon Islands, Jeremiah Manele<\/p>\n<p>Prime Minister of the Kingdom of Tonga, \u2018Aisake Valu Eke<\/p>\n<p>Deputy Prime Minister and Minister of Foreign Affairs of Luxembourg, Xavier Bettel<\/p>\n<p>German Foreign Minister Johann Wadephul<\/p>\n<p>Minister for Europe and Foreign Affairs of Albania Elisa Spiropali<\/p>\n<p>Belgian Minister of Foreign Affairs Maxime Pr\u00e9vot<\/p>\n<p>El Salvadorian Minister of Foreign Affairs Alexandra Hill Tinoco<\/p>\n<p>Irish Foreign Minister Simon Harris<\/p>\n<p>Austrian Minister of Foreign Affairs Beate Meinl-Reisinger<\/p>\n<p>Saudi Arabian Minister of Foreign Affairs H.E. Faisal bin Farhan Al Saud<\/p>\n<p>Brunei Foreign Minister Erywan Yusof<\/p>\n<p>Qatar Minister of State for International Cooperation Ms. Maryam bint Ali bin Nasser Al-Misnad<\/p>\n<p>Rwanda Minister of Foreign Affairs and Cooperation Olivier Nduhungirehe<\/p>\n<p>WHO Director-General Dr. Tedros Adhanom Ghebreyesus<\/p>\n<p>FIFA President, Gianni Infantino<\/p>\n<p>Madam President&#8217;s additional activities during her stay in the US include:<\/p>\n<p>&#8211; Participation in the \u201cGlobal Refugee and Asylum System\u201d panel<br \/>\norganized by the US Government, at the invitation of the Deputy Secretary of State, Christopher Landau<\/p>\n<p>&#8211; Visit to the US Army War College and addressing the senior military officers<\/p>\n<p>&#8211; Speech, lecture and meetings at the University of Pittsburgh, Pennsylvania<\/p>\n<p>&#8211; Participation in the panel with President Bill Clinton and the WHO Director at the closing event of the Clinton Global Initiative<\/p>\n<p>&#8211; Meeting of the Global Community Engagement and Resilience Fund (GCERF), at the invitation of the German Foreign Minister, Johann Wadephul<\/p>\n<p>&#8211; Speech at the Clinton Global Initiative on the importance of women\u2019s empowerment<\/p>\n<p>&#8211; Address at the Albanian American Relations Council (AARC) event<\/p>\n<p>&#8211; Receiving the Women Empowerment Award from Fashion 4 Development<\/p>\n<p>&#8211; Participation in the reception organized by the Federal Republic of Germany for world leaders<\/p>\n<p>&#8211; Participation at the meeting organized by American representatives with the leaders of the Western Balkans (US-Western Balkans roundtable)<\/p>\n<p>&#8211; Participation in the annual meeting organized by Luxembourg Foreign Minister Xavier Bettel for world leaders<\/p>\n<p>&#8211; Meeting with young Albanian-Americans<\/p>\n<p>Fox News Interview with Brian Kilmeade on Fox &amp; Friends<\/p>\n<p>President Osmani also met with our diaspora in New York City, Staten Island (New York), Waterbury (Connecticut) and Philadelphia (Pennsylvania).<\/p>\n<p>&nbsp;<\/p>\n","protected":false},"excerpt":{"rendered":"<p>During her visit to the United States, President Osmani held a series of bilateral meetings, participated in discussions with partners, and attended numerous multilateral activities as part of the United Nations High-Level Week. She also met with our diaspora in the US and visited the US Army War College. Aiming to further deepen bilateral relations with the United States of America, Madam President had substantive talks with: US President Donald J. Trump US Secretary of State Marco Rubio Deputy Secretary of State Christopher Landau US Secretary of Commerce, Howard Lutnick Chairman of the House Foreign Affairs Committee in the US Congress, Congressman Brian Mast Senior US State Department official, Brendan Hanrahan Senator Richard Blumenthal Congressman Keith Self Congressman Joe Wilson Madam President also held bilateral meetings with: President of Finland, Alexander Stubb President of Guinea-Bissau, Umaro Sissoco Embal\u00f3 President of Senegal, Bassirou Diomaye Faye Prime Minister of the Bahamas, Philip Davis Prime Minister of Bangladesh, Muhammad Yunus EU High Representative, Ms. Kaja Kallas NATO Assistant Secretary General, Ambassador Boris Ruge Arab League Secretary General, Ahmed Aboul Gheit Secretary for Relations with States of the Holy See, Archbishop Paul Gallagher At the same time, talks were also held during multilateral activities in New York with: President of Turkey, Recep Tayyip Erdo\u011fan President of Albania, Bajram Begaj President of the Swiss Confederation, Karin Keller-Sutter President of Slovenia, Nata\u0161a Pirc Musar President of Portugal, Marcelo Rebelo de Sousa President of Kenya, William Ruto President of the Council of the EU, Ant\u00f3nio Costa President of Poland, Karol Tadeusz Nawrocki President of Micronesia, Wesley Simina President of the Dominican Republic, Luis Abinader President of Madagascar, Andry Rajoelina President of Suriname, Jennifer Geerlings-Simons President of Kiribati, Taneti Maamau Crown Prince of Kuwait, H. T. Sabah Al-Khalid Al-Sabah President of Azerbaijan, Ilham Aliyev President of Uzbekistan, Shavkat Mirziyoyev Prime Minister of Canada, Mark Carney Prime Minister of Japan, Ishiba Shigeru Prime Minister of Australia, Anthony Albanese Prime Minister of Ireland, Miche\u00e1l Martin Prime Minister of Belize, John Antonio Brice\u00f1o Prime Minister of Solomon Islands, Jeremiah Manele Prime Minister of the Kingdom of Tonga, \u2018Aisake Valu Eke Deputy Prime Minister and Minister of Foreign Affairs of Luxembourg, Xavier Bettel German Foreign Minister Johann Wadephul Minister for Europe and Foreign Affairs of Albania Elisa Spiropali Belgian Minister of Foreign Affairs Maxime Pr\u00e9vot El Salvadorian Minister of Foreign Affairs Alexandra Hill Tinoco Irish Foreign Minister Simon Harris Austrian Minister of Foreign Affairs Beate Meinl-Reisinger Saudi Arabian Minister of Foreign Affairs H.E. Faisal bin Farhan Al Saud Brunei Foreign Minister Erywan Yusof Qatar Minister of State for International Cooperation Ms. Maryam bint Ali bin Nasser Al-Misnad Rwanda Minister of Foreign Affairs and Cooperation Olivier Nduhungirehe WHO Director-General Dr. Tedros Adhanom Ghebreyesus FIFA President, Gianni Infantino Madam President&#8217;s additional activities during her stay in the US include: &#8211; Participation in the \u201cGlobal Refugee and Asylum System\u201d panel organized by the US Government, at the invitation of the Deputy Secretary of State, Christopher Landau &#8211; Visit to the US Army War College and addressing the senior military officers &#8211; Speech, lecture and meetings at the University of Pittsburgh, Pennsylvania &#8211; Participation in the panel with President Bill Clinton and the WHO Director at the closing event of the Clinton Global Initiative &#8211; Meeting of the Global Community Engagement and Resilience Fund (GCERF), at the invitation of the German Foreign Minister, Johann Wadephul &#8211; Speech at the Clinton Global Initiative on the importance of women\u2019s empowerment &#8211; Address at the Albanian American Relations Council (AARC) event &#8211; Receiving the Women Empowerment Award from Fashion 4 Development &#8211; Participation in the reception organized by the Federal Republic of Germany for world leaders &#8211; Participation at the meeting organized by American representatives with the leaders of the Western Balkans (US-Western Balkans roundtable) &#8211; Participation in the annual meeting organized by Luxembourg Foreign Minister Xavier Bettel for world leaders &#8211; Meeting with young Albanian-Americans Fox News Interview with Brian Kilmeade on Fox &amp; Friends President Osmani also met with our diaspora in New York City, Staten Island (New York), Waterbury (Connecticut) and Philadelphia (Pennsylvania). &nbsp;<\/p>\n","protected":false},"author":9,"featured_media":172621,"comment_status":"closed","ping_status":"closed","sticky":false,"template":"","format":"standard","meta":{"_eb_attr":"","footnotes":""},"categories":[113,111],"tags":[],"class_list":["post-173026","post","type-post","status-publish","format-standard","has-post-thumbnail","hentry","category-international-visits","category-news"],"yoast_head":"<!-- This site is optimized with the Yoast SEO plugin v23.5 - https:\/\/yoast.com\/wordpress\/plugins\/seo\/ -->\n<title>Summary of President Vjosa Osmani\u2019s visit to the United States - President of the Republic of Kosovo - DR. VJOSA OSMANI - SADRIU<\/title>\n<meta name=\"description\" content=\"Summary of President Vjosa Osmani\u2019s visit to the United States - President of the Republic of Kosovo - DR. VJOSA OSMANI - SADRIU - News\" \/>\n<meta name=\"robots\" content=\"index, follow, max-snippet:-1, max-image-preview:large, max-video-preview:-1\" \/>\n<link rel=\"canonical\" href=\"https:\/\/president-ksgov.net\/en\/summary-of-president-vjosa-osmanis-visit-to-the-united-states\/\" \/>\n<meta property=\"og:locale\" content=\"en_US\" \/>\n<meta property=\"og:type\" content=\"article\" \/>\n<meta property=\"og:title\" content=\"Summary of President Vjosa Osmani\u2019s visit to the United States - President of the Republic of Kosovo - DR. VJOSA OSMANI - SADRIU\" \/>\n<meta property=\"og:description\" content=\"Summary of President Vjosa Osmani\u2019s visit to the United States - President of the Republic of Kosovo - DR. VJOSA OSMANI - SADRIU - News\" \/>\n<meta property=\"og:url\" content=\"https:\/\/president-ksgov.net\/en\/summary-of-president-vjosa-osmanis-visit-to-the-united-states\/\" \/>\n<meta property=\"og:site_name\" content=\"President of the Republic of Kosovo - DR. VJOSA OSMANI - SADRIU\" \/>\n<meta property=\"article:published_time\" content=\"2025-09-30T16:09:27+00:00\" \/>\n<meta property=\"article:modified_time\" content=\"2025-10-01T06:44:45+00:00\" \/>\n<meta property=\"og:image\" content=\"https:\/\/president-ksgov.net\/wp-content\/uploads\/30.09.25-1.jpg\" \/>\n\t<meta property=\"og:image:width\" content=\"1440\" \/>\n\t<meta property=\"og:image:height\" content=\"960\" \/>\n\t<meta property=\"og:image:type\" content=\"image\/jpeg\" \/>\n<meta name=\"author\" content=\"Florent Rrahmani\" \/>\n<meta name=\"twitter:card\" content=\"summary_large_image\" \/>\n<meta name=\"twitter:label1\" content=\"Written by\" \/>\n\t<meta name=\"twitter:data1\" content=\"Florent Rrahmani\" \/>\n\t<meta name=\"twitter:label2\" content=\"Est. reading time\" \/>\n\t<meta name=\"twitter:data2\" content=\"4 minutes\" \/>\n<script type=\"application\/ld+json\" class=\"yoast-schema-graph\">{\"@context\":\"https:\/\/schema.org\",\"@graph\":[{\"@type\":\"WebPage\",\"@id\":\"https:\/\/president-ksgov.net\/en\/summary-of-president-vjosa-osmanis-visit-to-the-united-states\/\",\"url\":\"https:\/\/president-ksgov.net\/en\/summary-of-president-vjosa-osmanis-visit-to-the-united-states\/\",\"name\":\"Summary of President Vjosa Osmani\u2019s visit to the United States - President of the Republic of Kosovo - DR. VJOSA OSMANI - SADRIU\",\"isPartOf\":{\"@id\":\"https:\/\/president-ksgov.net\/#website\"},\"primaryImageOfPage\":{\"@id\":\"https:\/\/president-ksgov.net\/en\/summary-of-president-vjosa-osmanis-visit-to-the-united-states\/#primaryimage\"},\"image\":{\"@id\":\"https:\/\/president-ksgov.net\/en\/summary-of-president-vjosa-osmanis-visit-to-the-united-states\/#primaryimage\"},\"thumbnailUrl\":\"https:\/\/president-ksgov.net\/wp-content\/uploads\/30.09.25-1.jpg\",\"datePublished\":\"2025-09-30T16:09:27+00:00\",\"dateModified\":\"2025-10-01T06:44:45+00:00\",\"author\":{\"@id\":\"https:\/\/president-ksgov.net\/#\/schema\/person\/7c46f744a99d3f1616b92658282aa934\"},\"description\":\"Summary of President Vjosa Osmani\u2019s visit to the United States - President of the Republic of Kosovo - DR. VJOSA OSMANI - SADRIU - News\",\"breadcrumb\":{\"@id\":\"https:\/\/president-ksgov.net\/en\/summary-of-president-vjosa-osmanis-visit-to-the-united-states\/#breadcrumb\"},\"inLanguage\":\"en-US\",\"potentialAction\":[{\"@type\":\"ReadAction\",\"target\":[\"https:\/\/president-ksgov.net\/en\/summary-of-president-vjosa-osmanis-visit-to-the-united-states\/\"]}]},{\"@type\":\"ImageObject\",\"inLanguage\":\"en-US\",\"@id\":\"https:\/\/president-ksgov.net\/en\/summary-of-president-vjosa-osmanis-visit-to-the-united-states\/#primaryimage\",\"url\":\"https:\/\/president-ksgov.net\/wp-content\/uploads\/30.09.25-1.jpg\",\"contentUrl\":\"https:\/\/president-ksgov.net\/wp-content\/uploads\/30.09.25-1.jpg\",\"width\":1440,\"height\":960},{\"@type\":\"BreadcrumbList\",\"@id\":\"https:\/\/president-ksgov.net\/en\/summary-of-president-vjosa-osmanis-visit-to-the-united-states\/#breadcrumb\",\"itemListElement\":[{\"@type\":\"ListItem\",\"position\":1,\"name\":\"Home\",\"item\":\"https:\/\/president-ksgov.net\/en\/\"},{\"@type\":\"ListItem\",\"position\":2,\"name\":\"Summary of President Vjosa Osmani\u2019s visit to the United States\"}]},{\"@type\":\"WebSite\",\"@id\":\"https:\/\/president-ksgov.net\/#website\",\"url\":\"https:\/\/president-ksgov.net\/\",\"name\":\"Presidente e Republik\u00ebs s\u00eb Kosov\u00ebs\",\"description\":\"Presidente e Republik\u00ebs s\u00eb Kosov\u00ebs\",\"alternateName\":\"DR. VJOSA OSMANI - SADRIU\",\"potentialAction\":[{\"@type\":\"SearchAction\",\"target\":{\"@type\":\"EntryPoint\",\"urlTemplate\":\"https:\/\/president-ksgov.net\/?s={search_term_string}\"},\"query-input\":{\"@type\":\"PropertyValueSpecification\",\"valueRequired\":true,\"valueName\":\"search_term_string\"}}],\"inLanguage\":\"en-US\"},{\"@type\":\"Person\",\"@id\":\"https:\/\/president-ksgov.net\/#\/schema\/person\/7c46f744a99d3f1616b92658282aa934\",\"name\":\"Florent Rrahmani\",\"image\":{\"@type\":\"ImageObject\",\"inLanguage\":\"en-US\",\"@id\":\"https:\/\/president-ksgov.net\/#\/schema\/person\/image\/\",\"url\":\"https:\/\/secure.gravatar.com\/avatar\/2545924aa250de68ac8368367a79b663e59571cd131611f54c89b0613a94e230?s=96&d=mm&r=g\",\"contentUrl\":\"https:\/\/secure.gravatar.com\/avatar\/2545924aa250de68ac8368367a79b663e59571cd131611f54c89b0613a94e230?s=96&d=mm&r=g\",\"caption\":\"Florent Rrahmani\"}}]}<\/script>\n<!-- \/ Yoast SEO plugin. -->","yoast_head_json":{"title":"Summary of President Vjosa Osmani\u2019s visit to the United States - President of the Republic of Kosovo - DR. VJOSA OSMANI - SADRIU","description":"Summary of President Vjosa Osmani\u2019s visit to the United States - President of the Republic of Kosovo - DR. VJOSA OSMANI - SADRIU - News","robots":{"index":"index","follow":"follow","max-snippet":"max-snippet:-1","max-image-preview":"max-image-preview:large","max-video-preview":"max-video-preview:-1"},"canonical":"https:\/\/president-ksgov.net\/en\/summary-of-president-vjosa-osmanis-visit-to-the-united-states\/","og_locale":"en_US","og_type":"article","og_title":"Summary of President Vjosa Osmani\u2019s visit to the United States - President of the Republic of Kosovo - DR. VJOSA OSMANI - SADRIU","og_description":"Summary of President Vjosa Osmani\u2019s visit to the United States - President of the Republic of Kosovo - DR. VJOSA OSMANI - SADRIU - News","og_url":"https:\/\/president-ksgov.net\/en\/summary-of-president-vjosa-osmanis-visit-to-the-united-states\/","og_site_name":"President of the Republic of Kosovo - DR. VJOSA OSMANI - SADRIU","article_published_time":"2025-09-30T16:09:27+00:00","article_modified_time":"2025-10-01T06:44:45+00:00","og_image":[{"width":1440,"height":960,"url":"https:\/\/president-ksgov.net\/wp-content\/uploads\/30.09.25-1.jpg","type":"image\/jpeg"}],"author":"Florent Rrahmani","twitter_card":"summary_large_image","twitter_misc":{"Written by":"Florent Rrahmani","Est. reading time":"4 minutes"},"schema":{"@context":"https:\/\/schema.org","@graph":[{"@type":"WebPage","@id":"https:\/\/president-ksgov.net\/en\/summary-of-president-vjosa-osmanis-visit-to-the-united-states\/","url":"https:\/\/president-ksgov.net\/en\/summary-of-president-vjosa-osmanis-visit-to-the-united-states\/","name":"Summary of President Vjosa Osmani\u2019s visit to the United States - President of the Republic of Kosovo - DR. VJOSA OSMANI - SADRIU","isPartOf":{"@id":"https:\/\/president-ksgov.net\/#website"},"primaryImageOfPage":{"@id":"https:\/\/president-ksgov.net\/en\/summary-of-president-vjosa-osmanis-visit-to-the-united-states\/#primaryimage"},"image":{"@id":"https:\/\/president-ksgov.net\/en\/summary-of-president-vjosa-osmanis-visit-to-the-united-states\/#primaryimage"},"thumbnailUrl":"https:\/\/president-ksgov.net\/wp-content\/uploads\/30.09.25-1.jpg","datePublished":"2025-09-30T16:09:27+00:00","dateModified":"2025-10-01T06:44:45+00:00","author":{"@id":"https:\/\/president-ksgov.net\/#\/schema\/person\/7c46f744a99d3f1616b92658282aa934"},"description":"Summary of President Vjosa Osmani\u2019s visit to the United States - President of the Republic of Kosovo - DR. VJOSA OSMANI - SADRIU - News","breadcrumb":{"@id":"https:\/\/president-ksgov.net\/en\/summary-of-president-vjosa-osmanis-visit-to-the-united-states\/#breadcrumb"},"inLanguage":"en-US","potentialAction":[{"@type":"ReadAction","target":["https:\/\/president-ksgov.net\/en\/summary-of-president-vjosa-osmanis-visit-to-the-united-states\/"]}]},{"@type":"ImageObject","inLanguage":"en-US","@id":"https:\/\/president-ksgov.net\/en\/summary-of-president-vjosa-osmanis-visit-to-the-united-states\/#primaryimage","url":"https:\/\/president-ksgov.net\/wp-content\/uploads\/30.09.25-1.jpg","contentUrl":"https:\/\/president-ksgov.net\/wp-content\/uploads\/30.09.25-1.jpg","width":1440,"height":960},{"@type":"BreadcrumbList","@id":"https:\/\/president-ksgov.net\/en\/summary-of-president-vjosa-osmanis-visit-to-the-united-states\/#breadcrumb","itemListElement":[{"@type":"ListItem","position":1,"name":"Home","item":"https:\/\/president-ksgov.net\/en\/"},{"@type":"ListItem","position":2,"name":"Summary of President Vjosa Osmani\u2019s visit to the United States"}]},{"@type":"WebSite","@id":"https:\/\/president-ksgov.net\/#website","url":"https:\/\/president-ksgov.net\/","name":"Presidente e Republik\u00ebs s\u00eb Kosov\u00ebs","description":"Presidente e Republik\u00ebs s\u00eb Kosov\u00ebs","alternateName":"DR. VJOSA OSMANI - SADRIU","potentialAction":[{"@type":"SearchAction","target":{"@type":"EntryPoint","urlTemplate":"https:\/\/president-ksgov.net\/?s={search_term_string}"},"query-input":{"@type":"PropertyValueSpecification","valueRequired":true,"valueName":"search_term_string"}}],"inLanguage":"en-US"},{"@type":"Person","@id":"https:\/\/president-ksgov.net\/#\/schema\/person\/7c46f744a99d3f1616b92658282aa934","name":"Florent Rrahmani","image":{"@type":"ImageObject","inLanguage":"en-US","@id":"https:\/\/president-ksgov.net\/#\/schema\/person\/image\/","url":"https:\/\/secure.gravatar.com\/avatar\/2545924aa250de68ac8368367a79b663e59571cd131611f54c89b0613a94e230?s=96&d=mm&r=g","contentUrl":"https:\/\/secure.gravatar.com\/avatar\/2545924aa250de68ac8368367a79b663e59571cd131611f54c89b0613a94e230?s=96&d=mm&r=g","caption":"Florent Rrahmani"}}]}},"_links":{"self":[{"href":"https:\/\/president-ksgov.net\/en\/wp-json\/wp\/v2\/posts\/173026","targetHints":{"allow":["GET"]}}],"collection":[{"href":"https:\/\/president-ksgov.net\/en\/wp-json\/wp\/v2\/posts"}],"about":[{"href":"https:\/\/president-ksgov.net\/en\/wp-json\/wp\/v2\/types\/post"}],"author":[{"embeddable":true,"href":"https:\/\/president-ksgov.net\/en\/wp-json\/wp\/v2\/users\/9"}],"replies":[{"embeddable":true,"href":"https:\/\/president-ksgov.net\/en\/wp-json\/wp\/v2\/comments?post=173026"}],"version-history":[{"count":1,"href":"https:\/\/president-ksgov.net\/en\/wp-json\/wp\/v2\/posts\/173026\/revisions"}],"predecessor-version":[{"id":173027,"href":"https:\/\/president-ksgov.net\/en\/wp-json\/wp\/v2\/posts\/173026\/revisions\/173027"}],"wp:featuredmedia":[{"embeddable":true,"href":"https:\/\/president-ksgov.net\/en\/wp-json\/wp\/v2\/media\/172621"}],"wp:attachment":[{"href":"https:\/\/president-ksgov.net\/en\/wp-json\/wp\/v2\/media?parent=173026"}],"wp:term":[{"taxonomy":"category","embeddable":true,"href":"https:\/\/president-ksgov.net\/en\/wp-json\/wp\/v2\/categories?post=173026"},{"taxonomy":"post_tag","embeddable":true,"href":"https:\/\/president-ksgov.net\/en\/wp-json\/wp\/v2\/tags?post=173026"}],"curies":[{"name":"wp","href":"https:\/\/api.w.org\/{rel}","templated":true}]}}