{"id":171259,"date":"2025-09-02T17:34:05","date_gmt":"2025-09-02T15:34:05","guid":{"rendered":"https:\/\/president-ksgov.net\/?p=171259"},"modified":"2025-09-04T08:34:56","modified_gmt":"2025-09-04T06:34:56","slug":"president-vjosa-osmani-received-the-german-ambassador-jorn-rohde","status":"publish","type":"post","link":"https:\/\/president-ksgov.net\/en\/president-vjosa-osmani-received-the-german-ambassador-jorn-rohde\/","title":{"rendered":"President Vjosa Osmani received the German Ambassador, J\u00f6rn Rohde"},"content":{"rendered":"<p>President Vjosa Osmani received today the Ambassador of the Federal Republic of Germany, J\u00f6rn Rohde.<\/p>\n<p>During the meeting, President Osmani and Ambassador Rohde discussed the current political and security developments in the country.<\/p>\n<p>Among others, the process of constitution of the institutions as a result of the February 9th elections was discussed. Madam President reaffirmed that, as always, she will act in full compliance with the Constitution and laws in force, guaranteeing institutional stability and respecting the will of the citizens of Kosovo.<\/p>\n<p>At the meeting, President Osmani praised the close cooperation with Germany and the unwavering partnership between the two countries, emphasizing the importance of continuing joint efforts to deepen this partnership and support to Kosovo&#8217;s Euro-Atlantic journey.<\/p>\n","protected":false},"excerpt":{"rendered":"<p>President Vjosa Osmani received today the Ambassador of the Federal Republic of Germany, J\u00f6rn Rohde. During the meeting, President Osmani and Ambassador Rohde discussed the current political and security developments in the country. Among others, the process of constitution of the institutions as a result of the February 9th elections was discussed. Madam President reaffirmed that, as always, she will act in full compliance with the Constitution and laws in force, guaranteeing institutional stability and respecting the will of the citizens of Kosovo. At the meeting, President Osmani praised the close cooperation with Germany and the unwavering partnership between the two countries, emphasizing the importance of continuing joint efforts to deepen this partnership and support to Kosovo&#8217;s Euro-Atlantic journey.<\/p>\n","protected":false},"author":9,"featured_media":171221,"comment_status":"closed","ping_status":"closed","sticky":false,"template":"","format":"standard","meta":{"_eb_attr":"","footnotes":""},"categories":[111],"tags":[],"class_list":["post-171259","post","type-post","status-publish","format-standard","has-post-thumbnail","hentry","category-news"],"yoast_head":"<!-- This site is optimized with the Yoast SEO plugin v23.5 - https:\/\/yoast.com\/wordpress\/plugins\/seo\/ -->\n<title>President Vjosa Osmani received the German Ambassador, J\u00f6rn Rohde - President of the Republic of Kosovo - DR. VJOSA OSMANI - SADRIU<\/title>\n<meta name=\"description\" content=\"President Vjosa Osmani received the German Ambassador, J\u00f6rn Rohde - President of the Republic of Kosovo - DR. VJOSA OSMANI - SADRIU -\" \/>\n<meta name=\"robots\" content=\"index, follow, max-snippet:-1, max-image-preview:large, max-video-preview:-1\" \/>\n<link rel=\"canonical\" href=\"https:\/\/president-ksgov.net\/sr\/?p=171261\" \/>\n<meta property=\"og:locale\" content=\"en_US\" \/>\n<meta property=\"og:type\" content=\"article\" \/>\n<meta property=\"og:title\" content=\"President Vjosa Osmani received the German Ambassador, J\u00f6rn Rohde - President of the Republic of Kosovo - DR. VJOSA OSMANI - SADRIU\" \/>\n<meta property=\"og:description\" content=\"President Vjosa Osmani received the German Ambassador, J\u00f6rn Rohde - President of the Republic of Kosovo - DR. VJOSA OSMANI - SADRIU -\" \/>\n<meta property=\"og:url\" content=\"https:\/\/president-ksgov.net\/sr\/?p=171261\" \/>\n<meta property=\"og:site_name\" content=\"President of the Republic of Kosovo - DR. VJOSA OSMANI - SADRIU\" \/>\n<meta property=\"article:published_time\" content=\"2025-09-02T15:34:05+00:00\" \/>\n<meta property=\"article:modified_time\" content=\"2025-09-04T06:34:56+00:00\" \/>\n<meta property=\"og:image\" content=\"https:\/\/president-ksgov.net\/wp-content\/uploads\/02.09.2025-Presidentja-Vjosa-Osmani-priti-ne-takim-ambasadorin-e-Gjermanise-Jorn-Rohde-1.jpeg\" \/>\n\t<meta property=\"og:image:width\" content=\"2560\" \/>\n\t<meta property=\"og:image:height\" content=\"1710\" \/>\n\t<meta property=\"og:image:type\" content=\"image\/jpeg\" \/>\n<meta name=\"author\" content=\"Florent Rrahmani\" \/>\n<meta name=\"twitter:card\" content=\"summary_large_image\" \/>\n<meta name=\"twitter:label1\" content=\"Written by\" \/>\n\t<meta name=\"twitter:data1\" content=\"Florent Rrahmani\" \/>\n\t<meta name=\"twitter:label2\" content=\"Est. reading time\" \/>\n\t<meta name=\"twitter:data2\" content=\"1 minute\" \/>\n<script type=\"application\/ld+json\" class=\"yoast-schema-graph\">{\"@context\":\"https:\/\/schema.org\",\"@graph\":[{\"@type\":\"WebPage\",\"@id\":\"https:\/\/president-ksgov.net\/sr\/?p=171261\",\"url\":\"https:\/\/president-ksgov.net\/sr\/?p=171261\",\"name\":\"President Vjosa Osmani received the German Ambassador, J\u00f6rn Rohde - President of the Republic of Kosovo - DR. VJOSA OSMANI - SADRIU\",\"isPartOf\":{\"@id\":\"https:\/\/president-ksgov.net\/#website\"},\"primaryImageOfPage\":{\"@id\":\"https:\/\/president-ksgov.net\/sr\/?p=171261#primaryimage\"},\"image\":{\"@id\":\"https:\/\/president-ksgov.net\/sr\/?p=171261#primaryimage\"},\"thumbnailUrl\":\"https:\/\/president-ksgov.net\/wp-content\/uploads\/02.09.2025-Presidentja-Vjosa-Osmani-priti-ne-takim-ambasadorin-e-Gjermanise-Jorn-Rohde-1.jpeg\",\"datePublished\":\"2025-09-02T15:34:05+00:00\",\"dateModified\":\"2025-09-04T06:34:56+00:00\",\"author\":{\"@id\":\"https:\/\/president-ksgov.net\/#\/schema\/person\/7c46f744a99d3f1616b92658282aa934\"},\"description\":\"President Vjosa Osmani received the German Ambassador, J\u00f6rn Rohde - President of the Republic of Kosovo - DR. VJOSA OSMANI - SADRIU -\",\"breadcrumb\":{\"@id\":\"https:\/\/president-ksgov.net\/sr\/?p=171261#breadcrumb\"},\"inLanguage\":\"en-US\",\"potentialAction\":[{\"@type\":\"ReadAction\",\"target\":[\"https:\/\/president-ksgov.net\/sr\/?p=171261\"]}]},{\"@type\":\"ImageObject\",\"inLanguage\":\"en-US\",\"@id\":\"https:\/\/president-ksgov.net\/sr\/?p=171261#primaryimage\",\"url\":\"https:\/\/president-ksgov.net\/wp-content\/uploads\/02.09.2025-Presidentja-Vjosa-Osmani-priti-ne-takim-ambasadorin-e-Gjermanise-Jorn-Rohde-1.jpeg\",\"contentUrl\":\"https:\/\/president-ksgov.net\/wp-content\/uploads\/02.09.2025-Presidentja-Vjosa-Osmani-priti-ne-takim-ambasadorin-e-Gjermanise-Jorn-Rohde-1.jpeg\",\"width\":2560,\"height\":1710},{\"@type\":\"BreadcrumbList\",\"@id\":\"https:\/\/president-ksgov.net\/sr\/?p=171261#breadcrumb\",\"itemListElement\":[{\"@type\":\"ListItem\",\"position\":1,\"name\":\"Home\",\"item\":\"https:\/\/president-ksgov.net\/en\/\"},{\"@type\":\"ListItem\",\"position\":2,\"name\":\"President Vjosa Osmani received the German Ambassador, J\u00f6rn Rohde\"}]},{\"@type\":\"WebSite\",\"@id\":\"https:\/\/president-ksgov.net\/#website\",\"url\":\"https:\/\/president-ksgov.net\/\",\"name\":\"Presidente e Republik\u00ebs s\u00eb Kosov\u00ebs\",\"description\":\"Presidente e Republik\u00ebs s\u00eb Kosov\u00ebs\",\"alternateName\":\"DR. VJOSA OSMANI - SADRIU\",\"potentialAction\":[{\"@type\":\"SearchAction\",\"target\":{\"@type\":\"EntryPoint\",\"urlTemplate\":\"https:\/\/president-ksgov.net\/?s={search_term_string}\"},\"query-input\":{\"@type\":\"PropertyValueSpecification\",\"valueRequired\":true,\"valueName\":\"search_term_string\"}}],\"inLanguage\":\"en-US\"},{\"@type\":\"Person\",\"@id\":\"https:\/\/president-ksgov.net\/#\/schema\/person\/7c46f744a99d3f1616b92658282aa934\",\"name\":\"Florent Rrahmani\",\"image\":{\"@type\":\"ImageObject\",\"inLanguage\":\"en-US\",\"@id\":\"https:\/\/president-ksgov.net\/#\/schema\/person\/image\/\",\"url\":\"https:\/\/secure.gravatar.com\/avatar\/2545924aa250de68ac8368367a79b663e59571cd131611f54c89b0613a94e230?s=96&d=mm&r=g\",\"contentUrl\":\"https:\/\/secure.gravatar.com\/avatar\/2545924aa250de68ac8368367a79b663e59571cd131611f54c89b0613a94e230?s=96&d=mm&r=g\",\"caption\":\"Florent Rrahmani\"}}]}<\/script>\n<!-- \/ Yoast SEO plugin. -->","yoast_head_json":{"title":"President Vjosa Osmani received the German Ambassador, J\u00f6rn Rohde - President of the Republic of Kosovo - DR. VJOSA OSMANI - SADRIU","description":"President Vjosa Osmani received the German Ambassador, J\u00f6rn Rohde - President of the Republic of Kosovo - DR. VJOSA OSMANI - SADRIU -","robots":{"index":"index","follow":"follow","max-snippet":"max-snippet:-1","max-image-preview":"max-image-preview:large","max-video-preview":"max-video-preview:-1"},"canonical":"https:\/\/president-ksgov.net\/sr\/?p=171261","og_locale":"en_US","og_type":"article","og_title":"President Vjosa Osmani received the German Ambassador, J\u00f6rn Rohde - President of the Republic of Kosovo - DR. VJOSA OSMANI - SADRIU","og_description":"President Vjosa Osmani received the German Ambassador, J\u00f6rn Rohde - President of the Republic of Kosovo - DR. VJOSA OSMANI - SADRIU -","og_url":"https:\/\/president-ksgov.net\/sr\/?p=171261","og_site_name":"President of the Republic of Kosovo - DR. VJOSA OSMANI - SADRIU","article_published_time":"2025-09-02T15:34:05+00:00","article_modified_time":"2025-09-04T06:34:56+00:00","og_image":[{"width":2560,"height":1710,"url":"https:\/\/president-ksgov.net\/wp-content\/uploads\/02.09.2025-Presidentja-Vjosa-Osmani-priti-ne-takim-ambasadorin-e-Gjermanise-Jorn-Rohde-1.jpeg","type":"image\/jpeg"}],"author":"Florent Rrahmani","twitter_card":"summary_large_image","twitter_misc":{"Written by":"Florent Rrahmani","Est. reading time":"1 minute"},"schema":{"@context":"https:\/\/schema.org","@graph":[{"@type":"WebPage","@id":"https:\/\/president-ksgov.net\/sr\/?p=171261","url":"https:\/\/president-ksgov.net\/sr\/?p=171261","name":"President Vjosa Osmani received the German Ambassador, J\u00f6rn Rohde - President of the Republic of Kosovo - DR. VJOSA OSMANI - SADRIU","isPartOf":{"@id":"https:\/\/president-ksgov.net\/#website"},"primaryImageOfPage":{"@id":"https:\/\/president-ksgov.net\/sr\/?p=171261#primaryimage"},"image":{"@id":"https:\/\/president-ksgov.net\/sr\/?p=171261#primaryimage"},"thumbnailUrl":"https:\/\/president-ksgov.net\/wp-content\/uploads\/02.09.2025-Presidentja-Vjosa-Osmani-priti-ne-takim-ambasadorin-e-Gjermanise-Jorn-Rohde-1.jpeg","datePublished":"2025-09-02T15:34:05+00:00","dateModified":"2025-09-04T06:34:56+00:00","author":{"@id":"https:\/\/president-ksgov.net\/#\/schema\/person\/7c46f744a99d3f1616b92658282aa934"},"description":"President Vjosa Osmani received the German Ambassador, J\u00f6rn Rohde - President of the Republic of Kosovo - DR. VJOSA OSMANI - SADRIU -","breadcrumb":{"@id":"https:\/\/president-ksgov.net\/sr\/?p=171261#breadcrumb"},"inLanguage":"en-US","potentialAction":[{"@type":"ReadAction","target":["https:\/\/president-ksgov.net\/sr\/?p=171261"]}]},{"@type":"ImageObject","inLanguage":"en-US","@id":"https:\/\/president-ksgov.net\/sr\/?p=171261#primaryimage","url":"https:\/\/president-ksgov.net\/wp-content\/uploads\/02.09.2025-Presidentja-Vjosa-Osmani-priti-ne-takim-ambasadorin-e-Gjermanise-Jorn-Rohde-1.jpeg","contentUrl":"https:\/\/president-ksgov.net\/wp-content\/uploads\/02.09.2025-Presidentja-Vjosa-Osmani-priti-ne-takim-ambasadorin-e-Gjermanise-Jorn-Rohde-1.jpeg","width":2560,"height":1710},{"@type":"BreadcrumbList","@id":"https:\/\/president-ksgov.net\/sr\/?p=171261#breadcrumb","itemListElement":[{"@type":"ListItem","position":1,"name":"Home","item":"https:\/\/president-ksgov.net\/en\/"},{"@type":"ListItem","position":2,"name":"President Vjosa Osmani received the German Ambassador, J\u00f6rn Rohde"}]},{"@type":"WebSite","@id":"https:\/\/president-ksgov.net\/#website","url":"https:\/\/president-ksgov.net\/","name":"Presidente e Republik\u00ebs s\u00eb Kosov\u00ebs","description":"Presidente e Republik\u00ebs s\u00eb Kosov\u00ebs","alternateName":"DR. VJOSA OSMANI - SADRIU","potentialAction":[{"@type":"SearchAction","target":{"@type":"EntryPoint","urlTemplate":"https:\/\/president-ksgov.net\/?s={search_term_string}"},"query-input":{"@type":"PropertyValueSpecification","valueRequired":true,"valueName":"search_term_string"}}],"inLanguage":"en-US"},{"@type":"Person","@id":"https:\/\/president-ksgov.net\/#\/schema\/person\/7c46f744a99d3f1616b92658282aa934","name":"Florent Rrahmani","image":{"@type":"ImageObject","inLanguage":"en-US","@id":"https:\/\/president-ksgov.net\/#\/schema\/person\/image\/","url":"https:\/\/secure.gravatar.com\/avatar\/2545924aa250de68ac8368367a79b663e59571cd131611f54c89b0613a94e230?s=96&d=mm&r=g","contentUrl":"https:\/\/secure.gravatar.com\/avatar\/2545924aa250de68ac8368367a79b663e59571cd131611f54c89b0613a94e230?s=96&d=mm&r=g","caption":"Florent Rrahmani"}}]}},"_links":{"self":[{"href":"https:\/\/president-ksgov.net\/en\/wp-json\/wp\/v2\/posts\/171259","targetHints":{"allow":["GET"]}}],"collection":[{"href":"https:\/\/president-ksgov.net\/en\/wp-json\/wp\/v2\/posts"}],"about":[{"href":"https:\/\/president-ksgov.net\/en\/wp-json\/wp\/v2\/types\/post"}],"author":[{"embeddable":true,"href":"https:\/\/president-ksgov.net\/en\/wp-json\/wp\/v2\/users\/9"}],"replies":[{"embeddable":true,"href":"https:\/\/president-ksgov.net\/en\/wp-json\/wp\/v2\/comments?post=171259"}],"version-history":[{"count":1,"href":"https:\/\/president-ksgov.net\/en\/wp-json\/wp\/v2\/posts\/171259\/revisions"}],"predecessor-version":[{"id":171260,"href":"https:\/\/president-ksgov.net\/en\/wp-json\/wp\/v2\/posts\/171259\/revisions\/171260"}],"wp:featuredmedia":[{"embeddable":true,"href":"https:\/\/president-ksgov.net\/en\/wp-json\/wp\/v2\/media\/171221"}],"wp:attachment":[{"href":"https:\/\/president-ksgov.net\/en\/wp-json\/wp\/v2\/media?parent=171259"}],"wp:term":[{"taxonomy":"category","embeddable":true,"href":"https:\/\/president-ksgov.net\/en\/wp-json\/wp\/v2\/categories?post=171259"},{"taxonomy":"post_tag","embeddable":true,"href":"https:\/\/president-ksgov.net\/en\/wp-json\/wp\/v2\/tags?post=171259"}],"curies":[{"name":"wp","href":"https:\/\/api.w.org\/{rel}","templated":true}]}}